{"id":20906,"date":"2025-09-03T12:53:16","date_gmt":"2025-09-03T18:53:16","guid":{"rendered":"https:\/\/elpuucnoticias.com\/?p=20906"},"modified":"2025-09-03T12:53:17","modified_gmt":"2025-09-03T18:53:17","slug":"realizara-la-fundacion-de-parques-y-museos-de-cozumel-y-grupo-canoa-maya-conversatorio-cronicas-de-canoeros-y-canoeras-en-el-museo-de-la-isla","status":"publish","type":"post","link":"https:\/\/elpuucnoticias.com\/?p=20906","title":{"rendered":"Realizar\u00e1 La Fundaci\u00f3n de Parques y Museos de Cozumel y Grupo Canoa Maya conversatorio \u201cCr\u00f3nicas de Canoeros y Canoeras\u201d en el Museo de la Isla"},"content":{"rendered":"\n<p>La Fundaci\u00f3n de Parques y Museos de Cozumel (FPMC) y el Grupo Canoa Maya invitan a la comunidad al conversatorio \u201cCr\u00f3nicas de Canoeros y Canoeras\u201d, un espacio en el que mujeres y hombres que han participado en la Traves\u00eda Sagrada compartir\u00e1n sus testimonios y experiencias de vida.<\/p>\n\n\n\n<figure class=\"wp-block-image is-style-default\"><a href=\"https:\/\/cgc.qroo.gob.mx\/cjg\/wp-content\/uploads\/2025\/09\/WhatsApp-Image-2025-09-02-at-11.14.07-1.jpeg\"><img decoding=\"async\" src=\"https:\/\/cgc.qroo.gob.mx\/cjg\/wp-content\/uploads\/2025\/09\/WhatsApp-Image-2025-09-02-at-11.14.07-1-585x879.jpeg\" alt=\"\" title=\"WhatsApp Image 2025-09-02 at 11.14.07 (1)\"\/><\/a><\/figure>\n\n\n\n<p>El evento se llevar\u00e1 a cabo el jueves 4 de septiembre, a las 20:00 horas, en el auditorio del Museo de la Isla, y forma parte de las actividades previas al proceso de inscripci\u00f3n de las y los nuevos aspirantes que deseen vivir esta tradici\u00f3n ancestral de peregrinaci\u00f3n mar\u00edtima.<\/p>\n\n\n\n<figure class=\"wp-block-image is-style-default\"><a href=\"https:\/\/cgc.qroo.gob.mx\/cjg\/wp-content\/uploads\/2025\/09\/WhatsApp-Image-2025-09-02-at-11.14.07-3.jpeg\"><img decoding=\"async\" src=\"https:\/\/cgc.qroo.gob.mx\/cjg\/wp-content\/uploads\/2025\/09\/WhatsApp-Image-2025-09-02-at-11.14.07-3-585x364.jpeg\" alt=\"\" title=\"WhatsApp Image 2025-09-02 at 11.14.07 (3)\"\/><\/a><\/figure>\n\n\n\n<p>El coordinador de los canoeros en Cozumel, Eduardo Castro Mota, explic\u00f3 que cada historia es \u00fanica y significativa, y ha inspirado a muchas personas a sumarse como participantes. \u201cAl escuchar de viva voz lo que ha significado la Traves\u00eda Sagrada en la vida de cada canoera y canoero, m\u00e1s gente se motiva a formar parte de este proyecto, que no solo es una preparaci\u00f3n f\u00edsica, sino espiritual y mental\u201d, se\u00f1al\u00f3.<\/p>\n\n\n\n<figure class=\"wp-block-image is-style-default\"><a href=\"https:\/\/cgc.qroo.gob.mx\/cjg\/wp-content\/uploads\/2025\/09\/WhatsApp-Image-2025-09-02-at-11.14.07-2.jpeg\"><img decoding=\"async\" src=\"https:\/\/cgc.qroo.gob.mx\/cjg\/wp-content\/uploads\/2025\/09\/WhatsApp-Image-2025-09-02-at-11.14.07-2-585x380.jpeg\" alt=\"\" title=\"WhatsApp Image 2025-09-02 at 11.14.07 (2)\"\/><\/a><\/figure>\n\n\n\n<p>La preparaci\u00f3n de las y los canoeros inicia en noviembre y se extiende durante seis meses hasta mayo, tiempo en el que se fortalecen tanto las capacidades f\u00edsicas como el trabajo en equipo y el compromiso espiritual. Como parte del proceso, en octubre se realizar\u00e1 la prueba de nado para las y los aspirantes.<\/p>\n\n\n\n<figure class=\"wp-block-image is-style-default\"><a href=\"https:\/\/cgc.qroo.gob.mx\/cjg\/wp-content\/uploads\/2025\/09\/WhatsApp-Image-2025-09-02-at-11.14.08.jpeg\"><img decoding=\"async\" src=\"https:\/\/cgc.qroo.gob.mx\/cjg\/wp-content\/uploads\/2025\/09\/WhatsApp-Image-2025-09-02-at-11.14.08-585x390.jpeg\" alt=\"\" title=\"WhatsApp Image 2025-09-02 at 11.14.08\"\/><\/a><\/figure>\n\n\n\n<p>El periodo de inscripci\u00f3n comenz\u00f3 en agosto y concluir\u00e1 el 14 de septiembre. El registro es gratuito y \u00fanicamente est\u00e1 disponible a trav\u00e9s del sitio web oficial: www.travesiasagrada.com.<\/p>\n\n\n\n<p>El conversatorio representa una oportunidad para escuchar, conocer y reconocer a quienes han remado en la Traves\u00eda Sagrada, incluyendo a familias de segunda generaci\u00f3n que hoy contin\u00faan con el legado.<\/p>\n","protected":false},"excerpt":{"rendered":"<p>La Fundaci\u00f3n de Parques y Museos de Cozumel (FPMC) y el Grupo Canoa Maya invitan a la comunidad<\/p>\n","protected":false},"author":1,"featured_media":20907,"comment_status":"closed","ping_status":"open","sticky":false,"template":"","format":"standard","meta":{"_monsterinsights_skip_tracking":false,"_monsterinsights_sitenote_active":false,"_monsterinsights_sitenote_note":"","_monsterinsights_sitenote_category":0,"footnotes":""},"categories":[11,24],"tags":[],"class_list":["post-20906","post","type-post","status-publish","format-standard","has-post-thumbnail","hentry","category-noticias","category-quintana-roo"],"yoast_head":"<!-- This site is optimized with the Yoast SEO plugin v18.3 - https:\/\/yoast.com\/wordpress\/plugins\/seo\/ -->\n<title>Realizar\u00e1 La Fundaci\u00f3n de Parques y Museos de Cozumel y Grupo Canoa Maya conversatorio \u201cCr\u00f3nicas de Canoeros y Canoeras\u201d en el Museo de la Isla - El Puuc Noticias<\/title>\n<meta name=\"robots\" content=\"index, follow, max-snippet:-1, max-image-preview:large, max-video-preview:-1\" \/>\n<link rel=\"canonical\" href=\"https:\/\/elpuucnoticias.com\/?p=20906\" \/>\n<meta property=\"og:locale\" content=\"es_ES\" \/>\n<meta property=\"og:type\" content=\"article\" \/>\n<meta property=\"og:title\" content=\"Realizar\u00e1 La Fundaci\u00f3n de Parques y Museos de Cozumel y Grupo Canoa Maya conversatorio \u201cCr\u00f3nicas de Canoeros y Canoeras\u201d en el Museo de la Isla - El Puuc Noticias\" \/>\n<meta property=\"og:description\" content=\"La Fundaci\u00f3n de Parques y Museos de Cozumel (FPMC) y el Grupo Canoa Maya invitan a la comunidad\" \/>\n<meta property=\"og:url\" content=\"https:\/\/elpuucnoticias.com\/?p=20906\" \/>\n<meta property=\"og:site_name\" content=\"El Puuc Noticias\" \/>\n<meta property=\"article:published_time\" content=\"2025-09-03T18:53:16+00:00\" \/>\n<meta property=\"article:modified_time\" content=\"2025-09-03T18:53:17+00:00\" \/>\n<meta property=\"og:image\" content=\"https:\/\/elpuucnoticias.com\/wp-content\/uploads\/2025\/09\/whatsapp-image-2025-09-02-at-11.14.07.jpeg\" \/>\n\t<meta property=\"og:image:width\" content=\"1280\" \/>\n\t<meta property=\"og:image:height\" content=\"1600\" \/>\n\t<meta property=\"og:image:type\" content=\"image\/jpeg\" \/>\n<meta name=\"twitter:card\" content=\"summary_large_image\" \/>\n<meta name=\"twitter:label1\" content=\"Escrito por\" \/>\n\t<meta name=\"twitter:data1\" content=\"elpuucnoticias\" \/>\n\t<meta name=\"twitter:label2\" content=\"Tiempo de lectura\" \/>\n\t<meta name=\"twitter:data2\" content=\"1 minuto\" \/>\n<script type=\"application\/ld+json\" class=\"yoast-schema-graph\">{\"@context\":\"https:\/\/schema.org\",\"@graph\":[{\"@type\":\"WebSite\",\"@id\":\"https:\/\/elpuucnoticias.com\/#website\",\"url\":\"https:\/\/elpuucnoticias.com\/\",\"name\":\"El Puuc Noticias\",\"description\":\"Noticias - Entretenimiento - Deportes\",\"potentialAction\":[{\"@type\":\"SearchAction\",\"target\":{\"@type\":\"EntryPoint\",\"urlTemplate\":\"https:\/\/elpuucnoticias.com\/?s={search_term_string}\"},\"query-input\":\"required name=search_term_string\"}],\"inLanguage\":\"es\"},{\"@type\":\"ImageObject\",\"@id\":\"https:\/\/elpuucnoticias.com\/?p=20906#primaryimage\",\"inLanguage\":\"es\",\"url\":\"https:\/\/elpuucnoticias.com\/wp-content\/uploads\/2025\/09\/whatsapp-image-2025-09-02-at-11.14.07.jpeg\",\"contentUrl\":\"https:\/\/elpuucnoticias.com\/wp-content\/uploads\/2025\/09\/whatsapp-image-2025-09-02-at-11.14.07.jpeg\",\"width\":1280,\"height\":1600},{\"@type\":\"WebPage\",\"@id\":\"https:\/\/elpuucnoticias.com\/?p=20906#webpage\",\"url\":\"https:\/\/elpuucnoticias.com\/?p=20906\",\"name\":\"Realizar\u00e1 La Fundaci\u00f3n de Parques y Museos de Cozumel y Grupo Canoa Maya conversatorio \u201cCr\u00f3nicas de Canoeros y Canoeras\u201d en el Museo de la Isla - El Puuc Noticias\",\"isPartOf\":{\"@id\":\"https:\/\/elpuucnoticias.com\/#website\"},\"primaryImageOfPage\":{\"@id\":\"https:\/\/elpuucnoticias.com\/?p=20906#primaryimage\"},\"datePublished\":\"2025-09-03T18:53:16+00:00\",\"dateModified\":\"2025-09-03T18:53:17+00:00\",\"author\":{\"@id\":\"https:\/\/elpuucnoticias.com\/#\/schema\/person\/d2ea09e4c97f0160b11cdfb1d856bd9e\"},\"breadcrumb\":{\"@id\":\"https:\/\/elpuucnoticias.com\/?p=20906#breadcrumb\"},\"inLanguage\":\"es\",\"potentialAction\":[{\"@type\":\"ReadAction\",\"target\":[\"https:\/\/elpuucnoticias.com\/?p=20906\"]}]},{\"@type\":\"BreadcrumbList\",\"@id\":\"https:\/\/elpuucnoticias.com\/?p=20906#breadcrumb\",\"itemListElement\":[{\"@type\":\"ListItem\",\"position\":1,\"name\":\"Portada\",\"item\":\"https:\/\/elpuucnoticias.com\/\"},{\"@type\":\"ListItem\",\"position\":2,\"name\":\"Realizar\u00e1 La Fundaci\u00f3n de Parques y Museos de Cozumel y Grupo Canoa Maya conversatorio \u201cCr\u00f3nicas de Canoeros y Canoeras\u201d en el Museo de la Isla\"}]},{\"@type\":\"Person\",\"@id\":\"https:\/\/elpuucnoticias.com\/#\/schema\/person\/d2ea09e4c97f0160b11cdfb1d856bd9e\",\"name\":\"elpuucnoticias\",\"image\":{\"@type\":\"ImageObject\",\"@id\":\"https:\/\/elpuucnoticias.com\/#personlogo\",\"inLanguage\":\"es\",\"url\":\"https:\/\/secure.gravatar.com\/avatar\/5290a43657c74ffa15701dbe5b846bd85cc71930d803c84e91046a7333de6ce2?s=96&d=mm&r=g\",\"contentUrl\":\"https:\/\/secure.gravatar.com\/avatar\/5290a43657c74ffa15701dbe5b846bd85cc71930d803c84e91046a7333de6ce2?s=96&d=mm&r=g\",\"caption\":\"elpuucnoticias\"},\"sameAs\":[\"https:\/\/elpuucnoticias.com\"],\"url\":\"https:\/\/elpuucnoticias.com\/?author=1\"}]}<\/script>\n<!-- \/ Yoast SEO plugin. -->","yoast_head_json":{"title":"Realizar\u00e1 La Fundaci\u00f3n de Parques y Museos de Cozumel y Grupo Canoa Maya conversatorio \u201cCr\u00f3nicas de Canoeros y Canoeras\u201d en el Museo de la Isla - El Puuc Noticias","robots":{"index":"index","follow":"follow","max-snippet":"max-snippet:-1","max-image-preview":"max-image-preview:large","max-video-preview":"max-video-preview:-1"},"canonical":"https:\/\/elpuucnoticias.com\/?p=20906","og_locale":"es_ES","og_type":"article","og_title":"Realizar\u00e1 La Fundaci\u00f3n de Parques y Museos de Cozumel y Grupo Canoa Maya conversatorio \u201cCr\u00f3nicas de Canoeros y Canoeras\u201d en el Museo de la Isla - El Puuc Noticias","og_description":"La Fundaci\u00f3n de Parques y Museos de Cozumel (FPMC) y el Grupo Canoa Maya invitan a la comunidad","og_url":"https:\/\/elpuucnoticias.com\/?p=20906","og_site_name":"El Puuc Noticias","article_published_time":"2025-09-03T18:53:16+00:00","article_modified_time":"2025-09-03T18:53:17+00:00","og_image":[{"width":1280,"height":1600,"url":"https:\/\/elpuucnoticias.com\/wp-content\/uploads\/2025\/09\/whatsapp-image-2025-09-02-at-11.14.07.jpeg","type":"image\/jpeg"}],"twitter_card":"summary_large_image","twitter_misc":{"Escrito por":"elpuucnoticias","Tiempo de lectura":"1 minuto"},"schema":{"@context":"https:\/\/schema.org","@graph":[{"@type":"WebSite","@id":"https:\/\/elpuucnoticias.com\/#website","url":"https:\/\/elpuucnoticias.com\/","name":"El Puuc Noticias","description":"Noticias - Entretenimiento - Deportes","potentialAction":[{"@type":"SearchAction","target":{"@type":"EntryPoint","urlTemplate":"https:\/\/elpuucnoticias.com\/?s={search_term_string}"},"query-input":"required name=search_term_string"}],"inLanguage":"es"},{"@type":"ImageObject","@id":"https:\/\/elpuucnoticias.com\/?p=20906#primaryimage","inLanguage":"es","url":"https:\/\/elpuucnoticias.com\/wp-content\/uploads\/2025\/09\/whatsapp-image-2025-09-02-at-11.14.07.jpeg","contentUrl":"https:\/\/elpuucnoticias.com\/wp-content\/uploads\/2025\/09\/whatsapp-image-2025-09-02-at-11.14.07.jpeg","width":1280,"height":1600},{"@type":"WebPage","@id":"https:\/\/elpuucnoticias.com\/?p=20906#webpage","url":"https:\/\/elpuucnoticias.com\/?p=20906","name":"Realizar\u00e1 La Fundaci\u00f3n de Parques y Museos de Cozumel y Grupo Canoa Maya conversatorio \u201cCr\u00f3nicas de Canoeros y Canoeras\u201d en el Museo de la Isla - El Puuc Noticias","isPartOf":{"@id":"https:\/\/elpuucnoticias.com\/#website"},"primaryImageOfPage":{"@id":"https:\/\/elpuucnoticias.com\/?p=20906#primaryimage"},"datePublished":"2025-09-03T18:53:16+00:00","dateModified":"2025-09-03T18:53:17+00:00","author":{"@id":"https:\/\/elpuucnoticias.com\/#\/schema\/person\/d2ea09e4c97f0160b11cdfb1d856bd9e"},"breadcrumb":{"@id":"https:\/\/elpuucnoticias.com\/?p=20906#breadcrumb"},"inLanguage":"es","potentialAction":[{"@type":"ReadAction","target":["https:\/\/elpuucnoticias.com\/?p=20906"]}]},{"@type":"BreadcrumbList","@id":"https:\/\/elpuucnoticias.com\/?p=20906#breadcrumb","itemListElement":[{"@type":"ListItem","position":1,"name":"Portada","item":"https:\/\/elpuucnoticias.com\/"},{"@type":"ListItem","position":2,"name":"Realizar\u00e1 La Fundaci\u00f3n de Parques y Museos de Cozumel y Grupo Canoa Maya conversatorio \u201cCr\u00f3nicas de Canoeros y Canoeras\u201d en el Museo de la Isla"}]},{"@type":"Person","@id":"https:\/\/elpuucnoticias.com\/#\/schema\/person\/d2ea09e4c97f0160b11cdfb1d856bd9e","name":"elpuucnoticias","image":{"@type":"ImageObject","@id":"https:\/\/elpuucnoticias.com\/#personlogo","inLanguage":"es","url":"https:\/\/secure.gravatar.com\/avatar\/5290a43657c74ffa15701dbe5b846bd85cc71930d803c84e91046a7333de6ce2?s=96&d=mm&r=g","contentUrl":"https:\/\/secure.gravatar.com\/avatar\/5290a43657c74ffa15701dbe5b846bd85cc71930d803c84e91046a7333de6ce2?s=96&d=mm&r=g","caption":"elpuucnoticias"},"sameAs":["https:\/\/elpuucnoticias.com"],"url":"https:\/\/elpuucnoticias.com\/?author=1"}]}},"_links":{"self":[{"href":"https:\/\/elpuucnoticias.com\/index.php?rest_route=\/wp\/v2\/posts\/20906","targetHints":{"allow":["GET"]}}],"collection":[{"href":"https:\/\/elpuucnoticias.com\/index.php?rest_route=\/wp\/v2\/posts"}],"about":[{"href":"https:\/\/elpuucnoticias.com\/index.php?rest_route=\/wp\/v2\/types\/post"}],"author":[{"embeddable":true,"href":"https:\/\/elpuucnoticias.com\/index.php?rest_route=\/wp\/v2\/users\/1"}],"replies":[{"embeddable":true,"href":"https:\/\/elpuucnoticias.com\/index.php?rest_route=%2Fwp%2Fv2%2Fcomments&post=20906"}],"version-history":[{"count":1,"href":"https:\/\/elpuucnoticias.com\/index.php?rest_route=\/wp\/v2\/posts\/20906\/revisions"}],"predecessor-version":[{"id":20908,"href":"https:\/\/elpuucnoticias.com\/index.php?rest_route=\/wp\/v2\/posts\/20906\/revisions\/20908"}],"wp:featuredmedia":[{"embeddable":true,"href":"https:\/\/elpuucnoticias.com\/index.php?rest_route=\/wp\/v2\/media\/20907"}],"wp:attachment":[{"href":"https:\/\/elpuucnoticias.com\/index.php?rest_route=%2Fwp%2Fv2%2Fmedia&parent=20906"}],"wp:term":[{"taxonomy":"category","embeddable":true,"href":"https:\/\/elpuucnoticias.com\/index.php?rest_route=%2Fwp%2Fv2%2Fcategories&post=20906"},{"taxonomy":"post_tag","embeddable":true,"href":"https:\/\/elpuucnoticias.com\/index.php?rest_route=%2Fwp%2Fv2%2Ftags&post=20906"}],"curies":[{"name":"wp","href":"https:\/\/api.w.org\/{rel}","templated":true}]}}