{"id":20909,"date":"2025-09-03T12:55:05","date_gmt":"2025-09-03T18:55:05","guid":{"rendered":"https:\/\/elpuucnoticias.com\/?p=20909"},"modified":"2025-09-03T12:55:06","modified_gmt":"2025-09-03T18:55:06","slug":"adquieren-gran-experiencia-atletas-quintanarroenses-en-el-campeonato-mundial-junior-de-tiro-con-arco","status":"publish","type":"post","link":"https:\/\/elpuucnoticias.com\/?p=20909","title":{"rendered":"Adquieren gran experiencia atletas quintanarroenses en el Campeonato Mundial Junior de Tiro con Arco"},"content":{"rendered":"\n<p>Muy positiva result\u00f3 la participaci\u00f3n de los atletas quintanarroenses Miranda Chab y Gabriel Jaramillo, quienes compitieron como Seleccionados Nacionales de M\u00e9xico en el pasado Campeonato Mundial de Tiro con Arco, celebrado en Winnipeg, Canad\u00e1, en donde al toparse con los mejores exponentes de su divisi\u00f3n adquirieron una gran experiencia.<\/p>\n\n\n\n<p>Desde la Comisi\u00f3n del Deporte de Quintana Roo (CODEQ), presidida por Jacobo Arzate Hop, se prioriza que las y los deportistas de la entidad puedan competir en cert\u00e1menes que les aporten a su desarrollo atl\u00e9tico, cumpliendo tambi\u00e9n con las acciones que enmarcan el Nuevo Acuerdo por el Bienestar y Desarrollo, impulsado por la gobernadora Mara Lezama Espinosa.<\/p>\n\n\n\n<figure class=\"wp-block-image is-style-default\"><a href=\"https:\/\/cgc.qroo.gob.mx\/cjg\/wp-content\/uploads\/2025\/09\/WhatsApp-Image-2025-09-02-at-13.01.07-1.jpeg\"><img decoding=\"async\" src=\"https:\/\/cgc.qroo.gob.mx\/cjg\/wp-content\/uploads\/2025\/09\/WhatsApp-Image-2025-09-02-at-13.01.07-1-585x780.jpeg\" alt=\"\" title=\"WhatsApp Image 2025-09-02 at 13.01.07 (1)\"\/><\/a><\/figure>\n\n\n\n<p>Ambos arqueros, originarios de la ciudad de Chetumal, compitieron en este certamen con la Selecci\u00f3n Nacional Mexicana en la categor\u00eda Sub-18 de la especialidad de Arco Recurvo.<\/p>\n\n\n\n<p>Pasando a los resultados de los deportistas, Miranda Chab se coloc\u00f3 en la posici\u00f3n 17 de la Clasificaci\u00f3n de la Ronda Ol\u00edmpica Individual, adem\u00e1s de un noveno puesto en la Ronda Ol\u00edmpica por Equipos y otro puesto 17 en la Ronda Ol\u00edmpica por Equipos Mixtos; concluyendo en el sitio 31 de la Clasificaci\u00f3n General.<\/p>\n\n\n\n<p>Por su parte, Gabriel Jaramillo logr\u00f3 una posici\u00f3n 17 de la Ronda Ol\u00edmpica por Equipos; adem\u00e1s de un puesto 57 de la Ronda Ol\u00edmpica Individual y un sitio 58 en el concentrado general.<\/p>\n\n\n\n<p>En cuanto a los resultados de la delegaci\u00f3n, el equipo mexicano concluy\u00f3 en la quinta posici\u00f3n del medallero general con una producci\u00f3n de seis medallas, de las cuales fueron una de oro, dos de plata y tres de bronce.<\/p>\n\n\n\n<p>Finalmente, es importante resaltar que ambos arqueros estatales se enfrentaron a representantes de las grandes potencias en este deporte como Corea del Sur y Estados Unidos, adquiriendo un gran fogueo para pr\u00f3ximas competencias.<\/p>\n","protected":false},"excerpt":{"rendered":"<p>Muy positiva result\u00f3 la participaci\u00f3n de los atletas quintanarroenses Miranda Chab y Gabriel Jaramillo, quienes compitieron como Seleccionados<\/p>\n","protected":false},"author":1,"featured_media":20910,"comment_status":"closed","ping_status":"open","sticky":false,"template":"","format":"standard","meta":{"_monsterinsights_skip_tracking":false,"_monsterinsights_sitenote_active":false,"_monsterinsights_sitenote_note":"","_monsterinsights_sitenote_category":0,"footnotes":""},"categories":[42,11,24],"tags":[],"class_list":["post-20909","post","type-post","status-publish","format-standard","has-post-thumbnail","hentry","category-nacional","category-noticias","category-quintana-roo"],"yoast_head":"<!-- This site is optimized with the Yoast SEO plugin v18.3 - https:\/\/yoast.com\/wordpress\/plugins\/seo\/ -->\n<title>Adquieren gran experiencia atletas quintanarroenses en el Campeonato Mundial Junior de Tiro con Arco - El Puuc Noticias<\/title>\n<meta name=\"robots\" content=\"index, follow, max-snippet:-1, max-image-preview:large, max-video-preview:-1\" \/>\n<link rel=\"canonical\" href=\"https:\/\/elpuucnoticias.com\/?p=20909\" \/>\n<meta property=\"og:locale\" content=\"es_ES\" \/>\n<meta property=\"og:type\" content=\"article\" \/>\n<meta property=\"og:title\" content=\"Adquieren gran experiencia atletas quintanarroenses en el Campeonato Mundial Junior de Tiro con Arco - El Puuc Noticias\" \/>\n<meta property=\"og:description\" content=\"Muy positiva result\u00f3 la participaci\u00f3n de los atletas quintanarroenses Miranda Chab y Gabriel Jaramillo, quienes compitieron como Seleccionados\" \/>\n<meta property=\"og:url\" content=\"https:\/\/elpuucnoticias.com\/?p=20909\" \/>\n<meta property=\"og:site_name\" content=\"El Puuc Noticias\" \/>\n<meta property=\"article:published_time\" content=\"2025-09-03T18:55:05+00:00\" \/>\n<meta property=\"article:modified_time\" content=\"2025-09-03T18:55:06+00:00\" \/>\n<meta property=\"og:image\" content=\"https:\/\/elpuucnoticias.com\/wp-content\/uploads\/2025\/09\/whatsapp-image-2025-09-02-at-13.01.07.jpeg\" \/>\n\t<meta property=\"og:image:width\" content=\"1280\" \/>\n\t<meta property=\"og:image:height\" content=\"853\" \/>\n\t<meta property=\"og:image:type\" content=\"image\/jpeg\" \/>\n<meta name=\"twitter:card\" content=\"summary_large_image\" \/>\n<meta name=\"twitter:label1\" content=\"Escrito por\" \/>\n\t<meta name=\"twitter:data1\" content=\"elpuucnoticias\" \/>\n\t<meta name=\"twitter:label2\" content=\"Tiempo de lectura\" \/>\n\t<meta name=\"twitter:data2\" content=\"2 minutos\" \/>\n<script type=\"application\/ld+json\" class=\"yoast-schema-graph\">{\"@context\":\"https:\/\/schema.org\",\"@graph\":[{\"@type\":\"WebSite\",\"@id\":\"https:\/\/elpuucnoticias.com\/#website\",\"url\":\"https:\/\/elpuucnoticias.com\/\",\"name\":\"El Puuc Noticias\",\"description\":\"Noticias - Entretenimiento - Deportes\",\"potentialAction\":[{\"@type\":\"SearchAction\",\"target\":{\"@type\":\"EntryPoint\",\"urlTemplate\":\"https:\/\/elpuucnoticias.com\/?s={search_term_string}\"},\"query-input\":\"required name=search_term_string\"}],\"inLanguage\":\"es\"},{\"@type\":\"ImageObject\",\"@id\":\"https:\/\/elpuucnoticias.com\/?p=20909#primaryimage\",\"inLanguage\":\"es\",\"url\":\"https:\/\/elpuucnoticias.com\/wp-content\/uploads\/2025\/09\/whatsapp-image-2025-09-02-at-13.01.07.jpeg\",\"contentUrl\":\"https:\/\/elpuucnoticias.com\/wp-content\/uploads\/2025\/09\/whatsapp-image-2025-09-02-at-13.01.07.jpeg\",\"width\":1280,\"height\":853},{\"@type\":\"WebPage\",\"@id\":\"https:\/\/elpuucnoticias.com\/?p=20909#webpage\",\"url\":\"https:\/\/elpuucnoticias.com\/?p=20909\",\"name\":\"Adquieren gran experiencia atletas quintanarroenses en el Campeonato Mundial Junior de Tiro con Arco - El Puuc Noticias\",\"isPartOf\":{\"@id\":\"https:\/\/elpuucnoticias.com\/#website\"},\"primaryImageOfPage\":{\"@id\":\"https:\/\/elpuucnoticias.com\/?p=20909#primaryimage\"},\"datePublished\":\"2025-09-03T18:55:05+00:00\",\"dateModified\":\"2025-09-03T18:55:06+00:00\",\"author\":{\"@id\":\"https:\/\/elpuucnoticias.com\/#\/schema\/person\/d2ea09e4c97f0160b11cdfb1d856bd9e\"},\"breadcrumb\":{\"@id\":\"https:\/\/elpuucnoticias.com\/?p=20909#breadcrumb\"},\"inLanguage\":\"es\",\"potentialAction\":[{\"@type\":\"ReadAction\",\"target\":[\"https:\/\/elpuucnoticias.com\/?p=20909\"]}]},{\"@type\":\"BreadcrumbList\",\"@id\":\"https:\/\/elpuucnoticias.com\/?p=20909#breadcrumb\",\"itemListElement\":[{\"@type\":\"ListItem\",\"position\":1,\"name\":\"Portada\",\"item\":\"https:\/\/elpuucnoticias.com\/\"},{\"@type\":\"ListItem\",\"position\":2,\"name\":\"Adquieren gran experiencia atletas quintanarroenses en el Campeonato Mundial Junior de Tiro con Arco\"}]},{\"@type\":\"Person\",\"@id\":\"https:\/\/elpuucnoticias.com\/#\/schema\/person\/d2ea09e4c97f0160b11cdfb1d856bd9e\",\"name\":\"elpuucnoticias\",\"image\":{\"@type\":\"ImageObject\",\"@id\":\"https:\/\/elpuucnoticias.com\/#personlogo\",\"inLanguage\":\"es\",\"url\":\"https:\/\/secure.gravatar.com\/avatar\/5290a43657c74ffa15701dbe5b846bd85cc71930d803c84e91046a7333de6ce2?s=96&d=mm&r=g\",\"contentUrl\":\"https:\/\/secure.gravatar.com\/avatar\/5290a43657c74ffa15701dbe5b846bd85cc71930d803c84e91046a7333de6ce2?s=96&d=mm&r=g\",\"caption\":\"elpuucnoticias\"},\"sameAs\":[\"https:\/\/elpuucnoticias.com\"],\"url\":\"https:\/\/elpuucnoticias.com\/?author=1\"}]}<\/script>\n<!-- \/ Yoast SEO plugin. -->","yoast_head_json":{"title":"Adquieren gran experiencia atletas quintanarroenses en el Campeonato Mundial Junior de Tiro con Arco - El Puuc Noticias","robots":{"index":"index","follow":"follow","max-snippet":"max-snippet:-1","max-image-preview":"max-image-preview:large","max-video-preview":"max-video-preview:-1"},"canonical":"https:\/\/elpuucnoticias.com\/?p=20909","og_locale":"es_ES","og_type":"article","og_title":"Adquieren gran experiencia atletas quintanarroenses en el Campeonato Mundial Junior de Tiro con Arco - El Puuc Noticias","og_description":"Muy positiva result\u00f3 la participaci\u00f3n de los atletas quintanarroenses Miranda Chab y Gabriel Jaramillo, quienes compitieron como Seleccionados","og_url":"https:\/\/elpuucnoticias.com\/?p=20909","og_site_name":"El Puuc Noticias","article_published_time":"2025-09-03T18:55:05+00:00","article_modified_time":"2025-09-03T18:55:06+00:00","og_image":[{"width":1280,"height":853,"url":"https:\/\/elpuucnoticias.com\/wp-content\/uploads\/2025\/09\/whatsapp-image-2025-09-02-at-13.01.07.jpeg","type":"image\/jpeg"}],"twitter_card":"summary_large_image","twitter_misc":{"Escrito por":"elpuucnoticias","Tiempo de lectura":"2 minutos"},"schema":{"@context":"https:\/\/schema.org","@graph":[{"@type":"WebSite","@id":"https:\/\/elpuucnoticias.com\/#website","url":"https:\/\/elpuucnoticias.com\/","name":"El Puuc Noticias","description":"Noticias - Entretenimiento - Deportes","potentialAction":[{"@type":"SearchAction","target":{"@type":"EntryPoint","urlTemplate":"https:\/\/elpuucnoticias.com\/?s={search_term_string}"},"query-input":"required name=search_term_string"}],"inLanguage":"es"},{"@type":"ImageObject","@id":"https:\/\/elpuucnoticias.com\/?p=20909#primaryimage","inLanguage":"es","url":"https:\/\/elpuucnoticias.com\/wp-content\/uploads\/2025\/09\/whatsapp-image-2025-09-02-at-13.01.07.jpeg","contentUrl":"https:\/\/elpuucnoticias.com\/wp-content\/uploads\/2025\/09\/whatsapp-image-2025-09-02-at-13.01.07.jpeg","width":1280,"height":853},{"@type":"WebPage","@id":"https:\/\/elpuucnoticias.com\/?p=20909#webpage","url":"https:\/\/elpuucnoticias.com\/?p=20909","name":"Adquieren gran experiencia atletas quintanarroenses en el Campeonato Mundial Junior de Tiro con Arco - El Puuc Noticias","isPartOf":{"@id":"https:\/\/elpuucnoticias.com\/#website"},"primaryImageOfPage":{"@id":"https:\/\/elpuucnoticias.com\/?p=20909#primaryimage"},"datePublished":"2025-09-03T18:55:05+00:00","dateModified":"2025-09-03T18:55:06+00:00","author":{"@id":"https:\/\/elpuucnoticias.com\/#\/schema\/person\/d2ea09e4c97f0160b11cdfb1d856bd9e"},"breadcrumb":{"@id":"https:\/\/elpuucnoticias.com\/?p=20909#breadcrumb"},"inLanguage":"es","potentialAction":[{"@type":"ReadAction","target":["https:\/\/elpuucnoticias.com\/?p=20909"]}]},{"@type":"BreadcrumbList","@id":"https:\/\/elpuucnoticias.com\/?p=20909#breadcrumb","itemListElement":[{"@type":"ListItem","position":1,"name":"Portada","item":"https:\/\/elpuucnoticias.com\/"},{"@type":"ListItem","position":2,"name":"Adquieren gran experiencia atletas quintanarroenses en el Campeonato Mundial Junior de Tiro con Arco"}]},{"@type":"Person","@id":"https:\/\/elpuucnoticias.com\/#\/schema\/person\/d2ea09e4c97f0160b11cdfb1d856bd9e","name":"elpuucnoticias","image":{"@type":"ImageObject","@id":"https:\/\/elpuucnoticias.com\/#personlogo","inLanguage":"es","url":"https:\/\/secure.gravatar.com\/avatar\/5290a43657c74ffa15701dbe5b846bd85cc71930d803c84e91046a7333de6ce2?s=96&d=mm&r=g","contentUrl":"https:\/\/secure.gravatar.com\/avatar\/5290a43657c74ffa15701dbe5b846bd85cc71930d803c84e91046a7333de6ce2?s=96&d=mm&r=g","caption":"elpuucnoticias"},"sameAs":["https:\/\/elpuucnoticias.com"],"url":"https:\/\/elpuucnoticias.com\/?author=1"}]}},"_links":{"self":[{"href":"https:\/\/elpuucnoticias.com\/index.php?rest_route=\/wp\/v2\/posts\/20909","targetHints":{"allow":["GET"]}}],"collection":[{"href":"https:\/\/elpuucnoticias.com\/index.php?rest_route=\/wp\/v2\/posts"}],"about":[{"href":"https:\/\/elpuucnoticias.com\/index.php?rest_route=\/wp\/v2\/types\/post"}],"author":[{"embeddable":true,"href":"https:\/\/elpuucnoticias.com\/index.php?rest_route=\/wp\/v2\/users\/1"}],"replies":[{"embeddable":true,"href":"https:\/\/elpuucnoticias.com\/index.php?rest_route=%2Fwp%2Fv2%2Fcomments&post=20909"}],"version-history":[{"count":1,"href":"https:\/\/elpuucnoticias.com\/index.php?rest_route=\/wp\/v2\/posts\/20909\/revisions"}],"predecessor-version":[{"id":20911,"href":"https:\/\/elpuucnoticias.com\/index.php?rest_route=\/wp\/v2\/posts\/20909\/revisions\/20911"}],"wp:featuredmedia":[{"embeddable":true,"href":"https:\/\/elpuucnoticias.com\/index.php?rest_route=\/wp\/v2\/media\/20910"}],"wp:attachment":[{"href":"https:\/\/elpuucnoticias.com\/index.php?rest_route=%2Fwp%2Fv2%2Fmedia&parent=20909"}],"wp:term":[{"taxonomy":"category","embeddable":true,"href":"https:\/\/elpuucnoticias.com\/index.php?rest_route=%2Fwp%2Fv2%2Fcategories&post=20909"},{"taxonomy":"post_tag","embeddable":true,"href":"https:\/\/elpuucnoticias.com\/index.php?rest_route=%2Fwp%2Fv2%2Ftags&post=20909"}],"curies":[{"name":"wp","href":"https:\/\/api.w.org\/{rel}","templated":true}]}}