{"id":20918,"date":"2025-09-03T13:08:03","date_gmt":"2025-09-03T19:08:03","guid":{"rendered":"https:\/\/elpuucnoticias.com\/?p=20918"},"modified":"2025-09-03T13:08:03","modified_gmt":"2025-09-03T19:08:03","slug":"mara-lezama-y-sergio-salomon-cespedes-fortalecen-servicios-migratorios-para-proteger-el-turismo-en-quintana-roo","status":"publish","type":"post","link":"https:\/\/elpuucnoticias.com\/?p=20918","title":{"rendered":"Mara Lezama y Sergio Salom\u00f3n C\u00e9spedes fortalecen servicios migratorios para proteger el turismo en Quintana Roo"},"content":{"rendered":"\n<p>La gobernadora Mara Lezama Espinosa sostuvo una reuni\u00f3n de trabajo con el titular del Instituto Nacional de Migraci\u00f3n (INM) Sergio Salom\u00f3n C\u00e9spedes Peregrina, para buscar mayores estrategias que permitan mejorar a\u00fan m\u00e1s los servicios migratorios que se brindan a los miles de turistas internacionales que visitan Quintana Roo.<\/p>\n\n\n\n<figure class=\"wp-block-image is-style-default\"><a href=\"https:\/\/cgc.qroo.gob.mx\/cjg\/wp-content\/uploads\/2025\/09\/df61cb4e-9eb1-47b8-abb4-b92a81acc3f0-scaled.jpg\"><img decoding=\"async\" src=\"https:\/\/cgc.qroo.gob.mx\/cjg\/wp-content\/uploads\/2025\/09\/df61cb4e-9eb1-47b8-abb4-b92a81acc3f0-585x329.jpg\" alt=\"\" title=\"df61cb4e-9eb1-47b8-abb4-b92a81acc3f0\"\/><\/a><\/figure>\n\n\n\n<p>Durante el productivo encuentro, Mara Lezama reiter\u00f3 que en esta nueva forma de gobernar se prioriza la seguridad y bienestar de las y los quintanarroenses, as\u00ed como de los miles de turistas y visitantes que llegan a los 12 destinos de Quintana Roo.<\/p>\n\n\n\n<p>Asimismo, explic\u00f3 que al ser el turismo uno de los motores de la econom\u00eda de Quintana Roo y del cual miles de familias dependen de \u00e9l, es necesario brindar siempre mejores servicios tanto de migraci\u00f3n, como de hoteler\u00eda, gastronom\u00eda y seguridad a los y los turistas, a fin de que la prosperidad llegue a todos los hogares de Quintana Roo.<\/p>\n\n\n\n<figure class=\"wp-block-image is-style-default\"><a href=\"https:\/\/cgc.qroo.gob.mx\/cjg\/wp-content\/uploads\/2025\/09\/0599d4c9-e13c-4a06-a31d-a71c4541ba80-scaled.jpg\"><img decoding=\"async\" src=\"https:\/\/cgc.qroo.gob.mx\/cjg\/wp-content\/uploads\/2025\/09\/0599d4c9-e13c-4a06-a31d-a71c4541ba80-585x329.jpg\" alt=\"\" title=\"0599d4c9-e13c-4a06-a31d-a71c4541ba80\"\/><\/a><\/figure>\n\n\n\n<p>La Gobernadora se\u00f1al\u00f3 que con el apoyo de la Presidenta de M\u00e9xico, Claudia Sheinbaum Pardo, a trav\u00e9s del Instituto Nacional de Migraci\u00f3n, se logr\u00f3 reducir hasta 20 minutos el tiempo de espera de las y los turistas en el Aeropuerto Internacional de Canc\u00fan con llegada de m\u00e1s agentes e infraestructura.<\/p>\n\n\n\n<p>Tambi\u00e9n se abordaron temas con el titular del INM Sergio Salom\u00f3n C\u00e9spedes, sobre el aumento del n\u00famero de Filtros Aut\u00f3nomos Migratorios (e-Gate) en las tres terminales \u00e1reas de Quintana Roo; as\u00ed como agilizar el procedimiento de inadmisi\u00f3n; facilitar los procedimientos migratorios de ingreso a M\u00e9xico en la frontera sur para promover la entrada y estancia prolongada del visitante belice\u00f1o.<\/p>\n","protected":false},"excerpt":{"rendered":"<p>La gobernadora Mara Lezama Espinosa sostuvo una reuni\u00f3n de trabajo con el titular del Instituto Nacional de Migraci\u00f3n<\/p>\n","protected":false},"author":1,"featured_media":20919,"comment_status":"closed","ping_status":"open","sticky":false,"template":"","format":"standard","meta":{"_monsterinsights_skip_tracking":false,"_monsterinsights_sitenote_active":false,"_monsterinsights_sitenote_note":"","_monsterinsights_sitenote_category":0,"footnotes":""},"categories":[11,24],"tags":[],"class_list":["post-20918","post","type-post","status-publish","format-standard","has-post-thumbnail","hentry","category-noticias","category-quintana-roo"],"yoast_head":"<!-- This site is optimized with the Yoast SEO plugin v18.3 - https:\/\/yoast.com\/wordpress\/plugins\/seo\/ -->\n<title>Mara Lezama y Sergio Salom\u00f3n C\u00e9spedes fortalecen servicios migratorios para proteger el turismo en Quintana Roo - El Puuc Noticias<\/title>\n<meta name=\"robots\" content=\"index, follow, max-snippet:-1, max-image-preview:large, max-video-preview:-1\" \/>\n<link rel=\"canonical\" href=\"https:\/\/elpuucnoticias.com\/?p=20918\" \/>\n<meta property=\"og:locale\" content=\"es_ES\" \/>\n<meta property=\"og:type\" content=\"article\" \/>\n<meta property=\"og:title\" content=\"Mara Lezama y Sergio Salom\u00f3n C\u00e9spedes fortalecen servicios migratorios para proteger el turismo en Quintana Roo - El Puuc Noticias\" \/>\n<meta property=\"og:description\" content=\"La gobernadora Mara Lezama Espinosa sostuvo una reuni\u00f3n de trabajo con el titular del Instituto Nacional de Migraci\u00f3n\" \/>\n<meta property=\"og:url\" content=\"https:\/\/elpuucnoticias.com\/?p=20918\" \/>\n<meta property=\"og:site_name\" content=\"El Puuc Noticias\" \/>\n<meta property=\"article:published_time\" content=\"2025-09-03T19:08:03+00:00\" \/>\n<meta property=\"og:image\" content=\"https:\/\/elpuucnoticias.com\/wp-content\/uploads\/2025\/09\/a7585779-757a-405c-b227-9bae8bd40058-scaled-1.jpg\" \/>\n\t<meta property=\"og:image:width\" content=\"2560\" \/>\n\t<meta property=\"og:image:height\" content=\"1440\" \/>\n\t<meta property=\"og:image:type\" content=\"image\/jpeg\" \/>\n<meta name=\"twitter:card\" content=\"summary_large_image\" \/>\n<meta name=\"twitter:label1\" content=\"Escrito por\" \/>\n\t<meta name=\"twitter:data1\" content=\"elpuucnoticias\" \/>\n\t<meta name=\"twitter:label2\" content=\"Tiempo de lectura\" \/>\n\t<meta name=\"twitter:data2\" content=\"1 minuto\" \/>\n<script type=\"application\/ld+json\" class=\"yoast-schema-graph\">{\"@context\":\"https:\/\/schema.org\",\"@graph\":[{\"@type\":\"WebSite\",\"@id\":\"https:\/\/elpuucnoticias.com\/#website\",\"url\":\"https:\/\/elpuucnoticias.com\/\",\"name\":\"El Puuc Noticias\",\"description\":\"Noticias - Entretenimiento - Deportes\",\"potentialAction\":[{\"@type\":\"SearchAction\",\"target\":{\"@type\":\"EntryPoint\",\"urlTemplate\":\"https:\/\/elpuucnoticias.com\/?s={search_term_string}\"},\"query-input\":\"required name=search_term_string\"}],\"inLanguage\":\"es\"},{\"@type\":\"ImageObject\",\"@id\":\"https:\/\/elpuucnoticias.com\/?p=20918#primaryimage\",\"inLanguage\":\"es\",\"url\":\"https:\/\/elpuucnoticias.com\/wp-content\/uploads\/2025\/09\/a7585779-757a-405c-b227-9bae8bd40058-scaled-1.jpg\",\"contentUrl\":\"https:\/\/elpuucnoticias.com\/wp-content\/uploads\/2025\/09\/a7585779-757a-405c-b227-9bae8bd40058-scaled-1.jpg\",\"width\":2560,\"height\":1440},{\"@type\":\"WebPage\",\"@id\":\"https:\/\/elpuucnoticias.com\/?p=20918#webpage\",\"url\":\"https:\/\/elpuucnoticias.com\/?p=20918\",\"name\":\"Mara Lezama y Sergio Salom\u00f3n C\u00e9spedes fortalecen servicios migratorios para proteger el turismo en Quintana Roo - El Puuc Noticias\",\"isPartOf\":{\"@id\":\"https:\/\/elpuucnoticias.com\/#website\"},\"primaryImageOfPage\":{\"@id\":\"https:\/\/elpuucnoticias.com\/?p=20918#primaryimage\"},\"datePublished\":\"2025-09-03T19:08:03+00:00\",\"dateModified\":\"2025-09-03T19:08:03+00:00\",\"author\":{\"@id\":\"https:\/\/elpuucnoticias.com\/#\/schema\/person\/d2ea09e4c97f0160b11cdfb1d856bd9e\"},\"breadcrumb\":{\"@id\":\"https:\/\/elpuucnoticias.com\/?p=20918#breadcrumb\"},\"inLanguage\":\"es\",\"potentialAction\":[{\"@type\":\"ReadAction\",\"target\":[\"https:\/\/elpuucnoticias.com\/?p=20918\"]}]},{\"@type\":\"BreadcrumbList\",\"@id\":\"https:\/\/elpuucnoticias.com\/?p=20918#breadcrumb\",\"itemListElement\":[{\"@type\":\"ListItem\",\"position\":1,\"name\":\"Portada\",\"item\":\"https:\/\/elpuucnoticias.com\/\"},{\"@type\":\"ListItem\",\"position\":2,\"name\":\"Mara Lezama y Sergio Salom\u00f3n C\u00e9spedes fortalecen servicios migratorios para proteger el turismo en Quintana Roo\"}]},{\"@type\":\"Person\",\"@id\":\"https:\/\/elpuucnoticias.com\/#\/schema\/person\/d2ea09e4c97f0160b11cdfb1d856bd9e\",\"name\":\"elpuucnoticias\",\"image\":{\"@type\":\"ImageObject\",\"@id\":\"https:\/\/elpuucnoticias.com\/#personlogo\",\"inLanguage\":\"es\",\"url\":\"https:\/\/secure.gravatar.com\/avatar\/5290a43657c74ffa15701dbe5b846bd85cc71930d803c84e91046a7333de6ce2?s=96&d=mm&r=g\",\"contentUrl\":\"https:\/\/secure.gravatar.com\/avatar\/5290a43657c74ffa15701dbe5b846bd85cc71930d803c84e91046a7333de6ce2?s=96&d=mm&r=g\",\"caption\":\"elpuucnoticias\"},\"sameAs\":[\"https:\/\/elpuucnoticias.com\"],\"url\":\"https:\/\/elpuucnoticias.com\/?author=1\"}]}<\/script>\n<!-- \/ Yoast SEO plugin. -->","yoast_head_json":{"title":"Mara Lezama y Sergio Salom\u00f3n C\u00e9spedes fortalecen servicios migratorios para proteger el turismo en Quintana Roo - El Puuc Noticias","robots":{"index":"index","follow":"follow","max-snippet":"max-snippet:-1","max-image-preview":"max-image-preview:large","max-video-preview":"max-video-preview:-1"},"canonical":"https:\/\/elpuucnoticias.com\/?p=20918","og_locale":"es_ES","og_type":"article","og_title":"Mara Lezama y Sergio Salom\u00f3n C\u00e9spedes fortalecen servicios migratorios para proteger el turismo en Quintana Roo - El Puuc Noticias","og_description":"La gobernadora Mara Lezama Espinosa sostuvo una reuni\u00f3n de trabajo con el titular del Instituto Nacional de Migraci\u00f3n","og_url":"https:\/\/elpuucnoticias.com\/?p=20918","og_site_name":"El Puuc Noticias","article_published_time":"2025-09-03T19:08:03+00:00","og_image":[{"width":2560,"height":1440,"url":"https:\/\/elpuucnoticias.com\/wp-content\/uploads\/2025\/09\/a7585779-757a-405c-b227-9bae8bd40058-scaled-1.jpg","type":"image\/jpeg"}],"twitter_card":"summary_large_image","twitter_misc":{"Escrito por":"elpuucnoticias","Tiempo de lectura":"1 minuto"},"schema":{"@context":"https:\/\/schema.org","@graph":[{"@type":"WebSite","@id":"https:\/\/elpuucnoticias.com\/#website","url":"https:\/\/elpuucnoticias.com\/","name":"El Puuc Noticias","description":"Noticias - Entretenimiento - Deportes","potentialAction":[{"@type":"SearchAction","target":{"@type":"EntryPoint","urlTemplate":"https:\/\/elpuucnoticias.com\/?s={search_term_string}"},"query-input":"required name=search_term_string"}],"inLanguage":"es"},{"@type":"ImageObject","@id":"https:\/\/elpuucnoticias.com\/?p=20918#primaryimage","inLanguage":"es","url":"https:\/\/elpuucnoticias.com\/wp-content\/uploads\/2025\/09\/a7585779-757a-405c-b227-9bae8bd40058-scaled-1.jpg","contentUrl":"https:\/\/elpuucnoticias.com\/wp-content\/uploads\/2025\/09\/a7585779-757a-405c-b227-9bae8bd40058-scaled-1.jpg","width":2560,"height":1440},{"@type":"WebPage","@id":"https:\/\/elpuucnoticias.com\/?p=20918#webpage","url":"https:\/\/elpuucnoticias.com\/?p=20918","name":"Mara Lezama y Sergio Salom\u00f3n C\u00e9spedes fortalecen servicios migratorios para proteger el turismo en Quintana Roo - El Puuc Noticias","isPartOf":{"@id":"https:\/\/elpuucnoticias.com\/#website"},"primaryImageOfPage":{"@id":"https:\/\/elpuucnoticias.com\/?p=20918#primaryimage"},"datePublished":"2025-09-03T19:08:03+00:00","dateModified":"2025-09-03T19:08:03+00:00","author":{"@id":"https:\/\/elpuucnoticias.com\/#\/schema\/person\/d2ea09e4c97f0160b11cdfb1d856bd9e"},"breadcrumb":{"@id":"https:\/\/elpuucnoticias.com\/?p=20918#breadcrumb"},"inLanguage":"es","potentialAction":[{"@type":"ReadAction","target":["https:\/\/elpuucnoticias.com\/?p=20918"]}]},{"@type":"BreadcrumbList","@id":"https:\/\/elpuucnoticias.com\/?p=20918#breadcrumb","itemListElement":[{"@type":"ListItem","position":1,"name":"Portada","item":"https:\/\/elpuucnoticias.com\/"},{"@type":"ListItem","position":2,"name":"Mara Lezama y Sergio Salom\u00f3n C\u00e9spedes fortalecen servicios migratorios para proteger el turismo en Quintana Roo"}]},{"@type":"Person","@id":"https:\/\/elpuucnoticias.com\/#\/schema\/person\/d2ea09e4c97f0160b11cdfb1d856bd9e","name":"elpuucnoticias","image":{"@type":"ImageObject","@id":"https:\/\/elpuucnoticias.com\/#personlogo","inLanguage":"es","url":"https:\/\/secure.gravatar.com\/avatar\/5290a43657c74ffa15701dbe5b846bd85cc71930d803c84e91046a7333de6ce2?s=96&d=mm&r=g","contentUrl":"https:\/\/secure.gravatar.com\/avatar\/5290a43657c74ffa15701dbe5b846bd85cc71930d803c84e91046a7333de6ce2?s=96&d=mm&r=g","caption":"elpuucnoticias"},"sameAs":["https:\/\/elpuucnoticias.com"],"url":"https:\/\/elpuucnoticias.com\/?author=1"}]}},"_links":{"self":[{"href":"https:\/\/elpuucnoticias.com\/index.php?rest_route=\/wp\/v2\/posts\/20918","targetHints":{"allow":["GET"]}}],"collection":[{"href":"https:\/\/elpuucnoticias.com\/index.php?rest_route=\/wp\/v2\/posts"}],"about":[{"href":"https:\/\/elpuucnoticias.com\/index.php?rest_route=\/wp\/v2\/types\/post"}],"author":[{"embeddable":true,"href":"https:\/\/elpuucnoticias.com\/index.php?rest_route=\/wp\/v2\/users\/1"}],"replies":[{"embeddable":true,"href":"https:\/\/elpuucnoticias.com\/index.php?rest_route=%2Fwp%2Fv2%2Fcomments&post=20918"}],"version-history":[{"count":1,"href":"https:\/\/elpuucnoticias.com\/index.php?rest_route=\/wp\/v2\/posts\/20918\/revisions"}],"predecessor-version":[{"id":20920,"href":"https:\/\/elpuucnoticias.com\/index.php?rest_route=\/wp\/v2\/posts\/20918\/revisions\/20920"}],"wp:featuredmedia":[{"embeddable":true,"href":"https:\/\/elpuucnoticias.com\/index.php?rest_route=\/wp\/v2\/media\/20919"}],"wp:attachment":[{"href":"https:\/\/elpuucnoticias.com\/index.php?rest_route=%2Fwp%2Fv2%2Fmedia&parent=20918"}],"wp:term":[{"taxonomy":"category","embeddable":true,"href":"https:\/\/elpuucnoticias.com\/index.php?rest_route=%2Fwp%2Fv2%2Fcategories&post=20918"},{"taxonomy":"post_tag","embeddable":true,"href":"https:\/\/elpuucnoticias.com\/index.php?rest_route=%2Fwp%2Fv2%2Ftags&post=20918"}],"curies":[{"name":"wp","href":"https:\/\/api.w.org\/{rel}","templated":true}]}}