{"id":20921,"date":"2025-09-03T13:10:17","date_gmt":"2025-09-03T19:10:17","guid":{"rendered":"https:\/\/elpuucnoticias.com\/?p=20921"},"modified":"2025-09-03T13:10:18","modified_gmt":"2025-09-03T19:10:18","slug":"otorga-la-secretaria-de-educacion-de-quintana-roo-seis-plazas-a-maestras-y-maestros-de-comunidades-rurales-de-quintana-roo","status":"publish","type":"post","link":"https:\/\/elpuucnoticias.com\/?p=20921","title":{"rendered":"Otorga la Secretar\u00eda de Educaci\u00f3n de Quintana Roo seis plazas a maestras y maestros de comunidades rurales de Quintana Roo"},"content":{"rendered":"\n<p>Quintana Roo escribe una nueva partitura de inclusi\u00f3n y bienestar con la entrega de plazas a maestras y maestros de m\u00fasica, tras gestiones realizadas por la gobernadora, Mara Lezama Espinosa y la Secretar\u00eda de Educaci\u00f3n de Quintana Roo (SEQ) lo que representa un paso firme hacia una formaci\u00f3n m\u00e1s integral, inclusiva y con sentido comunitario.<\/p>\n\n\n\n<figure class=\"wp-block-image is-style-default\"><a href=\"https:\/\/cgc.qroo.gob.mx\/cjg\/wp-content\/uploads\/2025\/09\/8bf2ba3f-fb92-4283-873f-fce9532f3892.jpg\"><img decoding=\"async\" src=\"https:\/\/cgc.qroo.gob.mx\/cjg\/wp-content\/uploads\/2025\/09\/8bf2ba3f-fb92-4283-873f-fce9532f3892-585x435.jpg\" alt=\"\" title=\"8bf2ba3f-fb92-4283-873f-fce9532f3892\"\/><\/a><\/figure>\n\n\n\n<p>\u201cPor primera vez, la ense\u00f1anza musical llega con fuerza a las aulas de nuestras comunidades, reconociendo que la m\u00fasica, fortalece la identidad, promueve la creatividad y abre caminos para cerrar brechas de desigualdad. Llevarla a cada rinc\u00f3n de Quintana Roo es sembrar pertenencia y oportunidades para las ni\u00f1as y ni\u00f1os\u201d, afirm\u00f3 la titular de la SEQ, Elda Xix Eu\u00e1n.<\/p>\n\n\n\n<figure class=\"wp-block-image is-style-default\"><a href=\"https:\/\/cgc.qroo.gob.mx\/cjg\/wp-content\/uploads\/2025\/09\/2fe6b72e-0a61-42b8-98fb-4e32239e7f87.jpg\"><img decoding=\"async\" src=\"https:\/\/cgc.qroo.gob.mx\/cjg\/wp-content\/uploads\/2025\/09\/2fe6b72e-0a61-42b8-98fb-4e32239e7f87-585x450.jpg\" alt=\"\" title=\"2fe6b72e-0a61-42b8-98fb-4e32239e7f87\"\/><\/a><\/figure>\n\n\n\n<p>Este avance se enmarca en el Nuevo Acuerdo por el Bienestar y Desarrollo de Quintana Roo, impulsado por la gobernadora Mara Lezama Espinosa, que pone al centro a las personas y sus derechos, que busca garantizar que todas y todos accedan a una educaci\u00f3n digna, incluyente y transformadora.<\/p>\n\n\n\n<figure class=\"wp-block-image is-style-default\"><a href=\"https:\/\/cgc.qroo.gob.mx\/cjg\/wp-content\/uploads\/2025\/09\/7b301a81-d0fe-4b39-a06d-6d0e53214d6e.jpg\"><img decoding=\"async\" src=\"https:\/\/cgc.qroo.gob.mx\/cjg\/wp-content\/uploads\/2025\/09\/7b301a81-d0fe-4b39-a06d-6d0e53214d6e-585x413.jpg\" alt=\"\" title=\"7b301a81-d0fe-4b39-a06d-6d0e53214d6e\"\/><\/a><\/figure>\n\n\n\n<p>\u201cLa m\u00fasica en la infancia abre puertas al aprendizaje porque estimula la memoria, la atenci\u00f3n y el lenguaje; fomenta la creatividad al invitar a los ni\u00f1os a imaginar, inventar y expresarse; y ayuda a formar seres m\u00e1s seguros, felices y sensibles, capaces de conectar con sus emociones y con los dem\u00e1s a trav\u00e9s de la belleza del arte\u201d, expres\u00f3 la secretaria de Educaci\u00f3n.<\/p>\n\n\n\n<p>Con estas acciones se refrenda el compromiso de la gobernadora, Mara Lezama de seguir trabajando en beneficio de la educaci\u00f3n del estado.<\/p>\n","protected":false},"excerpt":{"rendered":"<p>Quintana Roo escribe una nueva partitura de inclusi\u00f3n y bienestar con la entrega de plazas a maestras y<\/p>\n","protected":false},"author":1,"featured_media":20922,"comment_status":"closed","ping_status":"open","sticky":false,"template":"","format":"standard","meta":{"_monsterinsights_skip_tracking":false,"_monsterinsights_sitenote_active":false,"_monsterinsights_sitenote_note":"","_monsterinsights_sitenote_category":0,"footnotes":""},"categories":[11,24],"tags":[],"class_list":["post-20921","post","type-post","status-publish","format-standard","has-post-thumbnail","hentry","category-noticias","category-quintana-roo"],"yoast_head":"<!-- This site is optimized with the Yoast SEO plugin v18.3 - https:\/\/yoast.com\/wordpress\/plugins\/seo\/ -->\n<title>Otorga la Secretar\u00eda de Educaci\u00f3n de Quintana Roo seis plazas a maestras y maestros de comunidades rurales de Quintana Roo - El Puuc Noticias<\/title>\n<meta name=\"robots\" content=\"index, follow, max-snippet:-1, max-image-preview:large, max-video-preview:-1\" \/>\n<link rel=\"canonical\" href=\"https:\/\/elpuucnoticias.com\/?p=20921\" \/>\n<meta property=\"og:locale\" content=\"es_ES\" \/>\n<meta property=\"og:type\" content=\"article\" \/>\n<meta property=\"og:title\" content=\"Otorga la Secretar\u00eda de Educaci\u00f3n de Quintana Roo seis plazas a maestras y maestros de comunidades rurales de Quintana Roo - El Puuc Noticias\" \/>\n<meta property=\"og:description\" content=\"Quintana Roo escribe una nueva partitura de inclusi\u00f3n y bienestar con la entrega de plazas a maestras y\" \/>\n<meta property=\"og:url\" content=\"https:\/\/elpuucnoticias.com\/?p=20921\" \/>\n<meta property=\"og:site_name\" content=\"El Puuc Noticias\" \/>\n<meta property=\"article:published_time\" content=\"2025-09-03T19:10:17+00:00\" \/>\n<meta property=\"article:modified_time\" content=\"2025-09-03T19:10:18+00:00\" \/>\n<meta property=\"og:image\" content=\"https:\/\/elpuucnoticias.com\/wp-content\/uploads\/2025\/09\/f7aad11b-d7f6-443f-ad9d-412e81ee63ca.jpg\" \/>\n\t<meta property=\"og:image:width\" content=\"1280\" \/>\n\t<meta property=\"og:image:height\" content=\"635\" \/>\n\t<meta property=\"og:image:type\" content=\"image\/jpeg\" \/>\n<meta name=\"twitter:card\" content=\"summary_large_image\" \/>\n<meta name=\"twitter:label1\" content=\"Escrito por\" \/>\n\t<meta name=\"twitter:data1\" content=\"elpuucnoticias\" \/>\n\t<meta name=\"twitter:label2\" content=\"Tiempo de lectura\" \/>\n\t<meta name=\"twitter:data2\" content=\"1 minuto\" \/>\n<script type=\"application\/ld+json\" class=\"yoast-schema-graph\">{\"@context\":\"https:\/\/schema.org\",\"@graph\":[{\"@type\":\"WebSite\",\"@id\":\"https:\/\/elpuucnoticias.com\/#website\",\"url\":\"https:\/\/elpuucnoticias.com\/\",\"name\":\"El Puuc Noticias\",\"description\":\"Noticias - Entretenimiento - Deportes\",\"potentialAction\":[{\"@type\":\"SearchAction\",\"target\":{\"@type\":\"EntryPoint\",\"urlTemplate\":\"https:\/\/elpuucnoticias.com\/?s={search_term_string}\"},\"query-input\":\"required name=search_term_string\"}],\"inLanguage\":\"es\"},{\"@type\":\"ImageObject\",\"@id\":\"https:\/\/elpuucnoticias.com\/?p=20921#primaryimage\",\"inLanguage\":\"es\",\"url\":\"https:\/\/elpuucnoticias.com\/wp-content\/uploads\/2025\/09\/f7aad11b-d7f6-443f-ad9d-412e81ee63ca.jpg\",\"contentUrl\":\"https:\/\/elpuucnoticias.com\/wp-content\/uploads\/2025\/09\/f7aad11b-d7f6-443f-ad9d-412e81ee63ca.jpg\",\"width\":1280,\"height\":635},{\"@type\":\"WebPage\",\"@id\":\"https:\/\/elpuucnoticias.com\/?p=20921#webpage\",\"url\":\"https:\/\/elpuucnoticias.com\/?p=20921\",\"name\":\"Otorga la Secretar\u00eda de Educaci\u00f3n de Quintana Roo seis plazas a maestras y maestros de comunidades rurales de Quintana Roo - El Puuc Noticias\",\"isPartOf\":{\"@id\":\"https:\/\/elpuucnoticias.com\/#website\"},\"primaryImageOfPage\":{\"@id\":\"https:\/\/elpuucnoticias.com\/?p=20921#primaryimage\"},\"datePublished\":\"2025-09-03T19:10:17+00:00\",\"dateModified\":\"2025-09-03T19:10:18+00:00\",\"author\":{\"@id\":\"https:\/\/elpuucnoticias.com\/#\/schema\/person\/d2ea09e4c97f0160b11cdfb1d856bd9e\"},\"breadcrumb\":{\"@id\":\"https:\/\/elpuucnoticias.com\/?p=20921#breadcrumb\"},\"inLanguage\":\"es\",\"potentialAction\":[{\"@type\":\"ReadAction\",\"target\":[\"https:\/\/elpuucnoticias.com\/?p=20921\"]}]},{\"@type\":\"BreadcrumbList\",\"@id\":\"https:\/\/elpuucnoticias.com\/?p=20921#breadcrumb\",\"itemListElement\":[{\"@type\":\"ListItem\",\"position\":1,\"name\":\"Portada\",\"item\":\"https:\/\/elpuucnoticias.com\/\"},{\"@type\":\"ListItem\",\"position\":2,\"name\":\"Otorga la Secretar\u00eda de Educaci\u00f3n de Quintana Roo seis plazas a maestras y maestros de comunidades rurales de Quintana Roo\"}]},{\"@type\":\"Person\",\"@id\":\"https:\/\/elpuucnoticias.com\/#\/schema\/person\/d2ea09e4c97f0160b11cdfb1d856bd9e\",\"name\":\"elpuucnoticias\",\"image\":{\"@type\":\"ImageObject\",\"@id\":\"https:\/\/elpuucnoticias.com\/#personlogo\",\"inLanguage\":\"es\",\"url\":\"https:\/\/secure.gravatar.com\/avatar\/5290a43657c74ffa15701dbe5b846bd85cc71930d803c84e91046a7333de6ce2?s=96&d=mm&r=g\",\"contentUrl\":\"https:\/\/secure.gravatar.com\/avatar\/5290a43657c74ffa15701dbe5b846bd85cc71930d803c84e91046a7333de6ce2?s=96&d=mm&r=g\",\"caption\":\"elpuucnoticias\"},\"sameAs\":[\"https:\/\/elpuucnoticias.com\"],\"url\":\"https:\/\/elpuucnoticias.com\/?author=1\"}]}<\/script>\n<!-- \/ Yoast SEO plugin. -->","yoast_head_json":{"title":"Otorga la Secretar\u00eda de Educaci\u00f3n de Quintana Roo seis plazas a maestras y maestros de comunidades rurales de Quintana Roo - El Puuc Noticias","robots":{"index":"index","follow":"follow","max-snippet":"max-snippet:-1","max-image-preview":"max-image-preview:large","max-video-preview":"max-video-preview:-1"},"canonical":"https:\/\/elpuucnoticias.com\/?p=20921","og_locale":"es_ES","og_type":"article","og_title":"Otorga la Secretar\u00eda de Educaci\u00f3n de Quintana Roo seis plazas a maestras y maestros de comunidades rurales de Quintana Roo - El Puuc Noticias","og_description":"Quintana Roo escribe una nueva partitura de inclusi\u00f3n y bienestar con la entrega de plazas a maestras y","og_url":"https:\/\/elpuucnoticias.com\/?p=20921","og_site_name":"El Puuc Noticias","article_published_time":"2025-09-03T19:10:17+00:00","article_modified_time":"2025-09-03T19:10:18+00:00","og_image":[{"width":1280,"height":635,"url":"https:\/\/elpuucnoticias.com\/wp-content\/uploads\/2025\/09\/f7aad11b-d7f6-443f-ad9d-412e81ee63ca.jpg","type":"image\/jpeg"}],"twitter_card":"summary_large_image","twitter_misc":{"Escrito por":"elpuucnoticias","Tiempo de lectura":"1 minuto"},"schema":{"@context":"https:\/\/schema.org","@graph":[{"@type":"WebSite","@id":"https:\/\/elpuucnoticias.com\/#website","url":"https:\/\/elpuucnoticias.com\/","name":"El Puuc Noticias","description":"Noticias - Entretenimiento - Deportes","potentialAction":[{"@type":"SearchAction","target":{"@type":"EntryPoint","urlTemplate":"https:\/\/elpuucnoticias.com\/?s={search_term_string}"},"query-input":"required name=search_term_string"}],"inLanguage":"es"},{"@type":"ImageObject","@id":"https:\/\/elpuucnoticias.com\/?p=20921#primaryimage","inLanguage":"es","url":"https:\/\/elpuucnoticias.com\/wp-content\/uploads\/2025\/09\/f7aad11b-d7f6-443f-ad9d-412e81ee63ca.jpg","contentUrl":"https:\/\/elpuucnoticias.com\/wp-content\/uploads\/2025\/09\/f7aad11b-d7f6-443f-ad9d-412e81ee63ca.jpg","width":1280,"height":635},{"@type":"WebPage","@id":"https:\/\/elpuucnoticias.com\/?p=20921#webpage","url":"https:\/\/elpuucnoticias.com\/?p=20921","name":"Otorga la Secretar\u00eda de Educaci\u00f3n de Quintana Roo seis plazas a maestras y maestros de comunidades rurales de Quintana Roo - El Puuc Noticias","isPartOf":{"@id":"https:\/\/elpuucnoticias.com\/#website"},"primaryImageOfPage":{"@id":"https:\/\/elpuucnoticias.com\/?p=20921#primaryimage"},"datePublished":"2025-09-03T19:10:17+00:00","dateModified":"2025-09-03T19:10:18+00:00","author":{"@id":"https:\/\/elpuucnoticias.com\/#\/schema\/person\/d2ea09e4c97f0160b11cdfb1d856bd9e"},"breadcrumb":{"@id":"https:\/\/elpuucnoticias.com\/?p=20921#breadcrumb"},"inLanguage":"es","potentialAction":[{"@type":"ReadAction","target":["https:\/\/elpuucnoticias.com\/?p=20921"]}]},{"@type":"BreadcrumbList","@id":"https:\/\/elpuucnoticias.com\/?p=20921#breadcrumb","itemListElement":[{"@type":"ListItem","position":1,"name":"Portada","item":"https:\/\/elpuucnoticias.com\/"},{"@type":"ListItem","position":2,"name":"Otorga la Secretar\u00eda de Educaci\u00f3n de Quintana Roo seis plazas a maestras y maestros de comunidades rurales de Quintana Roo"}]},{"@type":"Person","@id":"https:\/\/elpuucnoticias.com\/#\/schema\/person\/d2ea09e4c97f0160b11cdfb1d856bd9e","name":"elpuucnoticias","image":{"@type":"ImageObject","@id":"https:\/\/elpuucnoticias.com\/#personlogo","inLanguage":"es","url":"https:\/\/secure.gravatar.com\/avatar\/5290a43657c74ffa15701dbe5b846bd85cc71930d803c84e91046a7333de6ce2?s=96&d=mm&r=g","contentUrl":"https:\/\/secure.gravatar.com\/avatar\/5290a43657c74ffa15701dbe5b846bd85cc71930d803c84e91046a7333de6ce2?s=96&d=mm&r=g","caption":"elpuucnoticias"},"sameAs":["https:\/\/elpuucnoticias.com"],"url":"https:\/\/elpuucnoticias.com\/?author=1"}]}},"_links":{"self":[{"href":"https:\/\/elpuucnoticias.com\/index.php?rest_route=\/wp\/v2\/posts\/20921","targetHints":{"allow":["GET"]}}],"collection":[{"href":"https:\/\/elpuucnoticias.com\/index.php?rest_route=\/wp\/v2\/posts"}],"about":[{"href":"https:\/\/elpuucnoticias.com\/index.php?rest_route=\/wp\/v2\/types\/post"}],"author":[{"embeddable":true,"href":"https:\/\/elpuucnoticias.com\/index.php?rest_route=\/wp\/v2\/users\/1"}],"replies":[{"embeddable":true,"href":"https:\/\/elpuucnoticias.com\/index.php?rest_route=%2Fwp%2Fv2%2Fcomments&post=20921"}],"version-history":[{"count":1,"href":"https:\/\/elpuucnoticias.com\/index.php?rest_route=\/wp\/v2\/posts\/20921\/revisions"}],"predecessor-version":[{"id":20923,"href":"https:\/\/elpuucnoticias.com\/index.php?rest_route=\/wp\/v2\/posts\/20921\/revisions\/20923"}],"wp:featuredmedia":[{"embeddable":true,"href":"https:\/\/elpuucnoticias.com\/index.php?rest_route=\/wp\/v2\/media\/20922"}],"wp:attachment":[{"href":"https:\/\/elpuucnoticias.com\/index.php?rest_route=%2Fwp%2Fv2%2Fmedia&parent=20921"}],"wp:term":[{"taxonomy":"category","embeddable":true,"href":"https:\/\/elpuucnoticias.com\/index.php?rest_route=%2Fwp%2Fv2%2Fcategories&post=20921"},{"taxonomy":"post_tag","embeddable":true,"href":"https:\/\/elpuucnoticias.com\/index.php?rest_route=%2Fwp%2Fv2%2Ftags&post=20921"}],"curies":[{"name":"wp","href":"https:\/\/api.w.org\/{rel}","templated":true}]}}