{"id":20924,"date":"2025-09-03T13:13:58","date_gmt":"2025-09-03T19:13:58","guid":{"rendered":"https:\/\/elpuucnoticias.com\/?p=20924"},"modified":"2025-09-03T13:13:58","modified_gmt":"2025-09-03T19:13:58","slug":"concluyen-las-vacaciones-de-verano-en-quintana-roo-sin-incidentes","status":"publish","type":"post","link":"https:\/\/elpuucnoticias.com\/?p=20924","title":{"rendered":"Concluyen las vacaciones de verano en Quintana Roo sin incidentes"},"content":{"rendered":"\n<p>Con el prop\u00f3sito de salvaguardar la integridad de los vacacionistas, tanto nacionales como extranjeros, la Coordinaci\u00f3n Estatal de Protecci\u00f3n Civil implement\u00f3, el pasado 18 de julio, el Operativo de Seguridad Vacacional en Verano 2025, dando t\u00e9rmino este primero de septiembre, fecha en la que miles de j\u00f3venes regresaron a clases.<\/p>\n\n\n\n<figure class=\"wp-block-image is-style-default\"><a href=\"https:\/\/cgc.qroo.gob.mx\/cjg\/wp-content\/uploads\/2025\/09\/ca5c4f71-748a-4ee0-9072-0e238d021a11.jpg\"><img decoding=\"async\" src=\"https:\/\/cgc.qroo.gob.mx\/cjg\/wp-content\/uploads\/2025\/09\/ca5c4f71-748a-4ee0-9072-0e238d021a11-585x439.jpg\" alt=\"\" title=\"ca5c4f71-748a-4ee0-9072-0e238d021a11\"\/><\/a><\/figure>\n\n\n\n<p>Durante la temporada de asueto, se llevaron a cabo recorridos preventivos en m\u00e1s de 100 puntos tur\u00edsticos de alto flujo como Holbox, Bacalar, Playa del Carmen, Mahahual, Tulum, Oth\u00f3n P. Blanco, Puerto Morelos, Isla Mujeres y Benito Ju\u00e1rez, esto en coordinaci\u00f3n con dependencias federales, estatales y municipales, lo que permiti\u00f3 brindar seguridad a turistas, ba\u00f1istas y ciudadan\u00eda local durante el periodo vacacional.<\/p>\n\n\n\n<figure class=\"wp-block-image is-style-default\"><a href=\"https:\/\/cgc.qroo.gob.mx\/cjg\/wp-content\/uploads\/2025\/09\/9555fe91-43c3-457f-8296-661948627f73.jpg\"><img decoding=\"async\" src=\"https:\/\/cgc.qroo.gob.mx\/cjg\/wp-content\/uploads\/2025\/09\/9555fe91-43c3-457f-8296-661948627f73-585x439.jpg\" alt=\"\" title=\"9555fe91-43c3-457f-8296-661948627f73\"\/><\/a><\/figure>\n\n\n\n<p>Adem\u00e1s, se realizaron acciones de prevenci\u00f3n, como las recomendaciones de seguridad a ba\u00f1istas, record\u00e1ndoles mantener a los menores supervisados, usar chaleco salvavidas y mantenerse hidratados para evitar un golpe de calor. De igual manera, constantemente se les record\u00f3 a los operadores tur\u00edsticos que no excedieran el n\u00famero de personas permitido en sus embarcaciones.<\/p>\n\n\n\n<p>Este esfuerzo no solo permiti\u00f3 unas vacaciones tranquilas, sino que tambi\u00e9n brind\u00f3 un arranque escolar sin incidentes y la reincorporaci\u00f3n de miles de personas a sus actividades, fortaleciendo la confianza de las familias quintanarroenses en las acciones implementadas.<\/p>\n\n\n\n<figure class=\"wp-block-image is-style-default\"><a href=\"https:\/\/cgc.qroo.gob.mx\/cjg\/wp-content\/uploads\/2025\/09\/aed8498a-a487-4ee4-b0c2-016419475b1e.jpg\"><img decoding=\"async\" src=\"https:\/\/cgc.qroo.gob.mx\/cjg\/wp-content\/uploads\/2025\/09\/aed8498a-a487-4ee4-b0c2-016419475b1e-585x329.jpg\" alt=\"\" title=\"aed8498a-a487-4ee4-b0c2-016419475b1e\"\/><\/a><\/figure>\n\n\n\n<p>El director de la Coordinaci\u00f3n Estatal de Protecci\u00f3n Civil, Guillermo N\u00fa\u00f1ez Leal, resalt\u00f3 que el trabajo coordinado de las instituciones de seguridad, como la Secretar\u00eda de Marina (SEMAR), Guardia Nacional (GN), Protecci\u00f3n Civil Municipal, Polic\u00eda Municipal, Bomberos y Guardavidas, fue fundamental para brindar seguridad e informaci\u00f3n preventiva a la poblaci\u00f3n, con el objetivo de evitar incidentes en playas y carreteras.<\/p>\n\n\n\n<figure class=\"wp-block-image is-style-default\"><a href=\"https:\/\/cgc.qroo.gob.mx\/cjg\/wp-content\/uploads\/2025\/09\/b4729909-5334-4bbe-bd88-e4d3da419bea.jpg\"><img decoding=\"async\" src=\"https:\/\/cgc.qroo.gob.mx\/cjg\/wp-content\/uploads\/2025\/09\/b4729909-5334-4bbe-bd88-e4d3da419bea-585x439.jpg\" alt=\"\" title=\"b4729909-5334-4bbe-bd88-e4d3da419bea\"\/><\/a><\/figure>\n\n\n\n<p>Sin duda, la colaboraci\u00f3n de los cuerpos de emergencia, que impulsa siempre la gobernadora del estado, Mara Lezama, fue clave para que en esta temporada vacacional miles de turistas pudieran disfrutar de d\u00edas de descanso con tranquilidad y, sobre todo, para hacer posible que, con seguridad, regresen en las pr\u00f3ximas vacaciones a disfrutar del sureste mexicano.<\/p>\n\n\n\n<p>Es importante mencionar que Quintana Roo recibi\u00f3 a m\u00e1s de 907 mil pasajeros internacionales solo en el primer semestre del a\u00f1o.<\/p>\n","protected":false},"excerpt":{"rendered":"<p>Con el prop\u00f3sito de salvaguardar la integridad de los vacacionistas, tanto nacionales como extranjeros, la Coordinaci\u00f3n Estatal de<\/p>\n","protected":false},"author":1,"featured_media":20925,"comment_status":"closed","ping_status":"open","sticky":false,"template":"","format":"standard","meta":{"_monsterinsights_skip_tracking":false,"_monsterinsights_sitenote_active":false,"_monsterinsights_sitenote_note":"","_monsterinsights_sitenote_category":0,"footnotes":""},"categories":[11,24],"tags":[],"class_list":["post-20924","post","type-post","status-publish","format-standard","has-post-thumbnail","hentry","category-noticias","category-quintana-roo"],"yoast_head":"<!-- This site is optimized with the Yoast SEO plugin v18.3 - https:\/\/yoast.com\/wordpress\/plugins\/seo\/ -->\n<title>Concluyen las vacaciones de verano en Quintana Roo sin incidentes - El Puuc Noticias<\/title>\n<meta name=\"robots\" content=\"index, follow, max-snippet:-1, max-image-preview:large, max-video-preview:-1\" \/>\n<link rel=\"canonical\" href=\"https:\/\/elpuucnoticias.com\/?p=20924\" \/>\n<meta property=\"og:locale\" content=\"es_ES\" \/>\n<meta property=\"og:type\" content=\"article\" \/>\n<meta property=\"og:title\" content=\"Concluyen las vacaciones de verano en Quintana Roo sin incidentes - El Puuc Noticias\" \/>\n<meta property=\"og:description\" content=\"Con el prop\u00f3sito de salvaguardar la integridad de los vacacionistas, tanto nacionales como extranjeros, la Coordinaci\u00f3n Estatal de\" \/>\n<meta property=\"og:url\" content=\"https:\/\/elpuucnoticias.com\/?p=20924\" \/>\n<meta property=\"og:site_name\" content=\"El Puuc Noticias\" \/>\n<meta property=\"article:published_time\" content=\"2025-09-03T19:13:58+00:00\" \/>\n<meta property=\"og:image\" content=\"https:\/\/elpuucnoticias.com\/wp-content\/uploads\/2025\/09\/6187de44-6a6e-4fae-9335-0c590d3d689a.jpg\" \/>\n\t<meta property=\"og:image:width\" content=\"1600\" \/>\n\t<meta property=\"og:image:height\" content=\"1027\" \/>\n\t<meta property=\"og:image:type\" content=\"image\/jpeg\" \/>\n<meta name=\"twitter:card\" content=\"summary_large_image\" \/>\n<meta name=\"twitter:label1\" content=\"Escrito por\" \/>\n\t<meta name=\"twitter:data1\" content=\"elpuucnoticias\" \/>\n\t<meta name=\"twitter:label2\" content=\"Tiempo de lectura\" \/>\n\t<meta name=\"twitter:data2\" content=\"2 minutos\" \/>\n<script type=\"application\/ld+json\" class=\"yoast-schema-graph\">{\"@context\":\"https:\/\/schema.org\",\"@graph\":[{\"@type\":\"WebSite\",\"@id\":\"https:\/\/elpuucnoticias.com\/#website\",\"url\":\"https:\/\/elpuucnoticias.com\/\",\"name\":\"El Puuc Noticias\",\"description\":\"Noticias - Entretenimiento - Deportes\",\"potentialAction\":[{\"@type\":\"SearchAction\",\"target\":{\"@type\":\"EntryPoint\",\"urlTemplate\":\"https:\/\/elpuucnoticias.com\/?s={search_term_string}\"},\"query-input\":\"required name=search_term_string\"}],\"inLanguage\":\"es\"},{\"@type\":\"ImageObject\",\"@id\":\"https:\/\/elpuucnoticias.com\/?p=20924#primaryimage\",\"inLanguage\":\"es\",\"url\":\"https:\/\/elpuucnoticias.com\/wp-content\/uploads\/2025\/09\/6187de44-6a6e-4fae-9335-0c590d3d689a.jpg\",\"contentUrl\":\"https:\/\/elpuucnoticias.com\/wp-content\/uploads\/2025\/09\/6187de44-6a6e-4fae-9335-0c590d3d689a.jpg\",\"width\":1600,\"height\":1027},{\"@type\":\"WebPage\",\"@id\":\"https:\/\/elpuucnoticias.com\/?p=20924#webpage\",\"url\":\"https:\/\/elpuucnoticias.com\/?p=20924\",\"name\":\"Concluyen las vacaciones de verano en Quintana Roo sin incidentes - El Puuc Noticias\",\"isPartOf\":{\"@id\":\"https:\/\/elpuucnoticias.com\/#website\"},\"primaryImageOfPage\":{\"@id\":\"https:\/\/elpuucnoticias.com\/?p=20924#primaryimage\"},\"datePublished\":\"2025-09-03T19:13:58+00:00\",\"dateModified\":\"2025-09-03T19:13:58+00:00\",\"author\":{\"@id\":\"https:\/\/elpuucnoticias.com\/#\/schema\/person\/d2ea09e4c97f0160b11cdfb1d856bd9e\"},\"breadcrumb\":{\"@id\":\"https:\/\/elpuucnoticias.com\/?p=20924#breadcrumb\"},\"inLanguage\":\"es\",\"potentialAction\":[{\"@type\":\"ReadAction\",\"target\":[\"https:\/\/elpuucnoticias.com\/?p=20924\"]}]},{\"@type\":\"BreadcrumbList\",\"@id\":\"https:\/\/elpuucnoticias.com\/?p=20924#breadcrumb\",\"itemListElement\":[{\"@type\":\"ListItem\",\"position\":1,\"name\":\"Portada\",\"item\":\"https:\/\/elpuucnoticias.com\/\"},{\"@type\":\"ListItem\",\"position\":2,\"name\":\"Concluyen las vacaciones de verano en Quintana Roo sin incidentes\"}]},{\"@type\":\"Person\",\"@id\":\"https:\/\/elpuucnoticias.com\/#\/schema\/person\/d2ea09e4c97f0160b11cdfb1d856bd9e\",\"name\":\"elpuucnoticias\",\"image\":{\"@type\":\"ImageObject\",\"@id\":\"https:\/\/elpuucnoticias.com\/#personlogo\",\"inLanguage\":\"es\",\"url\":\"https:\/\/secure.gravatar.com\/avatar\/5290a43657c74ffa15701dbe5b846bd85cc71930d803c84e91046a7333de6ce2?s=96&d=mm&r=g\",\"contentUrl\":\"https:\/\/secure.gravatar.com\/avatar\/5290a43657c74ffa15701dbe5b846bd85cc71930d803c84e91046a7333de6ce2?s=96&d=mm&r=g\",\"caption\":\"elpuucnoticias\"},\"sameAs\":[\"https:\/\/elpuucnoticias.com\"],\"url\":\"https:\/\/elpuucnoticias.com\/?author=1\"}]}<\/script>\n<!-- \/ Yoast SEO plugin. -->","yoast_head_json":{"title":"Concluyen las vacaciones de verano en Quintana Roo sin incidentes - El Puuc Noticias","robots":{"index":"index","follow":"follow","max-snippet":"max-snippet:-1","max-image-preview":"max-image-preview:large","max-video-preview":"max-video-preview:-1"},"canonical":"https:\/\/elpuucnoticias.com\/?p=20924","og_locale":"es_ES","og_type":"article","og_title":"Concluyen las vacaciones de verano en Quintana Roo sin incidentes - El Puuc Noticias","og_description":"Con el prop\u00f3sito de salvaguardar la integridad de los vacacionistas, tanto nacionales como extranjeros, la Coordinaci\u00f3n Estatal de","og_url":"https:\/\/elpuucnoticias.com\/?p=20924","og_site_name":"El Puuc Noticias","article_published_time":"2025-09-03T19:13:58+00:00","og_image":[{"width":1600,"height":1027,"url":"https:\/\/elpuucnoticias.com\/wp-content\/uploads\/2025\/09\/6187de44-6a6e-4fae-9335-0c590d3d689a.jpg","type":"image\/jpeg"}],"twitter_card":"summary_large_image","twitter_misc":{"Escrito por":"elpuucnoticias","Tiempo de lectura":"2 minutos"},"schema":{"@context":"https:\/\/schema.org","@graph":[{"@type":"WebSite","@id":"https:\/\/elpuucnoticias.com\/#website","url":"https:\/\/elpuucnoticias.com\/","name":"El Puuc Noticias","description":"Noticias - Entretenimiento - Deportes","potentialAction":[{"@type":"SearchAction","target":{"@type":"EntryPoint","urlTemplate":"https:\/\/elpuucnoticias.com\/?s={search_term_string}"},"query-input":"required name=search_term_string"}],"inLanguage":"es"},{"@type":"ImageObject","@id":"https:\/\/elpuucnoticias.com\/?p=20924#primaryimage","inLanguage":"es","url":"https:\/\/elpuucnoticias.com\/wp-content\/uploads\/2025\/09\/6187de44-6a6e-4fae-9335-0c590d3d689a.jpg","contentUrl":"https:\/\/elpuucnoticias.com\/wp-content\/uploads\/2025\/09\/6187de44-6a6e-4fae-9335-0c590d3d689a.jpg","width":1600,"height":1027},{"@type":"WebPage","@id":"https:\/\/elpuucnoticias.com\/?p=20924#webpage","url":"https:\/\/elpuucnoticias.com\/?p=20924","name":"Concluyen las vacaciones de verano en Quintana Roo sin incidentes - El Puuc Noticias","isPartOf":{"@id":"https:\/\/elpuucnoticias.com\/#website"},"primaryImageOfPage":{"@id":"https:\/\/elpuucnoticias.com\/?p=20924#primaryimage"},"datePublished":"2025-09-03T19:13:58+00:00","dateModified":"2025-09-03T19:13:58+00:00","author":{"@id":"https:\/\/elpuucnoticias.com\/#\/schema\/person\/d2ea09e4c97f0160b11cdfb1d856bd9e"},"breadcrumb":{"@id":"https:\/\/elpuucnoticias.com\/?p=20924#breadcrumb"},"inLanguage":"es","potentialAction":[{"@type":"ReadAction","target":["https:\/\/elpuucnoticias.com\/?p=20924"]}]},{"@type":"BreadcrumbList","@id":"https:\/\/elpuucnoticias.com\/?p=20924#breadcrumb","itemListElement":[{"@type":"ListItem","position":1,"name":"Portada","item":"https:\/\/elpuucnoticias.com\/"},{"@type":"ListItem","position":2,"name":"Concluyen las vacaciones de verano en Quintana Roo sin incidentes"}]},{"@type":"Person","@id":"https:\/\/elpuucnoticias.com\/#\/schema\/person\/d2ea09e4c97f0160b11cdfb1d856bd9e","name":"elpuucnoticias","image":{"@type":"ImageObject","@id":"https:\/\/elpuucnoticias.com\/#personlogo","inLanguage":"es","url":"https:\/\/secure.gravatar.com\/avatar\/5290a43657c74ffa15701dbe5b846bd85cc71930d803c84e91046a7333de6ce2?s=96&d=mm&r=g","contentUrl":"https:\/\/secure.gravatar.com\/avatar\/5290a43657c74ffa15701dbe5b846bd85cc71930d803c84e91046a7333de6ce2?s=96&d=mm&r=g","caption":"elpuucnoticias"},"sameAs":["https:\/\/elpuucnoticias.com"],"url":"https:\/\/elpuucnoticias.com\/?author=1"}]}},"_links":{"self":[{"href":"https:\/\/elpuucnoticias.com\/index.php?rest_route=\/wp\/v2\/posts\/20924","targetHints":{"allow":["GET"]}}],"collection":[{"href":"https:\/\/elpuucnoticias.com\/index.php?rest_route=\/wp\/v2\/posts"}],"about":[{"href":"https:\/\/elpuucnoticias.com\/index.php?rest_route=\/wp\/v2\/types\/post"}],"author":[{"embeddable":true,"href":"https:\/\/elpuucnoticias.com\/index.php?rest_route=\/wp\/v2\/users\/1"}],"replies":[{"embeddable":true,"href":"https:\/\/elpuucnoticias.com\/index.php?rest_route=%2Fwp%2Fv2%2Fcomments&post=20924"}],"version-history":[{"count":1,"href":"https:\/\/elpuucnoticias.com\/index.php?rest_route=\/wp\/v2\/posts\/20924\/revisions"}],"predecessor-version":[{"id":20926,"href":"https:\/\/elpuucnoticias.com\/index.php?rest_route=\/wp\/v2\/posts\/20924\/revisions\/20926"}],"wp:featuredmedia":[{"embeddable":true,"href":"https:\/\/elpuucnoticias.com\/index.php?rest_route=\/wp\/v2\/media\/20925"}],"wp:attachment":[{"href":"https:\/\/elpuucnoticias.com\/index.php?rest_route=%2Fwp%2Fv2%2Fmedia&parent=20924"}],"wp:term":[{"taxonomy":"category","embeddable":true,"href":"https:\/\/elpuucnoticias.com\/index.php?rest_route=%2Fwp%2Fv2%2Fcategories&post=20924"},{"taxonomy":"post_tag","embeddable":true,"href":"https:\/\/elpuucnoticias.com\/index.php?rest_route=%2Fwp%2Fv2%2Ftags&post=20924"}],"curies":[{"name":"wp","href":"https:\/\/api.w.org\/{rel}","templated":true}]}}