{"id":20927,"date":"2025-09-03T13:16:56","date_gmt":"2025-09-03T19:16:56","guid":{"rendered":"https:\/\/elpuucnoticias.com\/?p=20927"},"modified":"2025-09-03T13:16:58","modified_gmt":"2025-09-03T19:16:58","slug":"impulsa-mara-lezama-educacion-y-bienestar-familiar-con-la-entrega-de-mochilas-utiles-y-uniformes-escolares-inauguracion-de-domo-y-acceso-gratuito-a-canva-educacion","status":"publish","type":"post","link":"https:\/\/elpuucnoticias.com\/?p=20927","title":{"rendered":"Impulsa Mara Lezama educaci\u00f3n y bienestar familiar con la entrega de mochilas, \u00fatiles y uniformes escolares, inauguraci\u00f3n de domo y acceso gratuito a Canva Educaci\u00f3n"},"content":{"rendered":"\n<p>Alumnos del primero al sexto grados de la escuela primaria \u201cJos\u00e9 Mar\u00eda Robertos Meneses\u201d, en la capital del estado, fueron los primeros en recibir mochilas, \u00fatiles y uniformes de manos de la gobernadora Mara Lezama Espinosa en apoyo a la econom\u00eda de las familias y para que ninguna ni\u00f1a y ning\u00fan ni\u00f1o se queden sin estudiar.<\/p>\n\n\n\n<p>Mara Lezama encabez\u00f3 la entrega de apoyos escolares, la firma del Nuevo Acuerdo por el Bienestar y Desarrollo de Quintana Roo para el Acceso Gratuito y Aprovechamiento de las Herramientas Digitales Innovadoras que ofrece Canva Educaci\u00f3n en su versi\u00f3n Pro, as\u00ed como la inauguraci\u00f3n del domo de esta escuela primaria del fraccionamiento Caribe.<\/p>\n\n\n\n<figure class=\"wp-block-image is-style-default\"><a href=\"https:\/\/cgc.qroo.gob.mx\/cjg\/wp-content\/uploads\/2025\/09\/WhatsApp-Image-2025-09-03-at-13.04.23.jpeg\"><img decoding=\"async\" src=\"https:\/\/cgc.qroo.gob.mx\/cjg\/wp-content\/uploads\/2025\/09\/WhatsApp-Image-2025-09-03-at-13.04.23-585x390.jpeg\" alt=\"\" title=\"WhatsApp Image 2025-09-03 at 13.04.23\"\/><\/a><\/figure>\n\n\n\n<p>La titular del Ejecutivo convers\u00f3 con los alumnos, platic\u00f3 de experiencias, pero principalmente, los exhort\u00f3 a no quedarse callados, a exponer sus problemas, a alejarse de las conductas autodestructivas. \u201cQuiero que sean bien felices, que no se sientan tristes, que no se queden con ella, que platiquen con sus pap\u00e1s, que abracen una vida feliz, que le digan no al alcohol, a las drogas, a las conductas autodestructivas\u201d, pidi\u00f3 Mara Lezama.<\/p>\n\n\n\n<p>La Gobernadora felicit\u00f3 a alumnos destacados del plantel, como El\u00edas Ezequiel, campe\u00f3n de c\u00e1lculo matem\u00e1tico; y a L\u00edan Matthias, campe\u00f3n nacional de ciclismo, quienes han puesto en alto el nombre de Quintana Roo.<\/p>\n\n\n\n<figure class=\"wp-block-image is-style-default\"><a href=\"https:\/\/cgc.qroo.gob.mx\/cjg\/wp-content\/uploads\/2025\/09\/WhatsApp-Image-2025-09-03-at-13.04.21-1-scaled.jpeg\"><img decoding=\"async\" src=\"https:\/\/cgc.qroo.gob.mx\/cjg\/wp-content\/uploads\/2025\/09\/WhatsApp-Image-2025-09-03-at-13.04.21-1-585x390.jpeg\" alt=\"\" title=\"WhatsApp Image 2025-09-03 at 13.04.21 (1)\"\/><\/a><\/figure>\n\n\n\n<p>Como parte de las acciones en apoyo a la educaci\u00f3n y la econom\u00eda familiar, Mara Lezama impulsa el Programa de Mochilas, \u00datiles y Uniformes Escolares que este ciclo escolar 2025-2026 contempla 221 mil 295 mochilas y uniformes, as\u00ed como 244 mil 071 paquetes de \u00fatiles para el bienestar de 289 mil 071 ni\u00f1as, ni\u00f1os y adolescentes de escuelas p\u00fablicas de educaci\u00f3n b\u00e1sica de todo el estado.<\/p>\n\n\n\n<p>Acompa\u00f1ada de la presidenta honoraria del DIF Quintana Roo, Ver\u00f3nica Lezama Espinosa y de la secretaria de Educaci\u00f3n, Elda Xix Eu\u00e1n, la gobernadora Mara Lezama salud\u00f3 a las y los estudiantes, as\u00ed como a padres de familia que estuvieron en el evento, que se llev\u00f3 a cabo de manera simult\u00e1nea en los dem\u00e1s municipios, con la participaci\u00f3n de funcionarios del Gobierno del Estado y presidentes municipales.<\/p>\n\n\n\n<figure class=\"wp-block-image is-style-default\"><a href=\"https:\/\/cgc.qroo.gob.mx\/cjg\/wp-content\/uploads\/2025\/09\/WhatsApp-Image-2025-09-03-at-13.04.22-1-scaled.jpeg\"><img decoding=\"async\" src=\"https:\/\/cgc.qroo.gob.mx\/cjg\/wp-content\/uploads\/2025\/09\/WhatsApp-Image-2025-09-03-at-13.04.22-1-585x390.jpeg\" alt=\"\" title=\"WhatsApp Image 2025-09-03 at 13.04.22 (1)\"\/><\/a><\/figure>\n\n\n\n<p>La secretaria Elda Xix destac\u00f3 el liderazgo y el impulso que la Gobernadora le da a la educaci\u00f3n, porque en su gobierno humanista con coraz\u00f3n feminista la ni\u00f1ez y la juventud s\u00ed importan, lo que se refleja en la entrega de \u00fatiles, mochilas y uniformes escolares, la firma con Canva para el fortalecimiento acad\u00e9mico y la construcci\u00f3n de domos.<\/p>\n\n\n\n<p>Sobre el domo, el secretario de Obras P\u00fablicas, Jos\u00e9 Rafael Lara D\u00edaz, explic\u00f3 que es de muy buena calidad, con columnas totalmente de acero, cuenta con luminarias para ser usado por las noches. Y como el dinero del pueblo se maneja de forma honesta, dio para que se pinten las aulas y la barda.<\/p>\n\n\n\n<figure class=\"wp-block-image is-style-default\"><a href=\"https:\/\/cgc.qroo.gob.mx\/cjg\/wp-content\/uploads\/2025\/09\/WhatsApp-Image-2025-09-03-at-13.04.22-2-scaled.jpeg\"><img decoding=\"async\" src=\"https:\/\/cgc.qroo.gob.mx\/cjg\/wp-content\/uploads\/2025\/09\/WhatsApp-Image-2025-09-03-at-13.04.22-2-585x390.jpeg\" alt=\"\" title=\"WhatsApp Image 2025-09-03 at 13.04.22 (2)\"\/><\/a><\/figure>\n\n\n\n<p>El alumno El\u00edas Ezequiel, agradeci\u00f3 a la Gobernadora por los apoyos escolares y por el domo, porque ahora s\u00ed podr\u00e1n hacer deporte, jugar, bailar, sin que importe si hay lluvia o sol.<\/p>\n\n\n\n<p>Por otra parte, Mara Lezama inaugur\u00f3 la construcci\u00f3n del domo, que se construy\u00f3 con un monto superior a 3 millones de pesos, provenientes del Fondo de Aportaciones para el Fortalecimiento de las Entidades Federativas (FAFEF) 2025, para el bienestar de 405 estudiantes, 207 mujeres y 198 hombres.<\/p>\n\n\n\n<figure class=\"wp-block-image is-style-default\"><a href=\"https:\/\/cgc.qroo.gob.mx\/cjg\/wp-content\/uploads\/2025\/09\/WhatsApp-Image-2025-09-03-at-13.04.22-scaled.jpeg\"><img decoding=\"async\" src=\"https:\/\/cgc.qroo.gob.mx\/cjg\/wp-content\/uploads\/2025\/09\/WhatsApp-Image-2025-09-03-at-13.04.22-585x390.jpeg\" alt=\"\" title=\"WhatsApp Image 2025-09-03 at 13.04.22\"\/><\/a><\/figure>\n\n\n\n<p>En el marco de este evento se llev\u00f3 a cabo la firma del Nuevo Acuerdo por el Bienestar y Desarrollo de Quintana Roo para el acceso gratuito y aprovechamiento de las herramientas digitales innovadoras que ofrece Canva Educaci\u00f3n en su versi\u00f3n Pro, contribuyendo a disminuir la brecha digital, brindar nuevas oportunidades de aprendizaje y preparar a estudiantes, docentes y personal administrativo de educaci\u00f3n b\u00e1sica y media superior del estado.<\/p>\n\n\n\n<p>El acuerdo, que por primera vez se implementar\u00e1 de manera gratuita para el sector educativo en Quintana Roo, permitir\u00e1 aprovechar los recursos de la plataforma Canva Educaci\u00f3n en su versi\u00f3n Profesional, impulsando su promoci\u00f3n y uso entre estudiantes, docentes y personal administrativo.<\/p>\n\n\n\n<figure class=\"wp-block-image is-style-default\"><a href=\"https:\/\/cgc.qroo.gob.mx\/cjg\/wp-content\/uploads\/2025\/09\/WhatsApp-Image-2025-09-03-at-13.04.23-1-scaled.jpeg\"><img decoding=\"async\" src=\"https:\/\/cgc.qroo.gob.mx\/cjg\/wp-content\/uploads\/2025\/09\/WhatsApp-Image-2025-09-03-at-13.04.23-1-585x390.jpeg\" alt=\"\" title=\"WhatsApp Image 2025-09-03 at 13.04.23 (1)\"\/><\/a><\/figure>\n\n\n\n<p>Esto incluir\u00e1 la organizaci\u00f3n de charlas inspiradoras, la difusi\u00f3n de los beneficios de la plataforma y la creaci\u00f3n de un entorno positivo que fomente la participaci\u00f3n activa, especialmente de las y los estudiantes, en el desarrollo de habilidades digitales y creativas.<\/p>\n\n\n\n<p>Tambi\u00e9n participaron en este evento el diputado Saulo Aguilar Bern\u00e9s; la magistrada Elena Esmeralda Gonz\u00e1lez Flores; el titular de la oficina de Enlace Educativo de Quintana Roo, Rafael Antonio Pantoja S\u00e1nchez y el director del plantel, Pedro Ram\u00f3n Pantoja S\u00e1nchez.<\/p>\n","protected":false},"excerpt":{"rendered":"<p>Alumnos del primero al sexto grados de la escuela primaria \u201cJos\u00e9 Mar\u00eda Robertos Meneses\u201d, en la capital del<\/p>\n","protected":false},"author":1,"featured_media":20928,"comment_status":"closed","ping_status":"open","sticky":false,"template":"","format":"standard","meta":{"_monsterinsights_skip_tracking":false,"_monsterinsights_sitenote_active":false,"_monsterinsights_sitenote_note":"","_monsterinsights_sitenote_category":0,"footnotes":""},"categories":[11,24],"tags":[],"class_list":["post-20927","post","type-post","status-publish","format-standard","has-post-thumbnail","hentry","category-noticias","category-quintana-roo"],"yoast_head":"<!-- This site is optimized with the Yoast SEO plugin v18.3 - https:\/\/yoast.com\/wordpress\/plugins\/seo\/ -->\n<title>Impulsa Mara Lezama educaci\u00f3n y bienestar familiar con la entrega de mochilas, \u00fatiles y uniformes escolares, inauguraci\u00f3n de domo y acceso gratuito a Canva Educaci\u00f3n - El Puuc Noticias<\/title>\n<meta name=\"robots\" content=\"index, follow, max-snippet:-1, max-image-preview:large, max-video-preview:-1\" \/>\n<link rel=\"canonical\" href=\"https:\/\/elpuucnoticias.com\/?p=20927\" \/>\n<meta property=\"og:locale\" content=\"es_ES\" \/>\n<meta property=\"og:type\" content=\"article\" \/>\n<meta property=\"og:title\" content=\"Impulsa Mara Lezama educaci\u00f3n y bienestar familiar con la entrega de mochilas, \u00fatiles y uniformes escolares, inauguraci\u00f3n de domo y acceso gratuito a Canva Educaci\u00f3n - El Puuc Noticias\" \/>\n<meta property=\"og:description\" content=\"Alumnos del primero al sexto grados de la escuela primaria \u201cJos\u00e9 Mar\u00eda Robertos Meneses\u201d, en la capital del\" \/>\n<meta property=\"og:url\" content=\"https:\/\/elpuucnoticias.com\/?p=20927\" \/>\n<meta property=\"og:site_name\" content=\"El Puuc Noticias\" \/>\n<meta property=\"article:published_time\" content=\"2025-09-03T19:16:56+00:00\" \/>\n<meta property=\"article:modified_time\" content=\"2025-09-03T19:16:58+00:00\" \/>\n<meta property=\"og:image\" content=\"https:\/\/elpuucnoticias.com\/wp-content\/uploads\/2025\/09\/whatsapp-image-2025-09-03-at-13.04.21.jpeg\" \/>\n\t<meta property=\"og:image:width\" content=\"1600\" \/>\n\t<meta property=\"og:image:height\" content=\"1066\" \/>\n\t<meta property=\"og:image:type\" content=\"image\/jpeg\" \/>\n<meta name=\"twitter:card\" content=\"summary_large_image\" \/>\n<meta name=\"twitter:label1\" content=\"Escrito por\" \/>\n\t<meta name=\"twitter:data1\" content=\"elpuucnoticias\" \/>\n\t<meta name=\"twitter:label2\" content=\"Tiempo de lectura\" \/>\n\t<meta name=\"twitter:data2\" content=\"4 minutos\" \/>\n<script type=\"application\/ld+json\" class=\"yoast-schema-graph\">{\"@context\":\"https:\/\/schema.org\",\"@graph\":[{\"@type\":\"WebSite\",\"@id\":\"https:\/\/elpuucnoticias.com\/#website\",\"url\":\"https:\/\/elpuucnoticias.com\/\",\"name\":\"El Puuc Noticias\",\"description\":\"Noticias - Entretenimiento - Deportes\",\"potentialAction\":[{\"@type\":\"SearchAction\",\"target\":{\"@type\":\"EntryPoint\",\"urlTemplate\":\"https:\/\/elpuucnoticias.com\/?s={search_term_string}\"},\"query-input\":\"required name=search_term_string\"}],\"inLanguage\":\"es\"},{\"@type\":\"ImageObject\",\"@id\":\"https:\/\/elpuucnoticias.com\/?p=20927#primaryimage\",\"inLanguage\":\"es\",\"url\":\"https:\/\/elpuucnoticias.com\/wp-content\/uploads\/2025\/09\/whatsapp-image-2025-09-03-at-13.04.21.jpeg\",\"contentUrl\":\"https:\/\/elpuucnoticias.com\/wp-content\/uploads\/2025\/09\/whatsapp-image-2025-09-03-at-13.04.21.jpeg\",\"width\":1600,\"height\":1066},{\"@type\":\"WebPage\",\"@id\":\"https:\/\/elpuucnoticias.com\/?p=20927#webpage\",\"url\":\"https:\/\/elpuucnoticias.com\/?p=20927\",\"name\":\"Impulsa Mara Lezama educaci\u00f3n y bienestar familiar con la entrega de mochilas, \u00fatiles y uniformes escolares, inauguraci\u00f3n de domo y acceso gratuito a Canva Educaci\u00f3n - El Puuc Noticias\",\"isPartOf\":{\"@id\":\"https:\/\/elpuucnoticias.com\/#website\"},\"primaryImageOfPage\":{\"@id\":\"https:\/\/elpuucnoticias.com\/?p=20927#primaryimage\"},\"datePublished\":\"2025-09-03T19:16:56+00:00\",\"dateModified\":\"2025-09-03T19:16:58+00:00\",\"author\":{\"@id\":\"https:\/\/elpuucnoticias.com\/#\/schema\/person\/d2ea09e4c97f0160b11cdfb1d856bd9e\"},\"breadcrumb\":{\"@id\":\"https:\/\/elpuucnoticias.com\/?p=20927#breadcrumb\"},\"inLanguage\":\"es\",\"potentialAction\":[{\"@type\":\"ReadAction\",\"target\":[\"https:\/\/elpuucnoticias.com\/?p=20927\"]}]},{\"@type\":\"BreadcrumbList\",\"@id\":\"https:\/\/elpuucnoticias.com\/?p=20927#breadcrumb\",\"itemListElement\":[{\"@type\":\"ListItem\",\"position\":1,\"name\":\"Portada\",\"item\":\"https:\/\/elpuucnoticias.com\/\"},{\"@type\":\"ListItem\",\"position\":2,\"name\":\"Impulsa Mara Lezama educaci\u00f3n y bienestar familiar con la entrega de mochilas, \u00fatiles y uniformes escolares, inauguraci\u00f3n de domo y acceso gratuito a Canva Educaci\u00f3n\"}]},{\"@type\":\"Person\",\"@id\":\"https:\/\/elpuucnoticias.com\/#\/schema\/person\/d2ea09e4c97f0160b11cdfb1d856bd9e\",\"name\":\"elpuucnoticias\",\"image\":{\"@type\":\"ImageObject\",\"@id\":\"https:\/\/elpuucnoticias.com\/#personlogo\",\"inLanguage\":\"es\",\"url\":\"https:\/\/secure.gravatar.com\/avatar\/5290a43657c74ffa15701dbe5b846bd85cc71930d803c84e91046a7333de6ce2?s=96&d=mm&r=g\",\"contentUrl\":\"https:\/\/secure.gravatar.com\/avatar\/5290a43657c74ffa15701dbe5b846bd85cc71930d803c84e91046a7333de6ce2?s=96&d=mm&r=g\",\"caption\":\"elpuucnoticias\"},\"sameAs\":[\"https:\/\/elpuucnoticias.com\"],\"url\":\"https:\/\/elpuucnoticias.com\/?author=1\"}]}<\/script>\n<!-- \/ Yoast SEO plugin. -->","yoast_head_json":{"title":"Impulsa Mara Lezama educaci\u00f3n y bienestar familiar con la entrega de mochilas, \u00fatiles y uniformes escolares, inauguraci\u00f3n de domo y acceso gratuito a Canva Educaci\u00f3n - El Puuc Noticias","robots":{"index":"index","follow":"follow","max-snippet":"max-snippet:-1","max-image-preview":"max-image-preview:large","max-video-preview":"max-video-preview:-1"},"canonical":"https:\/\/elpuucnoticias.com\/?p=20927","og_locale":"es_ES","og_type":"article","og_title":"Impulsa Mara Lezama educaci\u00f3n y bienestar familiar con la entrega de mochilas, \u00fatiles y uniformes escolares, inauguraci\u00f3n de domo y acceso gratuito a Canva Educaci\u00f3n - El Puuc Noticias","og_description":"Alumnos del primero al sexto grados de la escuela primaria \u201cJos\u00e9 Mar\u00eda Robertos Meneses\u201d, en la capital del","og_url":"https:\/\/elpuucnoticias.com\/?p=20927","og_site_name":"El Puuc Noticias","article_published_time":"2025-09-03T19:16:56+00:00","article_modified_time":"2025-09-03T19:16:58+00:00","og_image":[{"width":1600,"height":1066,"url":"https:\/\/elpuucnoticias.com\/wp-content\/uploads\/2025\/09\/whatsapp-image-2025-09-03-at-13.04.21.jpeg","type":"image\/jpeg"}],"twitter_card":"summary_large_image","twitter_misc":{"Escrito por":"elpuucnoticias","Tiempo de lectura":"4 minutos"},"schema":{"@context":"https:\/\/schema.org","@graph":[{"@type":"WebSite","@id":"https:\/\/elpuucnoticias.com\/#website","url":"https:\/\/elpuucnoticias.com\/","name":"El Puuc Noticias","description":"Noticias - Entretenimiento - Deportes","potentialAction":[{"@type":"SearchAction","target":{"@type":"EntryPoint","urlTemplate":"https:\/\/elpuucnoticias.com\/?s={search_term_string}"},"query-input":"required name=search_term_string"}],"inLanguage":"es"},{"@type":"ImageObject","@id":"https:\/\/elpuucnoticias.com\/?p=20927#primaryimage","inLanguage":"es","url":"https:\/\/elpuucnoticias.com\/wp-content\/uploads\/2025\/09\/whatsapp-image-2025-09-03-at-13.04.21.jpeg","contentUrl":"https:\/\/elpuucnoticias.com\/wp-content\/uploads\/2025\/09\/whatsapp-image-2025-09-03-at-13.04.21.jpeg","width":1600,"height":1066},{"@type":"WebPage","@id":"https:\/\/elpuucnoticias.com\/?p=20927#webpage","url":"https:\/\/elpuucnoticias.com\/?p=20927","name":"Impulsa Mara Lezama educaci\u00f3n y bienestar familiar con la entrega de mochilas, \u00fatiles y uniformes escolares, inauguraci\u00f3n de domo y acceso gratuito a Canva Educaci\u00f3n - El Puuc Noticias","isPartOf":{"@id":"https:\/\/elpuucnoticias.com\/#website"},"primaryImageOfPage":{"@id":"https:\/\/elpuucnoticias.com\/?p=20927#primaryimage"},"datePublished":"2025-09-03T19:16:56+00:00","dateModified":"2025-09-03T19:16:58+00:00","author":{"@id":"https:\/\/elpuucnoticias.com\/#\/schema\/person\/d2ea09e4c97f0160b11cdfb1d856bd9e"},"breadcrumb":{"@id":"https:\/\/elpuucnoticias.com\/?p=20927#breadcrumb"},"inLanguage":"es","potentialAction":[{"@type":"ReadAction","target":["https:\/\/elpuucnoticias.com\/?p=20927"]}]},{"@type":"BreadcrumbList","@id":"https:\/\/elpuucnoticias.com\/?p=20927#breadcrumb","itemListElement":[{"@type":"ListItem","position":1,"name":"Portada","item":"https:\/\/elpuucnoticias.com\/"},{"@type":"ListItem","position":2,"name":"Impulsa Mara Lezama educaci\u00f3n y bienestar familiar con la entrega de mochilas, \u00fatiles y uniformes escolares, inauguraci\u00f3n de domo y acceso gratuito a Canva Educaci\u00f3n"}]},{"@type":"Person","@id":"https:\/\/elpuucnoticias.com\/#\/schema\/person\/d2ea09e4c97f0160b11cdfb1d856bd9e","name":"elpuucnoticias","image":{"@type":"ImageObject","@id":"https:\/\/elpuucnoticias.com\/#personlogo","inLanguage":"es","url":"https:\/\/secure.gravatar.com\/avatar\/5290a43657c74ffa15701dbe5b846bd85cc71930d803c84e91046a7333de6ce2?s=96&d=mm&r=g","contentUrl":"https:\/\/secure.gravatar.com\/avatar\/5290a43657c74ffa15701dbe5b846bd85cc71930d803c84e91046a7333de6ce2?s=96&d=mm&r=g","caption":"elpuucnoticias"},"sameAs":["https:\/\/elpuucnoticias.com"],"url":"https:\/\/elpuucnoticias.com\/?author=1"}]}},"_links":{"self":[{"href":"https:\/\/elpuucnoticias.com\/index.php?rest_route=\/wp\/v2\/posts\/20927","targetHints":{"allow":["GET"]}}],"collection":[{"href":"https:\/\/elpuucnoticias.com\/index.php?rest_route=\/wp\/v2\/posts"}],"about":[{"href":"https:\/\/elpuucnoticias.com\/index.php?rest_route=\/wp\/v2\/types\/post"}],"author":[{"embeddable":true,"href":"https:\/\/elpuucnoticias.com\/index.php?rest_route=\/wp\/v2\/users\/1"}],"replies":[{"embeddable":true,"href":"https:\/\/elpuucnoticias.com\/index.php?rest_route=%2Fwp%2Fv2%2Fcomments&post=20927"}],"version-history":[{"count":1,"href":"https:\/\/elpuucnoticias.com\/index.php?rest_route=\/wp\/v2\/posts\/20927\/revisions"}],"predecessor-version":[{"id":20929,"href":"https:\/\/elpuucnoticias.com\/index.php?rest_route=\/wp\/v2\/posts\/20927\/revisions\/20929"}],"wp:featuredmedia":[{"embeddable":true,"href":"https:\/\/elpuucnoticias.com\/index.php?rest_route=\/wp\/v2\/media\/20928"}],"wp:attachment":[{"href":"https:\/\/elpuucnoticias.com\/index.php?rest_route=%2Fwp%2Fv2%2Fmedia&parent=20927"}],"wp:term":[{"taxonomy":"category","embeddable":true,"href":"https:\/\/elpuucnoticias.com\/index.php?rest_route=%2Fwp%2Fv2%2Fcategories&post=20927"},{"taxonomy":"post_tag","embeddable":true,"href":"https:\/\/elpuucnoticias.com\/index.php?rest_route=%2Fwp%2Fv2%2Ftags&post=20927"}],"curies":[{"name":"wp","href":"https:\/\/api.w.org\/{rel}","templated":true}]}}