{"id":20940,"date":"2025-09-04T11:42:39","date_gmt":"2025-09-04T17:42:39","guid":{"rendered":"https:\/\/elpuucnoticias.com\/?p=20940"},"modified":"2025-09-04T11:42:40","modified_gmt":"2025-09-04T17:42:40","slug":"emotiva-ceremonia-de-graduacion-en-la-ut-del-mayab","status":"publish","type":"post","link":"https:\/\/elpuucnoticias.com\/?p=20940","title":{"rendered":"Emotiva ceremonia de graduaci\u00f3n en la UT del Mayab"},"content":{"rendered":"\n<p>La Universidad Tecnol\u00f3gica del Mayab realiz\u00f3 una emotiva ceremonia de graduaci\u00f3n y entrega de cartas pasante a los estudiantes egresados de la Licenciatura en Gastronom\u00eda y la Ingenier\u00eda en Entornos Virtuales y Negocios Digitales de la generaci\u00f3n 2023-2025;  <\/p>\n\n\n\n<p>El evento fue encabezado por \u00e9l Lic. Luis Fernando Santos S\u00e1nchez, Rector de la Universidad Tecnol\u00f3gica del Mayab, en representaci\u00f3n del Gobernador, Maestro Joaqu\u00edn D\u00edaz Mena, estuvo presente el Licenciado Ernesto Mena Acevedo, tambi\u00e9n estuvo en el evento el Mtro. Rub\u00e9n Quir\u00f3s Osorio, Jefe de Departamento de Instituciones de Educaci\u00f3n Superior P\u00fablicas, el Ing. Miguel Canul L\u00f3pez, la diputada local por el Distrito XX Lic. \u00c1yde Ver\u00f3nica Interian Arguello, la Dra. Maite Irais Rodr\u00edguez Zapata, la CP. Anastacia Guadalupe Gonz\u00e1lez Izquierdo, Directora de Administraci\u00f3n y Finanzas de la UT del Mayab y el Mtro. Russell Antonio Sierra Cocom, Director Acad\u00e9mico de nuestra Casa de Estudios.<\/p>\n\n\n\n<p> Durante el evento se hizo la entrega de reconocimientos a los estudiantes Mariana Elizabeth May Castillo y Raquel Abigail Ruiz Yam, que fueron los que tuvieron el mejor promedio en la Licenciatura en Gastronom\u00eda y la Ingenier\u00eda Entornos Virtuales y Negocios Digitales, \u00faltima tuvo el mejor promedio de la generaci\u00f3n con 9.75.<\/p>\n\n\n\n<h1 class=\"wp-block-heading\">YoSoyUTdelMayab<\/h1>\n\n\n\n<h1 class=\"wp-block-heading\">UnaUniversidadParaTodos<\/h1>\n","protected":false},"excerpt":{"rendered":"<p>La Universidad Tecnol\u00f3gica del Mayab realiz\u00f3 una emotiva ceremonia de graduaci\u00f3n y entrega de cartas pasante a los<\/p>\n","protected":false},"author":1,"featured_media":20941,"comment_status":"closed","ping_status":"open","sticky":false,"template":"","format":"standard","meta":{"_monsterinsights_skip_tracking":false,"_monsterinsights_sitenote_active":false,"_monsterinsights_sitenote_note":"","_monsterinsights_sitenote_category":0,"footnotes":""},"categories":[11],"tags":[],"class_list":["post-20940","post","type-post","status-publish","format-standard","has-post-thumbnail","hentry","category-noticias"],"yoast_head":"<!-- This site is optimized with the Yoast SEO plugin v18.3 - https:\/\/yoast.com\/wordpress\/plugins\/seo\/ -->\n<title>Emotiva ceremonia de graduaci\u00f3n en la UT del Mayab - El Puuc Noticias<\/title>\n<meta name=\"robots\" content=\"index, follow, max-snippet:-1, max-image-preview:large, max-video-preview:-1\" \/>\n<link rel=\"canonical\" href=\"https:\/\/elpuucnoticias.com\/?p=20940\" \/>\n<meta property=\"og:locale\" content=\"es_ES\" \/>\n<meta property=\"og:type\" content=\"article\" \/>\n<meta property=\"og:title\" content=\"Emotiva ceremonia de graduaci\u00f3n en la UT del Mayab - El Puuc Noticias\" \/>\n<meta property=\"og:description\" content=\"La Universidad Tecnol\u00f3gica del Mayab realiz\u00f3 una emotiva ceremonia de graduaci\u00f3n y entrega de cartas pasante a los\" \/>\n<meta property=\"og:url\" content=\"https:\/\/elpuucnoticias.com\/?p=20940\" \/>\n<meta property=\"og:site_name\" content=\"El Puuc Noticias\" \/>\n<meta property=\"article:published_time\" content=\"2025-09-04T17:42:39+00:00\" \/>\n<meta property=\"article:modified_time\" content=\"2025-09-04T17:42:40+00:00\" \/>\n<meta property=\"og:image\" content=\"https:\/\/elpuucnoticias.com\/wp-content\/uploads\/2025\/09\/whatsapp-image-2025-09-04-at-11.35.04-am.jpeg\" \/>\n\t<meta property=\"og:image:width\" content=\"1600\" \/>\n\t<meta property=\"og:image:height\" content=\"1047\" \/>\n\t<meta property=\"og:image:type\" content=\"image\/jpeg\" \/>\n<meta name=\"twitter:card\" content=\"summary_large_image\" \/>\n<meta name=\"twitter:label1\" content=\"Escrito por\" \/>\n\t<meta name=\"twitter:data1\" content=\"elpuucnoticias\" \/>\n\t<meta name=\"twitter:label2\" content=\"Tiempo de lectura\" \/>\n\t<meta name=\"twitter:data2\" content=\"1 minuto\" \/>\n<script type=\"application\/ld+json\" class=\"yoast-schema-graph\">{\"@context\":\"https:\/\/schema.org\",\"@graph\":[{\"@type\":\"WebSite\",\"@id\":\"https:\/\/elpuucnoticias.com\/#website\",\"url\":\"https:\/\/elpuucnoticias.com\/\",\"name\":\"El Puuc Noticias\",\"description\":\"Noticias - Entretenimiento - Deportes\",\"potentialAction\":[{\"@type\":\"SearchAction\",\"target\":{\"@type\":\"EntryPoint\",\"urlTemplate\":\"https:\/\/elpuucnoticias.com\/?s={search_term_string}\"},\"query-input\":\"required name=search_term_string\"}],\"inLanguage\":\"es\"},{\"@type\":\"ImageObject\",\"@id\":\"https:\/\/elpuucnoticias.com\/?p=20940#primaryimage\",\"inLanguage\":\"es\",\"url\":\"https:\/\/elpuucnoticias.com\/wp-content\/uploads\/2025\/09\/whatsapp-image-2025-09-04-at-11.35.04-am.jpeg\",\"contentUrl\":\"https:\/\/elpuucnoticias.com\/wp-content\/uploads\/2025\/09\/whatsapp-image-2025-09-04-at-11.35.04-am.jpeg\",\"width\":1600,\"height\":1047},{\"@type\":\"WebPage\",\"@id\":\"https:\/\/elpuucnoticias.com\/?p=20940#webpage\",\"url\":\"https:\/\/elpuucnoticias.com\/?p=20940\",\"name\":\"Emotiva ceremonia de graduaci\u00f3n en la UT del Mayab - El Puuc Noticias\",\"isPartOf\":{\"@id\":\"https:\/\/elpuucnoticias.com\/#website\"},\"primaryImageOfPage\":{\"@id\":\"https:\/\/elpuucnoticias.com\/?p=20940#primaryimage\"},\"datePublished\":\"2025-09-04T17:42:39+00:00\",\"dateModified\":\"2025-09-04T17:42:40+00:00\",\"author\":{\"@id\":\"https:\/\/elpuucnoticias.com\/#\/schema\/person\/d2ea09e4c97f0160b11cdfb1d856bd9e\"},\"breadcrumb\":{\"@id\":\"https:\/\/elpuucnoticias.com\/?p=20940#breadcrumb\"},\"inLanguage\":\"es\",\"potentialAction\":[{\"@type\":\"ReadAction\",\"target\":[\"https:\/\/elpuucnoticias.com\/?p=20940\"]}]},{\"@type\":\"BreadcrumbList\",\"@id\":\"https:\/\/elpuucnoticias.com\/?p=20940#breadcrumb\",\"itemListElement\":[{\"@type\":\"ListItem\",\"position\":1,\"name\":\"Portada\",\"item\":\"https:\/\/elpuucnoticias.com\/\"},{\"@type\":\"ListItem\",\"position\":2,\"name\":\"Emotiva ceremonia de graduaci\u00f3n en la UT del Mayab\"}]},{\"@type\":\"Person\",\"@id\":\"https:\/\/elpuucnoticias.com\/#\/schema\/person\/d2ea09e4c97f0160b11cdfb1d856bd9e\",\"name\":\"elpuucnoticias\",\"image\":{\"@type\":\"ImageObject\",\"@id\":\"https:\/\/elpuucnoticias.com\/#personlogo\",\"inLanguage\":\"es\",\"url\":\"https:\/\/secure.gravatar.com\/avatar\/5290a43657c74ffa15701dbe5b846bd85cc71930d803c84e91046a7333de6ce2?s=96&d=mm&r=g\",\"contentUrl\":\"https:\/\/secure.gravatar.com\/avatar\/5290a43657c74ffa15701dbe5b846bd85cc71930d803c84e91046a7333de6ce2?s=96&d=mm&r=g\",\"caption\":\"elpuucnoticias\"},\"sameAs\":[\"https:\/\/elpuucnoticias.com\"],\"url\":\"https:\/\/elpuucnoticias.com\/?author=1\"}]}<\/script>\n<!-- \/ Yoast SEO plugin. -->","yoast_head_json":{"title":"Emotiva ceremonia de graduaci\u00f3n en la UT del Mayab - El Puuc Noticias","robots":{"index":"index","follow":"follow","max-snippet":"max-snippet:-1","max-image-preview":"max-image-preview:large","max-video-preview":"max-video-preview:-1"},"canonical":"https:\/\/elpuucnoticias.com\/?p=20940","og_locale":"es_ES","og_type":"article","og_title":"Emotiva ceremonia de graduaci\u00f3n en la UT del Mayab - El Puuc Noticias","og_description":"La Universidad Tecnol\u00f3gica del Mayab realiz\u00f3 una emotiva ceremonia de graduaci\u00f3n y entrega de cartas pasante a los","og_url":"https:\/\/elpuucnoticias.com\/?p=20940","og_site_name":"El Puuc Noticias","article_published_time":"2025-09-04T17:42:39+00:00","article_modified_time":"2025-09-04T17:42:40+00:00","og_image":[{"width":1600,"height":1047,"url":"https:\/\/elpuucnoticias.com\/wp-content\/uploads\/2025\/09\/whatsapp-image-2025-09-04-at-11.35.04-am.jpeg","type":"image\/jpeg"}],"twitter_card":"summary_large_image","twitter_misc":{"Escrito por":"elpuucnoticias","Tiempo de lectura":"1 minuto"},"schema":{"@context":"https:\/\/schema.org","@graph":[{"@type":"WebSite","@id":"https:\/\/elpuucnoticias.com\/#website","url":"https:\/\/elpuucnoticias.com\/","name":"El Puuc Noticias","description":"Noticias - Entretenimiento - Deportes","potentialAction":[{"@type":"SearchAction","target":{"@type":"EntryPoint","urlTemplate":"https:\/\/elpuucnoticias.com\/?s={search_term_string}"},"query-input":"required name=search_term_string"}],"inLanguage":"es"},{"@type":"ImageObject","@id":"https:\/\/elpuucnoticias.com\/?p=20940#primaryimage","inLanguage":"es","url":"https:\/\/elpuucnoticias.com\/wp-content\/uploads\/2025\/09\/whatsapp-image-2025-09-04-at-11.35.04-am.jpeg","contentUrl":"https:\/\/elpuucnoticias.com\/wp-content\/uploads\/2025\/09\/whatsapp-image-2025-09-04-at-11.35.04-am.jpeg","width":1600,"height":1047},{"@type":"WebPage","@id":"https:\/\/elpuucnoticias.com\/?p=20940#webpage","url":"https:\/\/elpuucnoticias.com\/?p=20940","name":"Emotiva ceremonia de graduaci\u00f3n en la UT del Mayab - El Puuc Noticias","isPartOf":{"@id":"https:\/\/elpuucnoticias.com\/#website"},"primaryImageOfPage":{"@id":"https:\/\/elpuucnoticias.com\/?p=20940#primaryimage"},"datePublished":"2025-09-04T17:42:39+00:00","dateModified":"2025-09-04T17:42:40+00:00","author":{"@id":"https:\/\/elpuucnoticias.com\/#\/schema\/person\/d2ea09e4c97f0160b11cdfb1d856bd9e"},"breadcrumb":{"@id":"https:\/\/elpuucnoticias.com\/?p=20940#breadcrumb"},"inLanguage":"es","potentialAction":[{"@type":"ReadAction","target":["https:\/\/elpuucnoticias.com\/?p=20940"]}]},{"@type":"BreadcrumbList","@id":"https:\/\/elpuucnoticias.com\/?p=20940#breadcrumb","itemListElement":[{"@type":"ListItem","position":1,"name":"Portada","item":"https:\/\/elpuucnoticias.com\/"},{"@type":"ListItem","position":2,"name":"Emotiva ceremonia de graduaci\u00f3n en la UT del Mayab"}]},{"@type":"Person","@id":"https:\/\/elpuucnoticias.com\/#\/schema\/person\/d2ea09e4c97f0160b11cdfb1d856bd9e","name":"elpuucnoticias","image":{"@type":"ImageObject","@id":"https:\/\/elpuucnoticias.com\/#personlogo","inLanguage":"es","url":"https:\/\/secure.gravatar.com\/avatar\/5290a43657c74ffa15701dbe5b846bd85cc71930d803c84e91046a7333de6ce2?s=96&d=mm&r=g","contentUrl":"https:\/\/secure.gravatar.com\/avatar\/5290a43657c74ffa15701dbe5b846bd85cc71930d803c84e91046a7333de6ce2?s=96&d=mm&r=g","caption":"elpuucnoticias"},"sameAs":["https:\/\/elpuucnoticias.com"],"url":"https:\/\/elpuucnoticias.com\/?author=1"}]}},"_links":{"self":[{"href":"https:\/\/elpuucnoticias.com\/index.php?rest_route=\/wp\/v2\/posts\/20940","targetHints":{"allow":["GET"]}}],"collection":[{"href":"https:\/\/elpuucnoticias.com\/index.php?rest_route=\/wp\/v2\/posts"}],"about":[{"href":"https:\/\/elpuucnoticias.com\/index.php?rest_route=\/wp\/v2\/types\/post"}],"author":[{"embeddable":true,"href":"https:\/\/elpuucnoticias.com\/index.php?rest_route=\/wp\/v2\/users\/1"}],"replies":[{"embeddable":true,"href":"https:\/\/elpuucnoticias.com\/index.php?rest_route=%2Fwp%2Fv2%2Fcomments&post=20940"}],"version-history":[{"count":1,"href":"https:\/\/elpuucnoticias.com\/index.php?rest_route=\/wp\/v2\/posts\/20940\/revisions"}],"predecessor-version":[{"id":20942,"href":"https:\/\/elpuucnoticias.com\/index.php?rest_route=\/wp\/v2\/posts\/20940\/revisions\/20942"}],"wp:featuredmedia":[{"embeddable":true,"href":"https:\/\/elpuucnoticias.com\/index.php?rest_route=\/wp\/v2\/media\/20941"}],"wp:attachment":[{"href":"https:\/\/elpuucnoticias.com\/index.php?rest_route=%2Fwp%2Fv2%2Fmedia&parent=20940"}],"wp:term":[{"taxonomy":"category","embeddable":true,"href":"https:\/\/elpuucnoticias.com\/index.php?rest_route=%2Fwp%2Fv2%2Fcategories&post=20940"},{"taxonomy":"post_tag","embeddable":true,"href":"https:\/\/elpuucnoticias.com\/index.php?rest_route=%2Fwp%2Fv2%2Ftags&post=20940"}],"curies":[{"name":"wp","href":"https:\/\/api.w.org\/{rel}","templated":true}]}}