{"id":20946,"date":"2025-09-04T11:55:25","date_gmt":"2025-09-04T17:55:25","guid":{"rendered":"https:\/\/elpuucnoticias.com\/?p=20946"},"modified":"2025-09-04T11:55:26","modified_gmt":"2025-09-04T17:55:26","slug":"chetumal-sera-sede-del-xxxii-congreso-internacional-de-actualizacion-apicola-en-2026","status":"publish","type":"post","link":"https:\/\/elpuucnoticias.com\/?p=20946","title":{"rendered":"Chetumal ser\u00e1 sede del XXXII Congreso Internacional de Actualizaci\u00f3n Ap\u00edcola en 2026"},"content":{"rendered":"\n<p>El Gobierno del Estado, encabezado por la gobernadora Mara Lezama Espinosa, a trav\u00e9s de la Secretar\u00eda de Desarrollo Agropecuario, Rural y Pesca (SEDARPE), participa en el XXXI Congreso Internacional de Actualizaci\u00f3n Ap\u00edcola, realizado en Veracruz y organizado por la Asociaci\u00f3n Nacional de M\u00e9dicos Veterinarios Zootecnistas Especialistas en Abejas A.C.<\/p>\n\n\n\n<figure class=\"wp-block-image is-style-default\"><a href=\"https:\/\/cgc.qroo.gob.mx\/cjg\/wp-content\/uploads\/2025\/09\/WhatsApp-Image-2025-09-03-at-13.57.04-2.jpeg\"><img decoding=\"async\" src=\"https:\/\/cgc.qroo.gob.mx\/cjg\/wp-content\/uploads\/2025\/09\/WhatsApp-Image-2025-09-03-at-13.57.04-2-585x390.jpeg\" alt=\"\" title=\"WhatsApp Image 2025-09-03 at 13.57.04 (2)\"\/><\/a><\/figure>\n\n\n\n<p>Este encuentro re\u00fane a especialistas, productores y autoridades para fortalecer la apicultura como motor de desarrollo y conservaci\u00f3n.<\/p>\n\n\n\n<p>En el marco del Congreso, se dio a conocer que Chetumal ser\u00e1 la sede del XXXII Congreso Internacional de Actualizaci\u00f3n Ap\u00edcola en 2026, un hecho hist\u00f3rico para la capital de Quintana Roo que atraer\u00e1 innovaci\u00f3n tecnol\u00f3gica, capacitaci\u00f3n de alto nivel y alianzas estrat\u00e9gicas.<\/p>\n\n\n\n<p>En representaci\u00f3n de la gobernadora Mara Lezama, el titular de la SEDARPE, Jorge Aguilar Osorio, asegur\u00f3 que este encuentro beneficiar\u00e1 directamente a las y los apicultores, impulsando el bienestar de las familias y reafirmando el compromiso con la protecci\u00f3n de las abejas y su entorno.<\/p>\n\n\n\n<figure class=\"wp-block-image is-style-default\"><a href=\"https:\/\/cgc.qroo.gob.mx\/cjg\/wp-content\/uploads\/2025\/09\/WhatsApp-Image-2025-09-03-at-13.57.04-1.jpeg\"><img decoding=\"async\" src=\"https:\/\/cgc.qroo.gob.mx\/cjg\/wp-content\/uploads\/2025\/09\/WhatsApp-Image-2025-09-03-at-13.57.04-1-585x476.jpeg\" alt=\"\" title=\"WhatsApp Image 2025-09-03 at 13.57.04 (1)\"\/><\/a><\/figure>\n\n\n\n<p>Expres\u00f3 que, alineado con el Nuevo Acuerdo por el Bienestar y Desarrollo de Quintana Roo, la gobernadora Mara Lezama impulsa una visi\u00f3n de prosperidad compartida, crecimiento econ\u00f3mico con justicia social, respeto por la naturaleza y reconocimiento pleno al trabajo de las y los productores.<\/p>\n\n\n\n<p>Subray\u00f3 que la Pen\u00ednsula de Yucat\u00e1n, es la regi\u00f3n ap\u00edcola m\u00e1s importante de M\u00e9xico, con mieles de calidad reconocida internacionalmente.<\/p>\n\n\n\n<p>\u201cEste liderazgo es posible gracias al trabajo diario de las personas apicultoras, cuyo conocimiento y dedicaci\u00f3n sostienen no solo la econom\u00eda local, sino tambi\u00e9n el equilibrio ambiental\u201d, se\u00f1al\u00f3.<\/p>\n\n\n\n<p>El Congreso Internacional de Actualizaci\u00f3n Ap\u00edcola es un espacio para compartir saberes, innovaciones y experiencias. A trav\u00e9s de cursos, talleres, simposios y exposiciones, se promueve una apicultura sostenible que protege la biodiversidad, fortalece la cadena productiva y reconoce el valor de quienes dedican su vida a cuidar de las colmenas.<\/p>\n","protected":false},"excerpt":{"rendered":"<p>El Gobierno del Estado, encabezado por la gobernadora Mara Lezama Espinosa, a trav\u00e9s de la Secretar\u00eda de Desarrollo<\/p>\n","protected":false},"author":1,"featured_media":20947,"comment_status":"closed","ping_status":"open","sticky":false,"template":"","format":"standard","meta":{"_monsterinsights_skip_tracking":false,"_monsterinsights_sitenote_active":false,"_monsterinsights_sitenote_note":"","_monsterinsights_sitenote_category":0,"footnotes":""},"categories":[11,24],"tags":[],"class_list":["post-20946","post","type-post","status-publish","format-standard","has-post-thumbnail","hentry","category-noticias","category-quintana-roo"],"yoast_head":"<!-- This site is optimized with the Yoast SEO plugin v18.3 - https:\/\/yoast.com\/wordpress\/plugins\/seo\/ -->\n<title>Chetumal ser\u00e1 sede del XXXII Congreso Internacional de Actualizaci\u00f3n Ap\u00edcola en 2026 - El Puuc Noticias<\/title>\n<meta name=\"robots\" content=\"index, follow, max-snippet:-1, max-image-preview:large, max-video-preview:-1\" \/>\n<link rel=\"canonical\" href=\"https:\/\/elpuucnoticias.com\/?p=20946\" \/>\n<meta property=\"og:locale\" content=\"es_ES\" \/>\n<meta property=\"og:type\" content=\"article\" \/>\n<meta property=\"og:title\" content=\"Chetumal ser\u00e1 sede del XXXII Congreso Internacional de Actualizaci\u00f3n Ap\u00edcola en 2026 - El Puuc Noticias\" \/>\n<meta property=\"og:description\" content=\"El Gobierno del Estado, encabezado por la gobernadora Mara Lezama Espinosa, a trav\u00e9s de la Secretar\u00eda de Desarrollo\" \/>\n<meta property=\"og:url\" content=\"https:\/\/elpuucnoticias.com\/?p=20946\" \/>\n<meta property=\"og:site_name\" content=\"El Puuc Noticias\" \/>\n<meta property=\"article:published_time\" content=\"2025-09-04T17:55:25+00:00\" \/>\n<meta property=\"article:modified_time\" content=\"2025-09-04T17:55:26+00:00\" \/>\n<meta property=\"og:image\" content=\"https:\/\/elpuucnoticias.com\/wp-content\/uploads\/2025\/09\/whatsapp-image-2025-09-03-at-13.57.04.jpeg\" \/>\n\t<meta property=\"og:image:width\" content=\"1280\" \/>\n\t<meta property=\"og:image:height\" content=\"853\" \/>\n\t<meta property=\"og:image:type\" content=\"image\/jpeg\" \/>\n<meta name=\"twitter:card\" content=\"summary_large_image\" \/>\n<meta name=\"twitter:label1\" content=\"Escrito por\" \/>\n\t<meta name=\"twitter:data1\" content=\"elpuucnoticias\" \/>\n\t<meta name=\"twitter:label2\" content=\"Tiempo de lectura\" \/>\n\t<meta name=\"twitter:data2\" content=\"2 minutos\" \/>\n<script type=\"application\/ld+json\" class=\"yoast-schema-graph\">{\"@context\":\"https:\/\/schema.org\",\"@graph\":[{\"@type\":\"WebSite\",\"@id\":\"https:\/\/elpuucnoticias.com\/#website\",\"url\":\"https:\/\/elpuucnoticias.com\/\",\"name\":\"El Puuc Noticias\",\"description\":\"Noticias - Entretenimiento - Deportes\",\"potentialAction\":[{\"@type\":\"SearchAction\",\"target\":{\"@type\":\"EntryPoint\",\"urlTemplate\":\"https:\/\/elpuucnoticias.com\/?s={search_term_string}\"},\"query-input\":\"required name=search_term_string\"}],\"inLanguage\":\"es\"},{\"@type\":\"ImageObject\",\"@id\":\"https:\/\/elpuucnoticias.com\/?p=20946#primaryimage\",\"inLanguage\":\"es\",\"url\":\"https:\/\/elpuucnoticias.com\/wp-content\/uploads\/2025\/09\/whatsapp-image-2025-09-03-at-13.57.04.jpeg\",\"contentUrl\":\"https:\/\/elpuucnoticias.com\/wp-content\/uploads\/2025\/09\/whatsapp-image-2025-09-03-at-13.57.04.jpeg\",\"width\":1280,\"height\":853},{\"@type\":\"WebPage\",\"@id\":\"https:\/\/elpuucnoticias.com\/?p=20946#webpage\",\"url\":\"https:\/\/elpuucnoticias.com\/?p=20946\",\"name\":\"Chetumal ser\u00e1 sede del XXXII Congreso Internacional de Actualizaci\u00f3n Ap\u00edcola en 2026 - El Puuc Noticias\",\"isPartOf\":{\"@id\":\"https:\/\/elpuucnoticias.com\/#website\"},\"primaryImageOfPage\":{\"@id\":\"https:\/\/elpuucnoticias.com\/?p=20946#primaryimage\"},\"datePublished\":\"2025-09-04T17:55:25+00:00\",\"dateModified\":\"2025-09-04T17:55:26+00:00\",\"author\":{\"@id\":\"https:\/\/elpuucnoticias.com\/#\/schema\/person\/d2ea09e4c97f0160b11cdfb1d856bd9e\"},\"breadcrumb\":{\"@id\":\"https:\/\/elpuucnoticias.com\/?p=20946#breadcrumb\"},\"inLanguage\":\"es\",\"potentialAction\":[{\"@type\":\"ReadAction\",\"target\":[\"https:\/\/elpuucnoticias.com\/?p=20946\"]}]},{\"@type\":\"BreadcrumbList\",\"@id\":\"https:\/\/elpuucnoticias.com\/?p=20946#breadcrumb\",\"itemListElement\":[{\"@type\":\"ListItem\",\"position\":1,\"name\":\"Portada\",\"item\":\"https:\/\/elpuucnoticias.com\/\"},{\"@type\":\"ListItem\",\"position\":2,\"name\":\"Chetumal ser\u00e1 sede del XXXII Congreso Internacional de Actualizaci\u00f3n Ap\u00edcola en 2026\"}]},{\"@type\":\"Person\",\"@id\":\"https:\/\/elpuucnoticias.com\/#\/schema\/person\/d2ea09e4c97f0160b11cdfb1d856bd9e\",\"name\":\"elpuucnoticias\",\"image\":{\"@type\":\"ImageObject\",\"@id\":\"https:\/\/elpuucnoticias.com\/#personlogo\",\"inLanguage\":\"es\",\"url\":\"https:\/\/secure.gravatar.com\/avatar\/5290a43657c74ffa15701dbe5b846bd85cc71930d803c84e91046a7333de6ce2?s=96&d=mm&r=g\",\"contentUrl\":\"https:\/\/secure.gravatar.com\/avatar\/5290a43657c74ffa15701dbe5b846bd85cc71930d803c84e91046a7333de6ce2?s=96&d=mm&r=g\",\"caption\":\"elpuucnoticias\"},\"sameAs\":[\"https:\/\/elpuucnoticias.com\"],\"url\":\"https:\/\/elpuucnoticias.com\/?author=1\"}]}<\/script>\n<!-- \/ Yoast SEO plugin. -->","yoast_head_json":{"title":"Chetumal ser\u00e1 sede del XXXII Congreso Internacional de Actualizaci\u00f3n Ap\u00edcola en 2026 - El Puuc Noticias","robots":{"index":"index","follow":"follow","max-snippet":"max-snippet:-1","max-image-preview":"max-image-preview:large","max-video-preview":"max-video-preview:-1"},"canonical":"https:\/\/elpuucnoticias.com\/?p=20946","og_locale":"es_ES","og_type":"article","og_title":"Chetumal ser\u00e1 sede del XXXII Congreso Internacional de Actualizaci\u00f3n Ap\u00edcola en 2026 - El Puuc Noticias","og_description":"El Gobierno del Estado, encabezado por la gobernadora Mara Lezama Espinosa, a trav\u00e9s de la Secretar\u00eda de Desarrollo","og_url":"https:\/\/elpuucnoticias.com\/?p=20946","og_site_name":"El Puuc Noticias","article_published_time":"2025-09-04T17:55:25+00:00","article_modified_time":"2025-09-04T17:55:26+00:00","og_image":[{"width":1280,"height":853,"url":"https:\/\/elpuucnoticias.com\/wp-content\/uploads\/2025\/09\/whatsapp-image-2025-09-03-at-13.57.04.jpeg","type":"image\/jpeg"}],"twitter_card":"summary_large_image","twitter_misc":{"Escrito por":"elpuucnoticias","Tiempo de lectura":"2 minutos"},"schema":{"@context":"https:\/\/schema.org","@graph":[{"@type":"WebSite","@id":"https:\/\/elpuucnoticias.com\/#website","url":"https:\/\/elpuucnoticias.com\/","name":"El Puuc Noticias","description":"Noticias - Entretenimiento - Deportes","potentialAction":[{"@type":"SearchAction","target":{"@type":"EntryPoint","urlTemplate":"https:\/\/elpuucnoticias.com\/?s={search_term_string}"},"query-input":"required name=search_term_string"}],"inLanguage":"es"},{"@type":"ImageObject","@id":"https:\/\/elpuucnoticias.com\/?p=20946#primaryimage","inLanguage":"es","url":"https:\/\/elpuucnoticias.com\/wp-content\/uploads\/2025\/09\/whatsapp-image-2025-09-03-at-13.57.04.jpeg","contentUrl":"https:\/\/elpuucnoticias.com\/wp-content\/uploads\/2025\/09\/whatsapp-image-2025-09-03-at-13.57.04.jpeg","width":1280,"height":853},{"@type":"WebPage","@id":"https:\/\/elpuucnoticias.com\/?p=20946#webpage","url":"https:\/\/elpuucnoticias.com\/?p=20946","name":"Chetumal ser\u00e1 sede del XXXII Congreso Internacional de Actualizaci\u00f3n Ap\u00edcola en 2026 - El Puuc Noticias","isPartOf":{"@id":"https:\/\/elpuucnoticias.com\/#website"},"primaryImageOfPage":{"@id":"https:\/\/elpuucnoticias.com\/?p=20946#primaryimage"},"datePublished":"2025-09-04T17:55:25+00:00","dateModified":"2025-09-04T17:55:26+00:00","author":{"@id":"https:\/\/elpuucnoticias.com\/#\/schema\/person\/d2ea09e4c97f0160b11cdfb1d856bd9e"},"breadcrumb":{"@id":"https:\/\/elpuucnoticias.com\/?p=20946#breadcrumb"},"inLanguage":"es","potentialAction":[{"@type":"ReadAction","target":["https:\/\/elpuucnoticias.com\/?p=20946"]}]},{"@type":"BreadcrumbList","@id":"https:\/\/elpuucnoticias.com\/?p=20946#breadcrumb","itemListElement":[{"@type":"ListItem","position":1,"name":"Portada","item":"https:\/\/elpuucnoticias.com\/"},{"@type":"ListItem","position":2,"name":"Chetumal ser\u00e1 sede del XXXII Congreso Internacional de Actualizaci\u00f3n Ap\u00edcola en 2026"}]},{"@type":"Person","@id":"https:\/\/elpuucnoticias.com\/#\/schema\/person\/d2ea09e4c97f0160b11cdfb1d856bd9e","name":"elpuucnoticias","image":{"@type":"ImageObject","@id":"https:\/\/elpuucnoticias.com\/#personlogo","inLanguage":"es","url":"https:\/\/secure.gravatar.com\/avatar\/5290a43657c74ffa15701dbe5b846bd85cc71930d803c84e91046a7333de6ce2?s=96&d=mm&r=g","contentUrl":"https:\/\/secure.gravatar.com\/avatar\/5290a43657c74ffa15701dbe5b846bd85cc71930d803c84e91046a7333de6ce2?s=96&d=mm&r=g","caption":"elpuucnoticias"},"sameAs":["https:\/\/elpuucnoticias.com"],"url":"https:\/\/elpuucnoticias.com\/?author=1"}]}},"_links":{"self":[{"href":"https:\/\/elpuucnoticias.com\/index.php?rest_route=\/wp\/v2\/posts\/20946","targetHints":{"allow":["GET"]}}],"collection":[{"href":"https:\/\/elpuucnoticias.com\/index.php?rest_route=\/wp\/v2\/posts"}],"about":[{"href":"https:\/\/elpuucnoticias.com\/index.php?rest_route=\/wp\/v2\/types\/post"}],"author":[{"embeddable":true,"href":"https:\/\/elpuucnoticias.com\/index.php?rest_route=\/wp\/v2\/users\/1"}],"replies":[{"embeddable":true,"href":"https:\/\/elpuucnoticias.com\/index.php?rest_route=%2Fwp%2Fv2%2Fcomments&post=20946"}],"version-history":[{"count":1,"href":"https:\/\/elpuucnoticias.com\/index.php?rest_route=\/wp\/v2\/posts\/20946\/revisions"}],"predecessor-version":[{"id":20948,"href":"https:\/\/elpuucnoticias.com\/index.php?rest_route=\/wp\/v2\/posts\/20946\/revisions\/20948"}],"wp:featuredmedia":[{"embeddable":true,"href":"https:\/\/elpuucnoticias.com\/index.php?rest_route=\/wp\/v2\/media\/20947"}],"wp:attachment":[{"href":"https:\/\/elpuucnoticias.com\/index.php?rest_route=%2Fwp%2Fv2%2Fmedia&parent=20946"}],"wp:term":[{"taxonomy":"category","embeddable":true,"href":"https:\/\/elpuucnoticias.com\/index.php?rest_route=%2Fwp%2Fv2%2Fcategories&post=20946"},{"taxonomy":"post_tag","embeddable":true,"href":"https:\/\/elpuucnoticias.com\/index.php?rest_route=%2Fwp%2Fv2%2Ftags&post=20946"}],"curies":[{"name":"wp","href":"https:\/\/api.w.org\/{rel}","templated":true}]}}