{"id":20982,"date":"2025-09-05T12:19:36","date_gmt":"2025-09-05T18:19:36","guid":{"rendered":"https:\/\/elpuucnoticias.com\/?p=20982"},"modified":"2025-09-05T12:19:36","modified_gmt":"2025-09-05T18:19:36","slug":"tras-las-rejas-por-robo-de-una-motocicleta-en-sol-caucel","status":"publish","type":"post","link":"https:\/\/elpuucnoticias.com\/?p=20982","title":{"rendered":"Tras las rejas por robo de una motocicleta en Sol Caucel"},"content":{"rendered":"\n<p>La Fiscal\u00eda General del Estado (FGE) aport\u00f3 los datos y elementos de prueba suficientes para que J.I.J.O., fuera vinculado a proceso por el cargo de robo calificado, tras apoderarse de una motocicleta estacionada dentro de un predio.<\/p>\n\n\n\n<p>Conforme a la causa penal 500\/2025, los hechos tuvieron lugar cuando el pasado 24 de agosto, el arriba mencionado ingres\u00f3 sin derecho ni consentimiento a un predio ubicado en el fraccionamiento Sol Caucel, en cuyo interior se apoder\u00f3 de una motocicleta Kawasaki propiedad de P.J.A.Q. quien m\u00e1s tarde interpuso la denuncia ante la Fiscal\u00eda General del Estado.<\/p>\n\n\n\n<p>Sin embargo, cuando intent\u00f3 darse a la fuga con el veh\u00edculo, fue detenido por agentes de la Secretar\u00eda de Seguridad P\u00fablica (SSP) que fueron alertados del il\u00edcito que se estaba cometiendo, mismos que lo trasladaron para ser puesto bajo resguardo de las autoridades ministeriales.<\/p>\n\n\n\n<p>En la audiencia celebrada en el Juzgado Primero de Control del Primer Distrito con sede en M\u00e9rida, la Juez valor\u00f3 los datos de prueba presentados por los fiscales de litigaci\u00f3n, los cuales fueron suficientes para que se decretara el auto de vinculaci\u00f3n a proceso, adem\u00e1s de otorgar un plazo de dos meses para el cierre de la investigaci\u00f3n complementaria.<\/p>\n\n\n\n<p>Al t\u00e9rmino de la audiencia, se ratific\u00f3 la medida cautelar de prisi\u00f3n preventiva oficiosa, por lo que el inculpado permanecer\u00e1 privado de su libertad durante todo el tiempo que dure el proceso.<\/p>\n","protected":false},"excerpt":{"rendered":"<p>La Fiscal\u00eda General del Estado (FGE) aport\u00f3 los datos y elementos de prueba suficientes para que J.I.J.O., fuera<\/p>\n","protected":false},"author":1,"featured_media":4487,"comment_status":"closed","ping_status":"open","sticky":false,"template":"","format":"standard","meta":{"_monsterinsights_skip_tracking":false,"_monsterinsights_sitenote_active":false,"_monsterinsights_sitenote_note":"","_monsterinsights_sitenote_category":0,"footnotes":""},"categories":[11,3],"tags":[],"class_list":["post-20982","post","type-post","status-publish","format-standard","has-post-thumbnail","hentry","category-noticias","category-policiacas"],"yoast_head":"<!-- This site is optimized with the Yoast SEO plugin v18.3 - https:\/\/yoast.com\/wordpress\/plugins\/seo\/ -->\n<title>Tras las rejas por robo de una motocicleta en Sol Caucel - El Puuc Noticias<\/title>\n<meta name=\"robots\" content=\"index, follow, max-snippet:-1, max-image-preview:large, max-video-preview:-1\" \/>\n<link rel=\"canonical\" href=\"https:\/\/elpuucnoticias.com\/?p=20982\" \/>\n<meta property=\"og:locale\" content=\"es_ES\" \/>\n<meta property=\"og:type\" content=\"article\" \/>\n<meta property=\"og:title\" content=\"Tras las rejas por robo de una motocicleta en Sol Caucel - El Puuc Noticias\" \/>\n<meta property=\"og:description\" content=\"La Fiscal\u00eda General del Estado (FGE) aport\u00f3 los datos y elementos de prueba suficientes para que J.I.J.O., fuera\" \/>\n<meta property=\"og:url\" content=\"https:\/\/elpuucnoticias.com\/?p=20982\" \/>\n<meta property=\"og:site_name\" content=\"El Puuc Noticias\" \/>\n<meta property=\"article:published_time\" content=\"2025-09-05T18:19:36+00:00\" \/>\n<meta property=\"og:image\" content=\"https:\/\/elpuucnoticias.com\/wp-content\/uploads\/2022\/11\/fiscalia-7.jpg\" \/>\n\t<meta property=\"og:image:width\" content=\"1459\" \/>\n\t<meta property=\"og:image:height\" content=\"973\" \/>\n\t<meta property=\"og:image:type\" content=\"image\/jpeg\" \/>\n<meta name=\"twitter:card\" content=\"summary_large_image\" \/>\n<meta name=\"twitter:label1\" content=\"Escrito por\" \/>\n\t<meta name=\"twitter:data1\" content=\"elpuucnoticias\" \/>\n\t<meta name=\"twitter:label2\" content=\"Tiempo de lectura\" \/>\n\t<meta name=\"twitter:data2\" content=\"1 minuto\" \/>\n<script type=\"application\/ld+json\" class=\"yoast-schema-graph\">{\"@context\":\"https:\/\/schema.org\",\"@graph\":[{\"@type\":\"WebSite\",\"@id\":\"https:\/\/elpuucnoticias.com\/#website\",\"url\":\"https:\/\/elpuucnoticias.com\/\",\"name\":\"El Puuc Noticias\",\"description\":\"Noticias - Entretenimiento - Deportes\",\"potentialAction\":[{\"@type\":\"SearchAction\",\"target\":{\"@type\":\"EntryPoint\",\"urlTemplate\":\"https:\/\/elpuucnoticias.com\/?s={search_term_string}\"},\"query-input\":\"required name=search_term_string\"}],\"inLanguage\":\"es\"},{\"@type\":\"ImageObject\",\"@id\":\"https:\/\/elpuucnoticias.com\/?p=20982#primaryimage\",\"inLanguage\":\"es\",\"url\":\"https:\/\/elpuucnoticias.com\/wp-content\/uploads\/2022\/11\/fiscalia-7.jpg\",\"contentUrl\":\"https:\/\/elpuucnoticias.com\/wp-content\/uploads\/2022\/11\/fiscalia-7.jpg\",\"width\":1459,\"height\":973},{\"@type\":\"WebPage\",\"@id\":\"https:\/\/elpuucnoticias.com\/?p=20982#webpage\",\"url\":\"https:\/\/elpuucnoticias.com\/?p=20982\",\"name\":\"Tras las rejas por robo de una motocicleta en Sol Caucel - El Puuc Noticias\",\"isPartOf\":{\"@id\":\"https:\/\/elpuucnoticias.com\/#website\"},\"primaryImageOfPage\":{\"@id\":\"https:\/\/elpuucnoticias.com\/?p=20982#primaryimage\"},\"datePublished\":\"2025-09-05T18:19:36+00:00\",\"dateModified\":\"2025-09-05T18:19:36+00:00\",\"author\":{\"@id\":\"https:\/\/elpuucnoticias.com\/#\/schema\/person\/d2ea09e4c97f0160b11cdfb1d856bd9e\"},\"breadcrumb\":{\"@id\":\"https:\/\/elpuucnoticias.com\/?p=20982#breadcrumb\"},\"inLanguage\":\"es\",\"potentialAction\":[{\"@type\":\"ReadAction\",\"target\":[\"https:\/\/elpuucnoticias.com\/?p=20982\"]}]},{\"@type\":\"BreadcrumbList\",\"@id\":\"https:\/\/elpuucnoticias.com\/?p=20982#breadcrumb\",\"itemListElement\":[{\"@type\":\"ListItem\",\"position\":1,\"name\":\"Portada\",\"item\":\"https:\/\/elpuucnoticias.com\/\"},{\"@type\":\"ListItem\",\"position\":2,\"name\":\"Tras las rejas por robo de una motocicleta en Sol Caucel\"}]},{\"@type\":\"Person\",\"@id\":\"https:\/\/elpuucnoticias.com\/#\/schema\/person\/d2ea09e4c97f0160b11cdfb1d856bd9e\",\"name\":\"elpuucnoticias\",\"image\":{\"@type\":\"ImageObject\",\"@id\":\"https:\/\/elpuucnoticias.com\/#personlogo\",\"inLanguage\":\"es\",\"url\":\"https:\/\/secure.gravatar.com\/avatar\/5290a43657c74ffa15701dbe5b846bd85cc71930d803c84e91046a7333de6ce2?s=96&d=mm&r=g\",\"contentUrl\":\"https:\/\/secure.gravatar.com\/avatar\/5290a43657c74ffa15701dbe5b846bd85cc71930d803c84e91046a7333de6ce2?s=96&d=mm&r=g\",\"caption\":\"elpuucnoticias\"},\"sameAs\":[\"https:\/\/elpuucnoticias.com\"],\"url\":\"https:\/\/elpuucnoticias.com\/?author=1\"}]}<\/script>\n<!-- \/ Yoast SEO plugin. -->","yoast_head_json":{"title":"Tras las rejas por robo de una motocicleta en Sol Caucel - El Puuc Noticias","robots":{"index":"index","follow":"follow","max-snippet":"max-snippet:-1","max-image-preview":"max-image-preview:large","max-video-preview":"max-video-preview:-1"},"canonical":"https:\/\/elpuucnoticias.com\/?p=20982","og_locale":"es_ES","og_type":"article","og_title":"Tras las rejas por robo de una motocicleta en Sol Caucel - El Puuc Noticias","og_description":"La Fiscal\u00eda General del Estado (FGE) aport\u00f3 los datos y elementos de prueba suficientes para que J.I.J.O., fuera","og_url":"https:\/\/elpuucnoticias.com\/?p=20982","og_site_name":"El Puuc Noticias","article_published_time":"2025-09-05T18:19:36+00:00","og_image":[{"width":1459,"height":973,"url":"https:\/\/elpuucnoticias.com\/wp-content\/uploads\/2022\/11\/fiscalia-7.jpg","type":"image\/jpeg"}],"twitter_card":"summary_large_image","twitter_misc":{"Escrito por":"elpuucnoticias","Tiempo de lectura":"1 minuto"},"schema":{"@context":"https:\/\/schema.org","@graph":[{"@type":"WebSite","@id":"https:\/\/elpuucnoticias.com\/#website","url":"https:\/\/elpuucnoticias.com\/","name":"El Puuc Noticias","description":"Noticias - Entretenimiento - Deportes","potentialAction":[{"@type":"SearchAction","target":{"@type":"EntryPoint","urlTemplate":"https:\/\/elpuucnoticias.com\/?s={search_term_string}"},"query-input":"required name=search_term_string"}],"inLanguage":"es"},{"@type":"ImageObject","@id":"https:\/\/elpuucnoticias.com\/?p=20982#primaryimage","inLanguage":"es","url":"https:\/\/elpuucnoticias.com\/wp-content\/uploads\/2022\/11\/fiscalia-7.jpg","contentUrl":"https:\/\/elpuucnoticias.com\/wp-content\/uploads\/2022\/11\/fiscalia-7.jpg","width":1459,"height":973},{"@type":"WebPage","@id":"https:\/\/elpuucnoticias.com\/?p=20982#webpage","url":"https:\/\/elpuucnoticias.com\/?p=20982","name":"Tras las rejas por robo de una motocicleta en Sol Caucel - El Puuc Noticias","isPartOf":{"@id":"https:\/\/elpuucnoticias.com\/#website"},"primaryImageOfPage":{"@id":"https:\/\/elpuucnoticias.com\/?p=20982#primaryimage"},"datePublished":"2025-09-05T18:19:36+00:00","dateModified":"2025-09-05T18:19:36+00:00","author":{"@id":"https:\/\/elpuucnoticias.com\/#\/schema\/person\/d2ea09e4c97f0160b11cdfb1d856bd9e"},"breadcrumb":{"@id":"https:\/\/elpuucnoticias.com\/?p=20982#breadcrumb"},"inLanguage":"es","potentialAction":[{"@type":"ReadAction","target":["https:\/\/elpuucnoticias.com\/?p=20982"]}]},{"@type":"BreadcrumbList","@id":"https:\/\/elpuucnoticias.com\/?p=20982#breadcrumb","itemListElement":[{"@type":"ListItem","position":1,"name":"Portada","item":"https:\/\/elpuucnoticias.com\/"},{"@type":"ListItem","position":2,"name":"Tras las rejas por robo de una motocicleta en Sol Caucel"}]},{"@type":"Person","@id":"https:\/\/elpuucnoticias.com\/#\/schema\/person\/d2ea09e4c97f0160b11cdfb1d856bd9e","name":"elpuucnoticias","image":{"@type":"ImageObject","@id":"https:\/\/elpuucnoticias.com\/#personlogo","inLanguage":"es","url":"https:\/\/secure.gravatar.com\/avatar\/5290a43657c74ffa15701dbe5b846bd85cc71930d803c84e91046a7333de6ce2?s=96&d=mm&r=g","contentUrl":"https:\/\/secure.gravatar.com\/avatar\/5290a43657c74ffa15701dbe5b846bd85cc71930d803c84e91046a7333de6ce2?s=96&d=mm&r=g","caption":"elpuucnoticias"},"sameAs":["https:\/\/elpuucnoticias.com"],"url":"https:\/\/elpuucnoticias.com\/?author=1"}]}},"_links":{"self":[{"href":"https:\/\/elpuucnoticias.com\/index.php?rest_route=\/wp\/v2\/posts\/20982","targetHints":{"allow":["GET"]}}],"collection":[{"href":"https:\/\/elpuucnoticias.com\/index.php?rest_route=\/wp\/v2\/posts"}],"about":[{"href":"https:\/\/elpuucnoticias.com\/index.php?rest_route=\/wp\/v2\/types\/post"}],"author":[{"embeddable":true,"href":"https:\/\/elpuucnoticias.com\/index.php?rest_route=\/wp\/v2\/users\/1"}],"replies":[{"embeddable":true,"href":"https:\/\/elpuucnoticias.com\/index.php?rest_route=%2Fwp%2Fv2%2Fcomments&post=20982"}],"version-history":[{"count":1,"href":"https:\/\/elpuucnoticias.com\/index.php?rest_route=\/wp\/v2\/posts\/20982\/revisions"}],"predecessor-version":[{"id":20983,"href":"https:\/\/elpuucnoticias.com\/index.php?rest_route=\/wp\/v2\/posts\/20982\/revisions\/20983"}],"wp:featuredmedia":[{"embeddable":true,"href":"https:\/\/elpuucnoticias.com\/index.php?rest_route=\/wp\/v2\/media\/4487"}],"wp:attachment":[{"href":"https:\/\/elpuucnoticias.com\/index.php?rest_route=%2Fwp%2Fv2%2Fmedia&parent=20982"}],"wp:term":[{"taxonomy":"category","embeddable":true,"href":"https:\/\/elpuucnoticias.com\/index.php?rest_route=%2Fwp%2Fv2%2Fcategories&post=20982"},{"taxonomy":"post_tag","embeddable":true,"href":"https:\/\/elpuucnoticias.com\/index.php?rest_route=%2Fwp%2Fv2%2Ftags&post=20982"}],"curies":[{"name":"wp","href":"https:\/\/api.w.org\/{rel}","templated":true}]}}