{"id":20987,"date":"2025-09-05T13:07:18","date_gmt":"2025-09-05T19:07:18","guid":{"rendered":"https:\/\/elpuucnoticias.com\/?p=20987"},"modified":"2025-09-05T13:07:19","modified_gmt":"2025-09-05T19:07:19","slug":"vinculado-a-proceso-por-homicidio-ocurrido-en-incidente-vial","status":"publish","type":"post","link":"https:\/\/elpuucnoticias.com\/?p=20987","title":{"rendered":"Vinculado a proceso por homicidio ocurrido en incidente vial"},"content":{"rendered":"\n<p>Acusado de los delitos de homicidio y da\u00f1o en propiedad ajena, ambos cometidos por culpa, J.A.H.A. fue vinculado a proceso por los hechos registrados en la colonia Centro, luego de que la Fiscal\u00eda General del Estado (FGE) presentara los documentos de prueba.<\/p>\n\n\n\n<p>Al reanudar la audiencia de la causa penal 382\/2025, la Juez del Primer Distrito, con sede en M\u00e9rida, valor\u00f3 los datos expuestos por los fiscales de litigaci\u00f3n, mismos que fueron suficientes para resolver la situaci\u00f3n legal del acusado, a quien se le otorg\u00f3 un plazo de dos meses para continuar con la indagatoria.<\/p>\n\n\n\n<p>Cabe recordar que los hechos se\u00f1alan que el acusado conduc\u00eda una camioneta marca Subaru por calles de la citada colonia y al llegar a la intersecci\u00f3n con la calle 64 donde se encontraba un sem\u00e1foro invadi\u00f3 la v\u00eda de preferencia por la que circulaba un motociclista, por lo que por su falta de precauci\u00f3n lo colision\u00f3.<\/p>\n\n\n\n<p>Derivado del impacto ambos veh\u00edculos registraron da\u00f1os materiales, mientras que el conductor de la moto marca Italika sufri\u00f3 lesiones que posteriormente provocaron su muerte por un politraumatismo, como determin\u00f3 el m\u00e9dico perito del Servicio M\u00e9dico Forense (Semefo).<\/p>\n\n\n\n<p>Antes de concluir la audiencia se inform\u00f3 que las medidas cautelares impuestas en la audiencia inicial persistir\u00e1n por todo el tiempo que dure el proceso, por lo que el acusado deber\u00e1 presentar peri\u00f3dicamente ante las autoridades, tiene prohibido salir del Estado, deber\u00e1 presentar su visa y pasaporte, adem\u00e1s de estar bajo el sometimiento y cuidado del Centro Estatal de Medidas Cautelares.<\/p>\n","protected":false},"excerpt":{"rendered":"<p>Acusado de los delitos de homicidio y da\u00f1o en propiedad ajena, ambos cometidos por culpa, J.A.H.A. fue vinculado<\/p>\n","protected":false},"author":1,"featured_media":9265,"comment_status":"closed","ping_status":"open","sticky":false,"template":"","format":"standard","meta":{"_monsterinsights_skip_tracking":false,"_monsterinsights_sitenote_active":false,"_monsterinsights_sitenote_note":"","_monsterinsights_sitenote_category":0,"footnotes":""},"categories":[11,3],"tags":[],"class_list":["post-20987","post","type-post","status-publish","format-standard","has-post-thumbnail","hentry","category-noticias","category-policiacas"],"yoast_head":"<!-- This site is optimized with the Yoast SEO plugin v18.3 - https:\/\/yoast.com\/wordpress\/plugins\/seo\/ -->\n<title>Vinculado a proceso por homicidio ocurrido en incidente vial - El Puuc Noticias<\/title>\n<meta name=\"robots\" content=\"index, follow, max-snippet:-1, max-image-preview:large, max-video-preview:-1\" \/>\n<link rel=\"canonical\" href=\"https:\/\/elpuucnoticias.com\/?p=20987\" \/>\n<meta property=\"og:locale\" content=\"es_ES\" \/>\n<meta property=\"og:type\" content=\"article\" \/>\n<meta property=\"og:title\" content=\"Vinculado a proceso por homicidio ocurrido en incidente vial - El Puuc Noticias\" \/>\n<meta property=\"og:description\" content=\"Acusado de los delitos de homicidio y da\u00f1o en propiedad ajena, ambos cometidos por culpa, J.A.H.A. fue vinculado\" \/>\n<meta property=\"og:url\" content=\"https:\/\/elpuucnoticias.com\/?p=20987\" \/>\n<meta property=\"og:site_name\" content=\"El Puuc Noticias\" \/>\n<meta property=\"article:published_time\" content=\"2025-09-05T19:07:18+00:00\" \/>\n<meta property=\"article:modified_time\" content=\"2025-09-05T19:07:19+00:00\" \/>\n<meta property=\"og:image\" content=\"https:\/\/elpuucnoticias.com\/wp-content\/uploads\/2023\/09\/fiscalia-modulos.jpg\" \/>\n\t<meta property=\"og:image:width\" content=\"1500\" \/>\n\t<meta property=\"og:image:height\" content=\"995\" \/>\n\t<meta property=\"og:image:type\" content=\"image\/jpeg\" \/>\n<meta name=\"twitter:card\" content=\"summary_large_image\" \/>\n<meta name=\"twitter:label1\" content=\"Escrito por\" \/>\n\t<meta name=\"twitter:data1\" content=\"elpuucnoticias\" \/>\n\t<meta name=\"twitter:label2\" content=\"Tiempo de lectura\" \/>\n\t<meta name=\"twitter:data2\" content=\"1 minuto\" \/>\n<script type=\"application\/ld+json\" class=\"yoast-schema-graph\">{\"@context\":\"https:\/\/schema.org\",\"@graph\":[{\"@type\":\"WebSite\",\"@id\":\"https:\/\/elpuucnoticias.com\/#website\",\"url\":\"https:\/\/elpuucnoticias.com\/\",\"name\":\"El Puuc Noticias\",\"description\":\"Noticias - Entretenimiento - Deportes\",\"potentialAction\":[{\"@type\":\"SearchAction\",\"target\":{\"@type\":\"EntryPoint\",\"urlTemplate\":\"https:\/\/elpuucnoticias.com\/?s={search_term_string}\"},\"query-input\":\"required name=search_term_string\"}],\"inLanguage\":\"es\"},{\"@type\":\"ImageObject\",\"@id\":\"https:\/\/elpuucnoticias.com\/?p=20987#primaryimage\",\"inLanguage\":\"es\",\"url\":\"https:\/\/elpuucnoticias.com\/wp-content\/uploads\/2023\/09\/fiscalia-modulos.jpg\",\"contentUrl\":\"https:\/\/elpuucnoticias.com\/wp-content\/uploads\/2023\/09\/fiscalia-modulos.jpg\",\"width\":1500,\"height\":995},{\"@type\":\"WebPage\",\"@id\":\"https:\/\/elpuucnoticias.com\/?p=20987#webpage\",\"url\":\"https:\/\/elpuucnoticias.com\/?p=20987\",\"name\":\"Vinculado a proceso por homicidio ocurrido en incidente vial - El Puuc Noticias\",\"isPartOf\":{\"@id\":\"https:\/\/elpuucnoticias.com\/#website\"},\"primaryImageOfPage\":{\"@id\":\"https:\/\/elpuucnoticias.com\/?p=20987#primaryimage\"},\"datePublished\":\"2025-09-05T19:07:18+00:00\",\"dateModified\":\"2025-09-05T19:07:19+00:00\",\"author\":{\"@id\":\"https:\/\/elpuucnoticias.com\/#\/schema\/person\/d2ea09e4c97f0160b11cdfb1d856bd9e\"},\"breadcrumb\":{\"@id\":\"https:\/\/elpuucnoticias.com\/?p=20987#breadcrumb\"},\"inLanguage\":\"es\",\"potentialAction\":[{\"@type\":\"ReadAction\",\"target\":[\"https:\/\/elpuucnoticias.com\/?p=20987\"]}]},{\"@type\":\"BreadcrumbList\",\"@id\":\"https:\/\/elpuucnoticias.com\/?p=20987#breadcrumb\",\"itemListElement\":[{\"@type\":\"ListItem\",\"position\":1,\"name\":\"Portada\",\"item\":\"https:\/\/elpuucnoticias.com\/\"},{\"@type\":\"ListItem\",\"position\":2,\"name\":\"Vinculado a proceso por homicidio ocurrido en incidente vial\"}]},{\"@type\":\"Person\",\"@id\":\"https:\/\/elpuucnoticias.com\/#\/schema\/person\/d2ea09e4c97f0160b11cdfb1d856bd9e\",\"name\":\"elpuucnoticias\",\"image\":{\"@type\":\"ImageObject\",\"@id\":\"https:\/\/elpuucnoticias.com\/#personlogo\",\"inLanguage\":\"es\",\"url\":\"https:\/\/secure.gravatar.com\/avatar\/5290a43657c74ffa15701dbe5b846bd85cc71930d803c84e91046a7333de6ce2?s=96&d=mm&r=g\",\"contentUrl\":\"https:\/\/secure.gravatar.com\/avatar\/5290a43657c74ffa15701dbe5b846bd85cc71930d803c84e91046a7333de6ce2?s=96&d=mm&r=g\",\"caption\":\"elpuucnoticias\"},\"sameAs\":[\"https:\/\/elpuucnoticias.com\"],\"url\":\"https:\/\/elpuucnoticias.com\/?author=1\"}]}<\/script>\n<!-- \/ Yoast SEO plugin. -->","yoast_head_json":{"title":"Vinculado a proceso por homicidio ocurrido en incidente vial - El Puuc Noticias","robots":{"index":"index","follow":"follow","max-snippet":"max-snippet:-1","max-image-preview":"max-image-preview:large","max-video-preview":"max-video-preview:-1"},"canonical":"https:\/\/elpuucnoticias.com\/?p=20987","og_locale":"es_ES","og_type":"article","og_title":"Vinculado a proceso por homicidio ocurrido en incidente vial - El Puuc Noticias","og_description":"Acusado de los delitos de homicidio y da\u00f1o en propiedad ajena, ambos cometidos por culpa, J.A.H.A. fue vinculado","og_url":"https:\/\/elpuucnoticias.com\/?p=20987","og_site_name":"El Puuc Noticias","article_published_time":"2025-09-05T19:07:18+00:00","article_modified_time":"2025-09-05T19:07:19+00:00","og_image":[{"width":1500,"height":995,"url":"https:\/\/elpuucnoticias.com\/wp-content\/uploads\/2023\/09\/fiscalia-modulos.jpg","type":"image\/jpeg"}],"twitter_card":"summary_large_image","twitter_misc":{"Escrito por":"elpuucnoticias","Tiempo de lectura":"1 minuto"},"schema":{"@context":"https:\/\/schema.org","@graph":[{"@type":"WebSite","@id":"https:\/\/elpuucnoticias.com\/#website","url":"https:\/\/elpuucnoticias.com\/","name":"El Puuc Noticias","description":"Noticias - Entretenimiento - Deportes","potentialAction":[{"@type":"SearchAction","target":{"@type":"EntryPoint","urlTemplate":"https:\/\/elpuucnoticias.com\/?s={search_term_string}"},"query-input":"required name=search_term_string"}],"inLanguage":"es"},{"@type":"ImageObject","@id":"https:\/\/elpuucnoticias.com\/?p=20987#primaryimage","inLanguage":"es","url":"https:\/\/elpuucnoticias.com\/wp-content\/uploads\/2023\/09\/fiscalia-modulos.jpg","contentUrl":"https:\/\/elpuucnoticias.com\/wp-content\/uploads\/2023\/09\/fiscalia-modulos.jpg","width":1500,"height":995},{"@type":"WebPage","@id":"https:\/\/elpuucnoticias.com\/?p=20987#webpage","url":"https:\/\/elpuucnoticias.com\/?p=20987","name":"Vinculado a proceso por homicidio ocurrido en incidente vial - El Puuc Noticias","isPartOf":{"@id":"https:\/\/elpuucnoticias.com\/#website"},"primaryImageOfPage":{"@id":"https:\/\/elpuucnoticias.com\/?p=20987#primaryimage"},"datePublished":"2025-09-05T19:07:18+00:00","dateModified":"2025-09-05T19:07:19+00:00","author":{"@id":"https:\/\/elpuucnoticias.com\/#\/schema\/person\/d2ea09e4c97f0160b11cdfb1d856bd9e"},"breadcrumb":{"@id":"https:\/\/elpuucnoticias.com\/?p=20987#breadcrumb"},"inLanguage":"es","potentialAction":[{"@type":"ReadAction","target":["https:\/\/elpuucnoticias.com\/?p=20987"]}]},{"@type":"BreadcrumbList","@id":"https:\/\/elpuucnoticias.com\/?p=20987#breadcrumb","itemListElement":[{"@type":"ListItem","position":1,"name":"Portada","item":"https:\/\/elpuucnoticias.com\/"},{"@type":"ListItem","position":2,"name":"Vinculado a proceso por homicidio ocurrido en incidente vial"}]},{"@type":"Person","@id":"https:\/\/elpuucnoticias.com\/#\/schema\/person\/d2ea09e4c97f0160b11cdfb1d856bd9e","name":"elpuucnoticias","image":{"@type":"ImageObject","@id":"https:\/\/elpuucnoticias.com\/#personlogo","inLanguage":"es","url":"https:\/\/secure.gravatar.com\/avatar\/5290a43657c74ffa15701dbe5b846bd85cc71930d803c84e91046a7333de6ce2?s=96&d=mm&r=g","contentUrl":"https:\/\/secure.gravatar.com\/avatar\/5290a43657c74ffa15701dbe5b846bd85cc71930d803c84e91046a7333de6ce2?s=96&d=mm&r=g","caption":"elpuucnoticias"},"sameAs":["https:\/\/elpuucnoticias.com"],"url":"https:\/\/elpuucnoticias.com\/?author=1"}]}},"_links":{"self":[{"href":"https:\/\/elpuucnoticias.com\/index.php?rest_route=\/wp\/v2\/posts\/20987","targetHints":{"allow":["GET"]}}],"collection":[{"href":"https:\/\/elpuucnoticias.com\/index.php?rest_route=\/wp\/v2\/posts"}],"about":[{"href":"https:\/\/elpuucnoticias.com\/index.php?rest_route=\/wp\/v2\/types\/post"}],"author":[{"embeddable":true,"href":"https:\/\/elpuucnoticias.com\/index.php?rest_route=\/wp\/v2\/users\/1"}],"replies":[{"embeddable":true,"href":"https:\/\/elpuucnoticias.com\/index.php?rest_route=%2Fwp%2Fv2%2Fcomments&post=20987"}],"version-history":[{"count":1,"href":"https:\/\/elpuucnoticias.com\/index.php?rest_route=\/wp\/v2\/posts\/20987\/revisions"}],"predecessor-version":[{"id":20988,"href":"https:\/\/elpuucnoticias.com\/index.php?rest_route=\/wp\/v2\/posts\/20987\/revisions\/20988"}],"wp:featuredmedia":[{"embeddable":true,"href":"https:\/\/elpuucnoticias.com\/index.php?rest_route=\/wp\/v2\/media\/9265"}],"wp:attachment":[{"href":"https:\/\/elpuucnoticias.com\/index.php?rest_route=%2Fwp%2Fv2%2Fmedia&parent=20987"}],"wp:term":[{"taxonomy":"category","embeddable":true,"href":"https:\/\/elpuucnoticias.com\/index.php?rest_route=%2Fwp%2Fv2%2Fcategories&post=20987"},{"taxonomy":"post_tag","embeddable":true,"href":"https:\/\/elpuucnoticias.com\/index.php?rest_route=%2Fwp%2Fv2%2Ftags&post=20987"}],"curies":[{"name":"wp","href":"https:\/\/api.w.org\/{rel}","templated":true}]}}