{"id":20994,"date":"2025-09-05T13:15:47","date_gmt":"2025-09-05T19:15:47","guid":{"rendered":"https:\/\/elpuucnoticias.com\/?p=20994"},"modified":"2025-09-05T13:15:47","modified_gmt":"2025-09-05T19:15:47","slug":"convoca-la-fundacion-de-parques-y-museos-de-cozumel-a-artistas-locales-a-participar-en-exposicion-del-dia-de-muertos-dedicada-a-los-alebrijes","status":"publish","type":"post","link":"https:\/\/elpuucnoticias.com\/?p=20994","title":{"rendered":"Convoca La Fundaci\u00f3n de Parques y Museos de Cozumel a artistas locales a participar en exposici\u00f3n del D\u00eda de Muertos dedicada a los alebrijes"},"content":{"rendered":"\n<p>La Fundaci\u00f3n de Parques y Museos de Cozumel (FPMC) lanz\u00f3 la convocatoria para artistas pl\u00e1sticos locales a fin de integrarse a la exposici\u00f3n colectiva del D\u00eda de Muertos, que este a\u00f1o estar\u00e1 dedicada a los alebrijes, figuras emblem\u00e1ticas del arte popular mexicano que se han convertido en un s\u00edmbolo de esta celebraci\u00f3n.<\/p>\n\n\n\n<figure class=\"wp-block-image is-style-default\"><a href=\"https:\/\/cgc.qroo.gob.mx\/cjg\/wp-content\/uploads\/2025\/09\/WhatsApp-Image-2025-09-05-at-12.11.05.jpeg\"><img decoding=\"async\" src=\"https:\/\/cgc.qroo.gob.mx\/cjg\/wp-content\/uploads\/2025\/09\/WhatsApp-Image-2025-09-05-at-12.11.05-585x387.jpeg\" alt=\"\" title=\"WhatsApp Image 2025-09-05 at 12.11.05\"\/><\/a><\/figure>\n\n\n\n<p>La directora general de la FPMC, Juanita Alonso Marrufo, explic\u00f3 que esta muestra, que cumple 11 a\u00f1os de realizarse, tiene como prop\u00f3sito rescatar y difundir las tradiciones mexicanas, adem\u00e1s de fortalecer la cultura y el arte en la comunidad. Destac\u00f3 que se trata de un espacio en el que las y los creadores cozumele\u00f1os pueden compartir su talento con visitantes y habitantes de la isla, en sinton\u00eda con el Nuevo Acuerdo por el Bienestar y Desarrollo de Quintana Roo, impulsado por la gobernadora Mara Lezama Espinosa.<\/p>\n\n\n\n<figure class=\"wp-block-image is-style-default\"><a href=\"https:\/\/cgc.qroo.gob.mx\/cjg\/wp-content\/uploads\/2025\/09\/WhatsApp-Image-2025-09-05-at-12.11.04-1.jpeg\"><img decoding=\"async\" src=\"https:\/\/cgc.qroo.gob.mx\/cjg\/wp-content\/uploads\/2025\/09\/WhatsApp-Image-2025-09-05-at-12.11.04-1-585x384.jpeg\" alt=\"\" title=\"WhatsApp Image 2025-09-05 at 12.11.04 (1)\"\/><\/a><\/figure>\n\n\n\n<p>Los alebrijes, protagonistas de esta edici\u00f3n, surgieron en los a\u00f1os cuarenta gracias al artesano Pedro Linares, quien los cre\u00f3 a partir de un sue\u00f1o en el que aparec\u00edan criaturas fant\u00e1sticas con formas h\u00edbridas y colores vibrantes. Con el tiempo, estas piezas adquirieron un lugar en la tradici\u00f3n del D\u00eda de Muertos al ser consideradas representaciones de gu\u00edas espirituales que acompa\u00f1an a las almas en su regreso al mundo terrenal.<\/p>\n\n\n\n<figure class=\"wp-block-image is-style-default\"><a href=\"https:\/\/cgc.qroo.gob.mx\/cjg\/wp-content\/uploads\/2025\/09\/WhatsApp-Image-2025-09-05-at-12.11.05-1.jpeg\"><img decoding=\"async\" src=\"https:\/\/cgc.qroo.gob.mx\/cjg\/wp-content\/uploads\/2025\/09\/WhatsApp-Image-2025-09-05-at-12.11.05-1-585x357.jpeg\" alt=\"\" title=\"WhatsApp Image 2025-09-05 at 12.11.05 (1)\"\/><\/a><\/figure>\n\n\n\n<p>Isela Carrillo Cupul, directora del Museo de la Isla, detall\u00f3 que podr\u00e1n participar obras de escultura, pintura, dibujo o fotograf\u00eda. Las piezas pl\u00e1sticas deber\u00e1n entregarse en bastidor o papel, debidamente enmarcadas, y no exceder los 70 cent\u00edmetros de ancho o largo. Cada artista podr\u00e1 presentar una sola obra, junto con una ficha que incluya t\u00edtulo, t\u00e9cnica y nombre del autor. En caso de estar a la venta, se deber\u00e1 indicar el precio.<\/p>\n\n\n\n<figure class=\"wp-block-image is-style-default\"><a href=\"https:\/\/cgc.qroo.gob.mx\/cjg\/wp-content\/uploads\/2025\/09\/WhatsApp-Image-2025-09-05-at-12.11.05-2.jpeg\"><img decoding=\"async\" src=\"https:\/\/cgc.qroo.gob.mx\/cjg\/wp-content\/uploads\/2025\/09\/WhatsApp-Image-2025-09-05-at-12.11.05-2-585x379.jpeg\" alt=\"\" title=\"WhatsApp Image 2025-09-05 at 12.11.05 (2)\"\/><\/a><\/figure>\n\n\n\n<p>Las obras ser\u00e1n recibidas en el Museo de la Isla del 15 al 21 de octubre en d\u00edas y horarios h\u00e1biles. La exposici\u00f3n se inaugurar\u00e1 el 25 de octubre como parte de las actividades culturales que enmarcan la conmemoraci\u00f3n del D\u00eda de Muertos en Cozumel.<\/p>\n","protected":false},"excerpt":{"rendered":"<p>La Fundaci\u00f3n de Parques y Museos de Cozumel (FPMC) lanz\u00f3 la convocatoria para artistas pl\u00e1sticos locales a fin<\/p>\n","protected":false},"author":1,"featured_media":20995,"comment_status":"closed","ping_status":"open","sticky":false,"template":"","format":"standard","meta":{"_monsterinsights_skip_tracking":false,"_monsterinsights_sitenote_active":false,"_monsterinsights_sitenote_note":"","_monsterinsights_sitenote_category":0,"footnotes":""},"categories":[11,24],"tags":[],"class_list":["post-20994","post","type-post","status-publish","format-standard","has-post-thumbnail","hentry","category-noticias","category-quintana-roo"],"yoast_head":"<!-- This site is optimized with the Yoast SEO plugin v18.3 - https:\/\/yoast.com\/wordpress\/plugins\/seo\/ -->\n<title>Convoca La Fundaci\u00f3n de Parques y Museos de Cozumel a artistas locales a participar en exposici\u00f3n del D\u00eda de Muertos dedicada a los alebrijes - El Puuc Noticias<\/title>\n<meta name=\"robots\" content=\"index, follow, max-snippet:-1, max-image-preview:large, max-video-preview:-1\" \/>\n<link rel=\"canonical\" href=\"https:\/\/elpuucnoticias.com\/?p=20994\" \/>\n<meta property=\"og:locale\" content=\"es_ES\" \/>\n<meta property=\"og:type\" content=\"article\" \/>\n<meta property=\"og:title\" content=\"Convoca La Fundaci\u00f3n de Parques y Museos de Cozumel a artistas locales a participar en exposici\u00f3n del D\u00eda de Muertos dedicada a los alebrijes - El Puuc Noticias\" \/>\n<meta property=\"og:description\" content=\"La Fundaci\u00f3n de Parques y Museos de Cozumel (FPMC) lanz\u00f3 la convocatoria para artistas pl\u00e1sticos locales a fin\" \/>\n<meta property=\"og:url\" content=\"https:\/\/elpuucnoticias.com\/?p=20994\" \/>\n<meta property=\"og:site_name\" content=\"El Puuc Noticias\" \/>\n<meta property=\"article:published_time\" content=\"2025-09-05T19:15:47+00:00\" \/>\n<meta property=\"og:image\" content=\"https:\/\/elpuucnoticias.com\/wp-content\/uploads\/2025\/09\/whatsapp-image-2025-09-05-at-12.11.04.jpeg\" \/>\n\t<meta property=\"og:image:width\" content=\"1600\" \/>\n\t<meta property=\"og:image:height\" content=\"1235\" \/>\n\t<meta property=\"og:image:type\" content=\"image\/jpeg\" \/>\n<meta name=\"twitter:card\" content=\"summary_large_image\" \/>\n<meta name=\"twitter:label1\" content=\"Escrito por\" \/>\n\t<meta name=\"twitter:data1\" content=\"elpuucnoticias\" \/>\n\t<meta name=\"twitter:label2\" content=\"Tiempo de lectura\" \/>\n\t<meta name=\"twitter:data2\" content=\"2 minutos\" \/>\n<script type=\"application\/ld+json\" class=\"yoast-schema-graph\">{\"@context\":\"https:\/\/schema.org\",\"@graph\":[{\"@type\":\"WebSite\",\"@id\":\"https:\/\/elpuucnoticias.com\/#website\",\"url\":\"https:\/\/elpuucnoticias.com\/\",\"name\":\"El Puuc Noticias\",\"description\":\"Noticias - Entretenimiento - Deportes\",\"potentialAction\":[{\"@type\":\"SearchAction\",\"target\":{\"@type\":\"EntryPoint\",\"urlTemplate\":\"https:\/\/elpuucnoticias.com\/?s={search_term_string}\"},\"query-input\":\"required name=search_term_string\"}],\"inLanguage\":\"es\"},{\"@type\":\"ImageObject\",\"@id\":\"https:\/\/elpuucnoticias.com\/?p=20994#primaryimage\",\"inLanguage\":\"es\",\"url\":\"https:\/\/elpuucnoticias.com\/wp-content\/uploads\/2025\/09\/whatsapp-image-2025-09-05-at-12.11.04.jpeg\",\"contentUrl\":\"https:\/\/elpuucnoticias.com\/wp-content\/uploads\/2025\/09\/whatsapp-image-2025-09-05-at-12.11.04.jpeg\",\"width\":1600,\"height\":1235},{\"@type\":\"WebPage\",\"@id\":\"https:\/\/elpuucnoticias.com\/?p=20994#webpage\",\"url\":\"https:\/\/elpuucnoticias.com\/?p=20994\",\"name\":\"Convoca La Fundaci\u00f3n de Parques y Museos de Cozumel a artistas locales a participar en exposici\u00f3n del D\u00eda de Muertos dedicada a los alebrijes - El Puuc Noticias\",\"isPartOf\":{\"@id\":\"https:\/\/elpuucnoticias.com\/#website\"},\"primaryImageOfPage\":{\"@id\":\"https:\/\/elpuucnoticias.com\/?p=20994#primaryimage\"},\"datePublished\":\"2025-09-05T19:15:47+00:00\",\"dateModified\":\"2025-09-05T19:15:47+00:00\",\"author\":{\"@id\":\"https:\/\/elpuucnoticias.com\/#\/schema\/person\/d2ea09e4c97f0160b11cdfb1d856bd9e\"},\"breadcrumb\":{\"@id\":\"https:\/\/elpuucnoticias.com\/?p=20994#breadcrumb\"},\"inLanguage\":\"es\",\"potentialAction\":[{\"@type\":\"ReadAction\",\"target\":[\"https:\/\/elpuucnoticias.com\/?p=20994\"]}]},{\"@type\":\"BreadcrumbList\",\"@id\":\"https:\/\/elpuucnoticias.com\/?p=20994#breadcrumb\",\"itemListElement\":[{\"@type\":\"ListItem\",\"position\":1,\"name\":\"Portada\",\"item\":\"https:\/\/elpuucnoticias.com\/\"},{\"@type\":\"ListItem\",\"position\":2,\"name\":\"Convoca La Fundaci\u00f3n de Parques y Museos de Cozumel a artistas locales a participar en exposici\u00f3n del D\u00eda de Muertos dedicada a los alebrijes\"}]},{\"@type\":\"Person\",\"@id\":\"https:\/\/elpuucnoticias.com\/#\/schema\/person\/d2ea09e4c97f0160b11cdfb1d856bd9e\",\"name\":\"elpuucnoticias\",\"image\":{\"@type\":\"ImageObject\",\"@id\":\"https:\/\/elpuucnoticias.com\/#personlogo\",\"inLanguage\":\"es\",\"url\":\"https:\/\/secure.gravatar.com\/avatar\/5290a43657c74ffa15701dbe5b846bd85cc71930d803c84e91046a7333de6ce2?s=96&d=mm&r=g\",\"contentUrl\":\"https:\/\/secure.gravatar.com\/avatar\/5290a43657c74ffa15701dbe5b846bd85cc71930d803c84e91046a7333de6ce2?s=96&d=mm&r=g\",\"caption\":\"elpuucnoticias\"},\"sameAs\":[\"https:\/\/elpuucnoticias.com\"],\"url\":\"https:\/\/elpuucnoticias.com\/?author=1\"}]}<\/script>\n<!-- \/ Yoast SEO plugin. -->","yoast_head_json":{"title":"Convoca La Fundaci\u00f3n de Parques y Museos de Cozumel a artistas locales a participar en exposici\u00f3n del D\u00eda de Muertos dedicada a los alebrijes - El Puuc Noticias","robots":{"index":"index","follow":"follow","max-snippet":"max-snippet:-1","max-image-preview":"max-image-preview:large","max-video-preview":"max-video-preview:-1"},"canonical":"https:\/\/elpuucnoticias.com\/?p=20994","og_locale":"es_ES","og_type":"article","og_title":"Convoca La Fundaci\u00f3n de Parques y Museos de Cozumel a artistas locales a participar en exposici\u00f3n del D\u00eda de Muertos dedicada a los alebrijes - El Puuc Noticias","og_description":"La Fundaci\u00f3n de Parques y Museos de Cozumel (FPMC) lanz\u00f3 la convocatoria para artistas pl\u00e1sticos locales a fin","og_url":"https:\/\/elpuucnoticias.com\/?p=20994","og_site_name":"El Puuc Noticias","article_published_time":"2025-09-05T19:15:47+00:00","og_image":[{"width":1600,"height":1235,"url":"https:\/\/elpuucnoticias.com\/wp-content\/uploads\/2025\/09\/whatsapp-image-2025-09-05-at-12.11.04.jpeg","type":"image\/jpeg"}],"twitter_card":"summary_large_image","twitter_misc":{"Escrito por":"elpuucnoticias","Tiempo de lectura":"2 minutos"},"schema":{"@context":"https:\/\/schema.org","@graph":[{"@type":"WebSite","@id":"https:\/\/elpuucnoticias.com\/#website","url":"https:\/\/elpuucnoticias.com\/","name":"El Puuc Noticias","description":"Noticias - Entretenimiento - Deportes","potentialAction":[{"@type":"SearchAction","target":{"@type":"EntryPoint","urlTemplate":"https:\/\/elpuucnoticias.com\/?s={search_term_string}"},"query-input":"required name=search_term_string"}],"inLanguage":"es"},{"@type":"ImageObject","@id":"https:\/\/elpuucnoticias.com\/?p=20994#primaryimage","inLanguage":"es","url":"https:\/\/elpuucnoticias.com\/wp-content\/uploads\/2025\/09\/whatsapp-image-2025-09-05-at-12.11.04.jpeg","contentUrl":"https:\/\/elpuucnoticias.com\/wp-content\/uploads\/2025\/09\/whatsapp-image-2025-09-05-at-12.11.04.jpeg","width":1600,"height":1235},{"@type":"WebPage","@id":"https:\/\/elpuucnoticias.com\/?p=20994#webpage","url":"https:\/\/elpuucnoticias.com\/?p=20994","name":"Convoca La Fundaci\u00f3n de Parques y Museos de Cozumel a artistas locales a participar en exposici\u00f3n del D\u00eda de Muertos dedicada a los alebrijes - El Puuc Noticias","isPartOf":{"@id":"https:\/\/elpuucnoticias.com\/#website"},"primaryImageOfPage":{"@id":"https:\/\/elpuucnoticias.com\/?p=20994#primaryimage"},"datePublished":"2025-09-05T19:15:47+00:00","dateModified":"2025-09-05T19:15:47+00:00","author":{"@id":"https:\/\/elpuucnoticias.com\/#\/schema\/person\/d2ea09e4c97f0160b11cdfb1d856bd9e"},"breadcrumb":{"@id":"https:\/\/elpuucnoticias.com\/?p=20994#breadcrumb"},"inLanguage":"es","potentialAction":[{"@type":"ReadAction","target":["https:\/\/elpuucnoticias.com\/?p=20994"]}]},{"@type":"BreadcrumbList","@id":"https:\/\/elpuucnoticias.com\/?p=20994#breadcrumb","itemListElement":[{"@type":"ListItem","position":1,"name":"Portada","item":"https:\/\/elpuucnoticias.com\/"},{"@type":"ListItem","position":2,"name":"Convoca La Fundaci\u00f3n de Parques y Museos de Cozumel a artistas locales a participar en exposici\u00f3n del D\u00eda de Muertos dedicada a los alebrijes"}]},{"@type":"Person","@id":"https:\/\/elpuucnoticias.com\/#\/schema\/person\/d2ea09e4c97f0160b11cdfb1d856bd9e","name":"elpuucnoticias","image":{"@type":"ImageObject","@id":"https:\/\/elpuucnoticias.com\/#personlogo","inLanguage":"es","url":"https:\/\/secure.gravatar.com\/avatar\/5290a43657c74ffa15701dbe5b846bd85cc71930d803c84e91046a7333de6ce2?s=96&d=mm&r=g","contentUrl":"https:\/\/secure.gravatar.com\/avatar\/5290a43657c74ffa15701dbe5b846bd85cc71930d803c84e91046a7333de6ce2?s=96&d=mm&r=g","caption":"elpuucnoticias"},"sameAs":["https:\/\/elpuucnoticias.com"],"url":"https:\/\/elpuucnoticias.com\/?author=1"}]}},"_links":{"self":[{"href":"https:\/\/elpuucnoticias.com\/index.php?rest_route=\/wp\/v2\/posts\/20994","targetHints":{"allow":["GET"]}}],"collection":[{"href":"https:\/\/elpuucnoticias.com\/index.php?rest_route=\/wp\/v2\/posts"}],"about":[{"href":"https:\/\/elpuucnoticias.com\/index.php?rest_route=\/wp\/v2\/types\/post"}],"author":[{"embeddable":true,"href":"https:\/\/elpuucnoticias.com\/index.php?rest_route=\/wp\/v2\/users\/1"}],"replies":[{"embeddable":true,"href":"https:\/\/elpuucnoticias.com\/index.php?rest_route=%2Fwp%2Fv2%2Fcomments&post=20994"}],"version-history":[{"count":1,"href":"https:\/\/elpuucnoticias.com\/index.php?rest_route=\/wp\/v2\/posts\/20994\/revisions"}],"predecessor-version":[{"id":20996,"href":"https:\/\/elpuucnoticias.com\/index.php?rest_route=\/wp\/v2\/posts\/20994\/revisions\/20996"}],"wp:featuredmedia":[{"embeddable":true,"href":"https:\/\/elpuucnoticias.com\/index.php?rest_route=\/wp\/v2\/media\/20995"}],"wp:attachment":[{"href":"https:\/\/elpuucnoticias.com\/index.php?rest_route=%2Fwp%2Fv2%2Fmedia&parent=20994"}],"wp:term":[{"taxonomy":"category","embeddable":true,"href":"https:\/\/elpuucnoticias.com\/index.php?rest_route=%2Fwp%2Fv2%2Fcategories&post=20994"},{"taxonomy":"post_tag","embeddable":true,"href":"https:\/\/elpuucnoticias.com\/index.php?rest_route=%2Fwp%2Fv2%2Ftags&post=20994"}],"curies":[{"name":"wp","href":"https:\/\/api.w.org\/{rel}","templated":true}]}}