{"id":21002,"date":"2025-09-08T13:15:38","date_gmt":"2025-09-08T19:15:38","guid":{"rendered":"https:\/\/elpuucnoticias.com\/?p=21002"},"modified":"2025-09-08T13:15:38","modified_gmt":"2025-09-08T19:15:38","slug":"lanza-la-fundacion-de-parques-y-museos-de-cozumel-convocatoria-de-murales-efimeros-para-conmemorar-el-dia-de-muertos","status":"publish","type":"post","link":"https:\/\/elpuucnoticias.com\/?p=21002","title":{"rendered":"Lanza La Fundaci\u00f3n de Parques y Museos de Cozumel convocatoria de murales ef\u00edmeros para conmemorar el D\u00eda de Muertos"},"content":{"rendered":"\n<p>La Fundaci\u00f3n de Parques y Museos de Cozumel (FPMC), a trav\u00e9s del Museo de la Isla, invita a la comunidad art\u00edstica a participar en la convocatoria dirigida a muralistas, en el marco de las celebraciones del D\u00eda de Muertos.<\/p>\n\n\n\n<figure class=\"wp-block-image is-style-default\"><a href=\"https:\/\/cgc.qroo.gob.mx\/cjg\/wp-content\/uploads\/2025\/09\/WhatsApp-Image-2025-09-05-at-15.05.51-1.jpeg\"><img decoding=\"async\" src=\"https:\/\/cgc.qroo.gob.mx\/cjg\/wp-content\/uploads\/2025\/09\/WhatsApp-Image-2025-09-05-at-15.05.51-1-585x390.jpeg\" alt=\"\" title=\"WhatsApp Image 2025-09-05 at 15.05.51 (1)\"\/><\/a><\/figure>\n\n\n\n<p>La directora del recinto cultural, Isela Carrillo Cupul, inform\u00f3 que el objetivo de esta iniciativa es fomentar el arte, el trabajo colectivo, el di\u00e1logo entre creadores y, al mismo tiempo, promover y difundir las tradiciones que forman parte de la identidad cultural de la isla.<\/p>\n\n\n\n<figure class=\"wp-block-image is-style-default\"><a href=\"https:\/\/cgc.qroo.gob.mx\/cjg\/wp-content\/uploads\/2025\/09\/WhatsApp-Image-2025-09-05-at-15.05.51-2.jpeg\"><img decoding=\"async\" src=\"https:\/\/cgc.qroo.gob.mx\/cjg\/wp-content\/uploads\/2025\/09\/WhatsApp-Image-2025-09-05-at-15.05.51-2-585x436.jpeg\" alt=\"\" title=\"WhatsApp Image 2025-09-05 at 15.05.51 (2)\"\/><\/a><\/figure>\n\n\n\n<p>Carrillo Cupul explic\u00f3 que los equipos deber\u00e1n estar conformados por un m\u00ednimo de tres y un m\u00e1ximo de cinco integrantes, quienes tendr\u00e1n la oportunidad de intervenir y mostrar sus trabajos en dos espacios de 4 metros por 3.90 metros, en mamparas que se instalar\u00e1n en la fachada posterior del Museo de la Isla.<\/p>\n\n\n\n<figure class=\"wp-block-image is-style-default\"><a href=\"https:\/\/cgc.qroo.gob.mx\/cjg\/wp-content\/uploads\/2025\/09\/WhatsApp-Image-2025-09-05-at-15.05.52-1.jpeg\"><img decoding=\"async\" src=\"https:\/\/cgc.qroo.gob.mx\/cjg\/wp-content\/uploads\/2025\/09\/WhatsApp-Image-2025-09-05-at-15.05.52-1-585x387.jpeg\" alt=\"\" title=\"WhatsApp Image 2025-09-05 at 15.05.52 (1)\"\/><\/a><\/figure>\n\n\n\n<p>El tema central ser\u00e1 el Colibr\u00ed Esmeralda representado como alebrije, en una propuesta que evoque las tradiciones del D\u00eda de Muertos. Los murales tendr\u00e1n el car\u00e1cter ef\u00edmero, con una duraci\u00f3n de un mes y se deber\u00e1n utilizar pinturas acr\u00edlicas o vin\u00edlicas proporcionadas por la FPMC.<\/p>\n\n\n\n<p>Las propuestas deber\u00e1n ser originales e in\u00e9ditas, presentadas en boceto sobre cartulina ilustraci\u00f3n e incluir los nombres de los integrantes y de la obra. Los trabajos se recibir\u00e1n en el Museo de la Isla hasta el 11 de septiembre, en horario de oficina de 08:00 a 15:00 horas. Un comit\u00e9 evaluador seleccionar\u00e1 dos proyectos que se dar\u00e1n a conocer el 19 de septiembre, los cuales deber\u00e1n concluirse sin pr\u00f3rroga el 15 de octubre de 2025.<\/p>\n\n\n\n<figure class=\"wp-block-image is-style-default\"><a href=\"https:\/\/cgc.qroo.gob.mx\/cjg\/wp-content\/uploads\/2025\/09\/WhatsApp-Image-2025-09-05-at-15.05.52.jpeg\"><img decoding=\"async\" src=\"https:\/\/cgc.qroo.gob.mx\/cjg\/wp-content\/uploads\/2025\/09\/WhatsApp-Image-2025-09-05-at-15.05.52-585x438.jpeg\" alt=\"\" title=\"WhatsApp Image 2025-09-05 at 15.05.52\"\/><\/a><\/figure>\n\n\n\n<p>Por su parte, la directora general de la FPMC, Juanita Alonso Marrufo, destac\u00f3 que gracias al Nuevo Acuerdo por el Bienestar y Desarrollo de Quintana Roo, liderado por la gobernadora Mara Lezama Espinosa, se fortalecen los espacios de expresi\u00f3n cultural y se impulsa la participaci\u00f3n ciudadana. \u201cA trav\u00e9s de estas iniciativas no solo se promueve el arte, sino tambi\u00e9n el orgullo de nuestras ra\u00edces, preservando las tradiciones que nos unen como comunidad\u201d, subray\u00f3.<\/p>\n","protected":false},"excerpt":{"rendered":"<p>La Fundaci\u00f3n de Parques y Museos de Cozumel (FPMC), a trav\u00e9s del Museo de la Isla, invita a<\/p>\n","protected":false},"author":1,"featured_media":21003,"comment_status":"closed","ping_status":"open","sticky":false,"template":"","format":"standard","meta":{"_monsterinsights_skip_tracking":false,"_monsterinsights_sitenote_active":false,"_monsterinsights_sitenote_note":"","_monsterinsights_sitenote_category":0,"footnotes":""},"categories":[11,24],"tags":[],"class_list":["post-21002","post","type-post","status-publish","format-standard","has-post-thumbnail","hentry","category-noticias","category-quintana-roo"],"yoast_head":"<!-- This site is optimized with the Yoast SEO plugin v18.3 - https:\/\/yoast.com\/wordpress\/plugins\/seo\/ -->\n<title>Lanza La Fundaci\u00f3n de Parques y Museos de Cozumel convocatoria de murales ef\u00edmeros para conmemorar el D\u00eda de Muertos - El Puuc Noticias<\/title>\n<meta name=\"robots\" content=\"index, follow, max-snippet:-1, max-image-preview:large, max-video-preview:-1\" \/>\n<link rel=\"canonical\" href=\"https:\/\/elpuucnoticias.com\/?p=21002\" \/>\n<meta property=\"og:locale\" content=\"es_ES\" \/>\n<meta property=\"og:type\" content=\"article\" \/>\n<meta property=\"og:title\" content=\"Lanza La Fundaci\u00f3n de Parques y Museos de Cozumel convocatoria de murales ef\u00edmeros para conmemorar el D\u00eda de Muertos - El Puuc Noticias\" \/>\n<meta property=\"og:description\" content=\"La Fundaci\u00f3n de Parques y Museos de Cozumel (FPMC), a trav\u00e9s del Museo de la Isla, invita a\" \/>\n<meta property=\"og:url\" content=\"https:\/\/elpuucnoticias.com\/?p=21002\" \/>\n<meta property=\"og:site_name\" content=\"El Puuc Noticias\" \/>\n<meta property=\"article:published_time\" content=\"2025-09-08T19:15:38+00:00\" \/>\n<meta property=\"og:image\" content=\"https:\/\/elpuucnoticias.com\/wp-content\/uploads\/2025\/09\/whatsapp-image-2025-09-05-at-15.05.51.jpeg\" \/>\n\t<meta property=\"og:image:width\" content=\"1600\" \/>\n\t<meta property=\"og:image:height\" content=\"1236\" \/>\n\t<meta property=\"og:image:type\" content=\"image\/jpeg\" \/>\n<meta name=\"twitter:card\" content=\"summary_large_image\" \/>\n<meta name=\"twitter:label1\" content=\"Escrito por\" \/>\n\t<meta name=\"twitter:data1\" content=\"elpuucnoticias\" \/>\n\t<meta name=\"twitter:label2\" content=\"Tiempo de lectura\" \/>\n\t<meta name=\"twitter:data2\" content=\"2 minutos\" \/>\n<script type=\"application\/ld+json\" class=\"yoast-schema-graph\">{\"@context\":\"https:\/\/schema.org\",\"@graph\":[{\"@type\":\"WebSite\",\"@id\":\"https:\/\/elpuucnoticias.com\/#website\",\"url\":\"https:\/\/elpuucnoticias.com\/\",\"name\":\"El Puuc Noticias\",\"description\":\"Noticias - Entretenimiento - Deportes\",\"potentialAction\":[{\"@type\":\"SearchAction\",\"target\":{\"@type\":\"EntryPoint\",\"urlTemplate\":\"https:\/\/elpuucnoticias.com\/?s={search_term_string}\"},\"query-input\":\"required name=search_term_string\"}],\"inLanguage\":\"es\"},{\"@type\":\"ImageObject\",\"@id\":\"https:\/\/elpuucnoticias.com\/?p=21002#primaryimage\",\"inLanguage\":\"es\",\"url\":\"https:\/\/elpuucnoticias.com\/wp-content\/uploads\/2025\/09\/whatsapp-image-2025-09-05-at-15.05.51.jpeg\",\"contentUrl\":\"https:\/\/elpuucnoticias.com\/wp-content\/uploads\/2025\/09\/whatsapp-image-2025-09-05-at-15.05.51.jpeg\",\"width\":1600,\"height\":1236},{\"@type\":\"WebPage\",\"@id\":\"https:\/\/elpuucnoticias.com\/?p=21002#webpage\",\"url\":\"https:\/\/elpuucnoticias.com\/?p=21002\",\"name\":\"Lanza La Fundaci\u00f3n de Parques y Museos de Cozumel convocatoria de murales ef\u00edmeros para conmemorar el D\u00eda de Muertos - El Puuc Noticias\",\"isPartOf\":{\"@id\":\"https:\/\/elpuucnoticias.com\/#website\"},\"primaryImageOfPage\":{\"@id\":\"https:\/\/elpuucnoticias.com\/?p=21002#primaryimage\"},\"datePublished\":\"2025-09-08T19:15:38+00:00\",\"dateModified\":\"2025-09-08T19:15:38+00:00\",\"author\":{\"@id\":\"https:\/\/elpuucnoticias.com\/#\/schema\/person\/d2ea09e4c97f0160b11cdfb1d856bd9e\"},\"breadcrumb\":{\"@id\":\"https:\/\/elpuucnoticias.com\/?p=21002#breadcrumb\"},\"inLanguage\":\"es\",\"potentialAction\":[{\"@type\":\"ReadAction\",\"target\":[\"https:\/\/elpuucnoticias.com\/?p=21002\"]}]},{\"@type\":\"BreadcrumbList\",\"@id\":\"https:\/\/elpuucnoticias.com\/?p=21002#breadcrumb\",\"itemListElement\":[{\"@type\":\"ListItem\",\"position\":1,\"name\":\"Portada\",\"item\":\"https:\/\/elpuucnoticias.com\/\"},{\"@type\":\"ListItem\",\"position\":2,\"name\":\"Lanza La Fundaci\u00f3n de Parques y Museos de Cozumel convocatoria de murales ef\u00edmeros para conmemorar el D\u00eda de Muertos\"}]},{\"@type\":\"Person\",\"@id\":\"https:\/\/elpuucnoticias.com\/#\/schema\/person\/d2ea09e4c97f0160b11cdfb1d856bd9e\",\"name\":\"elpuucnoticias\",\"image\":{\"@type\":\"ImageObject\",\"@id\":\"https:\/\/elpuucnoticias.com\/#personlogo\",\"inLanguage\":\"es\",\"url\":\"https:\/\/secure.gravatar.com\/avatar\/5290a43657c74ffa15701dbe5b846bd85cc71930d803c84e91046a7333de6ce2?s=96&d=mm&r=g\",\"contentUrl\":\"https:\/\/secure.gravatar.com\/avatar\/5290a43657c74ffa15701dbe5b846bd85cc71930d803c84e91046a7333de6ce2?s=96&d=mm&r=g\",\"caption\":\"elpuucnoticias\"},\"sameAs\":[\"https:\/\/elpuucnoticias.com\"],\"url\":\"https:\/\/elpuucnoticias.com\/?author=1\"}]}<\/script>\n<!-- \/ Yoast SEO plugin. -->","yoast_head_json":{"title":"Lanza La Fundaci\u00f3n de Parques y Museos de Cozumel convocatoria de murales ef\u00edmeros para conmemorar el D\u00eda de Muertos - El Puuc Noticias","robots":{"index":"index","follow":"follow","max-snippet":"max-snippet:-1","max-image-preview":"max-image-preview:large","max-video-preview":"max-video-preview:-1"},"canonical":"https:\/\/elpuucnoticias.com\/?p=21002","og_locale":"es_ES","og_type":"article","og_title":"Lanza La Fundaci\u00f3n de Parques y Museos de Cozumel convocatoria de murales ef\u00edmeros para conmemorar el D\u00eda de Muertos - El Puuc Noticias","og_description":"La Fundaci\u00f3n de Parques y Museos de Cozumel (FPMC), a trav\u00e9s del Museo de la Isla, invita a","og_url":"https:\/\/elpuucnoticias.com\/?p=21002","og_site_name":"El Puuc Noticias","article_published_time":"2025-09-08T19:15:38+00:00","og_image":[{"width":1600,"height":1236,"url":"https:\/\/elpuucnoticias.com\/wp-content\/uploads\/2025\/09\/whatsapp-image-2025-09-05-at-15.05.51.jpeg","type":"image\/jpeg"}],"twitter_card":"summary_large_image","twitter_misc":{"Escrito por":"elpuucnoticias","Tiempo de lectura":"2 minutos"},"schema":{"@context":"https:\/\/schema.org","@graph":[{"@type":"WebSite","@id":"https:\/\/elpuucnoticias.com\/#website","url":"https:\/\/elpuucnoticias.com\/","name":"El Puuc Noticias","description":"Noticias - Entretenimiento - Deportes","potentialAction":[{"@type":"SearchAction","target":{"@type":"EntryPoint","urlTemplate":"https:\/\/elpuucnoticias.com\/?s={search_term_string}"},"query-input":"required name=search_term_string"}],"inLanguage":"es"},{"@type":"ImageObject","@id":"https:\/\/elpuucnoticias.com\/?p=21002#primaryimage","inLanguage":"es","url":"https:\/\/elpuucnoticias.com\/wp-content\/uploads\/2025\/09\/whatsapp-image-2025-09-05-at-15.05.51.jpeg","contentUrl":"https:\/\/elpuucnoticias.com\/wp-content\/uploads\/2025\/09\/whatsapp-image-2025-09-05-at-15.05.51.jpeg","width":1600,"height":1236},{"@type":"WebPage","@id":"https:\/\/elpuucnoticias.com\/?p=21002#webpage","url":"https:\/\/elpuucnoticias.com\/?p=21002","name":"Lanza La Fundaci\u00f3n de Parques y Museos de Cozumel convocatoria de murales ef\u00edmeros para conmemorar el D\u00eda de Muertos - El Puuc Noticias","isPartOf":{"@id":"https:\/\/elpuucnoticias.com\/#website"},"primaryImageOfPage":{"@id":"https:\/\/elpuucnoticias.com\/?p=21002#primaryimage"},"datePublished":"2025-09-08T19:15:38+00:00","dateModified":"2025-09-08T19:15:38+00:00","author":{"@id":"https:\/\/elpuucnoticias.com\/#\/schema\/person\/d2ea09e4c97f0160b11cdfb1d856bd9e"},"breadcrumb":{"@id":"https:\/\/elpuucnoticias.com\/?p=21002#breadcrumb"},"inLanguage":"es","potentialAction":[{"@type":"ReadAction","target":["https:\/\/elpuucnoticias.com\/?p=21002"]}]},{"@type":"BreadcrumbList","@id":"https:\/\/elpuucnoticias.com\/?p=21002#breadcrumb","itemListElement":[{"@type":"ListItem","position":1,"name":"Portada","item":"https:\/\/elpuucnoticias.com\/"},{"@type":"ListItem","position":2,"name":"Lanza La Fundaci\u00f3n de Parques y Museos de Cozumel convocatoria de murales ef\u00edmeros para conmemorar el D\u00eda de Muertos"}]},{"@type":"Person","@id":"https:\/\/elpuucnoticias.com\/#\/schema\/person\/d2ea09e4c97f0160b11cdfb1d856bd9e","name":"elpuucnoticias","image":{"@type":"ImageObject","@id":"https:\/\/elpuucnoticias.com\/#personlogo","inLanguage":"es","url":"https:\/\/secure.gravatar.com\/avatar\/5290a43657c74ffa15701dbe5b846bd85cc71930d803c84e91046a7333de6ce2?s=96&d=mm&r=g","contentUrl":"https:\/\/secure.gravatar.com\/avatar\/5290a43657c74ffa15701dbe5b846bd85cc71930d803c84e91046a7333de6ce2?s=96&d=mm&r=g","caption":"elpuucnoticias"},"sameAs":["https:\/\/elpuucnoticias.com"],"url":"https:\/\/elpuucnoticias.com\/?author=1"}]}},"_links":{"self":[{"href":"https:\/\/elpuucnoticias.com\/index.php?rest_route=\/wp\/v2\/posts\/21002","targetHints":{"allow":["GET"]}}],"collection":[{"href":"https:\/\/elpuucnoticias.com\/index.php?rest_route=\/wp\/v2\/posts"}],"about":[{"href":"https:\/\/elpuucnoticias.com\/index.php?rest_route=\/wp\/v2\/types\/post"}],"author":[{"embeddable":true,"href":"https:\/\/elpuucnoticias.com\/index.php?rest_route=\/wp\/v2\/users\/1"}],"replies":[{"embeddable":true,"href":"https:\/\/elpuucnoticias.com\/index.php?rest_route=%2Fwp%2Fv2%2Fcomments&post=21002"}],"version-history":[{"count":1,"href":"https:\/\/elpuucnoticias.com\/index.php?rest_route=\/wp\/v2\/posts\/21002\/revisions"}],"predecessor-version":[{"id":21004,"href":"https:\/\/elpuucnoticias.com\/index.php?rest_route=\/wp\/v2\/posts\/21002\/revisions\/21004"}],"wp:featuredmedia":[{"embeddable":true,"href":"https:\/\/elpuucnoticias.com\/index.php?rest_route=\/wp\/v2\/media\/21003"}],"wp:attachment":[{"href":"https:\/\/elpuucnoticias.com\/index.php?rest_route=%2Fwp%2Fv2%2Fmedia&parent=21002"}],"wp:term":[{"taxonomy":"category","embeddable":true,"href":"https:\/\/elpuucnoticias.com\/index.php?rest_route=%2Fwp%2Fv2%2Fcategories&post=21002"},{"taxonomy":"post_tag","embeddable":true,"href":"https:\/\/elpuucnoticias.com\/index.php?rest_route=%2Fwp%2Fv2%2Ftags&post=21002"}],"curies":[{"name":"wp","href":"https:\/\/api.w.org\/{rel}","templated":true}]}}