{"id":21014,"date":"2025-09-08T13:28:16","date_gmt":"2025-09-08T19:28:16","guid":{"rendered":"https:\/\/elpuucnoticias.com\/?p=21014"},"modified":"2025-09-08T13:28:17","modified_gmt":"2025-09-08T19:28:17","slug":"en-chetumal-mara-lezama-pone-en-marcha-la-semana-nacional-de-salud-publica-2025","status":"publish","type":"post","link":"https:\/\/elpuucnoticias.com\/?p=21014","title":{"rendered":"En Chetumal, Mara Lezama pone en marcha la Semana Nacional de Salud P\u00fablica 2025"},"content":{"rendered":"\n<p>Al arrancar en todo el pa\u00eds la Semana Nacional de Salud P\u00fablica 2025, la gobernadora Mara Lezama Espinosa invit\u00f3 a las y los quintanarroenses a sumarse a este esfuerzo por la salud y el bienestar, durante un evento celebrado en el parque Las Casitas, en esta capital.<\/p>\n\n\n\n<p>Bajo el lema \u201cUnidos por tu salud, construyendo bienestar\u201d, este ejercicio se realizar\u00e1 en el periodo del 6 al 13 de septiembre en escuelas, espacios p\u00fablicos y centros de trabajo de todo Quintana Roo, en donde se proporcionar\u00e1n servicios gratuitos.<\/p>\n\n\n\n<figure class=\"wp-block-image is-style-default\"><a href=\"https:\/\/cgc.qroo.gob.mx\/cjg\/wp-content\/uploads\/2025\/09\/IMG-20250906-WA0027.jpg\"><img decoding=\"async\" src=\"https:\/\/cgc.qroo.gob.mx\/cjg\/wp-content\/uploads\/2025\/09\/IMG-20250906-WA0027-585x389.jpg\" alt=\"\" title=\"IMG-20250906-WA0027\"\/><\/a><\/figure>\n\n\n\n<p>\u201cDurante esta semana realizaremos m\u00e1s de 500 actividades con las que se impactar\u00e1 a mas de 300 mil quintanarroenses a trav\u00e9s del fomento a la alimentaci\u00f3n saludable, reducir el consumo de bebidas azucaradas, promover la actividad f\u00edsica, pruebas de detecci\u00f3n de glucosa e hipertensi\u00f3n, promoci\u00f3n de la salud sexual y mental\u201d, explic\u00f3 la titular del Ejecutivo.<\/p>\n\n\n\n<p>Mara Lezama agradeci\u00f3 a la Presidenta Claudia Sheinbaum porque con su liderazago se fortalecen las pol\u00edticas p\u00fablicas que garantizan salud y justicia social en cada rinc\u00f3n del pa\u00eds. Asimismo, a la Secretar\u00eda de Salud del Gobierno de M\u00e9xico, a las instituciones y a las y los servidores p\u00fablicos que hacen posible esta jornada por el bienestar de las personas.<\/p>\n\n\n\n<p>El secretario de Salud de Quintana Roo, Flavio Carlos Rosado, subray\u00f3 la importancia de la participaci\u00f3n activa de la ciudadan\u00eda en esta semana de acciones intensivas, destacando que el trabajo conjunto entre sociedad y gobierno es clave para lograr una verdadera transformaci\u00f3n en materia de salud.<\/p>\n\n\n\n<figure class=\"wp-block-image is-style-default\"><a href=\"https:\/\/cgc.qroo.gob.mx\/cjg\/wp-content\/uploads\/2025\/09\/IMG-20250906-WA0032.jpg\"><img decoding=\"async\" src=\"https:\/\/cgc.qroo.gob.mx\/cjg\/wp-content\/uploads\/2025\/09\/IMG-20250906-WA0032-585x441.jpg\" alt=\"\" title=\"IMG-20250906-WA0032\"\/><\/a><\/figure>\n\n\n\n<p>En esta Semana Nacional de Salud P\u00fablica este gobierno diferente, humanista con coraz\u00f3n feminista, busca acercar los servicios de salud a toda la poblaci\u00f3n, especialmente a los grupos en situaci\u00f3n de mayor vulnerabilidad, a trav\u00e9s de acciones preventivas, informativas y participativas que promuevan el bienestar integral.<\/p>\n\n\n\n<p>Se desarrollar\u00e1n actividades enfocadas en cinco ejes tem\u00e1ticos clave: prevenci\u00f3n y control de enfermedades, incluyendo vacunaci\u00f3n, detecci\u00f3n oportuna, prevenci\u00f3n del dengue, y salud sexual y reproductiva. Salud materna, infantil y adolescente, garantizando servicios integrales y oportunos para estos sectores.<\/p>\n\n\n\n<figure class=\"wp-block-image is-style-default\"><a href=\"https:\/\/cgc.qroo.gob.mx\/cjg\/wp-content\/uploads\/2025\/09\/IMG-20250906-WA0030.jpg\"><img decoding=\"async\" src=\"https:\/\/cgc.qroo.gob.mx\/cjg\/wp-content\/uploads\/2025\/09\/IMG-20250906-WA0030-585x389.jpg\" alt=\"\" title=\"IMG-20250906-WA0030\"\/><\/a><\/figure>\n\n\n\n<p>El tercer eje tem\u00e1tico son las determinantes sociales de la salud, entendidos como las condiciones en las que las personas nacen, crecen, viven y trabajan, como el acceso a educaci\u00f3n, empleo y servicios de salud; la salud mental y bienestar, promoviendo entornos de apoyo emocional, autocuidado y atenci\u00f3n psicol\u00f3gica.<\/p>\n\n\n\n<p>Y el quinto eje es la participaci\u00f3n comunitaria y promoci\u00f3n de entornos saludables, con acciones como la limpieza de patios y predios, y estrategias como \u201clava, tapa y voltea\u201d para la eliminaci\u00f3n de criaderos de mosquitos.<\/p>\n\n\n\n<figure class=\"wp-block-image is-style-default\"><a href=\"https:\/\/cgc.qroo.gob.mx\/cjg\/wp-content\/uploads\/2025\/09\/IMG-20250906-WA0031.jpg\"><img decoding=\"async\" src=\"https:\/\/cgc.qroo.gob.mx\/cjg\/wp-content\/uploads\/2025\/09\/IMG-20250906-WA0031-585x390.jpg\" alt=\"\" title=\"IMG-20250906-WA0031\"\/><\/a><\/figure>\n\n\n\n<p>Entre las actividades que se realizar\u00e1n a lo largo de la semana se encuentran: pl\u00e1ticas informativas, talleres comunitarios, tamizajes de salud, campa\u00f1as de comunicaci\u00f3n y acciones de promoci\u00f3n y prevenci\u00f3n en espacios p\u00fablicos.<\/p>\n\n\n\n<p>Para consultar el calendario de actividades se invita a la poblaci\u00f3n a visitar los canales oficiales de la Secretar\u00eda de Salud.<\/p>\n","protected":false},"excerpt":{"rendered":"<p>Al arrancar en todo el pa\u00eds la Semana Nacional de Salud P\u00fablica 2025, la gobernadora Mara Lezama Espinosa<\/p>\n","protected":false},"author":1,"featured_media":21015,"comment_status":"closed","ping_status":"open","sticky":false,"template":"","format":"standard","meta":{"_monsterinsights_skip_tracking":false,"_monsterinsights_sitenote_active":false,"_monsterinsights_sitenote_note":"","_monsterinsights_sitenote_category":0,"footnotes":""},"categories":[11,24],"tags":[],"class_list":["post-21014","post","type-post","status-publish","format-standard","has-post-thumbnail","hentry","category-noticias","category-quintana-roo"],"yoast_head":"<!-- This site is optimized with the Yoast SEO plugin v18.3 - https:\/\/yoast.com\/wordpress\/plugins\/seo\/ -->\n<title>En Chetumal, Mara Lezama pone en marcha la Semana Nacional de Salud P\u00fablica 2025 - El Puuc Noticias<\/title>\n<meta name=\"robots\" content=\"index, follow, max-snippet:-1, max-image-preview:large, max-video-preview:-1\" \/>\n<link rel=\"canonical\" href=\"https:\/\/elpuucnoticias.com\/?p=21014\" \/>\n<meta property=\"og:locale\" content=\"es_ES\" \/>\n<meta property=\"og:type\" content=\"article\" \/>\n<meta property=\"og:title\" content=\"En Chetumal, Mara Lezama pone en marcha la Semana Nacional de Salud P\u00fablica 2025 - El Puuc Noticias\" \/>\n<meta property=\"og:description\" content=\"Al arrancar en todo el pa\u00eds la Semana Nacional de Salud P\u00fablica 2025, la gobernadora Mara Lezama Espinosa\" \/>\n<meta property=\"og:url\" content=\"https:\/\/elpuucnoticias.com\/?p=21014\" \/>\n<meta property=\"og:site_name\" content=\"El Puuc Noticias\" \/>\n<meta property=\"article:published_time\" content=\"2025-09-08T19:28:16+00:00\" \/>\n<meta property=\"article:modified_time\" content=\"2025-09-08T19:28:17+00:00\" \/>\n<meta property=\"og:image\" content=\"https:\/\/elpuucnoticias.com\/wp-content\/uploads\/2025\/09\/img-20250906-wa0026.jpg\" \/>\n\t<meta property=\"og:image:width\" content=\"1280\" \/>\n\t<meta property=\"og:image:height\" content=\"1146\" \/>\n\t<meta property=\"og:image:type\" content=\"image\/jpeg\" \/>\n<meta name=\"twitter:card\" content=\"summary_large_image\" \/>\n<meta name=\"twitter:label1\" content=\"Escrito por\" \/>\n\t<meta name=\"twitter:data1\" content=\"elpuucnoticias\" \/>\n\t<meta name=\"twitter:label2\" content=\"Tiempo de lectura\" \/>\n\t<meta name=\"twitter:data2\" content=\"3 minutos\" \/>\n<script type=\"application\/ld+json\" class=\"yoast-schema-graph\">{\"@context\":\"https:\/\/schema.org\",\"@graph\":[{\"@type\":\"WebSite\",\"@id\":\"https:\/\/elpuucnoticias.com\/#website\",\"url\":\"https:\/\/elpuucnoticias.com\/\",\"name\":\"El Puuc Noticias\",\"description\":\"Noticias - Entretenimiento - Deportes\",\"potentialAction\":[{\"@type\":\"SearchAction\",\"target\":{\"@type\":\"EntryPoint\",\"urlTemplate\":\"https:\/\/elpuucnoticias.com\/?s={search_term_string}\"},\"query-input\":\"required name=search_term_string\"}],\"inLanguage\":\"es\"},{\"@type\":\"ImageObject\",\"@id\":\"https:\/\/elpuucnoticias.com\/?p=21014#primaryimage\",\"inLanguage\":\"es\",\"url\":\"https:\/\/elpuucnoticias.com\/wp-content\/uploads\/2025\/09\/img-20250906-wa0026.jpg\",\"contentUrl\":\"https:\/\/elpuucnoticias.com\/wp-content\/uploads\/2025\/09\/img-20250906-wa0026.jpg\",\"width\":1280,\"height\":1146},{\"@type\":\"WebPage\",\"@id\":\"https:\/\/elpuucnoticias.com\/?p=21014#webpage\",\"url\":\"https:\/\/elpuucnoticias.com\/?p=21014\",\"name\":\"En Chetumal, Mara Lezama pone en marcha la Semana Nacional de Salud P\u00fablica 2025 - El Puuc Noticias\",\"isPartOf\":{\"@id\":\"https:\/\/elpuucnoticias.com\/#website\"},\"primaryImageOfPage\":{\"@id\":\"https:\/\/elpuucnoticias.com\/?p=21014#primaryimage\"},\"datePublished\":\"2025-09-08T19:28:16+00:00\",\"dateModified\":\"2025-09-08T19:28:17+00:00\",\"author\":{\"@id\":\"https:\/\/elpuucnoticias.com\/#\/schema\/person\/d2ea09e4c97f0160b11cdfb1d856bd9e\"},\"breadcrumb\":{\"@id\":\"https:\/\/elpuucnoticias.com\/?p=21014#breadcrumb\"},\"inLanguage\":\"es\",\"potentialAction\":[{\"@type\":\"ReadAction\",\"target\":[\"https:\/\/elpuucnoticias.com\/?p=21014\"]}]},{\"@type\":\"BreadcrumbList\",\"@id\":\"https:\/\/elpuucnoticias.com\/?p=21014#breadcrumb\",\"itemListElement\":[{\"@type\":\"ListItem\",\"position\":1,\"name\":\"Portada\",\"item\":\"https:\/\/elpuucnoticias.com\/\"},{\"@type\":\"ListItem\",\"position\":2,\"name\":\"En Chetumal, Mara Lezama pone en marcha la Semana Nacional de Salud P\u00fablica 2025\"}]},{\"@type\":\"Person\",\"@id\":\"https:\/\/elpuucnoticias.com\/#\/schema\/person\/d2ea09e4c97f0160b11cdfb1d856bd9e\",\"name\":\"elpuucnoticias\",\"image\":{\"@type\":\"ImageObject\",\"@id\":\"https:\/\/elpuucnoticias.com\/#personlogo\",\"inLanguage\":\"es\",\"url\":\"https:\/\/secure.gravatar.com\/avatar\/5290a43657c74ffa15701dbe5b846bd85cc71930d803c84e91046a7333de6ce2?s=96&d=mm&r=g\",\"contentUrl\":\"https:\/\/secure.gravatar.com\/avatar\/5290a43657c74ffa15701dbe5b846bd85cc71930d803c84e91046a7333de6ce2?s=96&d=mm&r=g\",\"caption\":\"elpuucnoticias\"},\"sameAs\":[\"https:\/\/elpuucnoticias.com\"],\"url\":\"https:\/\/elpuucnoticias.com\/?author=1\"}]}<\/script>\n<!-- \/ Yoast SEO plugin. -->","yoast_head_json":{"title":"En Chetumal, Mara Lezama pone en marcha la Semana Nacional de Salud P\u00fablica 2025 - El Puuc Noticias","robots":{"index":"index","follow":"follow","max-snippet":"max-snippet:-1","max-image-preview":"max-image-preview:large","max-video-preview":"max-video-preview:-1"},"canonical":"https:\/\/elpuucnoticias.com\/?p=21014","og_locale":"es_ES","og_type":"article","og_title":"En Chetumal, Mara Lezama pone en marcha la Semana Nacional de Salud P\u00fablica 2025 - El Puuc Noticias","og_description":"Al arrancar en todo el pa\u00eds la Semana Nacional de Salud P\u00fablica 2025, la gobernadora Mara Lezama Espinosa","og_url":"https:\/\/elpuucnoticias.com\/?p=21014","og_site_name":"El Puuc Noticias","article_published_time":"2025-09-08T19:28:16+00:00","article_modified_time":"2025-09-08T19:28:17+00:00","og_image":[{"width":1280,"height":1146,"url":"https:\/\/elpuucnoticias.com\/wp-content\/uploads\/2025\/09\/img-20250906-wa0026.jpg","type":"image\/jpeg"}],"twitter_card":"summary_large_image","twitter_misc":{"Escrito por":"elpuucnoticias","Tiempo de lectura":"3 minutos"},"schema":{"@context":"https:\/\/schema.org","@graph":[{"@type":"WebSite","@id":"https:\/\/elpuucnoticias.com\/#website","url":"https:\/\/elpuucnoticias.com\/","name":"El Puuc Noticias","description":"Noticias - Entretenimiento - Deportes","potentialAction":[{"@type":"SearchAction","target":{"@type":"EntryPoint","urlTemplate":"https:\/\/elpuucnoticias.com\/?s={search_term_string}"},"query-input":"required name=search_term_string"}],"inLanguage":"es"},{"@type":"ImageObject","@id":"https:\/\/elpuucnoticias.com\/?p=21014#primaryimage","inLanguage":"es","url":"https:\/\/elpuucnoticias.com\/wp-content\/uploads\/2025\/09\/img-20250906-wa0026.jpg","contentUrl":"https:\/\/elpuucnoticias.com\/wp-content\/uploads\/2025\/09\/img-20250906-wa0026.jpg","width":1280,"height":1146},{"@type":"WebPage","@id":"https:\/\/elpuucnoticias.com\/?p=21014#webpage","url":"https:\/\/elpuucnoticias.com\/?p=21014","name":"En Chetumal, Mara Lezama pone en marcha la Semana Nacional de Salud P\u00fablica 2025 - El Puuc Noticias","isPartOf":{"@id":"https:\/\/elpuucnoticias.com\/#website"},"primaryImageOfPage":{"@id":"https:\/\/elpuucnoticias.com\/?p=21014#primaryimage"},"datePublished":"2025-09-08T19:28:16+00:00","dateModified":"2025-09-08T19:28:17+00:00","author":{"@id":"https:\/\/elpuucnoticias.com\/#\/schema\/person\/d2ea09e4c97f0160b11cdfb1d856bd9e"},"breadcrumb":{"@id":"https:\/\/elpuucnoticias.com\/?p=21014#breadcrumb"},"inLanguage":"es","potentialAction":[{"@type":"ReadAction","target":["https:\/\/elpuucnoticias.com\/?p=21014"]}]},{"@type":"BreadcrumbList","@id":"https:\/\/elpuucnoticias.com\/?p=21014#breadcrumb","itemListElement":[{"@type":"ListItem","position":1,"name":"Portada","item":"https:\/\/elpuucnoticias.com\/"},{"@type":"ListItem","position":2,"name":"En Chetumal, Mara Lezama pone en marcha la Semana Nacional de Salud P\u00fablica 2025"}]},{"@type":"Person","@id":"https:\/\/elpuucnoticias.com\/#\/schema\/person\/d2ea09e4c97f0160b11cdfb1d856bd9e","name":"elpuucnoticias","image":{"@type":"ImageObject","@id":"https:\/\/elpuucnoticias.com\/#personlogo","inLanguage":"es","url":"https:\/\/secure.gravatar.com\/avatar\/5290a43657c74ffa15701dbe5b846bd85cc71930d803c84e91046a7333de6ce2?s=96&d=mm&r=g","contentUrl":"https:\/\/secure.gravatar.com\/avatar\/5290a43657c74ffa15701dbe5b846bd85cc71930d803c84e91046a7333de6ce2?s=96&d=mm&r=g","caption":"elpuucnoticias"},"sameAs":["https:\/\/elpuucnoticias.com"],"url":"https:\/\/elpuucnoticias.com\/?author=1"}]}},"_links":{"self":[{"href":"https:\/\/elpuucnoticias.com\/index.php?rest_route=\/wp\/v2\/posts\/21014","targetHints":{"allow":["GET"]}}],"collection":[{"href":"https:\/\/elpuucnoticias.com\/index.php?rest_route=\/wp\/v2\/posts"}],"about":[{"href":"https:\/\/elpuucnoticias.com\/index.php?rest_route=\/wp\/v2\/types\/post"}],"author":[{"embeddable":true,"href":"https:\/\/elpuucnoticias.com\/index.php?rest_route=\/wp\/v2\/users\/1"}],"replies":[{"embeddable":true,"href":"https:\/\/elpuucnoticias.com\/index.php?rest_route=%2Fwp%2Fv2%2Fcomments&post=21014"}],"version-history":[{"count":1,"href":"https:\/\/elpuucnoticias.com\/index.php?rest_route=\/wp\/v2\/posts\/21014\/revisions"}],"predecessor-version":[{"id":21016,"href":"https:\/\/elpuucnoticias.com\/index.php?rest_route=\/wp\/v2\/posts\/21014\/revisions\/21016"}],"wp:featuredmedia":[{"embeddable":true,"href":"https:\/\/elpuucnoticias.com\/index.php?rest_route=\/wp\/v2\/media\/21015"}],"wp:attachment":[{"href":"https:\/\/elpuucnoticias.com\/index.php?rest_route=%2Fwp%2Fv2%2Fmedia&parent=21014"}],"wp:term":[{"taxonomy":"category","embeddable":true,"href":"https:\/\/elpuucnoticias.com\/index.php?rest_route=%2Fwp%2Fv2%2Fcategories&post=21014"},{"taxonomy":"post_tag","embeddable":true,"href":"https:\/\/elpuucnoticias.com\/index.php?rest_route=%2Fwp%2Fv2%2Ftags&post=21014"}],"curies":[{"name":"wp","href":"https:\/\/api.w.org\/{rel}","templated":true}]}}