{"id":21026,"date":"2025-09-09T12:08:54","date_gmt":"2025-09-09T18:08:54","guid":{"rendered":"https:\/\/elpuucnoticias.com\/?p=21026"},"modified":"2025-09-09T12:08:55","modified_gmt":"2025-09-09T18:08:55","slug":"a-proceso-por-lesiones-calificadas-en-flamboyanes","status":"publish","type":"post","link":"https:\/\/elpuucnoticias.com\/?p=21026","title":{"rendered":"A proceso por lesiones calificadas en Flamboyanes"},"content":{"rendered":"\n<p>&nbsp;La Fiscal\u00eda General del Estado (FGE) aport\u00f3 los datos y elementos de prueba suficientes para que J.L.M. fuera vinculado a proceso por el delito de lesiones calificadas cometidas contra servidor p\u00fablico, denunciado tras los hechos ocurridos en d\u00edas pasados en calles del fraccionamiento Flamboyanes de Progreso.<\/p>\n\n\n\n<p>Al empezar la audiencia inicial ante la Juez Tercera de Control, los fiscales de litigaci\u00f3n formularon la imputaci\u00f3n del delito y despu\u00e9s argumentaron la vinculaci\u00f3n a proceso, con lo cual estuvo de acuerdo el encausado, para definir su situaci\u00f3n legal durante la misma diligencia.<\/p>\n\n\n\n<p>La Juez de Control, valor\u00f3 los datos y elementos aportados por los fiscales de litigaci\u00f3n y dict\u00f3 el auto de vinculaci\u00f3n a proceso por el delito imputado y otorg\u00f3 adem\u00e1s un plazo de dos meses para el cierre de la investigaci\u00f3n complementaria.<\/p>\n\n\n\n<p>De los hechos, reunidos en la causa penal 85\/2025, ocurrieron el pasado 30 de agosto, cuando tres agentes recibieron el aviso de que el encausado se encontraba amenazando a ciudadanos en calles del citado fraccionamiento, por lo que al llegar al lugar, el acusado agredi\u00f3 con un machete a uno de los agentes, por lo que fue sometido y detenido<\/p>\n\n\n\n<p>Antes de concluir la diligencia, los fiscales de litigaci\u00f3n expusieron los argumentos para sustentar la solicitud de la prisi\u00f3n preventiva como medida cautelar, la cual fue concedida por la Juez de Control por todo el tiempo que dure el proceso, por lo que el acusado permanecer\u00e1 privado de su libertad hasta esclarecer su participaci\u00f3n en los hechos denunciados.<\/p>\n","protected":false},"excerpt":{"rendered":"<p>&nbsp;La Fiscal\u00eda General del Estado (FGE) aport\u00f3 los datos y elementos de prueba suficientes para que J.L.M. fuera<\/p>\n","protected":false},"author":1,"featured_media":20837,"comment_status":"closed","ping_status":"open","sticky":false,"template":"","format":"standard","meta":{"_monsterinsights_skip_tracking":false,"_monsterinsights_sitenote_active":false,"_monsterinsights_sitenote_note":"","_monsterinsights_sitenote_category":0,"footnotes":""},"categories":[11,3],"tags":[],"class_list":["post-21026","post","type-post","status-publish","format-standard","has-post-thumbnail","hentry","category-noticias","category-policiacas"],"yoast_head":"<!-- This site is optimized with the Yoast SEO plugin v18.3 - https:\/\/yoast.com\/wordpress\/plugins\/seo\/ -->\n<title>A proceso por lesiones calificadas en Flamboyanes - El Puuc Noticias<\/title>\n<meta name=\"robots\" content=\"index, follow, max-snippet:-1, max-image-preview:large, max-video-preview:-1\" \/>\n<link rel=\"canonical\" href=\"https:\/\/elpuucnoticias.com\/?p=21026\" \/>\n<meta property=\"og:locale\" content=\"es_ES\" \/>\n<meta property=\"og:type\" content=\"article\" \/>\n<meta property=\"og:title\" content=\"A proceso por lesiones calificadas en Flamboyanes - El Puuc Noticias\" \/>\n<meta property=\"og:description\" content=\"&nbsp;La Fiscal\u00eda General del Estado (FGE) aport\u00f3 los datos y elementos de prueba suficientes para que J.L.M. fuera\" \/>\n<meta property=\"og:url\" content=\"https:\/\/elpuucnoticias.com\/?p=21026\" \/>\n<meta property=\"og:site_name\" content=\"El Puuc Noticias\" \/>\n<meta property=\"article:published_time\" content=\"2025-09-09T18:08:54+00:00\" \/>\n<meta property=\"article:modified_time\" content=\"2025-09-09T18:08:55+00:00\" \/>\n<meta property=\"og:image\" content=\"https:\/\/elpuucnoticias.com\/wp-content\/uploads\/2025\/08\/fi6.jpg\" \/>\n\t<meta property=\"og:image:width\" content=\"980\" \/>\n\t<meta property=\"og:image:height\" content=\"552\" \/>\n\t<meta property=\"og:image:type\" content=\"image\/jpeg\" \/>\n<meta name=\"twitter:card\" content=\"summary_large_image\" \/>\n<meta name=\"twitter:label1\" content=\"Escrito por\" \/>\n\t<meta name=\"twitter:data1\" content=\"elpuucnoticias\" \/>\n\t<meta name=\"twitter:label2\" content=\"Tiempo de lectura\" \/>\n\t<meta name=\"twitter:data2\" content=\"1 minuto\" \/>\n<script type=\"application\/ld+json\" class=\"yoast-schema-graph\">{\"@context\":\"https:\/\/schema.org\",\"@graph\":[{\"@type\":\"WebSite\",\"@id\":\"https:\/\/elpuucnoticias.com\/#website\",\"url\":\"https:\/\/elpuucnoticias.com\/\",\"name\":\"El Puuc Noticias\",\"description\":\"Noticias - Entretenimiento - Deportes\",\"potentialAction\":[{\"@type\":\"SearchAction\",\"target\":{\"@type\":\"EntryPoint\",\"urlTemplate\":\"https:\/\/elpuucnoticias.com\/?s={search_term_string}\"},\"query-input\":\"required name=search_term_string\"}],\"inLanguage\":\"es\"},{\"@type\":\"ImageObject\",\"@id\":\"https:\/\/elpuucnoticias.com\/?p=21026#primaryimage\",\"inLanguage\":\"es\",\"url\":\"https:\/\/elpuucnoticias.com\/wp-content\/uploads\/2025\/08\/fi6.jpg\",\"contentUrl\":\"https:\/\/elpuucnoticias.com\/wp-content\/uploads\/2025\/08\/fi6.jpg\",\"width\":980,\"height\":552},{\"@type\":\"WebPage\",\"@id\":\"https:\/\/elpuucnoticias.com\/?p=21026#webpage\",\"url\":\"https:\/\/elpuucnoticias.com\/?p=21026\",\"name\":\"A proceso por lesiones calificadas en Flamboyanes - El Puuc Noticias\",\"isPartOf\":{\"@id\":\"https:\/\/elpuucnoticias.com\/#website\"},\"primaryImageOfPage\":{\"@id\":\"https:\/\/elpuucnoticias.com\/?p=21026#primaryimage\"},\"datePublished\":\"2025-09-09T18:08:54+00:00\",\"dateModified\":\"2025-09-09T18:08:55+00:00\",\"author\":{\"@id\":\"https:\/\/elpuucnoticias.com\/#\/schema\/person\/d2ea09e4c97f0160b11cdfb1d856bd9e\"},\"breadcrumb\":{\"@id\":\"https:\/\/elpuucnoticias.com\/?p=21026#breadcrumb\"},\"inLanguage\":\"es\",\"potentialAction\":[{\"@type\":\"ReadAction\",\"target\":[\"https:\/\/elpuucnoticias.com\/?p=21026\"]}]},{\"@type\":\"BreadcrumbList\",\"@id\":\"https:\/\/elpuucnoticias.com\/?p=21026#breadcrumb\",\"itemListElement\":[{\"@type\":\"ListItem\",\"position\":1,\"name\":\"Portada\",\"item\":\"https:\/\/elpuucnoticias.com\/\"},{\"@type\":\"ListItem\",\"position\":2,\"name\":\"A proceso por lesiones calificadas en Flamboyanes\"}]},{\"@type\":\"Person\",\"@id\":\"https:\/\/elpuucnoticias.com\/#\/schema\/person\/d2ea09e4c97f0160b11cdfb1d856bd9e\",\"name\":\"elpuucnoticias\",\"image\":{\"@type\":\"ImageObject\",\"@id\":\"https:\/\/elpuucnoticias.com\/#personlogo\",\"inLanguage\":\"es\",\"url\":\"https:\/\/secure.gravatar.com\/avatar\/5290a43657c74ffa15701dbe5b846bd85cc71930d803c84e91046a7333de6ce2?s=96&d=mm&r=g\",\"contentUrl\":\"https:\/\/secure.gravatar.com\/avatar\/5290a43657c74ffa15701dbe5b846bd85cc71930d803c84e91046a7333de6ce2?s=96&d=mm&r=g\",\"caption\":\"elpuucnoticias\"},\"sameAs\":[\"https:\/\/elpuucnoticias.com\"],\"url\":\"https:\/\/elpuucnoticias.com\/?author=1\"}]}<\/script>\n<!-- \/ Yoast SEO plugin. -->","yoast_head_json":{"title":"A proceso por lesiones calificadas en Flamboyanes - El Puuc Noticias","robots":{"index":"index","follow":"follow","max-snippet":"max-snippet:-1","max-image-preview":"max-image-preview:large","max-video-preview":"max-video-preview:-1"},"canonical":"https:\/\/elpuucnoticias.com\/?p=21026","og_locale":"es_ES","og_type":"article","og_title":"A proceso por lesiones calificadas en Flamboyanes - El Puuc Noticias","og_description":"&nbsp;La Fiscal\u00eda General del Estado (FGE) aport\u00f3 los datos y elementos de prueba suficientes para que J.L.M. fuera","og_url":"https:\/\/elpuucnoticias.com\/?p=21026","og_site_name":"El Puuc Noticias","article_published_time":"2025-09-09T18:08:54+00:00","article_modified_time":"2025-09-09T18:08:55+00:00","og_image":[{"width":980,"height":552,"url":"https:\/\/elpuucnoticias.com\/wp-content\/uploads\/2025\/08\/fi6.jpg","type":"image\/jpeg"}],"twitter_card":"summary_large_image","twitter_misc":{"Escrito por":"elpuucnoticias","Tiempo de lectura":"1 minuto"},"schema":{"@context":"https:\/\/schema.org","@graph":[{"@type":"WebSite","@id":"https:\/\/elpuucnoticias.com\/#website","url":"https:\/\/elpuucnoticias.com\/","name":"El Puuc Noticias","description":"Noticias - Entretenimiento - Deportes","potentialAction":[{"@type":"SearchAction","target":{"@type":"EntryPoint","urlTemplate":"https:\/\/elpuucnoticias.com\/?s={search_term_string}"},"query-input":"required name=search_term_string"}],"inLanguage":"es"},{"@type":"ImageObject","@id":"https:\/\/elpuucnoticias.com\/?p=21026#primaryimage","inLanguage":"es","url":"https:\/\/elpuucnoticias.com\/wp-content\/uploads\/2025\/08\/fi6.jpg","contentUrl":"https:\/\/elpuucnoticias.com\/wp-content\/uploads\/2025\/08\/fi6.jpg","width":980,"height":552},{"@type":"WebPage","@id":"https:\/\/elpuucnoticias.com\/?p=21026#webpage","url":"https:\/\/elpuucnoticias.com\/?p=21026","name":"A proceso por lesiones calificadas en Flamboyanes - El Puuc Noticias","isPartOf":{"@id":"https:\/\/elpuucnoticias.com\/#website"},"primaryImageOfPage":{"@id":"https:\/\/elpuucnoticias.com\/?p=21026#primaryimage"},"datePublished":"2025-09-09T18:08:54+00:00","dateModified":"2025-09-09T18:08:55+00:00","author":{"@id":"https:\/\/elpuucnoticias.com\/#\/schema\/person\/d2ea09e4c97f0160b11cdfb1d856bd9e"},"breadcrumb":{"@id":"https:\/\/elpuucnoticias.com\/?p=21026#breadcrumb"},"inLanguage":"es","potentialAction":[{"@type":"ReadAction","target":["https:\/\/elpuucnoticias.com\/?p=21026"]}]},{"@type":"BreadcrumbList","@id":"https:\/\/elpuucnoticias.com\/?p=21026#breadcrumb","itemListElement":[{"@type":"ListItem","position":1,"name":"Portada","item":"https:\/\/elpuucnoticias.com\/"},{"@type":"ListItem","position":2,"name":"A proceso por lesiones calificadas en Flamboyanes"}]},{"@type":"Person","@id":"https:\/\/elpuucnoticias.com\/#\/schema\/person\/d2ea09e4c97f0160b11cdfb1d856bd9e","name":"elpuucnoticias","image":{"@type":"ImageObject","@id":"https:\/\/elpuucnoticias.com\/#personlogo","inLanguage":"es","url":"https:\/\/secure.gravatar.com\/avatar\/5290a43657c74ffa15701dbe5b846bd85cc71930d803c84e91046a7333de6ce2?s=96&d=mm&r=g","contentUrl":"https:\/\/secure.gravatar.com\/avatar\/5290a43657c74ffa15701dbe5b846bd85cc71930d803c84e91046a7333de6ce2?s=96&d=mm&r=g","caption":"elpuucnoticias"},"sameAs":["https:\/\/elpuucnoticias.com"],"url":"https:\/\/elpuucnoticias.com\/?author=1"}]}},"_links":{"self":[{"href":"https:\/\/elpuucnoticias.com\/index.php?rest_route=\/wp\/v2\/posts\/21026","targetHints":{"allow":["GET"]}}],"collection":[{"href":"https:\/\/elpuucnoticias.com\/index.php?rest_route=\/wp\/v2\/posts"}],"about":[{"href":"https:\/\/elpuucnoticias.com\/index.php?rest_route=\/wp\/v2\/types\/post"}],"author":[{"embeddable":true,"href":"https:\/\/elpuucnoticias.com\/index.php?rest_route=\/wp\/v2\/users\/1"}],"replies":[{"embeddable":true,"href":"https:\/\/elpuucnoticias.com\/index.php?rest_route=%2Fwp%2Fv2%2Fcomments&post=21026"}],"version-history":[{"count":1,"href":"https:\/\/elpuucnoticias.com\/index.php?rest_route=\/wp\/v2\/posts\/21026\/revisions"}],"predecessor-version":[{"id":21027,"href":"https:\/\/elpuucnoticias.com\/index.php?rest_route=\/wp\/v2\/posts\/21026\/revisions\/21027"}],"wp:featuredmedia":[{"embeddable":true,"href":"https:\/\/elpuucnoticias.com\/index.php?rest_route=\/wp\/v2\/media\/20837"}],"wp:attachment":[{"href":"https:\/\/elpuucnoticias.com\/index.php?rest_route=%2Fwp%2Fv2%2Fmedia&parent=21026"}],"wp:term":[{"taxonomy":"category","embeddable":true,"href":"https:\/\/elpuucnoticias.com\/index.php?rest_route=%2Fwp%2Fv2%2Fcategories&post=21026"},{"taxonomy":"post_tag","embeddable":true,"href":"https:\/\/elpuucnoticias.com\/index.php?rest_route=%2Fwp%2Fv2%2Ftags&post=21026"}],"curies":[{"name":"wp","href":"https:\/\/api.w.org\/{rel}","templated":true}]}}