{"id":21028,"date":"2025-09-09T12:37:11","date_gmt":"2025-09-09T18:37:11","guid":{"rendered":"https:\/\/elpuucnoticias.com\/?p=21028"},"modified":"2025-09-09T12:37:11","modified_gmt":"2025-09-09T18:37:11","slug":"celebran-50-anos-de-trayectoria-literaria-del-escritor-cozumeleno-victor-vivas-valdes","status":"publish","type":"post","link":"https:\/\/elpuucnoticias.com\/?p=21028","title":{"rendered":"Celebran 50 a\u00f1os de trayectoria literaria del escritor cozumele\u00f1o V\u00edctor Vivas Vald\u00e9s"},"content":{"rendered":"\n<p>La Fundaci\u00f3n de Parques y Museos de Cozumel (FPMC) celebrar\u00e1 medio siglo de trayectoria del escritor cozumele\u00f1o V\u00edctor Vivas Vald\u00e9s, creador de una vasta obra que abarca cuentos infantiles, poes\u00eda, teatro, pastorelas y composiciones musicales. El evento se realizar\u00e1 el pr\u00f3ximo jueves 11 de septiembre, a las 19:00 horas, en el auditorio del Museo de la Isla.<\/p>\n\n\n\n<p>\u201cReconocer el trabajo del escritor es reconocer el talento local que inspira a m\u00e1s personas a acercarse al arte y la cultura\u201d, expres\u00f3 la directora general de la FPMC, Juanita Alonso Marrufo, quien abund\u00f3 que se busca tambi\u00e9n acercar todas las expresiones art\u00edsticas a la comunidad como se establece en el Nuevo Acuerdo por el Bienestar y Desarrollo de Quintana Roo que impulsa la gobernadora Mara Lezama Espinosa.<\/p>\n\n\n\n<figure class=\"wp-block-image is-style-default\"><a href=\"https:\/\/cgc.qroo.gob.mx\/cjg\/wp-content\/uploads\/2025\/09\/WhatsApp-Image-2025-09-08-at-14.08.13.jpeg\"><img decoding=\"async\" src=\"https:\/\/cgc.qroo.gob.mx\/cjg\/wp-content\/uploads\/2025\/09\/WhatsApp-Image-2025-09-08-at-14.08.13-585x585.jpeg\" alt=\"\" title=\"WhatsApp Image 2025-09-08 at 14.08.13\"\/><\/a><\/figure>\n\n\n\n<p>Por su parte, Isela Carrillo Cupul, directora del Museo de la Isla, destac\u00f3 que Vivas Vald\u00e9s es un referente literario en la Isla y el estado, porque su disciplina y pasi\u00f3n por las letras lo han llevado, aun siendo autodidacta, a obtener reconocimientos locales, nacionales e internacionales que respaldan la calidad de su obra.<\/p>\n\n\n\n<p>Entre sus logros destacan los primeros lugares en el concurso \u201cMemorias de una Isla\u201d, organizado por la FPMC, en 2010 y 2011; as\u00ed como premios y menciones en cert\u00e1menes de cuento y poes\u00eda en la Ciudad de M\u00e9xico y otros lugares. Ha publicado los libros \u201cEl vuelo de la golondrina\u201d, \u201cUn atisbo al azul\u201d y \u201cEpistolario\u201d, entre muchas otras obras, producto de m\u00e1s de medio siglo de creaci\u00f3n literaria.<\/p>\n\n\n\n<figure class=\"wp-block-image is-style-default\"><a href=\"https:\/\/cgc.qroo.gob.mx\/cjg\/wp-content\/uploads\/2025\/09\/WhatsApp-Image-2025-09-08-at-14.08.13-1.jpeg\"><img decoding=\"async\" src=\"https:\/\/cgc.qroo.gob.mx\/cjg\/wp-content\/uploads\/2025\/09\/WhatsApp-Image-2025-09-08-at-14.08.13-1-585x602.jpeg\" alt=\"\" title=\"WhatsApp Image 2025-09-08 at 14.08.13 (1)\"\/><\/a><\/figure>\n\n\n\n<p>Su producci\u00f3n no se ha limitado a la escritura individual, ya que ha colaborado en revistas y publicaciones locales, nacionales e internacionales como Primer Mestizaje de Chetumal; Repobladores de Cozumel; ECCO de Ecuador; y Sonata para el Soneto de Bacalar. Asimismo, su voz ha estado presente en escenarios de Colombia, Playa del Carmen, Bogot\u00e1 y diversos encuentros de escritores del Caribe.<\/p>\n\n\n\n<p>Uno de los momentos m\u00e1s significativos de su trayectoria se dio en 2014, cuando su poema Cozumel fue incluido en la c\u00e1psula del tiempo conmemorativa del XL Aniversario de la Creaci\u00f3n del Estado de Quintana Roo, la cual ser\u00e1 abierta en el centenario de la entidad.<\/p>\n\n\n\n<p>Finalmente, Isela Carrillo se\u00f1al\u00f3 que con este homenaje, la FPMC celebra no solo la trayectoria de un escritor, sino tambi\u00e9n el valor de la literatura como un legado que inspira a las nuevas generaciones, e invit\u00f3 al p\u00fablico en general al homenaje a V\u00edctor Vivas, que se realizar\u00e1 el jueves 11 de septiembre, a las 19:00 horas, en el auditorio del Museo de la Isla.<\/p>\n","protected":false},"excerpt":{"rendered":"<p>La Fundaci\u00f3n de Parques y Museos de Cozumel (FPMC) celebrar\u00e1 medio siglo de trayectoria del escritor cozumele\u00f1o V\u00edctor<\/p>\n","protected":false},"author":1,"featured_media":21029,"comment_status":"closed","ping_status":"open","sticky":false,"template":"","format":"standard","meta":{"_monsterinsights_skip_tracking":false,"_monsterinsights_sitenote_active":false,"_monsterinsights_sitenote_note":"","_monsterinsights_sitenote_category":0,"footnotes":""},"categories":[42,24],"tags":[],"class_list":["post-21028","post","type-post","status-publish","format-standard","has-post-thumbnail","hentry","category-nacional","category-quintana-roo"],"yoast_head":"<!-- This site is optimized with the Yoast SEO plugin v18.3 - https:\/\/yoast.com\/wordpress\/plugins\/seo\/ -->\n<title>Celebran 50 a\u00f1os de trayectoria literaria del escritor cozumele\u00f1o V\u00edctor Vivas Vald\u00e9s - El Puuc Noticias<\/title>\n<meta name=\"robots\" content=\"index, follow, max-snippet:-1, max-image-preview:large, max-video-preview:-1\" \/>\n<link rel=\"canonical\" href=\"https:\/\/elpuucnoticias.com\/?p=21028\" \/>\n<meta property=\"og:locale\" content=\"es_ES\" \/>\n<meta property=\"og:type\" content=\"article\" \/>\n<meta property=\"og:title\" content=\"Celebran 50 a\u00f1os de trayectoria literaria del escritor cozumele\u00f1o V\u00edctor Vivas Vald\u00e9s - El Puuc Noticias\" \/>\n<meta property=\"og:description\" content=\"La Fundaci\u00f3n de Parques y Museos de Cozumel (FPMC) celebrar\u00e1 medio siglo de trayectoria del escritor cozumele\u00f1o V\u00edctor\" \/>\n<meta property=\"og:url\" content=\"https:\/\/elpuucnoticias.com\/?p=21028\" \/>\n<meta property=\"og:site_name\" content=\"El Puuc Noticias\" \/>\n<meta property=\"article:published_time\" content=\"2025-09-09T18:37:11+00:00\" \/>\n<meta property=\"og:image\" content=\"https:\/\/elpuucnoticias.com\/wp-content\/uploads\/2025\/09\/whatsapp-image-2025-09-08-at-14.08.38.jpeg\" \/>\n\t<meta property=\"og:image:width\" content=\"1600\" \/>\n\t<meta property=\"og:image:height\" content=\"1600\" \/>\n\t<meta property=\"og:image:type\" content=\"image\/jpeg\" \/>\n<meta name=\"twitter:card\" content=\"summary_large_image\" \/>\n<meta name=\"twitter:label1\" content=\"Escrito por\" \/>\n\t<meta name=\"twitter:data1\" content=\"elpuucnoticias\" \/>\n\t<meta name=\"twitter:label2\" content=\"Tiempo de lectura\" \/>\n\t<meta name=\"twitter:data2\" content=\"2 minutos\" \/>\n<script type=\"application\/ld+json\" class=\"yoast-schema-graph\">{\"@context\":\"https:\/\/schema.org\",\"@graph\":[{\"@type\":\"WebSite\",\"@id\":\"https:\/\/elpuucnoticias.com\/#website\",\"url\":\"https:\/\/elpuucnoticias.com\/\",\"name\":\"El Puuc Noticias\",\"description\":\"Noticias - Entretenimiento - Deportes\",\"potentialAction\":[{\"@type\":\"SearchAction\",\"target\":{\"@type\":\"EntryPoint\",\"urlTemplate\":\"https:\/\/elpuucnoticias.com\/?s={search_term_string}\"},\"query-input\":\"required name=search_term_string\"}],\"inLanguage\":\"es\"},{\"@type\":\"ImageObject\",\"@id\":\"https:\/\/elpuucnoticias.com\/?p=21028#primaryimage\",\"inLanguage\":\"es\",\"url\":\"https:\/\/elpuucnoticias.com\/wp-content\/uploads\/2025\/09\/whatsapp-image-2025-09-08-at-14.08.38.jpeg\",\"contentUrl\":\"https:\/\/elpuucnoticias.com\/wp-content\/uploads\/2025\/09\/whatsapp-image-2025-09-08-at-14.08.38.jpeg\",\"width\":1600,\"height\":1600},{\"@type\":\"WebPage\",\"@id\":\"https:\/\/elpuucnoticias.com\/?p=21028#webpage\",\"url\":\"https:\/\/elpuucnoticias.com\/?p=21028\",\"name\":\"Celebran 50 a\u00f1os de trayectoria literaria del escritor cozumele\u00f1o V\u00edctor Vivas Vald\u00e9s - El Puuc Noticias\",\"isPartOf\":{\"@id\":\"https:\/\/elpuucnoticias.com\/#website\"},\"primaryImageOfPage\":{\"@id\":\"https:\/\/elpuucnoticias.com\/?p=21028#primaryimage\"},\"datePublished\":\"2025-09-09T18:37:11+00:00\",\"dateModified\":\"2025-09-09T18:37:11+00:00\",\"author\":{\"@id\":\"https:\/\/elpuucnoticias.com\/#\/schema\/person\/d2ea09e4c97f0160b11cdfb1d856bd9e\"},\"breadcrumb\":{\"@id\":\"https:\/\/elpuucnoticias.com\/?p=21028#breadcrumb\"},\"inLanguage\":\"es\",\"potentialAction\":[{\"@type\":\"ReadAction\",\"target\":[\"https:\/\/elpuucnoticias.com\/?p=21028\"]}]},{\"@type\":\"BreadcrumbList\",\"@id\":\"https:\/\/elpuucnoticias.com\/?p=21028#breadcrumb\",\"itemListElement\":[{\"@type\":\"ListItem\",\"position\":1,\"name\":\"Portada\",\"item\":\"https:\/\/elpuucnoticias.com\/\"},{\"@type\":\"ListItem\",\"position\":2,\"name\":\"Celebran 50 a\u00f1os de trayectoria literaria del escritor cozumele\u00f1o V\u00edctor Vivas Vald\u00e9s\"}]},{\"@type\":\"Person\",\"@id\":\"https:\/\/elpuucnoticias.com\/#\/schema\/person\/d2ea09e4c97f0160b11cdfb1d856bd9e\",\"name\":\"elpuucnoticias\",\"image\":{\"@type\":\"ImageObject\",\"@id\":\"https:\/\/elpuucnoticias.com\/#personlogo\",\"inLanguage\":\"es\",\"url\":\"https:\/\/secure.gravatar.com\/avatar\/5290a43657c74ffa15701dbe5b846bd85cc71930d803c84e91046a7333de6ce2?s=96&d=mm&r=g\",\"contentUrl\":\"https:\/\/secure.gravatar.com\/avatar\/5290a43657c74ffa15701dbe5b846bd85cc71930d803c84e91046a7333de6ce2?s=96&d=mm&r=g\",\"caption\":\"elpuucnoticias\"},\"sameAs\":[\"https:\/\/elpuucnoticias.com\"],\"url\":\"https:\/\/elpuucnoticias.com\/?author=1\"}]}<\/script>\n<!-- \/ Yoast SEO plugin. -->","yoast_head_json":{"title":"Celebran 50 a\u00f1os de trayectoria literaria del escritor cozumele\u00f1o V\u00edctor Vivas Vald\u00e9s - El Puuc Noticias","robots":{"index":"index","follow":"follow","max-snippet":"max-snippet:-1","max-image-preview":"max-image-preview:large","max-video-preview":"max-video-preview:-1"},"canonical":"https:\/\/elpuucnoticias.com\/?p=21028","og_locale":"es_ES","og_type":"article","og_title":"Celebran 50 a\u00f1os de trayectoria literaria del escritor cozumele\u00f1o V\u00edctor Vivas Vald\u00e9s - El Puuc Noticias","og_description":"La Fundaci\u00f3n de Parques y Museos de Cozumel (FPMC) celebrar\u00e1 medio siglo de trayectoria del escritor cozumele\u00f1o V\u00edctor","og_url":"https:\/\/elpuucnoticias.com\/?p=21028","og_site_name":"El Puuc Noticias","article_published_time":"2025-09-09T18:37:11+00:00","og_image":[{"width":1600,"height":1600,"url":"https:\/\/elpuucnoticias.com\/wp-content\/uploads\/2025\/09\/whatsapp-image-2025-09-08-at-14.08.38.jpeg","type":"image\/jpeg"}],"twitter_card":"summary_large_image","twitter_misc":{"Escrito por":"elpuucnoticias","Tiempo de lectura":"2 minutos"},"schema":{"@context":"https:\/\/schema.org","@graph":[{"@type":"WebSite","@id":"https:\/\/elpuucnoticias.com\/#website","url":"https:\/\/elpuucnoticias.com\/","name":"El Puuc Noticias","description":"Noticias - Entretenimiento - Deportes","potentialAction":[{"@type":"SearchAction","target":{"@type":"EntryPoint","urlTemplate":"https:\/\/elpuucnoticias.com\/?s={search_term_string}"},"query-input":"required name=search_term_string"}],"inLanguage":"es"},{"@type":"ImageObject","@id":"https:\/\/elpuucnoticias.com\/?p=21028#primaryimage","inLanguage":"es","url":"https:\/\/elpuucnoticias.com\/wp-content\/uploads\/2025\/09\/whatsapp-image-2025-09-08-at-14.08.38.jpeg","contentUrl":"https:\/\/elpuucnoticias.com\/wp-content\/uploads\/2025\/09\/whatsapp-image-2025-09-08-at-14.08.38.jpeg","width":1600,"height":1600},{"@type":"WebPage","@id":"https:\/\/elpuucnoticias.com\/?p=21028#webpage","url":"https:\/\/elpuucnoticias.com\/?p=21028","name":"Celebran 50 a\u00f1os de trayectoria literaria del escritor cozumele\u00f1o V\u00edctor Vivas Vald\u00e9s - El Puuc Noticias","isPartOf":{"@id":"https:\/\/elpuucnoticias.com\/#website"},"primaryImageOfPage":{"@id":"https:\/\/elpuucnoticias.com\/?p=21028#primaryimage"},"datePublished":"2025-09-09T18:37:11+00:00","dateModified":"2025-09-09T18:37:11+00:00","author":{"@id":"https:\/\/elpuucnoticias.com\/#\/schema\/person\/d2ea09e4c97f0160b11cdfb1d856bd9e"},"breadcrumb":{"@id":"https:\/\/elpuucnoticias.com\/?p=21028#breadcrumb"},"inLanguage":"es","potentialAction":[{"@type":"ReadAction","target":["https:\/\/elpuucnoticias.com\/?p=21028"]}]},{"@type":"BreadcrumbList","@id":"https:\/\/elpuucnoticias.com\/?p=21028#breadcrumb","itemListElement":[{"@type":"ListItem","position":1,"name":"Portada","item":"https:\/\/elpuucnoticias.com\/"},{"@type":"ListItem","position":2,"name":"Celebran 50 a\u00f1os de trayectoria literaria del escritor cozumele\u00f1o V\u00edctor Vivas Vald\u00e9s"}]},{"@type":"Person","@id":"https:\/\/elpuucnoticias.com\/#\/schema\/person\/d2ea09e4c97f0160b11cdfb1d856bd9e","name":"elpuucnoticias","image":{"@type":"ImageObject","@id":"https:\/\/elpuucnoticias.com\/#personlogo","inLanguage":"es","url":"https:\/\/secure.gravatar.com\/avatar\/5290a43657c74ffa15701dbe5b846bd85cc71930d803c84e91046a7333de6ce2?s=96&d=mm&r=g","contentUrl":"https:\/\/secure.gravatar.com\/avatar\/5290a43657c74ffa15701dbe5b846bd85cc71930d803c84e91046a7333de6ce2?s=96&d=mm&r=g","caption":"elpuucnoticias"},"sameAs":["https:\/\/elpuucnoticias.com"],"url":"https:\/\/elpuucnoticias.com\/?author=1"}]}},"_links":{"self":[{"href":"https:\/\/elpuucnoticias.com\/index.php?rest_route=\/wp\/v2\/posts\/21028","targetHints":{"allow":["GET"]}}],"collection":[{"href":"https:\/\/elpuucnoticias.com\/index.php?rest_route=\/wp\/v2\/posts"}],"about":[{"href":"https:\/\/elpuucnoticias.com\/index.php?rest_route=\/wp\/v2\/types\/post"}],"author":[{"embeddable":true,"href":"https:\/\/elpuucnoticias.com\/index.php?rest_route=\/wp\/v2\/users\/1"}],"replies":[{"embeddable":true,"href":"https:\/\/elpuucnoticias.com\/index.php?rest_route=%2Fwp%2Fv2%2Fcomments&post=21028"}],"version-history":[{"count":1,"href":"https:\/\/elpuucnoticias.com\/index.php?rest_route=\/wp\/v2\/posts\/21028\/revisions"}],"predecessor-version":[{"id":21030,"href":"https:\/\/elpuucnoticias.com\/index.php?rest_route=\/wp\/v2\/posts\/21028\/revisions\/21030"}],"wp:featuredmedia":[{"embeddable":true,"href":"https:\/\/elpuucnoticias.com\/index.php?rest_route=\/wp\/v2\/media\/21029"}],"wp:attachment":[{"href":"https:\/\/elpuucnoticias.com\/index.php?rest_route=%2Fwp%2Fv2%2Fmedia&parent=21028"}],"wp:term":[{"taxonomy":"category","embeddable":true,"href":"https:\/\/elpuucnoticias.com\/index.php?rest_route=%2Fwp%2Fv2%2Fcategories&post=21028"},{"taxonomy":"post_tag","embeddable":true,"href":"https:\/\/elpuucnoticias.com\/index.php?rest_route=%2Fwp%2Fv2%2Ftags&post=21028"}],"curies":[{"name":"wp","href":"https:\/\/api.w.org\/{rel}","templated":true}]}}