{"id":21061,"date":"2025-09-10T13:09:05","date_gmt":"2025-09-10T19:09:05","guid":{"rendered":"https:\/\/elpuucnoticias.com\/?p=21061"},"modified":"2025-09-10T13:09:06","modified_gmt":"2025-09-10T19:09:06","slug":"el-colegio-de-estudios-cientificos-y-tecnologicos-del-estado-de-quintana-roo-celebra-su-29-aniversario-con-actividades-academicas-culturales-de-compromiso-social-y-de-transparencia","status":"publish","type":"post","link":"https:\/\/elpuucnoticias.com\/?p=21061","title":{"rendered":"El Colegio de Estudios Cient\u00edficos y Tecnol\u00f3gicos del Estado de Quintana Roo celebra su 29 aniversario con actividades acad\u00e9micas, culturales, de compromiso social y de transparencia"},"content":{"rendered":"\n<p>El Colegio de Estudios Cient\u00edficos y Tecnol\u00f3gicos del Estado de Quintana Roo (CECyTE) conmemor\u00f3 su 29 aniversario con una serie de actividades que reflejan su compromiso con la educaci\u00f3n, la cultura, la comunidad y los valores de transparencia.<\/p>\n\n\n\n<figure class=\"wp-block-image is-style-default\"><a href=\"https:\/\/cgc.qroo.gob.mx\/cjg\/wp-content\/uploads\/2025\/09\/WhatsApp-Image-2025-09-10-at-13.38.39-2-scaled.jpeg\"><img decoding=\"async\" src=\"https:\/\/cgc.qroo.gob.mx\/cjg\/wp-content\/uploads\/2025\/09\/WhatsApp-Image-2025-09-10-at-13.38.39-2-585x390.jpeg\" alt=\"\" title=\"WhatsApp Image 2025-09-10 at 13.38.39 (2)\"\/><\/a><\/figure>\n\n\n\n<p>La jornada conmemorativa inici\u00f3 con una ceremonia c\u00edvica en el primer plantel construido hace 29 a\u00f1os en la ciudad de Chetumal, lugar emblem\u00e1tico que dio origen a esta gran instituci\u00f3n educativa.<\/p>\n\n\n\n<p>Como parte de las acciones con causa, el subsistema realiz\u00f3 una donaci\u00f3n de tapitas de pl\u00e1stico a la Fundaci\u00f3n Alianza Antic\u00e1ncer Infantil, en apoyo a ni\u00f1as y ni\u00f1os que luchan contra el c\u00e1ncer, demostrando que la solidaridad tambi\u00e9n es parte de la formaci\u00f3n integral de la comunidad CECyTE.<\/p>\n\n\n\n<figure class=\"wp-block-image is-style-default\"><a href=\"https:\/\/cgc.qroo.gob.mx\/cjg\/wp-content\/uploads\/2025\/09\/WhatsApp-Image-2025-09-10-at-13.38.38-1-scaled.jpeg\"><img decoding=\"async\" src=\"https:\/\/cgc.qroo.gob.mx\/cjg\/wp-content\/uploads\/2025\/09\/WhatsApp-Image-2025-09-10-at-13.38.38-1-585x390.jpeg\" alt=\"\" title=\"WhatsApp Image 2025-09-10 at 13.38.38 (1)\"\/><\/a><\/figure>\n\n\n\n<p>Como celebraci\u00f3n principal se llev\u00f3 a cabo la entrega de nombramientos a cerca de 70 trabajadoras y trabajadores de la educaci\u00f3n, as\u00ed como la entrega de reconocimientos y monedas conmemorativas a docentes, directivos y personal administrativo por sus 29, 25 y 10 a\u00f1os de servicio, rindiendo homenaje a quienes han forjado la historia y el crecimiento del subsistema.<\/p>\n\n\n\n<figure class=\"wp-block-image is-style-default\"><a href=\"https:\/\/cgc.qroo.gob.mx\/cjg\/wp-content\/uploads\/2025\/09\/WhatsApp-Image-2025-09-10-at-13.38.38-2-scaled.jpeg\"><img decoding=\"async\" src=\"https:\/\/cgc.qroo.gob.mx\/cjg\/wp-content\/uploads\/2025\/09\/WhatsApp-Image-2025-09-10-at-13.38.38-2-585x390.jpeg\" alt=\"\" title=\"WhatsApp Image 2025-09-10 at 13.38.38 (2)\"\/><\/a><\/figure>\n\n\n\n<p>En el marco del aniversario, tambi\u00e9n se celebr\u00f3 el 1er Concurso de Grafiti 2025, con la entusiasta participaci\u00f3n de alumnas y alumnos de los planteles Canc\u00fan 1, 2, 3 y 4, quienes plasmaron en sus obras creatividad, identidad y valores de la comunidad lince.<\/p>\n\n\n\n<p>Asimismo, el CECyTE Quintana Roo hizo historia al convertirse en la primera instituci\u00f3n educativa en firmar el Pronunciamiento de Cero Tolerancia a los Actos de Corrupci\u00f3n, refrendando su compromiso con la honestidad, la rendici\u00f3n de cuentas y la transparencia como pilares de su quehacer educativo.<\/p>\n\n\n\n<p>Las celebraciones concluyeron con el arranque del Festival de Arte y Cultura 2025, que se llevar\u00e1 a cabo los d\u00edas 11 y 12 de septiembre con la participaci\u00f3n de los 9 planteles de Quintana Roo, reafirmando el talento art\u00edstico y cultural de la juventud lince.<\/p>\n\n\n\n<figure class=\"wp-block-image is-style-default\"><a href=\"https:\/\/cgc.qroo.gob.mx\/cjg\/wp-content\/uploads\/2025\/09\/WhatsApp-Image-2025-09-10-at-13.38.38-3-scaled.jpeg\"><img decoding=\"async\" src=\"https:\/\/cgc.qroo.gob.mx\/cjg\/wp-content\/uploads\/2025\/09\/WhatsApp-Image-2025-09-10-at-13.38.38-3-585x322.jpeg\" alt=\"\" title=\"WhatsApp Image 2025-09-10 at 13.38.38 (3)\"\/><\/a><\/figure>\n\n\n\n<p>Este aniversario se enmarca en el Nuevo Acuerdo por el Bienestar y Desarrollo de Quintana Roo, impulsado por la primera mujer gobernadora, Mara Lezama Espinosa, quien ha puesto a la educaci\u00f3n en el centro de su gobierno, demostrando con hechos su apoyo como gran aliada del CECyTE.<\/p>\n\n\n\n<figure class=\"wp-block-image is-style-default\"><a href=\"https:\/\/cgc.qroo.gob.mx\/cjg\/wp-content\/uploads\/2025\/09\/WhatsApp-Image-2025-09-10-at-13.38.38-4-scaled.jpeg\"><img decoding=\"async\" src=\"https:\/\/cgc.qroo.gob.mx\/cjg\/wp-content\/uploads\/2025\/09\/WhatsApp-Image-2025-09-10-at-13.38.38-4-585x390.jpeg\" alt=\"\" title=\"WhatsApp Image 2025-09-10 at 13.38.38 (4)\"\/><\/a><\/figure>\n\n\n\n<p>La directora general del CECyTE Quintana Roo, Silvia Mendoza, expres\u00f3 su emoci\u00f3n por celebrar casi tres d\u00e9cadas de historia junto a la gran familia CECyTE:<\/p>\n\n\n\n<p>\u201cEste 29 aniversario lo celebramos con orgullo y compromiso. En esta nueva era, el di\u00e1logo y el respeto con el Sindicato de Trabajadores del CECyTE (SITACECYTEQROO) han sido fundamentales para lograr acuerdos en beneficio de nuestras y nuestros docentes, y sobre todo, de nuestras y nuestros estudiantes, que son nuestra raz\u00f3n de ser\u201d.<\/p>\n\n\n\n<figure class=\"wp-block-image is-style-default\"><a href=\"https:\/\/cgc.qroo.gob.mx\/cjg\/wp-content\/uploads\/2025\/09\/WhatsApp-Image-2025-09-10-at-13.38.39-1-scaled.jpeg\"><img decoding=\"async\" src=\"https:\/\/cgc.qroo.gob.mx\/cjg\/wp-content\/uploads\/2025\/09\/WhatsApp-Image-2025-09-10-at-13.38.39-1-585x417.jpeg\" alt=\"\" title=\"WhatsApp Image 2025-09-10 at 13.38.39 (1)\"\/><\/a><\/figure>\n\n\n\n<p>Con 29 a\u00f1os de trayectoria, el CECyTE Quintana Roo reafirma su misi\u00f3n de formar j\u00f3venes con valores, competencias y un profundo compromiso con la transformaci\u00f3n social de la entidad, consolid\u00e1ndose como un pilar educativo en el estado.<\/p>\n","protected":false},"excerpt":{"rendered":"<p>El Colegio de Estudios Cient\u00edficos y Tecnol\u00f3gicos del Estado de Quintana Roo (CECyTE) conmemor\u00f3 su 29 aniversario con<\/p>\n","protected":false},"author":1,"featured_media":21062,"comment_status":"closed","ping_status":"open","sticky":false,"template":"","format":"standard","meta":{"_monsterinsights_skip_tracking":false,"_monsterinsights_sitenote_active":false,"_monsterinsights_sitenote_note":"","_monsterinsights_sitenote_category":0,"footnotes":""},"categories":[11,24],"tags":[],"class_list":["post-21061","post","type-post","status-publish","format-standard","has-post-thumbnail","hentry","category-noticias","category-quintana-roo"],"yoast_head":"<!-- This site is optimized with the Yoast SEO plugin v18.3 - https:\/\/yoast.com\/wordpress\/plugins\/seo\/ -->\n<title>El Colegio de Estudios Cient\u00edficos y Tecnol\u00f3gicos del Estado de Quintana Roo celebra su 29 aniversario con actividades acad\u00e9micas, culturales, de compromiso social y de transparencia - El Puuc Noticias<\/title>\n<meta name=\"robots\" content=\"index, follow, max-snippet:-1, max-image-preview:large, max-video-preview:-1\" \/>\n<link rel=\"canonical\" href=\"https:\/\/elpuucnoticias.com\/?p=21061\" \/>\n<meta property=\"og:locale\" content=\"es_ES\" \/>\n<meta property=\"og:type\" content=\"article\" \/>\n<meta property=\"og:title\" content=\"El Colegio de Estudios Cient\u00edficos y Tecnol\u00f3gicos del Estado de Quintana Roo celebra su 29 aniversario con actividades acad\u00e9micas, culturales, de compromiso social y de transparencia - El Puuc Noticias\" \/>\n<meta property=\"og:description\" content=\"El Colegio de Estudios Cient\u00edficos y Tecnol\u00f3gicos del Estado de Quintana Roo (CECyTE) conmemor\u00f3 su 29 aniversario con\" \/>\n<meta property=\"og:url\" content=\"https:\/\/elpuucnoticias.com\/?p=21061\" \/>\n<meta property=\"og:site_name\" content=\"El Puuc Noticias\" \/>\n<meta property=\"article:published_time\" content=\"2025-09-10T19:09:05+00:00\" \/>\n<meta property=\"article:modified_time\" content=\"2025-09-10T19:09:06+00:00\" \/>\n<meta property=\"og:image\" content=\"https:\/\/elpuucnoticias.com\/wp-content\/uploads\/2025\/09\/whatsapp-image-2025-09-10-at-13.38.38-scaled-1.jpeg\" \/>\n\t<meta property=\"og:image:width\" content=\"2560\" \/>\n\t<meta property=\"og:image:height\" content=\"1684\" \/>\n\t<meta property=\"og:image:type\" content=\"image\/jpeg\" \/>\n<meta name=\"twitter:card\" content=\"summary_large_image\" \/>\n<meta name=\"twitter:label1\" content=\"Escrito por\" \/>\n\t<meta name=\"twitter:data1\" content=\"elpuucnoticias\" \/>\n\t<meta name=\"twitter:label2\" content=\"Tiempo de lectura\" \/>\n\t<meta name=\"twitter:data2\" content=\"2 minutos\" \/>\n<script type=\"application\/ld+json\" class=\"yoast-schema-graph\">{\"@context\":\"https:\/\/schema.org\",\"@graph\":[{\"@type\":\"WebSite\",\"@id\":\"https:\/\/elpuucnoticias.com\/#website\",\"url\":\"https:\/\/elpuucnoticias.com\/\",\"name\":\"El Puuc Noticias\",\"description\":\"Noticias - Entretenimiento - Deportes\",\"potentialAction\":[{\"@type\":\"SearchAction\",\"target\":{\"@type\":\"EntryPoint\",\"urlTemplate\":\"https:\/\/elpuucnoticias.com\/?s={search_term_string}\"},\"query-input\":\"required name=search_term_string\"}],\"inLanguage\":\"es\"},{\"@type\":\"ImageObject\",\"@id\":\"https:\/\/elpuucnoticias.com\/?p=21061#primaryimage\",\"inLanguage\":\"es\",\"url\":\"https:\/\/elpuucnoticias.com\/wp-content\/uploads\/2025\/09\/whatsapp-image-2025-09-10-at-13.38.38-scaled-1.jpeg\",\"contentUrl\":\"https:\/\/elpuucnoticias.com\/wp-content\/uploads\/2025\/09\/whatsapp-image-2025-09-10-at-13.38.38-scaled-1.jpeg\",\"width\":2560,\"height\":1684},{\"@type\":\"WebPage\",\"@id\":\"https:\/\/elpuucnoticias.com\/?p=21061#webpage\",\"url\":\"https:\/\/elpuucnoticias.com\/?p=21061\",\"name\":\"El Colegio de Estudios Cient\u00edficos y Tecnol\u00f3gicos del Estado de Quintana Roo celebra su 29 aniversario con actividades acad\u00e9micas, culturales, de compromiso social y de transparencia - El Puuc Noticias\",\"isPartOf\":{\"@id\":\"https:\/\/elpuucnoticias.com\/#website\"},\"primaryImageOfPage\":{\"@id\":\"https:\/\/elpuucnoticias.com\/?p=21061#primaryimage\"},\"datePublished\":\"2025-09-10T19:09:05+00:00\",\"dateModified\":\"2025-09-10T19:09:06+00:00\",\"author\":{\"@id\":\"https:\/\/elpuucnoticias.com\/#\/schema\/person\/d2ea09e4c97f0160b11cdfb1d856bd9e\"},\"breadcrumb\":{\"@id\":\"https:\/\/elpuucnoticias.com\/?p=21061#breadcrumb\"},\"inLanguage\":\"es\",\"potentialAction\":[{\"@type\":\"ReadAction\",\"target\":[\"https:\/\/elpuucnoticias.com\/?p=21061\"]}]},{\"@type\":\"BreadcrumbList\",\"@id\":\"https:\/\/elpuucnoticias.com\/?p=21061#breadcrumb\",\"itemListElement\":[{\"@type\":\"ListItem\",\"position\":1,\"name\":\"Portada\",\"item\":\"https:\/\/elpuucnoticias.com\/\"},{\"@type\":\"ListItem\",\"position\":2,\"name\":\"El Colegio de Estudios Cient\u00edficos y Tecnol\u00f3gicos del Estado de Quintana Roo celebra su 29 aniversario con actividades acad\u00e9micas, culturales, de compromiso social y de transparencia\"}]},{\"@type\":\"Person\",\"@id\":\"https:\/\/elpuucnoticias.com\/#\/schema\/person\/d2ea09e4c97f0160b11cdfb1d856bd9e\",\"name\":\"elpuucnoticias\",\"image\":{\"@type\":\"ImageObject\",\"@id\":\"https:\/\/elpuucnoticias.com\/#personlogo\",\"inLanguage\":\"es\",\"url\":\"https:\/\/secure.gravatar.com\/avatar\/5290a43657c74ffa15701dbe5b846bd85cc71930d803c84e91046a7333de6ce2?s=96&d=mm&r=g\",\"contentUrl\":\"https:\/\/secure.gravatar.com\/avatar\/5290a43657c74ffa15701dbe5b846bd85cc71930d803c84e91046a7333de6ce2?s=96&d=mm&r=g\",\"caption\":\"elpuucnoticias\"},\"sameAs\":[\"https:\/\/elpuucnoticias.com\"],\"url\":\"https:\/\/elpuucnoticias.com\/?author=1\"}]}<\/script>\n<!-- \/ Yoast SEO plugin. -->","yoast_head_json":{"title":"El Colegio de Estudios Cient\u00edficos y Tecnol\u00f3gicos del Estado de Quintana Roo celebra su 29 aniversario con actividades acad\u00e9micas, culturales, de compromiso social y de transparencia - El Puuc Noticias","robots":{"index":"index","follow":"follow","max-snippet":"max-snippet:-1","max-image-preview":"max-image-preview:large","max-video-preview":"max-video-preview:-1"},"canonical":"https:\/\/elpuucnoticias.com\/?p=21061","og_locale":"es_ES","og_type":"article","og_title":"El Colegio de Estudios Cient\u00edficos y Tecnol\u00f3gicos del Estado de Quintana Roo celebra su 29 aniversario con actividades acad\u00e9micas, culturales, de compromiso social y de transparencia - El Puuc Noticias","og_description":"El Colegio de Estudios Cient\u00edficos y Tecnol\u00f3gicos del Estado de Quintana Roo (CECyTE) conmemor\u00f3 su 29 aniversario con","og_url":"https:\/\/elpuucnoticias.com\/?p=21061","og_site_name":"El Puuc Noticias","article_published_time":"2025-09-10T19:09:05+00:00","article_modified_time":"2025-09-10T19:09:06+00:00","og_image":[{"width":2560,"height":1684,"url":"https:\/\/elpuucnoticias.com\/wp-content\/uploads\/2025\/09\/whatsapp-image-2025-09-10-at-13.38.38-scaled-1.jpeg","type":"image\/jpeg"}],"twitter_card":"summary_large_image","twitter_misc":{"Escrito por":"elpuucnoticias","Tiempo de lectura":"2 minutos"},"schema":{"@context":"https:\/\/schema.org","@graph":[{"@type":"WebSite","@id":"https:\/\/elpuucnoticias.com\/#website","url":"https:\/\/elpuucnoticias.com\/","name":"El Puuc Noticias","description":"Noticias - Entretenimiento - Deportes","potentialAction":[{"@type":"SearchAction","target":{"@type":"EntryPoint","urlTemplate":"https:\/\/elpuucnoticias.com\/?s={search_term_string}"},"query-input":"required name=search_term_string"}],"inLanguage":"es"},{"@type":"ImageObject","@id":"https:\/\/elpuucnoticias.com\/?p=21061#primaryimage","inLanguage":"es","url":"https:\/\/elpuucnoticias.com\/wp-content\/uploads\/2025\/09\/whatsapp-image-2025-09-10-at-13.38.38-scaled-1.jpeg","contentUrl":"https:\/\/elpuucnoticias.com\/wp-content\/uploads\/2025\/09\/whatsapp-image-2025-09-10-at-13.38.38-scaled-1.jpeg","width":2560,"height":1684},{"@type":"WebPage","@id":"https:\/\/elpuucnoticias.com\/?p=21061#webpage","url":"https:\/\/elpuucnoticias.com\/?p=21061","name":"El Colegio de Estudios Cient\u00edficos y Tecnol\u00f3gicos del Estado de Quintana Roo celebra su 29 aniversario con actividades acad\u00e9micas, culturales, de compromiso social y de transparencia - El Puuc Noticias","isPartOf":{"@id":"https:\/\/elpuucnoticias.com\/#website"},"primaryImageOfPage":{"@id":"https:\/\/elpuucnoticias.com\/?p=21061#primaryimage"},"datePublished":"2025-09-10T19:09:05+00:00","dateModified":"2025-09-10T19:09:06+00:00","author":{"@id":"https:\/\/elpuucnoticias.com\/#\/schema\/person\/d2ea09e4c97f0160b11cdfb1d856bd9e"},"breadcrumb":{"@id":"https:\/\/elpuucnoticias.com\/?p=21061#breadcrumb"},"inLanguage":"es","potentialAction":[{"@type":"ReadAction","target":["https:\/\/elpuucnoticias.com\/?p=21061"]}]},{"@type":"BreadcrumbList","@id":"https:\/\/elpuucnoticias.com\/?p=21061#breadcrumb","itemListElement":[{"@type":"ListItem","position":1,"name":"Portada","item":"https:\/\/elpuucnoticias.com\/"},{"@type":"ListItem","position":2,"name":"El Colegio de Estudios Cient\u00edficos y Tecnol\u00f3gicos del Estado de Quintana Roo celebra su 29 aniversario con actividades acad\u00e9micas, culturales, de compromiso social y de transparencia"}]},{"@type":"Person","@id":"https:\/\/elpuucnoticias.com\/#\/schema\/person\/d2ea09e4c97f0160b11cdfb1d856bd9e","name":"elpuucnoticias","image":{"@type":"ImageObject","@id":"https:\/\/elpuucnoticias.com\/#personlogo","inLanguage":"es","url":"https:\/\/secure.gravatar.com\/avatar\/5290a43657c74ffa15701dbe5b846bd85cc71930d803c84e91046a7333de6ce2?s=96&d=mm&r=g","contentUrl":"https:\/\/secure.gravatar.com\/avatar\/5290a43657c74ffa15701dbe5b846bd85cc71930d803c84e91046a7333de6ce2?s=96&d=mm&r=g","caption":"elpuucnoticias"},"sameAs":["https:\/\/elpuucnoticias.com"],"url":"https:\/\/elpuucnoticias.com\/?author=1"}]}},"_links":{"self":[{"href":"https:\/\/elpuucnoticias.com\/index.php?rest_route=\/wp\/v2\/posts\/21061","targetHints":{"allow":["GET"]}}],"collection":[{"href":"https:\/\/elpuucnoticias.com\/index.php?rest_route=\/wp\/v2\/posts"}],"about":[{"href":"https:\/\/elpuucnoticias.com\/index.php?rest_route=\/wp\/v2\/types\/post"}],"author":[{"embeddable":true,"href":"https:\/\/elpuucnoticias.com\/index.php?rest_route=\/wp\/v2\/users\/1"}],"replies":[{"embeddable":true,"href":"https:\/\/elpuucnoticias.com\/index.php?rest_route=%2Fwp%2Fv2%2Fcomments&post=21061"}],"version-history":[{"count":1,"href":"https:\/\/elpuucnoticias.com\/index.php?rest_route=\/wp\/v2\/posts\/21061\/revisions"}],"predecessor-version":[{"id":21063,"href":"https:\/\/elpuucnoticias.com\/index.php?rest_route=\/wp\/v2\/posts\/21061\/revisions\/21063"}],"wp:featuredmedia":[{"embeddable":true,"href":"https:\/\/elpuucnoticias.com\/index.php?rest_route=\/wp\/v2\/media\/21062"}],"wp:attachment":[{"href":"https:\/\/elpuucnoticias.com\/index.php?rest_route=%2Fwp%2Fv2%2Fmedia&parent=21061"}],"wp:term":[{"taxonomy":"category","embeddable":true,"href":"https:\/\/elpuucnoticias.com\/index.php?rest_route=%2Fwp%2Fv2%2Fcategories&post=21061"},{"taxonomy":"post_tag","embeddable":true,"href":"https:\/\/elpuucnoticias.com\/index.php?rest_route=%2Fwp%2Fv2%2Ftags&post=21061"}],"curies":[{"name":"wp","href":"https:\/\/api.w.org\/{rel}","templated":true}]}}