{"id":21078,"date":"2025-09-12T12:31:47","date_gmt":"2025-09-12T18:31:47","guid":{"rendered":"https:\/\/elpuucnoticias.com\/?p=21078"},"modified":"2025-09-12T12:31:48","modified_gmt":"2025-09-12T18:31:48","slug":"cozumel-fortalece-la-alianza-internacional-para-la-conservacion-de-las-aves-2","status":"publish","type":"post","link":"https:\/\/elpuucnoticias.com\/?p=21078","title":{"rendered":"Cozumel fortalece la alianza internacional para la conservaci\u00f3n de las aves"},"content":{"rendered":"\n<p>La Fundaci\u00f3n de Parques y Museos de Cozumel (FPMC) y Environment for the Americas contin\u00faan trabajando en una colaboraci\u00f3n internacional para la protecci\u00f3n de las aves en la isla, con miras a la recertificaci\u00f3n de Cozumel como \u201cCiudad de las Aves\u201d.<\/p>\n\n\n\n<p>La directora de Environment for the Americas, Susan Bonfield, entreg\u00f3 materiales para la conmemoraci\u00f3n del D\u00eda Mundial de las Aves y expres\u00f3 su inter\u00e9s en consolidar una alianza estrat\u00e9gica entre organismos de M\u00e9xico y Estados Unidos que permita dar continuidad a los esfuerzos de conservaci\u00f3n en Cozumel.<\/p>\n\n\n\n<p>Hace tres a\u00f1os, la isla obtuvo la certificaci\u00f3n como la primera \u201cCiudad de las Aves\u201d en Latinoam\u00e9rica, gracias al trabajo en campo y a la participaci\u00f3n comunitaria, impulsada por diversas instituciones, incluida la FPMC, la Comisi\u00f3n Nacional de \u00c1reas Naturales Protegidas (CONANP) y la Universidad Aut\u00f3noma del Estado de Quintana Roo (UQROO). Ahora, la posibilidad de la recertificaci\u00f3n representa una oportunidad para refrendar ese liderazgo y reforzar las acciones de protecci\u00f3n de especies locales y migratorias.<\/p>\n\n\n\n<p>Al respecto, la directora general de la FPMC, Juanita Alonso Marrufo, destac\u00f3 que este esfuerzo responde al Nuevo Acuerdo por el Bienestar y Desarrollo de Quintana Roo, impulsado por la gobernadora Mara Lezama, que privilegia el trabajo interinstitucional y la suma de voluntades para garantizar la conservaci\u00f3n del medio ambiente y el bienestar social.<\/p>\n\n\n\n<figure class=\"wp-block-image is-style-default\"><a href=\"https:\/\/cgc.qroo.gob.mx\/cjg\/wp-content\/uploads\/2025\/09\/WhatsApp-Image-2025-09-10-at-13.48.38.jpeg\"><img decoding=\"async\" src=\"https:\/\/cgc.qroo.gob.mx\/cjg\/wp-content\/uploads\/2025\/09\/WhatsApp-Image-2025-09-10-at-13.48.38-585x404.jpeg\" alt=\"\" title=\"WhatsApp Image 2025-09-10 at 13.48.38\"\/><\/a><\/figure>\n\n\n\n<p>Finalmente, el director de Conservaci\u00f3n y Educaci\u00f3n Ambiental, Rafael Chac\u00f3n D\u00edaz, anunci\u00f3 que la instituci\u00f3n tambi\u00e9n participar\u00e1 en la XVII edici\u00f3n del Festival de las Aves Isla Cozumel, del 24 al 26 de octubre, un espacio donde la comunidad podr\u00e1 acercarse al conocimiento y valoraci\u00f3n de la avifauna de la isla.<\/p>\n\n\n\n<p>Inform\u00f3 que el material recibido se utilizar\u00e1 para seguir promoviendo entre la comunidad de todas las edades la protecci\u00f3n de las diferentes especies de aves, tanto end\u00e9micas, residentes como migratorias, que convergen en Cozumel en las diversas estaciones del a\u00f1o.<\/p>\n","protected":false},"excerpt":{"rendered":"<p>La Fundaci\u00f3n de Parques y Museos de Cozumel (FPMC) y Environment for the Americas contin\u00faan trabajando en una<\/p>\n","protected":false},"author":1,"featured_media":21079,"comment_status":"closed","ping_status":"open","sticky":false,"template":"","format":"standard","meta":{"_monsterinsights_skip_tracking":false,"_monsterinsights_sitenote_active":false,"_monsterinsights_sitenote_note":"","_monsterinsights_sitenote_category":0,"footnotes":""},"categories":[11,24],"tags":[],"class_list":["post-21078","post","type-post","status-publish","format-standard","has-post-thumbnail","hentry","category-noticias","category-quintana-roo"],"yoast_head":"<!-- This site is optimized with the Yoast SEO plugin v18.3 - https:\/\/yoast.com\/wordpress\/plugins\/seo\/ -->\n<title>Cozumel fortalece la alianza internacional para la conservaci\u00f3n de las aves - El Puuc Noticias<\/title>\n<meta name=\"robots\" content=\"index, follow, max-snippet:-1, max-image-preview:large, max-video-preview:-1\" \/>\n<link rel=\"canonical\" href=\"https:\/\/elpuucnoticias.com\/?p=21078\" \/>\n<meta property=\"og:locale\" content=\"es_ES\" \/>\n<meta property=\"og:type\" content=\"article\" \/>\n<meta property=\"og:title\" content=\"Cozumel fortalece la alianza internacional para la conservaci\u00f3n de las aves - El Puuc Noticias\" \/>\n<meta property=\"og:description\" content=\"La Fundaci\u00f3n de Parques y Museos de Cozumel (FPMC) y Environment for the Americas contin\u00faan trabajando en una\" \/>\n<meta property=\"og:url\" content=\"https:\/\/elpuucnoticias.com\/?p=21078\" \/>\n<meta property=\"og:site_name\" content=\"El Puuc Noticias\" \/>\n<meta property=\"article:published_time\" content=\"2025-09-12T18:31:47+00:00\" \/>\n<meta property=\"article:modified_time\" content=\"2025-09-12T18:31:48+00:00\" \/>\n<meta property=\"og:image\" content=\"https:\/\/elpuucnoticias.com\/wp-content\/uploads\/2025\/09\/whatsapp-image-2025-09-10-at-13.48.38-1-1.jpeg\" \/>\n\t<meta property=\"og:image:width\" content=\"1536\" \/>\n\t<meta property=\"og:image:height\" content=\"1446\" \/>\n\t<meta property=\"og:image:type\" content=\"image\/jpeg\" \/>\n<meta name=\"twitter:card\" content=\"summary_large_image\" \/>\n<meta name=\"twitter:label1\" content=\"Escrito por\" \/>\n\t<meta name=\"twitter:data1\" content=\"elpuucnoticias\" \/>\n\t<meta name=\"twitter:label2\" content=\"Tiempo de lectura\" \/>\n\t<meta name=\"twitter:data2\" content=\"2 minutos\" \/>\n<script type=\"application\/ld+json\" class=\"yoast-schema-graph\">{\"@context\":\"https:\/\/schema.org\",\"@graph\":[{\"@type\":\"WebSite\",\"@id\":\"https:\/\/elpuucnoticias.com\/#website\",\"url\":\"https:\/\/elpuucnoticias.com\/\",\"name\":\"El Puuc Noticias\",\"description\":\"Noticias - Entretenimiento - Deportes\",\"potentialAction\":[{\"@type\":\"SearchAction\",\"target\":{\"@type\":\"EntryPoint\",\"urlTemplate\":\"https:\/\/elpuucnoticias.com\/?s={search_term_string}\"},\"query-input\":\"required name=search_term_string\"}],\"inLanguage\":\"es\"},{\"@type\":\"ImageObject\",\"@id\":\"https:\/\/elpuucnoticias.com\/?p=21078#primaryimage\",\"inLanguage\":\"es\",\"url\":\"https:\/\/elpuucnoticias.com\/wp-content\/uploads\/2025\/09\/whatsapp-image-2025-09-10-at-13.48.38-1-1.jpeg\",\"contentUrl\":\"https:\/\/elpuucnoticias.com\/wp-content\/uploads\/2025\/09\/whatsapp-image-2025-09-10-at-13.48.38-1-1.jpeg\",\"width\":1536,\"height\":1446},{\"@type\":\"WebPage\",\"@id\":\"https:\/\/elpuucnoticias.com\/?p=21078#webpage\",\"url\":\"https:\/\/elpuucnoticias.com\/?p=21078\",\"name\":\"Cozumel fortalece la alianza internacional para la conservaci\u00f3n de las aves - El Puuc Noticias\",\"isPartOf\":{\"@id\":\"https:\/\/elpuucnoticias.com\/#website\"},\"primaryImageOfPage\":{\"@id\":\"https:\/\/elpuucnoticias.com\/?p=21078#primaryimage\"},\"datePublished\":\"2025-09-12T18:31:47+00:00\",\"dateModified\":\"2025-09-12T18:31:48+00:00\",\"author\":{\"@id\":\"https:\/\/elpuucnoticias.com\/#\/schema\/person\/d2ea09e4c97f0160b11cdfb1d856bd9e\"},\"breadcrumb\":{\"@id\":\"https:\/\/elpuucnoticias.com\/?p=21078#breadcrumb\"},\"inLanguage\":\"es\",\"potentialAction\":[{\"@type\":\"ReadAction\",\"target\":[\"https:\/\/elpuucnoticias.com\/?p=21078\"]}]},{\"@type\":\"BreadcrumbList\",\"@id\":\"https:\/\/elpuucnoticias.com\/?p=21078#breadcrumb\",\"itemListElement\":[{\"@type\":\"ListItem\",\"position\":1,\"name\":\"Portada\",\"item\":\"https:\/\/elpuucnoticias.com\/\"},{\"@type\":\"ListItem\",\"position\":2,\"name\":\"Cozumel fortalece la alianza internacional para la conservaci\u00f3n de las aves\"}]},{\"@type\":\"Person\",\"@id\":\"https:\/\/elpuucnoticias.com\/#\/schema\/person\/d2ea09e4c97f0160b11cdfb1d856bd9e\",\"name\":\"elpuucnoticias\",\"image\":{\"@type\":\"ImageObject\",\"@id\":\"https:\/\/elpuucnoticias.com\/#personlogo\",\"inLanguage\":\"es\",\"url\":\"https:\/\/secure.gravatar.com\/avatar\/5290a43657c74ffa15701dbe5b846bd85cc71930d803c84e91046a7333de6ce2?s=96&d=mm&r=g\",\"contentUrl\":\"https:\/\/secure.gravatar.com\/avatar\/5290a43657c74ffa15701dbe5b846bd85cc71930d803c84e91046a7333de6ce2?s=96&d=mm&r=g\",\"caption\":\"elpuucnoticias\"},\"sameAs\":[\"https:\/\/elpuucnoticias.com\"],\"url\":\"https:\/\/elpuucnoticias.com\/?author=1\"}]}<\/script>\n<!-- \/ Yoast SEO plugin. -->","yoast_head_json":{"title":"Cozumel fortalece la alianza internacional para la conservaci\u00f3n de las aves - El Puuc Noticias","robots":{"index":"index","follow":"follow","max-snippet":"max-snippet:-1","max-image-preview":"max-image-preview:large","max-video-preview":"max-video-preview:-1"},"canonical":"https:\/\/elpuucnoticias.com\/?p=21078","og_locale":"es_ES","og_type":"article","og_title":"Cozumel fortalece la alianza internacional para la conservaci\u00f3n de las aves - El Puuc Noticias","og_description":"La Fundaci\u00f3n de Parques y Museos de Cozumel (FPMC) y Environment for the Americas contin\u00faan trabajando en una","og_url":"https:\/\/elpuucnoticias.com\/?p=21078","og_site_name":"El Puuc Noticias","article_published_time":"2025-09-12T18:31:47+00:00","article_modified_time":"2025-09-12T18:31:48+00:00","og_image":[{"width":1536,"height":1446,"url":"https:\/\/elpuucnoticias.com\/wp-content\/uploads\/2025\/09\/whatsapp-image-2025-09-10-at-13.48.38-1-1.jpeg","type":"image\/jpeg"}],"twitter_card":"summary_large_image","twitter_misc":{"Escrito por":"elpuucnoticias","Tiempo de lectura":"2 minutos"},"schema":{"@context":"https:\/\/schema.org","@graph":[{"@type":"WebSite","@id":"https:\/\/elpuucnoticias.com\/#website","url":"https:\/\/elpuucnoticias.com\/","name":"El Puuc Noticias","description":"Noticias - Entretenimiento - Deportes","potentialAction":[{"@type":"SearchAction","target":{"@type":"EntryPoint","urlTemplate":"https:\/\/elpuucnoticias.com\/?s={search_term_string}"},"query-input":"required name=search_term_string"}],"inLanguage":"es"},{"@type":"ImageObject","@id":"https:\/\/elpuucnoticias.com\/?p=21078#primaryimage","inLanguage":"es","url":"https:\/\/elpuucnoticias.com\/wp-content\/uploads\/2025\/09\/whatsapp-image-2025-09-10-at-13.48.38-1-1.jpeg","contentUrl":"https:\/\/elpuucnoticias.com\/wp-content\/uploads\/2025\/09\/whatsapp-image-2025-09-10-at-13.48.38-1-1.jpeg","width":1536,"height":1446},{"@type":"WebPage","@id":"https:\/\/elpuucnoticias.com\/?p=21078#webpage","url":"https:\/\/elpuucnoticias.com\/?p=21078","name":"Cozumel fortalece la alianza internacional para la conservaci\u00f3n de las aves - El Puuc Noticias","isPartOf":{"@id":"https:\/\/elpuucnoticias.com\/#website"},"primaryImageOfPage":{"@id":"https:\/\/elpuucnoticias.com\/?p=21078#primaryimage"},"datePublished":"2025-09-12T18:31:47+00:00","dateModified":"2025-09-12T18:31:48+00:00","author":{"@id":"https:\/\/elpuucnoticias.com\/#\/schema\/person\/d2ea09e4c97f0160b11cdfb1d856bd9e"},"breadcrumb":{"@id":"https:\/\/elpuucnoticias.com\/?p=21078#breadcrumb"},"inLanguage":"es","potentialAction":[{"@type":"ReadAction","target":["https:\/\/elpuucnoticias.com\/?p=21078"]}]},{"@type":"BreadcrumbList","@id":"https:\/\/elpuucnoticias.com\/?p=21078#breadcrumb","itemListElement":[{"@type":"ListItem","position":1,"name":"Portada","item":"https:\/\/elpuucnoticias.com\/"},{"@type":"ListItem","position":2,"name":"Cozumel fortalece la alianza internacional para la conservaci\u00f3n de las aves"}]},{"@type":"Person","@id":"https:\/\/elpuucnoticias.com\/#\/schema\/person\/d2ea09e4c97f0160b11cdfb1d856bd9e","name":"elpuucnoticias","image":{"@type":"ImageObject","@id":"https:\/\/elpuucnoticias.com\/#personlogo","inLanguage":"es","url":"https:\/\/secure.gravatar.com\/avatar\/5290a43657c74ffa15701dbe5b846bd85cc71930d803c84e91046a7333de6ce2?s=96&d=mm&r=g","contentUrl":"https:\/\/secure.gravatar.com\/avatar\/5290a43657c74ffa15701dbe5b846bd85cc71930d803c84e91046a7333de6ce2?s=96&d=mm&r=g","caption":"elpuucnoticias"},"sameAs":["https:\/\/elpuucnoticias.com"],"url":"https:\/\/elpuucnoticias.com\/?author=1"}]}},"_links":{"self":[{"href":"https:\/\/elpuucnoticias.com\/index.php?rest_route=\/wp\/v2\/posts\/21078","targetHints":{"allow":["GET"]}}],"collection":[{"href":"https:\/\/elpuucnoticias.com\/index.php?rest_route=\/wp\/v2\/posts"}],"about":[{"href":"https:\/\/elpuucnoticias.com\/index.php?rest_route=\/wp\/v2\/types\/post"}],"author":[{"embeddable":true,"href":"https:\/\/elpuucnoticias.com\/index.php?rest_route=\/wp\/v2\/users\/1"}],"replies":[{"embeddable":true,"href":"https:\/\/elpuucnoticias.com\/index.php?rest_route=%2Fwp%2Fv2%2Fcomments&post=21078"}],"version-history":[{"count":1,"href":"https:\/\/elpuucnoticias.com\/index.php?rest_route=\/wp\/v2\/posts\/21078\/revisions"}],"predecessor-version":[{"id":21080,"href":"https:\/\/elpuucnoticias.com\/index.php?rest_route=\/wp\/v2\/posts\/21078\/revisions\/21080"}],"wp:featuredmedia":[{"embeddable":true,"href":"https:\/\/elpuucnoticias.com\/index.php?rest_route=\/wp\/v2\/media\/21079"}],"wp:attachment":[{"href":"https:\/\/elpuucnoticias.com\/index.php?rest_route=%2Fwp%2Fv2%2Fmedia&parent=21078"}],"wp:term":[{"taxonomy":"category","embeddable":true,"href":"https:\/\/elpuucnoticias.com\/index.php?rest_route=%2Fwp%2Fv2%2Fcategories&post=21078"},{"taxonomy":"post_tag","embeddable":true,"href":"https:\/\/elpuucnoticias.com\/index.php?rest_route=%2Fwp%2Fv2%2Ftags&post=21078"}],"curies":[{"name":"wp","href":"https:\/\/api.w.org\/{rel}","templated":true}]}}