{"id":21098,"date":"2025-09-12T12:47:55","date_gmt":"2025-09-12T18:47:55","guid":{"rendered":"https:\/\/elpuucnoticias.com\/?p=21098"},"modified":"2025-09-12T12:47:56","modified_gmt":"2025-09-12T18:47:56","slug":"conmemora-sesa-dia-mundial-para-la-prevencion-del-suicidio-cambiemos-la-narrativa","status":"publish","type":"post","link":"https:\/\/elpuucnoticias.com\/?p=21098","title":{"rendered":"Conmemora SESA D\u00eda Mundial para la Prevenci\u00f3n del Suicidio: \u201cCambiemos la Narrativa\u201d"},"content":{"rendered":"\n<p>En el marco del D\u00eda Mundial para la Prevenci\u00f3n del Suicidio y como parte de las actividades de la Semana Nacional de Salud P\u00fablica 2025, la Secretar\u00eda de Salud de Quintana Roo llev\u00f3 a cabo un conversatorio en el auditorio de la Universidad del Caribe, con la participaci\u00f3n de asociaciones civiles, especialistas en salud mental, autoridades estatales y federales, as\u00ed como integrantes de la comunidad universitaria.<\/p>\n\n\n\n<figure class=\"wp-block-image is-style-default\"><a href=\"https:\/\/cgc.qroo.gob.mx\/cjg\/wp-content\/uploads\/2025\/09\/1914a41d-4b72-4be3-b7e1-da27c900ea63.jpg\"><img decoding=\"async\" src=\"https:\/\/cgc.qroo.gob.mx\/cjg\/wp-content\/uploads\/2025\/09\/1914a41d-4b72-4be3-b7e1-da27c900ea63-585x431.jpg\" alt=\"\" title=\"1914a41d-4b72-4be3-b7e1-da27c900ea63\"\/><\/a><\/figure>\n\n\n\n<p>Gracias al liderazgo de la Gobernadora Mara Lezama, la salud mental se ha consolidado como una prioridad en la agenda estatal, impulsando acciones concretas para brindar atenci\u00f3n especializada, oportuna y con enfoque humano.<\/p>\n\n\n\n<p>Entre estas acciones destacan la implementaci\u00f3n de Caravanas M\u00e9dicas M\u00f3viles, que han brindado m\u00e1s de 82,500 atenciones psicol\u00f3gicas en todo el estado.<\/p>\n\n\n\n<figure class=\"wp-block-image is-style-default\"><a href=\"https:\/\/cgc.qroo.gob.mx\/cjg\/wp-content\/uploads\/2025\/09\/4ccf203e-c5f6-490c-be6a-93261a74918c.jpg\"><img decoding=\"async\" src=\"https:\/\/cgc.qroo.gob.mx\/cjg\/wp-content\/uploads\/2025\/09\/4ccf203e-c5f6-490c-be6a-93261a74918c-585x434.jpg\" alt=\"\" title=\"4ccf203e-c5f6-490c-be6a-93261a74918c\"\/><\/a><\/figure>\n\n\n\n<p>Adem\u00e1s de la operaci\u00f3n de dos UNEME CISAME y ocho UNEMES CECOSAMA, que acercan servicios de salud mental a la poblaci\u00f3n; la colaboraci\u00f3n con la federaci\u00f3n para fortalecer herramientas como \u201cLa L\u00ednea de la Vida\u201d, disponible de forma gratuita y confidencial las 24 horas del d\u00eda.<\/p>\n\n\n\n<p>El impulso de campa\u00f1as como \u201cDale Color a Tu Vida\u201d, que buscan abrir espacios de di\u00e1logo, generar redes de apoyo y devolver la esperanza.<\/p>\n\n\n\n<figure class=\"wp-block-image is-style-default\"><a href=\"https:\/\/cgc.qroo.gob.mx\/cjg\/wp-content\/uploads\/2025\/09\/047261ce-0c6d-4dc9-9bd1-09415a6d0b24-scaled.jpg\"><img decoding=\"async\" src=\"https:\/\/cgc.qroo.gob.mx\/cjg\/wp-content\/uploads\/2025\/09\/047261ce-0c6d-4dc9-9bd1-09415a6d0b24-585x390.jpg\" alt=\"\" title=\"047261ce-0c6d-4dc9-9bd1-09415a6d0b24\"\/><\/a><\/figure>\n\n\n\n<p>Durante el evento, el Secretario de Salud, Flavio Carlos Rosado, hizo un llamado a la empat\u00eda, a la conciencia colectiva y el compromiso social en la prevenci\u00f3n del suicidio, \u201ceste encuentro no se trata solo de cifras ni de programas: se trata de vidas, de historias, de abrazos que a\u00fan podemos dar y recibir. Hoy estamos aqu\u00ed para romper el silencio, para construir puentes, y para recordar que nadie est\u00e1 solo.\u201d<\/p>\n\n\n\n<p>El conversatorio cont\u00f3 tambi\u00e9n con la presencia del Director General de Atenci\u00f3n Especializada en Salud Mental de la Comisi\u00f3n Nacional de Salud Mental y Adicciones (CONASAMA), Gabriel Sotelo Monroy, quien destac\u00f3 la importancia de hablar abierta y responsablemente sobre el suicidio.<\/p>\n\n\n\n<figure class=\"wp-block-image is-style-default\"><a href=\"https:\/\/cgc.qroo.gob.mx\/cjg\/wp-content\/uploads\/2025\/09\/afe61ace-27c5-4fef-adbf-93b41d0c5216.jpg\"><img decoding=\"async\" src=\"https:\/\/cgc.qroo.gob.mx\/cjg\/wp-content\/uploads\/2025\/09\/afe61ace-27c5-4fef-adbf-93b41d0c5216-585x439.jpg\" alt=\"\" title=\"afe61ace-27c5-4fef-adbf-93b41d0c5216\"\/><\/a><\/figure>\n\n\n\n<p>En representaci\u00f3n de la rectora de la Universidad del Caribe, X\u00f3chitl Carmona Bare\u00f1o, asisti\u00f3 el Secretario Acad\u00e9mico, Rodrigo Guill\u00e9n Bret\u00f3n, reafirmando el compromiso de la instituci\u00f3n educativa con la promoci\u00f3n de la salud mental entre las y los j\u00f3venes.<\/p>\n","protected":false},"excerpt":{"rendered":"<p>En el marco del D\u00eda Mundial para la Prevenci\u00f3n del Suicidio y como parte de las actividades de<\/p>\n","protected":false},"author":1,"featured_media":21099,"comment_status":"closed","ping_status":"open","sticky":false,"template":"","format":"standard","meta":{"_monsterinsights_skip_tracking":false,"_monsterinsights_sitenote_active":false,"_monsterinsights_sitenote_note":"","_monsterinsights_sitenote_category":0,"footnotes":""},"categories":[11,24],"tags":[],"class_list":["post-21098","post","type-post","status-publish","format-standard","has-post-thumbnail","hentry","category-noticias","category-quintana-roo"],"yoast_head":"<!-- This site is optimized with the Yoast SEO plugin v18.3 - https:\/\/yoast.com\/wordpress\/plugins\/seo\/ -->\n<title>Conmemora SESA D\u00eda Mundial para la Prevenci\u00f3n del Suicidio: \u201cCambiemos la Narrativa\u201d - El Puuc Noticias<\/title>\n<meta name=\"robots\" content=\"index, follow, max-snippet:-1, max-image-preview:large, max-video-preview:-1\" \/>\n<link rel=\"canonical\" href=\"https:\/\/elpuucnoticias.com\/?p=21098\" \/>\n<meta property=\"og:locale\" content=\"es_ES\" \/>\n<meta property=\"og:type\" content=\"article\" \/>\n<meta property=\"og:title\" content=\"Conmemora SESA D\u00eda Mundial para la Prevenci\u00f3n del Suicidio: \u201cCambiemos la Narrativa\u201d - El Puuc Noticias\" \/>\n<meta property=\"og:description\" content=\"En el marco del D\u00eda Mundial para la Prevenci\u00f3n del Suicidio y como parte de las actividades de\" \/>\n<meta property=\"og:url\" content=\"https:\/\/elpuucnoticias.com\/?p=21098\" \/>\n<meta property=\"og:site_name\" content=\"El Puuc Noticias\" \/>\n<meta property=\"article:published_time\" content=\"2025-09-12T18:47:55+00:00\" \/>\n<meta property=\"article:modified_time\" content=\"2025-09-12T18:47:56+00:00\" \/>\n<meta property=\"og:image\" content=\"https:\/\/elpuucnoticias.com\/wp-content\/uploads\/2025\/09\/6517b84e-5548-4635-843b-4981905447c9.jpg\" \/>\n\t<meta property=\"og:image:width\" content=\"1280\" \/>\n\t<meta property=\"og:image:height\" content=\"904\" \/>\n\t<meta property=\"og:image:type\" content=\"image\/jpeg\" \/>\n<meta name=\"twitter:card\" content=\"summary_large_image\" \/>\n<meta name=\"twitter:label1\" content=\"Escrito por\" \/>\n\t<meta name=\"twitter:data1\" content=\"elpuucnoticias\" \/>\n\t<meta name=\"twitter:label2\" content=\"Tiempo de lectura\" \/>\n\t<meta name=\"twitter:data2\" content=\"2 minutos\" \/>\n<script type=\"application\/ld+json\" class=\"yoast-schema-graph\">{\"@context\":\"https:\/\/schema.org\",\"@graph\":[{\"@type\":\"WebSite\",\"@id\":\"https:\/\/elpuucnoticias.com\/#website\",\"url\":\"https:\/\/elpuucnoticias.com\/\",\"name\":\"El Puuc Noticias\",\"description\":\"Noticias - Entretenimiento - Deportes\",\"potentialAction\":[{\"@type\":\"SearchAction\",\"target\":{\"@type\":\"EntryPoint\",\"urlTemplate\":\"https:\/\/elpuucnoticias.com\/?s={search_term_string}\"},\"query-input\":\"required name=search_term_string\"}],\"inLanguage\":\"es\"},{\"@type\":\"ImageObject\",\"@id\":\"https:\/\/elpuucnoticias.com\/?p=21098#primaryimage\",\"inLanguage\":\"es\",\"url\":\"https:\/\/elpuucnoticias.com\/wp-content\/uploads\/2025\/09\/6517b84e-5548-4635-843b-4981905447c9.jpg\",\"contentUrl\":\"https:\/\/elpuucnoticias.com\/wp-content\/uploads\/2025\/09\/6517b84e-5548-4635-843b-4981905447c9.jpg\",\"width\":1280,\"height\":904},{\"@type\":\"WebPage\",\"@id\":\"https:\/\/elpuucnoticias.com\/?p=21098#webpage\",\"url\":\"https:\/\/elpuucnoticias.com\/?p=21098\",\"name\":\"Conmemora SESA D\u00eda Mundial para la Prevenci\u00f3n del Suicidio: \u201cCambiemos la Narrativa\u201d - El Puuc Noticias\",\"isPartOf\":{\"@id\":\"https:\/\/elpuucnoticias.com\/#website\"},\"primaryImageOfPage\":{\"@id\":\"https:\/\/elpuucnoticias.com\/?p=21098#primaryimage\"},\"datePublished\":\"2025-09-12T18:47:55+00:00\",\"dateModified\":\"2025-09-12T18:47:56+00:00\",\"author\":{\"@id\":\"https:\/\/elpuucnoticias.com\/#\/schema\/person\/d2ea09e4c97f0160b11cdfb1d856bd9e\"},\"breadcrumb\":{\"@id\":\"https:\/\/elpuucnoticias.com\/?p=21098#breadcrumb\"},\"inLanguage\":\"es\",\"potentialAction\":[{\"@type\":\"ReadAction\",\"target\":[\"https:\/\/elpuucnoticias.com\/?p=21098\"]}]},{\"@type\":\"BreadcrumbList\",\"@id\":\"https:\/\/elpuucnoticias.com\/?p=21098#breadcrumb\",\"itemListElement\":[{\"@type\":\"ListItem\",\"position\":1,\"name\":\"Portada\",\"item\":\"https:\/\/elpuucnoticias.com\/\"},{\"@type\":\"ListItem\",\"position\":2,\"name\":\"Conmemora SESA D\u00eda Mundial para la Prevenci\u00f3n del Suicidio: \u201cCambiemos la Narrativa\u201d\"}]},{\"@type\":\"Person\",\"@id\":\"https:\/\/elpuucnoticias.com\/#\/schema\/person\/d2ea09e4c97f0160b11cdfb1d856bd9e\",\"name\":\"elpuucnoticias\",\"image\":{\"@type\":\"ImageObject\",\"@id\":\"https:\/\/elpuucnoticias.com\/#personlogo\",\"inLanguage\":\"es\",\"url\":\"https:\/\/secure.gravatar.com\/avatar\/5290a43657c74ffa15701dbe5b846bd85cc71930d803c84e91046a7333de6ce2?s=96&d=mm&r=g\",\"contentUrl\":\"https:\/\/secure.gravatar.com\/avatar\/5290a43657c74ffa15701dbe5b846bd85cc71930d803c84e91046a7333de6ce2?s=96&d=mm&r=g\",\"caption\":\"elpuucnoticias\"},\"sameAs\":[\"https:\/\/elpuucnoticias.com\"],\"url\":\"https:\/\/elpuucnoticias.com\/?author=1\"}]}<\/script>\n<!-- \/ Yoast SEO plugin. -->","yoast_head_json":{"title":"Conmemora SESA D\u00eda Mundial para la Prevenci\u00f3n del Suicidio: \u201cCambiemos la Narrativa\u201d - El Puuc Noticias","robots":{"index":"index","follow":"follow","max-snippet":"max-snippet:-1","max-image-preview":"max-image-preview:large","max-video-preview":"max-video-preview:-1"},"canonical":"https:\/\/elpuucnoticias.com\/?p=21098","og_locale":"es_ES","og_type":"article","og_title":"Conmemora SESA D\u00eda Mundial para la Prevenci\u00f3n del Suicidio: \u201cCambiemos la Narrativa\u201d - El Puuc Noticias","og_description":"En el marco del D\u00eda Mundial para la Prevenci\u00f3n del Suicidio y como parte de las actividades de","og_url":"https:\/\/elpuucnoticias.com\/?p=21098","og_site_name":"El Puuc Noticias","article_published_time":"2025-09-12T18:47:55+00:00","article_modified_time":"2025-09-12T18:47:56+00:00","og_image":[{"width":1280,"height":904,"url":"https:\/\/elpuucnoticias.com\/wp-content\/uploads\/2025\/09\/6517b84e-5548-4635-843b-4981905447c9.jpg","type":"image\/jpeg"}],"twitter_card":"summary_large_image","twitter_misc":{"Escrito por":"elpuucnoticias","Tiempo de lectura":"2 minutos"},"schema":{"@context":"https:\/\/schema.org","@graph":[{"@type":"WebSite","@id":"https:\/\/elpuucnoticias.com\/#website","url":"https:\/\/elpuucnoticias.com\/","name":"El Puuc Noticias","description":"Noticias - Entretenimiento - Deportes","potentialAction":[{"@type":"SearchAction","target":{"@type":"EntryPoint","urlTemplate":"https:\/\/elpuucnoticias.com\/?s={search_term_string}"},"query-input":"required name=search_term_string"}],"inLanguage":"es"},{"@type":"ImageObject","@id":"https:\/\/elpuucnoticias.com\/?p=21098#primaryimage","inLanguage":"es","url":"https:\/\/elpuucnoticias.com\/wp-content\/uploads\/2025\/09\/6517b84e-5548-4635-843b-4981905447c9.jpg","contentUrl":"https:\/\/elpuucnoticias.com\/wp-content\/uploads\/2025\/09\/6517b84e-5548-4635-843b-4981905447c9.jpg","width":1280,"height":904},{"@type":"WebPage","@id":"https:\/\/elpuucnoticias.com\/?p=21098#webpage","url":"https:\/\/elpuucnoticias.com\/?p=21098","name":"Conmemora SESA D\u00eda Mundial para la Prevenci\u00f3n del Suicidio: \u201cCambiemos la Narrativa\u201d - El Puuc Noticias","isPartOf":{"@id":"https:\/\/elpuucnoticias.com\/#website"},"primaryImageOfPage":{"@id":"https:\/\/elpuucnoticias.com\/?p=21098#primaryimage"},"datePublished":"2025-09-12T18:47:55+00:00","dateModified":"2025-09-12T18:47:56+00:00","author":{"@id":"https:\/\/elpuucnoticias.com\/#\/schema\/person\/d2ea09e4c97f0160b11cdfb1d856bd9e"},"breadcrumb":{"@id":"https:\/\/elpuucnoticias.com\/?p=21098#breadcrumb"},"inLanguage":"es","potentialAction":[{"@type":"ReadAction","target":["https:\/\/elpuucnoticias.com\/?p=21098"]}]},{"@type":"BreadcrumbList","@id":"https:\/\/elpuucnoticias.com\/?p=21098#breadcrumb","itemListElement":[{"@type":"ListItem","position":1,"name":"Portada","item":"https:\/\/elpuucnoticias.com\/"},{"@type":"ListItem","position":2,"name":"Conmemora SESA D\u00eda Mundial para la Prevenci\u00f3n del Suicidio: \u201cCambiemos la Narrativa\u201d"}]},{"@type":"Person","@id":"https:\/\/elpuucnoticias.com\/#\/schema\/person\/d2ea09e4c97f0160b11cdfb1d856bd9e","name":"elpuucnoticias","image":{"@type":"ImageObject","@id":"https:\/\/elpuucnoticias.com\/#personlogo","inLanguage":"es","url":"https:\/\/secure.gravatar.com\/avatar\/5290a43657c74ffa15701dbe5b846bd85cc71930d803c84e91046a7333de6ce2?s=96&d=mm&r=g","contentUrl":"https:\/\/secure.gravatar.com\/avatar\/5290a43657c74ffa15701dbe5b846bd85cc71930d803c84e91046a7333de6ce2?s=96&d=mm&r=g","caption":"elpuucnoticias"},"sameAs":["https:\/\/elpuucnoticias.com"],"url":"https:\/\/elpuucnoticias.com\/?author=1"}]}},"_links":{"self":[{"href":"https:\/\/elpuucnoticias.com\/index.php?rest_route=\/wp\/v2\/posts\/21098","targetHints":{"allow":["GET"]}}],"collection":[{"href":"https:\/\/elpuucnoticias.com\/index.php?rest_route=\/wp\/v2\/posts"}],"about":[{"href":"https:\/\/elpuucnoticias.com\/index.php?rest_route=\/wp\/v2\/types\/post"}],"author":[{"embeddable":true,"href":"https:\/\/elpuucnoticias.com\/index.php?rest_route=\/wp\/v2\/users\/1"}],"replies":[{"embeddable":true,"href":"https:\/\/elpuucnoticias.com\/index.php?rest_route=%2Fwp%2Fv2%2Fcomments&post=21098"}],"version-history":[{"count":1,"href":"https:\/\/elpuucnoticias.com\/index.php?rest_route=\/wp\/v2\/posts\/21098\/revisions"}],"predecessor-version":[{"id":21100,"href":"https:\/\/elpuucnoticias.com\/index.php?rest_route=\/wp\/v2\/posts\/21098\/revisions\/21100"}],"wp:featuredmedia":[{"embeddable":true,"href":"https:\/\/elpuucnoticias.com\/index.php?rest_route=\/wp\/v2\/media\/21099"}],"wp:attachment":[{"href":"https:\/\/elpuucnoticias.com\/index.php?rest_route=%2Fwp%2Fv2%2Fmedia&parent=21098"}],"wp:term":[{"taxonomy":"category","embeddable":true,"href":"https:\/\/elpuucnoticias.com\/index.php?rest_route=%2Fwp%2Fv2%2Fcategories&post=21098"},{"taxonomy":"post_tag","embeddable":true,"href":"https:\/\/elpuucnoticias.com\/index.php?rest_route=%2Fwp%2Fv2%2Ftags&post=21098"}],"curies":[{"name":"wp","href":"https:\/\/api.w.org\/{rel}","templated":true}]}}