{"id":21110,"date":"2025-09-12T13:08:30","date_gmt":"2025-09-12T19:08:30","guid":{"rendered":"https:\/\/elpuucnoticias.com\/?p=21110"},"modified":"2025-09-12T13:08:31","modified_gmt":"2025-09-12T19:08:31","slug":"inmaya-siembra-cultura-y-autosuficiencia-alimentaria-en-las-escuelas-de-felipe-carrillo-puerto","status":"publish","type":"post","link":"https:\/\/elpuucnoticias.com\/?p=21110","title":{"rendered":"INMAYA siembra cultura y autosuficiencia alimentaria en las escuelas de Felipe Carrillo Puerto"},"content":{"rendered":"\n<p>Con un firme compromiso por preservar la cultura y los usos del pueblo maya, las escuelas de Felipe Carrillo Puerto fortalecen sus huertos escolares con el apoyo del INMAYA. Estas acciones acercan a ni\u00f1as y ni\u00f1os a la naturaleza, ense\u00f1\u00e1ndoles a sembrar y cosechar sus propios alimentos, promoviendo alimentos org\u00e1nicos, consumo local y autosuficiencia alimentaria, al tiempo que aprenden a valorar sus ra\u00edces y tradiciones.<\/p>\n\n\n\n<figure class=\"wp-block-image is-style-default\"><a href=\"https:\/\/cgc.qroo.gob.mx\/cjg\/wp-content\/uploads\/2025\/09\/WhatsApp-Image-2025-09-11-at-14.29.06.jpeg\"><img decoding=\"async\" src=\"https:\/\/cgc.qroo.gob.mx\/cjg\/wp-content\/uploads\/2025\/09\/WhatsApp-Image-2025-09-11-at-14.29.06-585x390.jpeg\" alt=\"\" title=\"WhatsApp Image 2025-09-11 at 14.29.06\"\/><\/a><\/figure>\n\n\n\n<p>Gracias al Nuevo Acuerdo por el Bienestar y Desarrollo de Quintana Roo, impulsado por la gobernadora Mara Lezama Espinosa, se entregaron herramientas y materiales esenciales para los huertos, incluyendo pala cuadrada, azad\u00f3n, malla borreguera, manguera de 30 metros, lona de 4\u00d74, melaza, salvado de trigo, levadura y cubetas No. 12, fortaleciendo la infraestructura educativa y creando espacios que integran aprendizaje, cultura y medio ambiente.<\/p>\n\n\n\n<figure class=\"wp-block-image is-style-default\"><a href=\"https:\/\/cgc.qroo.gob.mx\/cjg\/wp-content\/uploads\/2025\/09\/WhatsApp-Image-2025-09-11-at-14.29.04.jpeg\"><img decoding=\"async\" src=\"https:\/\/cgc.qroo.gob.mx\/cjg\/wp-content\/uploads\/2025\/09\/WhatsApp-Image-2025-09-11-at-14.29.04-585x390.jpeg\" alt=\"\" title=\"WhatsApp Image 2025-09-11 at 14.29.04\"\/><\/a><\/figure>\n\n\n\n<p>El director general del INMAYA, Enrique Chuc Cen, expres\u00f3: \u201cMe llena de orgullo ver c\u00f3mo nuestras ni\u00f1as y ni\u00f1os aprenden desde la escuela a sembrar y cosechar la tierra, como lo hicieron nuestros abuelos. Con estos huertos no solo cultivamos alimentos, tambi\u00e9n cultivamos identidad, respeto a los usos y costumbres de nuestras comunidades y conciencia sobre el cuidado del medio ambiente. Ese es el camino: una educaci\u00f3n que une tradici\u00f3n y sostenibilidad para las nuevas generaciones.\u201d<\/p>\n\n\n\n<figure class=\"wp-block-image is-style-default\"><a href=\"https:\/\/cgc.qroo.gob.mx\/cjg\/wp-content\/uploads\/2025\/09\/WhatsApp-Image-2025-09-11-at-14.29.05-1.jpeg\"><img decoding=\"async\" src=\"https:\/\/cgc.qroo.gob.mx\/cjg\/wp-content\/uploads\/2025\/09\/WhatsApp-Image-2025-09-11-at-14.29.05-1-585x390.jpeg\" alt=\"\" title=\"WhatsApp Image 2025-09-11 at 14.29.05 (1)\"\/><\/a><\/figure>\n\n\n\n<p>Con cada huerto escolar, demostramos que la transformaci\u00f3n cultural y educativa comienza desde la infancia. Este proyecto reafirma nuestro compromiso con el trabajo por el bienestar social, consolidando acciones que impulsan la educaci\u00f3n sustentable, el cuidado del medio ambiente y la preservaci\u00f3n de la riqueza cultural de Quintana Roo.<\/p>\n\n\n\n<figure class=\"wp-block-image is-style-default\"><a href=\"https:\/\/cgc.qroo.gob.mx\/cjg\/wp-content\/uploads\/2025\/09\/WhatsApp-Image-2025-09-11-at-14.29.05.jpeg\"><img decoding=\"async\" src=\"https:\/\/cgc.qroo.gob.mx\/cjg\/wp-content\/uploads\/2025\/09\/WhatsApp-Image-2025-09-11-at-14.29.05-585x390.jpeg\" alt=\"\" title=\"WhatsApp Image 2025-09-11 at 14.29.05\"\/><\/a><\/figure>\n","protected":false},"excerpt":{"rendered":"<p>Con un firme compromiso por preservar la cultura y los usos del pueblo maya, las escuelas de Felipe<\/p>\n","protected":false},"author":1,"featured_media":21111,"comment_status":"closed","ping_status":"open","sticky":false,"template":"","format":"standard","meta":{"_monsterinsights_skip_tracking":false,"_monsterinsights_sitenote_active":false,"_monsterinsights_sitenote_note":"","_monsterinsights_sitenote_category":0,"footnotes":""},"categories":[11,24],"tags":[],"class_list":["post-21110","post","type-post","status-publish","format-standard","has-post-thumbnail","hentry","category-noticias","category-quintana-roo"],"yoast_head":"<!-- This site is optimized with the Yoast SEO plugin v18.3 - https:\/\/yoast.com\/wordpress\/plugins\/seo\/ -->\n<title>INMAYA siembra cultura y autosuficiencia alimentaria en las escuelas de Felipe Carrillo Puerto - El Puuc Noticias<\/title>\n<meta name=\"robots\" content=\"index, follow, max-snippet:-1, max-image-preview:large, max-video-preview:-1\" \/>\n<link rel=\"canonical\" href=\"https:\/\/elpuucnoticias.com\/?p=21110\" \/>\n<meta property=\"og:locale\" content=\"es_ES\" \/>\n<meta property=\"og:type\" content=\"article\" \/>\n<meta property=\"og:title\" content=\"INMAYA siembra cultura y autosuficiencia alimentaria en las escuelas de Felipe Carrillo Puerto - El Puuc Noticias\" \/>\n<meta property=\"og:description\" content=\"Con un firme compromiso por preservar la cultura y los usos del pueblo maya, las escuelas de Felipe\" \/>\n<meta property=\"og:url\" content=\"https:\/\/elpuucnoticias.com\/?p=21110\" \/>\n<meta property=\"og:site_name\" content=\"El Puuc Noticias\" \/>\n<meta property=\"article:published_time\" content=\"2025-09-12T19:08:30+00:00\" \/>\n<meta property=\"article:modified_time\" content=\"2025-09-12T19:08:31+00:00\" \/>\n<meta property=\"og:image\" content=\"https:\/\/elpuucnoticias.com\/wp-content\/uploads\/2025\/09\/whatsapp-image-2025-09-11-at-14.29.07.jpeg\" \/>\n\t<meta property=\"og:image:width\" content=\"1600\" \/>\n\t<meta property=\"og:image:height\" content=\"1136\" \/>\n\t<meta property=\"og:image:type\" content=\"image\/jpeg\" \/>\n<meta name=\"twitter:card\" content=\"summary_large_image\" \/>\n<meta name=\"twitter:label1\" content=\"Escrito por\" \/>\n\t<meta name=\"twitter:data1\" content=\"elpuucnoticias\" \/>\n\t<meta name=\"twitter:label2\" content=\"Tiempo de lectura\" \/>\n\t<meta name=\"twitter:data2\" content=\"1 minuto\" \/>\n<script type=\"application\/ld+json\" class=\"yoast-schema-graph\">{\"@context\":\"https:\/\/schema.org\",\"@graph\":[{\"@type\":\"WebSite\",\"@id\":\"https:\/\/elpuucnoticias.com\/#website\",\"url\":\"https:\/\/elpuucnoticias.com\/\",\"name\":\"El Puuc Noticias\",\"description\":\"Noticias - Entretenimiento - Deportes\",\"potentialAction\":[{\"@type\":\"SearchAction\",\"target\":{\"@type\":\"EntryPoint\",\"urlTemplate\":\"https:\/\/elpuucnoticias.com\/?s={search_term_string}\"},\"query-input\":\"required name=search_term_string\"}],\"inLanguage\":\"es\"},{\"@type\":\"ImageObject\",\"@id\":\"https:\/\/elpuucnoticias.com\/?p=21110#primaryimage\",\"inLanguage\":\"es\",\"url\":\"https:\/\/elpuucnoticias.com\/wp-content\/uploads\/2025\/09\/whatsapp-image-2025-09-11-at-14.29.07.jpeg\",\"contentUrl\":\"https:\/\/elpuucnoticias.com\/wp-content\/uploads\/2025\/09\/whatsapp-image-2025-09-11-at-14.29.07.jpeg\",\"width\":1600,\"height\":1136},{\"@type\":\"WebPage\",\"@id\":\"https:\/\/elpuucnoticias.com\/?p=21110#webpage\",\"url\":\"https:\/\/elpuucnoticias.com\/?p=21110\",\"name\":\"INMAYA siembra cultura y autosuficiencia alimentaria en las escuelas de Felipe Carrillo Puerto - El Puuc Noticias\",\"isPartOf\":{\"@id\":\"https:\/\/elpuucnoticias.com\/#website\"},\"primaryImageOfPage\":{\"@id\":\"https:\/\/elpuucnoticias.com\/?p=21110#primaryimage\"},\"datePublished\":\"2025-09-12T19:08:30+00:00\",\"dateModified\":\"2025-09-12T19:08:31+00:00\",\"author\":{\"@id\":\"https:\/\/elpuucnoticias.com\/#\/schema\/person\/d2ea09e4c97f0160b11cdfb1d856bd9e\"},\"breadcrumb\":{\"@id\":\"https:\/\/elpuucnoticias.com\/?p=21110#breadcrumb\"},\"inLanguage\":\"es\",\"potentialAction\":[{\"@type\":\"ReadAction\",\"target\":[\"https:\/\/elpuucnoticias.com\/?p=21110\"]}]},{\"@type\":\"BreadcrumbList\",\"@id\":\"https:\/\/elpuucnoticias.com\/?p=21110#breadcrumb\",\"itemListElement\":[{\"@type\":\"ListItem\",\"position\":1,\"name\":\"Portada\",\"item\":\"https:\/\/elpuucnoticias.com\/\"},{\"@type\":\"ListItem\",\"position\":2,\"name\":\"INMAYA siembra cultura y autosuficiencia alimentaria en las escuelas de Felipe Carrillo Puerto\"}]},{\"@type\":\"Person\",\"@id\":\"https:\/\/elpuucnoticias.com\/#\/schema\/person\/d2ea09e4c97f0160b11cdfb1d856bd9e\",\"name\":\"elpuucnoticias\",\"image\":{\"@type\":\"ImageObject\",\"@id\":\"https:\/\/elpuucnoticias.com\/#personlogo\",\"inLanguage\":\"es\",\"url\":\"https:\/\/secure.gravatar.com\/avatar\/5290a43657c74ffa15701dbe5b846bd85cc71930d803c84e91046a7333de6ce2?s=96&d=mm&r=g\",\"contentUrl\":\"https:\/\/secure.gravatar.com\/avatar\/5290a43657c74ffa15701dbe5b846bd85cc71930d803c84e91046a7333de6ce2?s=96&d=mm&r=g\",\"caption\":\"elpuucnoticias\"},\"sameAs\":[\"https:\/\/elpuucnoticias.com\"],\"url\":\"https:\/\/elpuucnoticias.com\/?author=1\"}]}<\/script>\n<!-- \/ Yoast SEO plugin. -->","yoast_head_json":{"title":"INMAYA siembra cultura y autosuficiencia alimentaria en las escuelas de Felipe Carrillo Puerto - El Puuc Noticias","robots":{"index":"index","follow":"follow","max-snippet":"max-snippet:-1","max-image-preview":"max-image-preview:large","max-video-preview":"max-video-preview:-1"},"canonical":"https:\/\/elpuucnoticias.com\/?p=21110","og_locale":"es_ES","og_type":"article","og_title":"INMAYA siembra cultura y autosuficiencia alimentaria en las escuelas de Felipe Carrillo Puerto - El Puuc Noticias","og_description":"Con un firme compromiso por preservar la cultura y los usos del pueblo maya, las escuelas de Felipe","og_url":"https:\/\/elpuucnoticias.com\/?p=21110","og_site_name":"El Puuc Noticias","article_published_time":"2025-09-12T19:08:30+00:00","article_modified_time":"2025-09-12T19:08:31+00:00","og_image":[{"width":1600,"height":1136,"url":"https:\/\/elpuucnoticias.com\/wp-content\/uploads\/2025\/09\/whatsapp-image-2025-09-11-at-14.29.07.jpeg","type":"image\/jpeg"}],"twitter_card":"summary_large_image","twitter_misc":{"Escrito por":"elpuucnoticias","Tiempo de lectura":"1 minuto"},"schema":{"@context":"https:\/\/schema.org","@graph":[{"@type":"WebSite","@id":"https:\/\/elpuucnoticias.com\/#website","url":"https:\/\/elpuucnoticias.com\/","name":"El Puuc Noticias","description":"Noticias - Entretenimiento - Deportes","potentialAction":[{"@type":"SearchAction","target":{"@type":"EntryPoint","urlTemplate":"https:\/\/elpuucnoticias.com\/?s={search_term_string}"},"query-input":"required name=search_term_string"}],"inLanguage":"es"},{"@type":"ImageObject","@id":"https:\/\/elpuucnoticias.com\/?p=21110#primaryimage","inLanguage":"es","url":"https:\/\/elpuucnoticias.com\/wp-content\/uploads\/2025\/09\/whatsapp-image-2025-09-11-at-14.29.07.jpeg","contentUrl":"https:\/\/elpuucnoticias.com\/wp-content\/uploads\/2025\/09\/whatsapp-image-2025-09-11-at-14.29.07.jpeg","width":1600,"height":1136},{"@type":"WebPage","@id":"https:\/\/elpuucnoticias.com\/?p=21110#webpage","url":"https:\/\/elpuucnoticias.com\/?p=21110","name":"INMAYA siembra cultura y autosuficiencia alimentaria en las escuelas de Felipe Carrillo Puerto - El Puuc Noticias","isPartOf":{"@id":"https:\/\/elpuucnoticias.com\/#website"},"primaryImageOfPage":{"@id":"https:\/\/elpuucnoticias.com\/?p=21110#primaryimage"},"datePublished":"2025-09-12T19:08:30+00:00","dateModified":"2025-09-12T19:08:31+00:00","author":{"@id":"https:\/\/elpuucnoticias.com\/#\/schema\/person\/d2ea09e4c97f0160b11cdfb1d856bd9e"},"breadcrumb":{"@id":"https:\/\/elpuucnoticias.com\/?p=21110#breadcrumb"},"inLanguage":"es","potentialAction":[{"@type":"ReadAction","target":["https:\/\/elpuucnoticias.com\/?p=21110"]}]},{"@type":"BreadcrumbList","@id":"https:\/\/elpuucnoticias.com\/?p=21110#breadcrumb","itemListElement":[{"@type":"ListItem","position":1,"name":"Portada","item":"https:\/\/elpuucnoticias.com\/"},{"@type":"ListItem","position":2,"name":"INMAYA siembra cultura y autosuficiencia alimentaria en las escuelas de Felipe Carrillo Puerto"}]},{"@type":"Person","@id":"https:\/\/elpuucnoticias.com\/#\/schema\/person\/d2ea09e4c97f0160b11cdfb1d856bd9e","name":"elpuucnoticias","image":{"@type":"ImageObject","@id":"https:\/\/elpuucnoticias.com\/#personlogo","inLanguage":"es","url":"https:\/\/secure.gravatar.com\/avatar\/5290a43657c74ffa15701dbe5b846bd85cc71930d803c84e91046a7333de6ce2?s=96&d=mm&r=g","contentUrl":"https:\/\/secure.gravatar.com\/avatar\/5290a43657c74ffa15701dbe5b846bd85cc71930d803c84e91046a7333de6ce2?s=96&d=mm&r=g","caption":"elpuucnoticias"},"sameAs":["https:\/\/elpuucnoticias.com"],"url":"https:\/\/elpuucnoticias.com\/?author=1"}]}},"_links":{"self":[{"href":"https:\/\/elpuucnoticias.com\/index.php?rest_route=\/wp\/v2\/posts\/21110","targetHints":{"allow":["GET"]}}],"collection":[{"href":"https:\/\/elpuucnoticias.com\/index.php?rest_route=\/wp\/v2\/posts"}],"about":[{"href":"https:\/\/elpuucnoticias.com\/index.php?rest_route=\/wp\/v2\/types\/post"}],"author":[{"embeddable":true,"href":"https:\/\/elpuucnoticias.com\/index.php?rest_route=\/wp\/v2\/users\/1"}],"replies":[{"embeddable":true,"href":"https:\/\/elpuucnoticias.com\/index.php?rest_route=%2Fwp%2Fv2%2Fcomments&post=21110"}],"version-history":[{"count":1,"href":"https:\/\/elpuucnoticias.com\/index.php?rest_route=\/wp\/v2\/posts\/21110\/revisions"}],"predecessor-version":[{"id":21112,"href":"https:\/\/elpuucnoticias.com\/index.php?rest_route=\/wp\/v2\/posts\/21110\/revisions\/21112"}],"wp:featuredmedia":[{"embeddable":true,"href":"https:\/\/elpuucnoticias.com\/index.php?rest_route=\/wp\/v2\/media\/21111"}],"wp:attachment":[{"href":"https:\/\/elpuucnoticias.com\/index.php?rest_route=%2Fwp%2Fv2%2Fmedia&parent=21110"}],"wp:term":[{"taxonomy":"category","embeddable":true,"href":"https:\/\/elpuucnoticias.com\/index.php?rest_route=%2Fwp%2Fv2%2Fcategories&post=21110"},{"taxonomy":"post_tag","embeddable":true,"href":"https:\/\/elpuucnoticias.com\/index.php?rest_route=%2Fwp%2Fv2%2Ftags&post=21110"}],"curies":[{"name":"wp","href":"https:\/\/api.w.org\/{rel}","templated":true}]}}