{"id":21123,"date":"2025-09-12T13:27:59","date_gmt":"2025-09-12T19:27:59","guid":{"rendered":"https:\/\/elpuucnoticias.com\/?p=21123"},"modified":"2025-09-12T13:28:00","modified_gmt":"2025-09-12T19:28:00","slug":"lanza-el-instituto-quintanarroense-de-la-juventud-nueva-convocatoria-del-programa-impulsate-quintana-roo","status":"publish","type":"post","link":"https:\/\/elpuucnoticias.com\/?p=21123","title":{"rendered":"Lanza el Instituto Quintanarroense de la Juventud nueva convocatoria del Programa \u201cImp\u00falsate Quintana Roo\u201d"},"content":{"rendered":"\n<p>El Gobierno del Estado a trav\u00e9s del Instituto Quintanarroense de la Juventud (IQJ), que encabeza Alma Alvarado Moo, en coordinaci\u00f3n con Red Educativa M\u00e9xico, dio a conocer la apertura de una nueva convocatoria del programa \u201cImp\u00falsate Quintana Roo\u201d, orientado a personas mayores de 18 a\u00f1os que deseen finalizar sus estudios de nivel medio superior en un periodo intensivo de s\u00f3lo dos meses.<\/p>\n\n\n\n<p>Este esfuerzo, se enmarca en el Nuevo Acuerdo por el Bienestar y Desarrollo de Quintana Roo impulsado por la gobernadora Mara Lezama Espinosa, busca disminuir el rezago educativo y ampliar las oportunidades de crecimiento acad\u00e9mico, personal y profesional en la entidad, para que nadie se quede fuera y nadie se quede atr\u00e1s.<\/p>\n\n\n\n<figure class=\"wp-block-image is-style-default\"><a href=\"https:\/\/cgc.qroo.gob.mx\/cjg\/wp-content\/uploads\/2025\/09\/WhatsApp-Image-2025-09-12-at-10.32.13.jpeg\"><img decoding=\"async\" src=\"https:\/\/cgc.qroo.gob.mx\/cjg\/wp-content\/uploads\/2025\/09\/WhatsApp-Image-2025-09-12-at-10.32.13-585x390.jpeg\" alt=\"\" title=\"WhatsApp Image 2025-09-12 at 10.32.13\"\/><\/a><\/figure>\n\n\n\n<p>El programa educativo se impartir\u00e1 en modalidad presencial en Chetumal, Canc\u00fan y Playa del Carmen, as\u00ed como de manera virtual abierto a todo el estado lo que permitir\u00e1 a todos los interesados estudiar desde cualquier lugar con flexibilidad de horarios.<\/p>\n\n\n\n<p>Al concluir satisfactoriamente su preparaci\u00f3n acad\u00e9mica, las y los participantes recibir\u00e1n su certificado oficial emitido por la Secretar\u00eda de Educaci\u00f3n P\u00fablica (SEP).<\/p>\n\n\n\n<p>Los requisitos para inscribirse son: tener m\u00e1s de 18 a\u00f1os, presentar acta de nacimiento actualizada, certificado de secundaria e identificaci\u00f3n oficial vigente (INE). El registro permanecer\u00e1 abierto hasta el 19 de septiembre, y las clases dar\u00e1n inicio el 22 del mismo mes.<\/p>\n\n\n\n<figure class=\"wp-block-image is-style-default\"><a href=\"https:\/\/cgc.qroo.gob.mx\/cjg\/wp-content\/uploads\/2025\/09\/WhatsApp-Image-2025-09-12-at-10.32.12-1.jpeg\"><img decoding=\"async\" src=\"https:\/\/cgc.qroo.gob.mx\/cjg\/wp-content\/uploads\/2025\/09\/WhatsApp-Image-2025-09-12-at-10.32.12-1-585x389.jpeg\" alt=\"\" title=\"WhatsApp Image 2025-09-12 at 10.32.12 (1)\"\/><\/a><\/figure>\n\n\n\n<p>Asimismo, se otorgar\u00e1n mil becas con un 50 por ciento de descuento exclusivo para quintanarroenses.<\/p>\n\n\n\n<p>Para conocer m\u00e1s detalles sobre los requisitos e inscripciones, las y los interesados pueden comunicarse a los n\u00fameros 800 440, 5611-2306-50 o 800-0440-189, o consultar las redes sociales oficiales del IQJ.<\/p>\n\n\n\n<p>Con esta iniciativa, el Gobierno del Estado refrenda su compromiso con una educaci\u00f3n accesible e inclusiva, generando m\u00e1s oportunidades para que la juventud y ciudadan\u00eda quintanarroense fortalezca su preparaci\u00f3n acad\u00e9mica y profesional.<\/p>\n","protected":false},"excerpt":{"rendered":"<p>El Gobierno del Estado a trav\u00e9s del Instituto Quintanarroense de la Juventud (IQJ), que encabeza Alma Alvarado Moo,<\/p>\n","protected":false},"author":1,"featured_media":21124,"comment_status":"closed","ping_status":"open","sticky":false,"template":"","format":"standard","meta":{"_monsterinsights_skip_tracking":false,"_monsterinsights_sitenote_active":false,"_monsterinsights_sitenote_note":"","_monsterinsights_sitenote_category":0,"footnotes":""},"categories":[11,24],"tags":[],"class_list":["post-21123","post","type-post","status-publish","format-standard","has-post-thumbnail","hentry","category-noticias","category-quintana-roo"],"yoast_head":"<!-- This site is optimized with the Yoast SEO plugin v18.3 - https:\/\/yoast.com\/wordpress\/plugins\/seo\/ -->\n<title>Lanza el Instituto Quintanarroense de la Juventud nueva convocatoria del Programa \u201cImp\u00falsate Quintana Roo\u201d - El Puuc Noticias<\/title>\n<meta name=\"robots\" content=\"index, follow, max-snippet:-1, max-image-preview:large, max-video-preview:-1\" \/>\n<link rel=\"canonical\" href=\"https:\/\/elpuucnoticias.com\/?p=21123\" \/>\n<meta property=\"og:locale\" content=\"es_ES\" \/>\n<meta property=\"og:type\" content=\"article\" \/>\n<meta property=\"og:title\" content=\"Lanza el Instituto Quintanarroense de la Juventud nueva convocatoria del Programa \u201cImp\u00falsate Quintana Roo\u201d - El Puuc Noticias\" \/>\n<meta property=\"og:description\" content=\"El Gobierno del Estado a trav\u00e9s del Instituto Quintanarroense de la Juventud (IQJ), que encabeza Alma Alvarado Moo,\" \/>\n<meta property=\"og:url\" content=\"https:\/\/elpuucnoticias.com\/?p=21123\" \/>\n<meta property=\"og:site_name\" content=\"El Puuc Noticias\" \/>\n<meta property=\"article:published_time\" content=\"2025-09-12T19:27:59+00:00\" \/>\n<meta property=\"article:modified_time\" content=\"2025-09-12T19:28:00+00:00\" \/>\n<meta property=\"og:image\" content=\"https:\/\/elpuucnoticias.com\/wp-content\/uploads\/2025\/09\/whatsapp-image-2025-09-12-at-10.32.12.jpeg\" \/>\n\t<meta property=\"og:image:width\" content=\"958\" \/>\n\t<meta property=\"og:image:height\" content=\"1280\" \/>\n\t<meta property=\"og:image:type\" content=\"image\/jpeg\" \/>\n<meta name=\"twitter:card\" content=\"summary_large_image\" \/>\n<meta name=\"twitter:label1\" content=\"Escrito por\" \/>\n\t<meta name=\"twitter:data1\" content=\"elpuucnoticias\" \/>\n\t<meta name=\"twitter:label2\" content=\"Tiempo de lectura\" \/>\n\t<meta name=\"twitter:data2\" content=\"2 minutos\" \/>\n<script type=\"application\/ld+json\" class=\"yoast-schema-graph\">{\"@context\":\"https:\/\/schema.org\",\"@graph\":[{\"@type\":\"WebSite\",\"@id\":\"https:\/\/elpuucnoticias.com\/#website\",\"url\":\"https:\/\/elpuucnoticias.com\/\",\"name\":\"El Puuc Noticias\",\"description\":\"Noticias - Entretenimiento - Deportes\",\"potentialAction\":[{\"@type\":\"SearchAction\",\"target\":{\"@type\":\"EntryPoint\",\"urlTemplate\":\"https:\/\/elpuucnoticias.com\/?s={search_term_string}\"},\"query-input\":\"required name=search_term_string\"}],\"inLanguage\":\"es\"},{\"@type\":\"ImageObject\",\"@id\":\"https:\/\/elpuucnoticias.com\/?p=21123#primaryimage\",\"inLanguage\":\"es\",\"url\":\"https:\/\/elpuucnoticias.com\/wp-content\/uploads\/2025\/09\/whatsapp-image-2025-09-12-at-10.32.12.jpeg\",\"contentUrl\":\"https:\/\/elpuucnoticias.com\/wp-content\/uploads\/2025\/09\/whatsapp-image-2025-09-12-at-10.32.12.jpeg\",\"width\":958,\"height\":1280},{\"@type\":\"WebPage\",\"@id\":\"https:\/\/elpuucnoticias.com\/?p=21123#webpage\",\"url\":\"https:\/\/elpuucnoticias.com\/?p=21123\",\"name\":\"Lanza el Instituto Quintanarroense de la Juventud nueva convocatoria del Programa \u201cImp\u00falsate Quintana Roo\u201d - El Puuc Noticias\",\"isPartOf\":{\"@id\":\"https:\/\/elpuucnoticias.com\/#website\"},\"primaryImageOfPage\":{\"@id\":\"https:\/\/elpuucnoticias.com\/?p=21123#primaryimage\"},\"datePublished\":\"2025-09-12T19:27:59+00:00\",\"dateModified\":\"2025-09-12T19:28:00+00:00\",\"author\":{\"@id\":\"https:\/\/elpuucnoticias.com\/#\/schema\/person\/d2ea09e4c97f0160b11cdfb1d856bd9e\"},\"breadcrumb\":{\"@id\":\"https:\/\/elpuucnoticias.com\/?p=21123#breadcrumb\"},\"inLanguage\":\"es\",\"potentialAction\":[{\"@type\":\"ReadAction\",\"target\":[\"https:\/\/elpuucnoticias.com\/?p=21123\"]}]},{\"@type\":\"BreadcrumbList\",\"@id\":\"https:\/\/elpuucnoticias.com\/?p=21123#breadcrumb\",\"itemListElement\":[{\"@type\":\"ListItem\",\"position\":1,\"name\":\"Portada\",\"item\":\"https:\/\/elpuucnoticias.com\/\"},{\"@type\":\"ListItem\",\"position\":2,\"name\":\"Lanza el Instituto Quintanarroense de la Juventud nueva convocatoria del Programa \u201cImp\u00falsate Quintana Roo\u201d\"}]},{\"@type\":\"Person\",\"@id\":\"https:\/\/elpuucnoticias.com\/#\/schema\/person\/d2ea09e4c97f0160b11cdfb1d856bd9e\",\"name\":\"elpuucnoticias\",\"image\":{\"@type\":\"ImageObject\",\"@id\":\"https:\/\/elpuucnoticias.com\/#personlogo\",\"inLanguage\":\"es\",\"url\":\"https:\/\/secure.gravatar.com\/avatar\/5290a43657c74ffa15701dbe5b846bd85cc71930d803c84e91046a7333de6ce2?s=96&d=mm&r=g\",\"contentUrl\":\"https:\/\/secure.gravatar.com\/avatar\/5290a43657c74ffa15701dbe5b846bd85cc71930d803c84e91046a7333de6ce2?s=96&d=mm&r=g\",\"caption\":\"elpuucnoticias\"},\"sameAs\":[\"https:\/\/elpuucnoticias.com\"],\"url\":\"https:\/\/elpuucnoticias.com\/?author=1\"}]}<\/script>\n<!-- \/ Yoast SEO plugin. -->","yoast_head_json":{"title":"Lanza el Instituto Quintanarroense de la Juventud nueva convocatoria del Programa \u201cImp\u00falsate Quintana Roo\u201d - El Puuc Noticias","robots":{"index":"index","follow":"follow","max-snippet":"max-snippet:-1","max-image-preview":"max-image-preview:large","max-video-preview":"max-video-preview:-1"},"canonical":"https:\/\/elpuucnoticias.com\/?p=21123","og_locale":"es_ES","og_type":"article","og_title":"Lanza el Instituto Quintanarroense de la Juventud nueva convocatoria del Programa \u201cImp\u00falsate Quintana Roo\u201d - El Puuc Noticias","og_description":"El Gobierno del Estado a trav\u00e9s del Instituto Quintanarroense de la Juventud (IQJ), que encabeza Alma Alvarado Moo,","og_url":"https:\/\/elpuucnoticias.com\/?p=21123","og_site_name":"El Puuc Noticias","article_published_time":"2025-09-12T19:27:59+00:00","article_modified_time":"2025-09-12T19:28:00+00:00","og_image":[{"width":958,"height":1280,"url":"https:\/\/elpuucnoticias.com\/wp-content\/uploads\/2025\/09\/whatsapp-image-2025-09-12-at-10.32.12.jpeg","type":"image\/jpeg"}],"twitter_card":"summary_large_image","twitter_misc":{"Escrito por":"elpuucnoticias","Tiempo de lectura":"2 minutos"},"schema":{"@context":"https:\/\/schema.org","@graph":[{"@type":"WebSite","@id":"https:\/\/elpuucnoticias.com\/#website","url":"https:\/\/elpuucnoticias.com\/","name":"El Puuc Noticias","description":"Noticias - Entretenimiento - Deportes","potentialAction":[{"@type":"SearchAction","target":{"@type":"EntryPoint","urlTemplate":"https:\/\/elpuucnoticias.com\/?s={search_term_string}"},"query-input":"required name=search_term_string"}],"inLanguage":"es"},{"@type":"ImageObject","@id":"https:\/\/elpuucnoticias.com\/?p=21123#primaryimage","inLanguage":"es","url":"https:\/\/elpuucnoticias.com\/wp-content\/uploads\/2025\/09\/whatsapp-image-2025-09-12-at-10.32.12.jpeg","contentUrl":"https:\/\/elpuucnoticias.com\/wp-content\/uploads\/2025\/09\/whatsapp-image-2025-09-12-at-10.32.12.jpeg","width":958,"height":1280},{"@type":"WebPage","@id":"https:\/\/elpuucnoticias.com\/?p=21123#webpage","url":"https:\/\/elpuucnoticias.com\/?p=21123","name":"Lanza el Instituto Quintanarroense de la Juventud nueva convocatoria del Programa \u201cImp\u00falsate Quintana Roo\u201d - El Puuc Noticias","isPartOf":{"@id":"https:\/\/elpuucnoticias.com\/#website"},"primaryImageOfPage":{"@id":"https:\/\/elpuucnoticias.com\/?p=21123#primaryimage"},"datePublished":"2025-09-12T19:27:59+00:00","dateModified":"2025-09-12T19:28:00+00:00","author":{"@id":"https:\/\/elpuucnoticias.com\/#\/schema\/person\/d2ea09e4c97f0160b11cdfb1d856bd9e"},"breadcrumb":{"@id":"https:\/\/elpuucnoticias.com\/?p=21123#breadcrumb"},"inLanguage":"es","potentialAction":[{"@type":"ReadAction","target":["https:\/\/elpuucnoticias.com\/?p=21123"]}]},{"@type":"BreadcrumbList","@id":"https:\/\/elpuucnoticias.com\/?p=21123#breadcrumb","itemListElement":[{"@type":"ListItem","position":1,"name":"Portada","item":"https:\/\/elpuucnoticias.com\/"},{"@type":"ListItem","position":2,"name":"Lanza el Instituto Quintanarroense de la Juventud nueva convocatoria del Programa \u201cImp\u00falsate Quintana Roo\u201d"}]},{"@type":"Person","@id":"https:\/\/elpuucnoticias.com\/#\/schema\/person\/d2ea09e4c97f0160b11cdfb1d856bd9e","name":"elpuucnoticias","image":{"@type":"ImageObject","@id":"https:\/\/elpuucnoticias.com\/#personlogo","inLanguage":"es","url":"https:\/\/secure.gravatar.com\/avatar\/5290a43657c74ffa15701dbe5b846bd85cc71930d803c84e91046a7333de6ce2?s=96&d=mm&r=g","contentUrl":"https:\/\/secure.gravatar.com\/avatar\/5290a43657c74ffa15701dbe5b846bd85cc71930d803c84e91046a7333de6ce2?s=96&d=mm&r=g","caption":"elpuucnoticias"},"sameAs":["https:\/\/elpuucnoticias.com"],"url":"https:\/\/elpuucnoticias.com\/?author=1"}]}},"_links":{"self":[{"href":"https:\/\/elpuucnoticias.com\/index.php?rest_route=\/wp\/v2\/posts\/21123","targetHints":{"allow":["GET"]}}],"collection":[{"href":"https:\/\/elpuucnoticias.com\/index.php?rest_route=\/wp\/v2\/posts"}],"about":[{"href":"https:\/\/elpuucnoticias.com\/index.php?rest_route=\/wp\/v2\/types\/post"}],"author":[{"embeddable":true,"href":"https:\/\/elpuucnoticias.com\/index.php?rest_route=\/wp\/v2\/users\/1"}],"replies":[{"embeddable":true,"href":"https:\/\/elpuucnoticias.com\/index.php?rest_route=%2Fwp%2Fv2%2Fcomments&post=21123"}],"version-history":[{"count":1,"href":"https:\/\/elpuucnoticias.com\/index.php?rest_route=\/wp\/v2\/posts\/21123\/revisions"}],"predecessor-version":[{"id":21125,"href":"https:\/\/elpuucnoticias.com\/index.php?rest_route=\/wp\/v2\/posts\/21123\/revisions\/21125"}],"wp:featuredmedia":[{"embeddable":true,"href":"https:\/\/elpuucnoticias.com\/index.php?rest_route=\/wp\/v2\/media\/21124"}],"wp:attachment":[{"href":"https:\/\/elpuucnoticias.com\/index.php?rest_route=%2Fwp%2Fv2%2Fmedia&parent=21123"}],"wp:term":[{"taxonomy":"category","embeddable":true,"href":"https:\/\/elpuucnoticias.com\/index.php?rest_route=%2Fwp%2Fv2%2Fcategories&post=21123"},{"taxonomy":"post_tag","embeddable":true,"href":"https:\/\/elpuucnoticias.com\/index.php?rest_route=%2Fwp%2Fv2%2Ftags&post=21123"}],"curies":[{"name":"wp","href":"https:\/\/api.w.org\/{rel}","templated":true}]}}