{"id":21128,"date":"2025-09-12T13:55:08","date_gmt":"2025-09-12T19:55:08","guid":{"rendered":"https:\/\/elpuucnoticias.com\/?p=21128"},"modified":"2025-09-12T13:55:09","modified_gmt":"2025-09-12T19:55:09","slug":"rinde-homenaje-la-fpmc-al-escritor-cozumeleno-victor-vivas-valdes","status":"publish","type":"post","link":"https:\/\/elpuucnoticias.com\/?p=21128","title":{"rendered":"Rinde homenaje la FPMC al escritor cozumele\u00f1o V\u00edctor Vivas Vald\u00e9s"},"content":{"rendered":"\n<p>La Fundaci\u00f3n de Parques y Museos de Cozumel (FPMC) realiz\u00f3 una emotiva velada en honor al escritor cozumele\u00f1o V\u00edctor Vivas Vald\u00e9s, con motivo de sus 50 a\u00f1os de trayectoria literaria y en reconocimiento a su valiosa aportaci\u00f3n al patrimonio cultural de la isla y de Quintana Roo.<\/p>\n\n\n\n<p>La ceremonia, que se llev\u00f3 a cabo en el auditorio del Museo de la Isla, con la presencia de familiares, amigos, escritores y amantes de la literatura, inici\u00f3 con las palabras de bienvenida de la directora del Museo de la Isla, Isela Carrillo Cupul, quien subray\u00f3 la importancia de visibilizar y celebrar a los talentos locales que fortalecen la identidad cultural de Cozumel.<\/p>\n\n\n\n<figure class=\"wp-block-image aligncenter is-style-default\"><img decoding=\"async\" src=\"http:\/\/cgc.qroo.gob.mx\/cjg\/wp-content\/uploads\/2025\/09\/WhatsApp-Image-2025-09-12-at-11.32.50-1-1024x682.jpeg\" alt=\"\" class=\"wp-image-268483\"\/><\/figure>\n\n\n\n<p>Posteriormente, la escritora Bertha Leonor Chal\u00e9 comparti\u00f3 los motivos que dieron origen a este reconocimiento, resaltando la vigencia y trascendencia de la obra de Vivas Vald\u00e9s, autor de t\u00edtulos como \u201cEl vuelo de la golondrina\u201d, \u201cUn atisbo al azul\u201d y \u201cEpistolario\u201d.<\/p>\n\n\n\n<p>El p\u00fablico tambi\u00e9n disfrut\u00f3 de una semblanza biogr\u00e1fica a cargo de Veudi Vivas Vald\u00e9s, cronista vitalicio de la isla, quien ofreci\u00f3 un recorrido por la vida y aportaciones del homenajeado.<\/p>\n\n\n\n<figure class=\"wp-block-image aligncenter is-style-default\"><img decoding=\"async\" src=\"http:\/\/cgc.qroo.gob.mx\/cjg\/wp-content\/uploads\/2025\/09\/WhatsApp-Image-2025-09-12-at-11.32.49-1-1024x653.jpeg\" alt=\"\" class=\"wp-image-268480\"\/><\/figure>\n\n\n\n<p>Asimismo, la lectura de fragmentos po\u00e9ticos estuvo a cargo de la periodista Fernanda Montiel, amiga cercana del escritor, y de la narradora oral Brigi Maribel Pulido, quienes compartieron con sensibilidad y arte algunos de los pasajes m\u00e1s representativos de la poes\u00eda del escritor cozumele\u00f1o.<\/p>\n\n\n\n<p>Uno de los momentos m\u00e1s conmovedores fue la declamaci\u00f3n del poema \u201cCozumel\u201d, interpretado por la poeta cozumele\u00f1a Alejandra Canto Mac, cuya voz dio nueva vida a los versos que reflejan el profundo amor de Vivas Vald\u00e9s por su tierra natal. Por su parte Miguel Joaqu\u00edn Dom\u00ednguez, fue el encargado de entregar un reconocimiento al homenajeado quien cerr\u00f3 con un mensaje de gratitud hacia la FPMC y los asistentes, destacando la importancia de mantener viva la pasi\u00f3n por las letras y la cultura.<\/p>\n\n\n\n<figure class=\"wp-block-image aligncenter is-style-default\"><img decoding=\"async\" src=\"http:\/\/cgc.qroo.gob.mx\/cjg\/wp-content\/uploads\/2025\/09\/WhatsApp-Image-2025-09-12-at-11.32.49-1024x682.jpeg\" alt=\"\" class=\"wp-image-268482\"\/><\/figure>\n\n\n\n<p>El evento concluy\u00f3 con la entrega de un reconocimiento en nombre de la directora general de la FPMC, Juanita Alonso Marrufo, a V\u00edctor Vald\u00e9s, cerrando una noche dedicada a exaltar la literatura cozumele\u00f1a y el talento local, enmarcada en el Nuevo Acuerdo por el Bienestar y Desarrollo de Quintana Roo, que promueve la gobernadora Mara Lezama Espinosa.<\/p>\n\n\n\n<p>Con acciones como esta, la FPMC reafirma su papel como un faro cultural que promueve, difunde y celebra las expresiones art\u00edsticas que fortalecen la identidad y el orgullo de la comunidad cozumele\u00f1a.<\/p>\n","protected":false},"excerpt":{"rendered":"<p>La Fundaci\u00f3n de Parques y Museos de Cozumel (FPMC) realiz\u00f3 una emotiva velada en honor al escritor cozumele\u00f1o<\/p>\n","protected":false},"author":1,"featured_media":21129,"comment_status":"closed","ping_status":"open","sticky":false,"template":"","format":"standard","meta":{"_monsterinsights_skip_tracking":false,"_monsterinsights_sitenote_active":false,"_monsterinsights_sitenote_note":"","_monsterinsights_sitenote_category":0,"footnotes":""},"categories":[11,24],"tags":[],"class_list":["post-21128","post","type-post","status-publish","format-standard","has-post-thumbnail","hentry","category-noticias","category-quintana-roo"],"yoast_head":"<!-- This site is optimized with the Yoast SEO plugin v18.3 - https:\/\/yoast.com\/wordpress\/plugins\/seo\/ -->\n<title>Rinde homenaje la FPMC al escritor cozumele\u00f1o V\u00edctor Vivas Vald\u00e9s - El Puuc Noticias<\/title>\n<meta name=\"robots\" content=\"index, follow, max-snippet:-1, max-image-preview:large, max-video-preview:-1\" \/>\n<link rel=\"canonical\" href=\"https:\/\/elpuucnoticias.com\/?p=21128\" \/>\n<meta property=\"og:locale\" content=\"es_ES\" \/>\n<meta property=\"og:type\" content=\"article\" \/>\n<meta property=\"og:title\" content=\"Rinde homenaje la FPMC al escritor cozumele\u00f1o V\u00edctor Vivas Vald\u00e9s - El Puuc Noticias\" \/>\n<meta property=\"og:description\" content=\"La Fundaci\u00f3n de Parques y Museos de Cozumel (FPMC) realiz\u00f3 una emotiva velada en honor al escritor cozumele\u00f1o\" \/>\n<meta property=\"og:url\" content=\"https:\/\/elpuucnoticias.com\/?p=21128\" \/>\n<meta property=\"og:site_name\" content=\"El Puuc Noticias\" \/>\n<meta property=\"article:published_time\" content=\"2025-09-12T19:55:08+00:00\" \/>\n<meta property=\"article:modified_time\" content=\"2025-09-12T19:55:09+00:00\" \/>\n<meta property=\"og:image\" content=\"https:\/\/elpuucnoticias.com\/wp-content\/uploads\/2025\/09\/whatsapp-image-2025-09-12-at-11.32.49-2.jpeg\" \/>\n\t<meta property=\"og:image:width\" content=\"1279\" \/>\n\t<meta property=\"og:image:height\" content=\"841\" \/>\n\t<meta property=\"og:image:type\" content=\"image\/jpeg\" \/>\n<meta name=\"twitter:card\" content=\"summary_large_image\" \/>\n<meta name=\"twitter:label1\" content=\"Escrito por\" \/>\n\t<meta name=\"twitter:data1\" content=\"elpuucnoticias\" \/>\n\t<meta name=\"twitter:label2\" content=\"Tiempo de lectura\" \/>\n\t<meta name=\"twitter:data2\" content=\"2 minutos\" \/>\n<script type=\"application\/ld+json\" class=\"yoast-schema-graph\">{\"@context\":\"https:\/\/schema.org\",\"@graph\":[{\"@type\":\"WebSite\",\"@id\":\"https:\/\/elpuucnoticias.com\/#website\",\"url\":\"https:\/\/elpuucnoticias.com\/\",\"name\":\"El Puuc Noticias\",\"description\":\"Noticias - Entretenimiento - Deportes\",\"potentialAction\":[{\"@type\":\"SearchAction\",\"target\":{\"@type\":\"EntryPoint\",\"urlTemplate\":\"https:\/\/elpuucnoticias.com\/?s={search_term_string}\"},\"query-input\":\"required name=search_term_string\"}],\"inLanguage\":\"es\"},{\"@type\":\"ImageObject\",\"@id\":\"https:\/\/elpuucnoticias.com\/?p=21128#primaryimage\",\"inLanguage\":\"es\",\"url\":\"https:\/\/elpuucnoticias.com\/wp-content\/uploads\/2025\/09\/whatsapp-image-2025-09-12-at-11.32.49-2.jpeg\",\"contentUrl\":\"https:\/\/elpuucnoticias.com\/wp-content\/uploads\/2025\/09\/whatsapp-image-2025-09-12-at-11.32.49-2.jpeg\",\"width\":1279,\"height\":841},{\"@type\":\"WebPage\",\"@id\":\"https:\/\/elpuucnoticias.com\/?p=21128#webpage\",\"url\":\"https:\/\/elpuucnoticias.com\/?p=21128\",\"name\":\"Rinde homenaje la FPMC al escritor cozumele\u00f1o V\u00edctor Vivas Vald\u00e9s - El Puuc Noticias\",\"isPartOf\":{\"@id\":\"https:\/\/elpuucnoticias.com\/#website\"},\"primaryImageOfPage\":{\"@id\":\"https:\/\/elpuucnoticias.com\/?p=21128#primaryimage\"},\"datePublished\":\"2025-09-12T19:55:08+00:00\",\"dateModified\":\"2025-09-12T19:55:09+00:00\",\"author\":{\"@id\":\"https:\/\/elpuucnoticias.com\/#\/schema\/person\/d2ea09e4c97f0160b11cdfb1d856bd9e\"},\"breadcrumb\":{\"@id\":\"https:\/\/elpuucnoticias.com\/?p=21128#breadcrumb\"},\"inLanguage\":\"es\",\"potentialAction\":[{\"@type\":\"ReadAction\",\"target\":[\"https:\/\/elpuucnoticias.com\/?p=21128\"]}]},{\"@type\":\"BreadcrumbList\",\"@id\":\"https:\/\/elpuucnoticias.com\/?p=21128#breadcrumb\",\"itemListElement\":[{\"@type\":\"ListItem\",\"position\":1,\"name\":\"Portada\",\"item\":\"https:\/\/elpuucnoticias.com\/\"},{\"@type\":\"ListItem\",\"position\":2,\"name\":\"Rinde homenaje la FPMC al escritor cozumele\u00f1o V\u00edctor Vivas Vald\u00e9s\"}]},{\"@type\":\"Person\",\"@id\":\"https:\/\/elpuucnoticias.com\/#\/schema\/person\/d2ea09e4c97f0160b11cdfb1d856bd9e\",\"name\":\"elpuucnoticias\",\"image\":{\"@type\":\"ImageObject\",\"@id\":\"https:\/\/elpuucnoticias.com\/#personlogo\",\"inLanguage\":\"es\",\"url\":\"https:\/\/secure.gravatar.com\/avatar\/5290a43657c74ffa15701dbe5b846bd85cc71930d803c84e91046a7333de6ce2?s=96&d=mm&r=g\",\"contentUrl\":\"https:\/\/secure.gravatar.com\/avatar\/5290a43657c74ffa15701dbe5b846bd85cc71930d803c84e91046a7333de6ce2?s=96&d=mm&r=g\",\"caption\":\"elpuucnoticias\"},\"sameAs\":[\"https:\/\/elpuucnoticias.com\"],\"url\":\"https:\/\/elpuucnoticias.com\/?author=1\"}]}<\/script>\n<!-- \/ Yoast SEO plugin. -->","yoast_head_json":{"title":"Rinde homenaje la FPMC al escritor cozumele\u00f1o V\u00edctor Vivas Vald\u00e9s - El Puuc Noticias","robots":{"index":"index","follow":"follow","max-snippet":"max-snippet:-1","max-image-preview":"max-image-preview:large","max-video-preview":"max-video-preview:-1"},"canonical":"https:\/\/elpuucnoticias.com\/?p=21128","og_locale":"es_ES","og_type":"article","og_title":"Rinde homenaje la FPMC al escritor cozumele\u00f1o V\u00edctor Vivas Vald\u00e9s - El Puuc Noticias","og_description":"La Fundaci\u00f3n de Parques y Museos de Cozumel (FPMC) realiz\u00f3 una emotiva velada en honor al escritor cozumele\u00f1o","og_url":"https:\/\/elpuucnoticias.com\/?p=21128","og_site_name":"El Puuc Noticias","article_published_time":"2025-09-12T19:55:08+00:00","article_modified_time":"2025-09-12T19:55:09+00:00","og_image":[{"width":1279,"height":841,"url":"https:\/\/elpuucnoticias.com\/wp-content\/uploads\/2025\/09\/whatsapp-image-2025-09-12-at-11.32.49-2.jpeg","type":"image\/jpeg"}],"twitter_card":"summary_large_image","twitter_misc":{"Escrito por":"elpuucnoticias","Tiempo de lectura":"2 minutos"},"schema":{"@context":"https:\/\/schema.org","@graph":[{"@type":"WebSite","@id":"https:\/\/elpuucnoticias.com\/#website","url":"https:\/\/elpuucnoticias.com\/","name":"El Puuc Noticias","description":"Noticias - Entretenimiento - Deportes","potentialAction":[{"@type":"SearchAction","target":{"@type":"EntryPoint","urlTemplate":"https:\/\/elpuucnoticias.com\/?s={search_term_string}"},"query-input":"required name=search_term_string"}],"inLanguage":"es"},{"@type":"ImageObject","@id":"https:\/\/elpuucnoticias.com\/?p=21128#primaryimage","inLanguage":"es","url":"https:\/\/elpuucnoticias.com\/wp-content\/uploads\/2025\/09\/whatsapp-image-2025-09-12-at-11.32.49-2.jpeg","contentUrl":"https:\/\/elpuucnoticias.com\/wp-content\/uploads\/2025\/09\/whatsapp-image-2025-09-12-at-11.32.49-2.jpeg","width":1279,"height":841},{"@type":"WebPage","@id":"https:\/\/elpuucnoticias.com\/?p=21128#webpage","url":"https:\/\/elpuucnoticias.com\/?p=21128","name":"Rinde homenaje la FPMC al escritor cozumele\u00f1o V\u00edctor Vivas Vald\u00e9s - El Puuc Noticias","isPartOf":{"@id":"https:\/\/elpuucnoticias.com\/#website"},"primaryImageOfPage":{"@id":"https:\/\/elpuucnoticias.com\/?p=21128#primaryimage"},"datePublished":"2025-09-12T19:55:08+00:00","dateModified":"2025-09-12T19:55:09+00:00","author":{"@id":"https:\/\/elpuucnoticias.com\/#\/schema\/person\/d2ea09e4c97f0160b11cdfb1d856bd9e"},"breadcrumb":{"@id":"https:\/\/elpuucnoticias.com\/?p=21128#breadcrumb"},"inLanguage":"es","potentialAction":[{"@type":"ReadAction","target":["https:\/\/elpuucnoticias.com\/?p=21128"]}]},{"@type":"BreadcrumbList","@id":"https:\/\/elpuucnoticias.com\/?p=21128#breadcrumb","itemListElement":[{"@type":"ListItem","position":1,"name":"Portada","item":"https:\/\/elpuucnoticias.com\/"},{"@type":"ListItem","position":2,"name":"Rinde homenaje la FPMC al escritor cozumele\u00f1o V\u00edctor Vivas Vald\u00e9s"}]},{"@type":"Person","@id":"https:\/\/elpuucnoticias.com\/#\/schema\/person\/d2ea09e4c97f0160b11cdfb1d856bd9e","name":"elpuucnoticias","image":{"@type":"ImageObject","@id":"https:\/\/elpuucnoticias.com\/#personlogo","inLanguage":"es","url":"https:\/\/secure.gravatar.com\/avatar\/5290a43657c74ffa15701dbe5b846bd85cc71930d803c84e91046a7333de6ce2?s=96&d=mm&r=g","contentUrl":"https:\/\/secure.gravatar.com\/avatar\/5290a43657c74ffa15701dbe5b846bd85cc71930d803c84e91046a7333de6ce2?s=96&d=mm&r=g","caption":"elpuucnoticias"},"sameAs":["https:\/\/elpuucnoticias.com"],"url":"https:\/\/elpuucnoticias.com\/?author=1"}]}},"_links":{"self":[{"href":"https:\/\/elpuucnoticias.com\/index.php?rest_route=\/wp\/v2\/posts\/21128","targetHints":{"allow":["GET"]}}],"collection":[{"href":"https:\/\/elpuucnoticias.com\/index.php?rest_route=\/wp\/v2\/posts"}],"about":[{"href":"https:\/\/elpuucnoticias.com\/index.php?rest_route=\/wp\/v2\/types\/post"}],"author":[{"embeddable":true,"href":"https:\/\/elpuucnoticias.com\/index.php?rest_route=\/wp\/v2\/users\/1"}],"replies":[{"embeddable":true,"href":"https:\/\/elpuucnoticias.com\/index.php?rest_route=%2Fwp%2Fv2%2Fcomments&post=21128"}],"version-history":[{"count":1,"href":"https:\/\/elpuucnoticias.com\/index.php?rest_route=\/wp\/v2\/posts\/21128\/revisions"}],"predecessor-version":[{"id":21130,"href":"https:\/\/elpuucnoticias.com\/index.php?rest_route=\/wp\/v2\/posts\/21128\/revisions\/21130"}],"wp:featuredmedia":[{"embeddable":true,"href":"https:\/\/elpuucnoticias.com\/index.php?rest_route=\/wp\/v2\/media\/21129"}],"wp:attachment":[{"href":"https:\/\/elpuucnoticias.com\/index.php?rest_route=%2Fwp%2Fv2%2Fmedia&parent=21128"}],"wp:term":[{"taxonomy":"category","embeddable":true,"href":"https:\/\/elpuucnoticias.com\/index.php?rest_route=%2Fwp%2Fv2%2Fcategories&post=21128"},{"taxonomy":"post_tag","embeddable":true,"href":"https:\/\/elpuucnoticias.com\/index.php?rest_route=%2Fwp%2Fv2%2Ftags&post=21128"}],"curies":[{"name":"wp","href":"https:\/\/api.w.org\/{rel}","templated":true}]}}