{"id":21136,"date":"2025-09-15T13:15:30","date_gmt":"2025-09-15T19:15:30","guid":{"rendered":"https:\/\/elpuucnoticias.com\/?p=21136"},"modified":"2025-09-15T13:15:30","modified_gmt":"2025-09-15T19:15:30","slug":"se-trabaja-coordinado-y-aniveldecancha-para-impulsar-el-deporte-estudiantil-de-quintana-roo","status":"publish","type":"post","link":"https:\/\/elpuucnoticias.com\/?p=21136","title":{"rendered":"Se trabaja coordinado y #ANivelDeCancha para impulsar el deporte estudiantil de Quintana Roo"},"content":{"rendered":"\n<p>Con el firme objetivo de seguir impulsando el deporte entre la comunidad estudiantil de Quintana Roo, la Comisi\u00f3n del Deporte de Quintana Roo (CODEQ), a trav\u00e9s de su presidente Jacobo Arzate Hop, encabez\u00f3 una reuni\u00f3n de trabajo con los representantes y directores de los Subsistemas de Educaci\u00f3n Media Superior de la entidad.<\/p>\n\n\n\n<figure class=\"wp-block-image is-style-default\"><a href=\"https:\/\/cgc.qroo.gob.mx\/cjg\/wp-content\/uploads\/2025\/09\/f87076b2-907c-4be8-a368-29b15ef70145.jpg\"><img decoding=\"async\" src=\"https:\/\/cgc.qroo.gob.mx\/cjg\/wp-content\/uploads\/2025\/09\/f87076b2-907c-4be8-a368-29b15ef70145-585x390.jpg\" alt=\"\" title=\"f87076b2-907c-4be8-a368-29b15ef70145\"\/><\/a><\/figure>\n\n\n\n<p>El dotar de herramientas y espacios para que las y los estudiantes de Quintana Roo puedan realizar deporte y, a su vez, aportar a su desarrollo integral, son parte de las acciones que enmarcan el Nuevo Acuerdo por el Bienestar y Desarrollo, que impulsa la gobernadora Mara Lezama Espinosa.<\/p>\n\n\n\n<p>\u201cLa educaci\u00f3n y el deporte son las dos grandes escuelas de la vida, por eso trabajamos de manera coordinada y en equipo con los Subsistemas de Educaci\u00f3n Media Superior, esto con el objetivo de generar m\u00e1s espacios y actividades que fortalezcan el desarrollo integral de nuestras y nuestros j\u00f3venes estudiantes\u201d, coment\u00f3 Jacobo Arzate durante la mesa de trabajo.<\/p>\n\n\n\n<figure class=\"wp-block-image is-style-default\"><a href=\"https:\/\/cgc.qroo.gob.mx\/cjg\/wp-content\/uploads\/2025\/09\/09ef91a2-c9d2-4a8e-bd60-cc8b94dff25d.jpg\"><img decoding=\"async\" src=\"https:\/\/cgc.qroo.gob.mx\/cjg\/wp-content\/uploads\/2025\/09\/09ef91a2-c9d2-4a8e-bd60-cc8b94dff25d-585x390.jpg\" alt=\"\" title=\"09ef91a2-c9d2-4a8e-bd60-cc8b94dff25d\"\/><\/a><\/figure>\n\n\n\n<p>A la reuni\u00f3n tambi\u00e9n estuvieron presentes la maestra Paula M\u00e1rquez G\u00f3mez, directora de Educaci\u00f3n Media Superior en la SEQ; la maestra Iran\u00ed D\u00edaz, directora general de la Escuela Eva S\u00e1mano de L\u00f3pez Mateos; el maestro Jorge Aguilar, director general del Colegio de Bachilleres; el maestro An\u00edbal Montalvo, director general del Conalep; el maestro Javier Yam, director general del DGETI; el maestro Luis Cabrera, titular de la oficina de enlace de la Direcci\u00f3n General de Educaci\u00f3n Tecnol\u00f3gica Agropecuaria y Ciencias del Mar (DGETAyCM); as\u00ed como \u00d3scar Esparza, en representaci\u00f3n del CECYTE.<\/p>\n\n\n\n<p>Durante la mesa de trabajo, resalt\u00f3 que uno de los asuntos principales que se trataron fue el continuar fortaleciendo lazos de colaboraci\u00f3n y promover las actividades deportivas entre las y los estudiantes de nivel Medio Superior, para que los diferentes Subsistemas tengan representaci\u00f3n en competencias de talla estatal e internacional.<\/p>\n\n\n\n<figure class=\"wp-block-image is-style-default\"><a href=\"https:\/\/cgc.qroo.gob.mx\/cjg\/wp-content\/uploads\/2025\/09\/3fed0305-7b66-42d9-9932-980a0726cd9e.jpg\"><img decoding=\"async\" src=\"https:\/\/cgc.qroo.gob.mx\/cjg\/wp-content\/uploads\/2025\/09\/3fed0305-7b66-42d9-9932-980a0726cd9e-585x390.jpg\" alt=\"\" title=\"3fed0305-7b66-42d9-9932-980a0726cd9e\"\/><\/a><\/figure>\n\n\n\n<p>Finalmente, los directivos coincidieron en que, dentro de la comunidad estudiantil, las disciplinas m\u00e1s practicadas son f\u00fatbol, b\u00e1squetbol, s\u00f3ftbol, voleibol, ajedrez, entre otros, y como estrategia se buscar\u00e1 que estos deportes tengan la mayor promoci\u00f3n dentro de los planteles educativos.<\/p>\n","protected":false},"excerpt":{"rendered":"<p>Con el firme objetivo de seguir impulsando el deporte entre la comunidad estudiantil de Quintana Roo, la Comisi\u00f3n<\/p>\n","protected":false},"author":1,"featured_media":21137,"comment_status":"closed","ping_status":"open","sticky":false,"template":"","format":"standard","meta":{"_monsterinsights_skip_tracking":false,"_monsterinsights_sitenote_active":false,"_monsterinsights_sitenote_note":"","_monsterinsights_sitenote_category":0,"footnotes":""},"categories":[11,24],"tags":[],"class_list":["post-21136","post","type-post","status-publish","format-standard","has-post-thumbnail","hentry","category-noticias","category-quintana-roo"],"yoast_head":"<!-- This site is optimized with the Yoast SEO plugin v18.3 - https:\/\/yoast.com\/wordpress\/plugins\/seo\/ -->\n<title>Se trabaja coordinado y #ANivelDeCancha para impulsar el deporte estudiantil de Quintana Roo - El Puuc Noticias<\/title>\n<meta name=\"robots\" content=\"index, follow, max-snippet:-1, max-image-preview:large, max-video-preview:-1\" \/>\n<link rel=\"canonical\" href=\"https:\/\/elpuucnoticias.com\/?p=21136\" \/>\n<meta property=\"og:locale\" content=\"es_ES\" \/>\n<meta property=\"og:type\" content=\"article\" \/>\n<meta property=\"og:title\" content=\"Se trabaja coordinado y #ANivelDeCancha para impulsar el deporte estudiantil de Quintana Roo - El Puuc Noticias\" \/>\n<meta property=\"og:description\" content=\"Con el firme objetivo de seguir impulsando el deporte entre la comunidad estudiantil de Quintana Roo, la Comisi\u00f3n\" \/>\n<meta property=\"og:url\" content=\"https:\/\/elpuucnoticias.com\/?p=21136\" \/>\n<meta property=\"og:site_name\" content=\"El Puuc Noticias\" \/>\n<meta property=\"article:published_time\" content=\"2025-09-15T19:15:30+00:00\" \/>\n<meta property=\"og:image\" content=\"https:\/\/elpuucnoticias.com\/wp-content\/uploads\/2025\/09\/8b5507a7-2e51-4386-9b47-a2e5a61951e8.jpg\" \/>\n\t<meta property=\"og:image:width\" content=\"1600\" \/>\n\t<meta property=\"og:image:height\" content=\"1066\" \/>\n\t<meta property=\"og:image:type\" content=\"image\/jpeg\" \/>\n<meta name=\"twitter:card\" content=\"summary_large_image\" \/>\n<meta name=\"twitter:label1\" content=\"Escrito por\" \/>\n\t<meta name=\"twitter:data1\" content=\"elpuucnoticias\" \/>\n\t<meta name=\"twitter:label2\" content=\"Tiempo de lectura\" \/>\n\t<meta name=\"twitter:data2\" content=\"2 minutos\" \/>\n<script type=\"application\/ld+json\" class=\"yoast-schema-graph\">{\"@context\":\"https:\/\/schema.org\",\"@graph\":[{\"@type\":\"WebSite\",\"@id\":\"https:\/\/elpuucnoticias.com\/#website\",\"url\":\"https:\/\/elpuucnoticias.com\/\",\"name\":\"El Puuc Noticias\",\"description\":\"Noticias - Entretenimiento - Deportes\",\"potentialAction\":[{\"@type\":\"SearchAction\",\"target\":{\"@type\":\"EntryPoint\",\"urlTemplate\":\"https:\/\/elpuucnoticias.com\/?s={search_term_string}\"},\"query-input\":\"required name=search_term_string\"}],\"inLanguage\":\"es\"},{\"@type\":\"ImageObject\",\"@id\":\"https:\/\/elpuucnoticias.com\/?p=21136#primaryimage\",\"inLanguage\":\"es\",\"url\":\"https:\/\/elpuucnoticias.com\/wp-content\/uploads\/2025\/09\/8b5507a7-2e51-4386-9b47-a2e5a61951e8.jpg\",\"contentUrl\":\"https:\/\/elpuucnoticias.com\/wp-content\/uploads\/2025\/09\/8b5507a7-2e51-4386-9b47-a2e5a61951e8.jpg\",\"width\":1600,\"height\":1066},{\"@type\":\"WebPage\",\"@id\":\"https:\/\/elpuucnoticias.com\/?p=21136#webpage\",\"url\":\"https:\/\/elpuucnoticias.com\/?p=21136\",\"name\":\"Se trabaja coordinado y #ANivelDeCancha para impulsar el deporte estudiantil de Quintana Roo - El Puuc Noticias\",\"isPartOf\":{\"@id\":\"https:\/\/elpuucnoticias.com\/#website\"},\"primaryImageOfPage\":{\"@id\":\"https:\/\/elpuucnoticias.com\/?p=21136#primaryimage\"},\"datePublished\":\"2025-09-15T19:15:30+00:00\",\"dateModified\":\"2025-09-15T19:15:30+00:00\",\"author\":{\"@id\":\"https:\/\/elpuucnoticias.com\/#\/schema\/person\/d2ea09e4c97f0160b11cdfb1d856bd9e\"},\"breadcrumb\":{\"@id\":\"https:\/\/elpuucnoticias.com\/?p=21136#breadcrumb\"},\"inLanguage\":\"es\",\"potentialAction\":[{\"@type\":\"ReadAction\",\"target\":[\"https:\/\/elpuucnoticias.com\/?p=21136\"]}]},{\"@type\":\"BreadcrumbList\",\"@id\":\"https:\/\/elpuucnoticias.com\/?p=21136#breadcrumb\",\"itemListElement\":[{\"@type\":\"ListItem\",\"position\":1,\"name\":\"Portada\",\"item\":\"https:\/\/elpuucnoticias.com\/\"},{\"@type\":\"ListItem\",\"position\":2,\"name\":\"Se trabaja coordinado y #ANivelDeCancha para impulsar el deporte estudiantil de Quintana Roo\"}]},{\"@type\":\"Person\",\"@id\":\"https:\/\/elpuucnoticias.com\/#\/schema\/person\/d2ea09e4c97f0160b11cdfb1d856bd9e\",\"name\":\"elpuucnoticias\",\"image\":{\"@type\":\"ImageObject\",\"@id\":\"https:\/\/elpuucnoticias.com\/#personlogo\",\"inLanguage\":\"es\",\"url\":\"https:\/\/secure.gravatar.com\/avatar\/5290a43657c74ffa15701dbe5b846bd85cc71930d803c84e91046a7333de6ce2?s=96&d=mm&r=g\",\"contentUrl\":\"https:\/\/secure.gravatar.com\/avatar\/5290a43657c74ffa15701dbe5b846bd85cc71930d803c84e91046a7333de6ce2?s=96&d=mm&r=g\",\"caption\":\"elpuucnoticias\"},\"sameAs\":[\"https:\/\/elpuucnoticias.com\"],\"url\":\"https:\/\/elpuucnoticias.com\/?author=1\"}]}<\/script>\n<!-- \/ Yoast SEO plugin. -->","yoast_head_json":{"title":"Se trabaja coordinado y #ANivelDeCancha para impulsar el deporte estudiantil de Quintana Roo - El Puuc Noticias","robots":{"index":"index","follow":"follow","max-snippet":"max-snippet:-1","max-image-preview":"max-image-preview:large","max-video-preview":"max-video-preview:-1"},"canonical":"https:\/\/elpuucnoticias.com\/?p=21136","og_locale":"es_ES","og_type":"article","og_title":"Se trabaja coordinado y #ANivelDeCancha para impulsar el deporte estudiantil de Quintana Roo - El Puuc Noticias","og_description":"Con el firme objetivo de seguir impulsando el deporte entre la comunidad estudiantil de Quintana Roo, la Comisi\u00f3n","og_url":"https:\/\/elpuucnoticias.com\/?p=21136","og_site_name":"El Puuc Noticias","article_published_time":"2025-09-15T19:15:30+00:00","og_image":[{"width":1600,"height":1066,"url":"https:\/\/elpuucnoticias.com\/wp-content\/uploads\/2025\/09\/8b5507a7-2e51-4386-9b47-a2e5a61951e8.jpg","type":"image\/jpeg"}],"twitter_card":"summary_large_image","twitter_misc":{"Escrito por":"elpuucnoticias","Tiempo de lectura":"2 minutos"},"schema":{"@context":"https:\/\/schema.org","@graph":[{"@type":"WebSite","@id":"https:\/\/elpuucnoticias.com\/#website","url":"https:\/\/elpuucnoticias.com\/","name":"El Puuc Noticias","description":"Noticias - Entretenimiento - Deportes","potentialAction":[{"@type":"SearchAction","target":{"@type":"EntryPoint","urlTemplate":"https:\/\/elpuucnoticias.com\/?s={search_term_string}"},"query-input":"required name=search_term_string"}],"inLanguage":"es"},{"@type":"ImageObject","@id":"https:\/\/elpuucnoticias.com\/?p=21136#primaryimage","inLanguage":"es","url":"https:\/\/elpuucnoticias.com\/wp-content\/uploads\/2025\/09\/8b5507a7-2e51-4386-9b47-a2e5a61951e8.jpg","contentUrl":"https:\/\/elpuucnoticias.com\/wp-content\/uploads\/2025\/09\/8b5507a7-2e51-4386-9b47-a2e5a61951e8.jpg","width":1600,"height":1066},{"@type":"WebPage","@id":"https:\/\/elpuucnoticias.com\/?p=21136#webpage","url":"https:\/\/elpuucnoticias.com\/?p=21136","name":"Se trabaja coordinado y #ANivelDeCancha para impulsar el deporte estudiantil de Quintana Roo - El Puuc Noticias","isPartOf":{"@id":"https:\/\/elpuucnoticias.com\/#website"},"primaryImageOfPage":{"@id":"https:\/\/elpuucnoticias.com\/?p=21136#primaryimage"},"datePublished":"2025-09-15T19:15:30+00:00","dateModified":"2025-09-15T19:15:30+00:00","author":{"@id":"https:\/\/elpuucnoticias.com\/#\/schema\/person\/d2ea09e4c97f0160b11cdfb1d856bd9e"},"breadcrumb":{"@id":"https:\/\/elpuucnoticias.com\/?p=21136#breadcrumb"},"inLanguage":"es","potentialAction":[{"@type":"ReadAction","target":["https:\/\/elpuucnoticias.com\/?p=21136"]}]},{"@type":"BreadcrumbList","@id":"https:\/\/elpuucnoticias.com\/?p=21136#breadcrumb","itemListElement":[{"@type":"ListItem","position":1,"name":"Portada","item":"https:\/\/elpuucnoticias.com\/"},{"@type":"ListItem","position":2,"name":"Se trabaja coordinado y #ANivelDeCancha para impulsar el deporte estudiantil de Quintana Roo"}]},{"@type":"Person","@id":"https:\/\/elpuucnoticias.com\/#\/schema\/person\/d2ea09e4c97f0160b11cdfb1d856bd9e","name":"elpuucnoticias","image":{"@type":"ImageObject","@id":"https:\/\/elpuucnoticias.com\/#personlogo","inLanguage":"es","url":"https:\/\/secure.gravatar.com\/avatar\/5290a43657c74ffa15701dbe5b846bd85cc71930d803c84e91046a7333de6ce2?s=96&d=mm&r=g","contentUrl":"https:\/\/secure.gravatar.com\/avatar\/5290a43657c74ffa15701dbe5b846bd85cc71930d803c84e91046a7333de6ce2?s=96&d=mm&r=g","caption":"elpuucnoticias"},"sameAs":["https:\/\/elpuucnoticias.com"],"url":"https:\/\/elpuucnoticias.com\/?author=1"}]}},"_links":{"self":[{"href":"https:\/\/elpuucnoticias.com\/index.php?rest_route=\/wp\/v2\/posts\/21136","targetHints":{"allow":["GET"]}}],"collection":[{"href":"https:\/\/elpuucnoticias.com\/index.php?rest_route=\/wp\/v2\/posts"}],"about":[{"href":"https:\/\/elpuucnoticias.com\/index.php?rest_route=\/wp\/v2\/types\/post"}],"author":[{"embeddable":true,"href":"https:\/\/elpuucnoticias.com\/index.php?rest_route=\/wp\/v2\/users\/1"}],"replies":[{"embeddable":true,"href":"https:\/\/elpuucnoticias.com\/index.php?rest_route=%2Fwp%2Fv2%2Fcomments&post=21136"}],"version-history":[{"count":1,"href":"https:\/\/elpuucnoticias.com\/index.php?rest_route=\/wp\/v2\/posts\/21136\/revisions"}],"predecessor-version":[{"id":21138,"href":"https:\/\/elpuucnoticias.com\/index.php?rest_route=\/wp\/v2\/posts\/21136\/revisions\/21138"}],"wp:featuredmedia":[{"embeddable":true,"href":"https:\/\/elpuucnoticias.com\/index.php?rest_route=\/wp\/v2\/media\/21137"}],"wp:attachment":[{"href":"https:\/\/elpuucnoticias.com\/index.php?rest_route=%2Fwp%2Fv2%2Fmedia&parent=21136"}],"wp:term":[{"taxonomy":"category","embeddable":true,"href":"https:\/\/elpuucnoticias.com\/index.php?rest_route=%2Fwp%2Fv2%2Fcategories&post=21136"},{"taxonomy":"post_tag","embeddable":true,"href":"https:\/\/elpuucnoticias.com\/index.php?rest_route=%2Fwp%2Fv2%2Ftags&post=21136"}],"curies":[{"name":"wp","href":"https:\/\/api.w.org\/{rel}","templated":true}]}}