{"id":21144,"date":"2025-09-15T13:24:21","date_gmt":"2025-09-15T19:24:21","guid":{"rendered":"https:\/\/elpuucnoticias.com\/?p=21144"},"modified":"2025-09-15T13:24:21","modified_gmt":"2025-09-15T19:24:21","slug":"encabeza-mara-lezama-homenaje-a-los-ninos-heroes-en-aniversario-178-de-la-batalla-de-chapultepec","status":"publish","type":"post","link":"https:\/\/elpuucnoticias.com\/?p=21144","title":{"rendered":"Encabeza Mara Lezama homenaje a los Ni\u00f1os H\u00e9roes en aniversario 178 de la Batalla de Chapultepec"},"content":{"rendered":"\n<p>La gobernadora Mara Lezama Espinosa encabez\u00f3 la ceremonia conmemorativa del 178 aniversario de la Batalla de Chapultepec, con la que se rindi\u00f3 homenaje a los Ni\u00f1os H\u00e9roes, j\u00f3venes cadetes del Colegio Militar que ofrecieron su vida en defensa de la soberan\u00eda nacional.<\/p>\n\n\n\n<figure class=\"wp-block-image is-style-default\"><a href=\"https:\/\/cgc.qroo.gob.mx\/cjg\/wp-content\/uploads\/2025\/09\/IMG-20250913-WA0004-scaled.jpg\"><img decoding=\"async\" src=\"https:\/\/cgc.qroo.gob.mx\/cjg\/wp-content\/uploads\/2025\/09\/IMG-20250913-WA0004-585x329.jpg\" alt=\"\" title=\"IMG-20250913-WA0004\"\/><\/a><\/figure>\n\n\n\n<p>Al respecto, Mara Lezama destac\u00f3 que la gesta heroica de Chapultepec nos habla de honor y de entrega, pero tambi\u00e9n de futuro. \u201cPorque cada generaci\u00f3n est\u00e1 llamada a escribir su propia p\u00e1gina en la historia. Hoy esa p\u00e1gina se escribe con la lucha contra las dolorosas brechas de desigualdad, con la defensa de los m\u00e1s vulnerables, con la<br>construcci\u00f3n de un Pa\u00eds donde nadie se quede afuera y absolutamente nadie se quede atr\u00e1s. Esa es nuestra misi\u00f3n, y no se trata de un ideal abstracto, sino de una tarea cotidiana que nos convoca a todas y todos\u201d.<\/p>\n\n\n\n<figure class=\"wp-block-image is-style-default\"><a href=\"https:\/\/cgc.qroo.gob.mx\/cjg\/wp-content\/uploads\/2025\/09\/IMG-20250913-WA0003-scaled.jpg\"><img decoding=\"async\" src=\"https:\/\/cgc.qroo.gob.mx\/cjg\/wp-content\/uploads\/2025\/09\/IMG-20250913-WA0003-585x390.jpg\" alt=\"\" title=\"IMG-20250913-WA0003\"\/><\/a><\/figure>\n\n\n\n<p>Durante la ceremonia solemne en el asta bandera monumental del bulevar de la zona hotelera, el General de Brigada DEM Fidel Mondrag\u00f3n Rivero, comandante de la 34 Zona Militar, pas\u00f3 lista de honor y record\u00f3 el sacrificio de Juan de la Barrera, Juan Escutia, Agust\u00edn Melgar, Vicente Su\u00e1rez, Francisco M\u00e1rquez y Fernando Montes de Oca, quienes resistieron hasta el final el avance del ej\u00e9rcito estadounidense en el Castillo de Chapultepec.<\/p>\n\n\n\n<figure class=\"wp-block-image is-style-default\"><a href=\"https:\/\/cgc.qroo.gob.mx\/cjg\/wp-content\/uploads\/2025\/09\/IMG-20250913-WA0007-scaled.jpg\"><img decoding=\"async\" src=\"https:\/\/cgc.qroo.gob.mx\/cjg\/wp-content\/uploads\/2025\/09\/IMG-20250913-WA0007-585x390.jpg\" alt=\"\" title=\"IMG-20250913-WA0007\"\/><\/a><\/figure>\n\n\n\n<p>La batalla, ocurrida el 13 de septiembre de 1847, afirm\u00f3 el Comandante de la 34 Zona Militar, marc\u00f3 un momento decisivo en la invasi\u00f3n extranjera. A pesar de la desventaja num\u00e9rica y de recursos, los j\u00f3venes cadetes enfrentaron al enemigo con valent\u00eda, convirti\u00e9ndose en s\u00edmbolos de honor, patriotismo y lealtad.<\/p>\n\n\n\n<figure class=\"wp-block-image is-style-default\"><a href=\"https:\/\/cgc.qroo.gob.mx\/cjg\/wp-content\/uploads\/2025\/09\/IMG-20250913-WA0008-scaled.jpg\"><img decoding=\"async\" src=\"https:\/\/cgc.qroo.gob.mx\/cjg\/wp-content\/uploads\/2025\/09\/IMG-20250913-WA0008-585x390.jpg\" alt=\"\" title=\"IMG-20250913-WA0008\"\/><\/a><\/figure>\n\n\n\n<p>Como cada a\u00f1o, los momentos m\u00e1s emotivos fueron cuando se dispar\u00f3 la salva de honor y se enton\u00f3 el Himno del Heroico Colegio Militar.<\/p>\n\n\n\n<figure class=\"wp-block-image is-style-default\"><a href=\"https:\/\/cgc.qroo.gob.mx\/cjg\/wp-content\/uploads\/2025\/09\/IMG-20250913-WA0009-scaled.jpg\"><img decoding=\"async\" src=\"https:\/\/cgc.qroo.gob.mx\/cjg\/wp-content\/uploads\/2025\/09\/IMG-20250913-WA0009-585x390.jpg\" alt=\"\" title=\"IMG-20250913-WA0009\"\/><\/a><\/figure>\n\n\n\n<p>La gobernadora Mara Lezama encabez\u00f3 la guardia de honor y la ofrenda floral, para escuchar luego el toque de silencio. Con el Himno Nacional y los honores a La Bandera concluy\u00f3 la ceremonia.<\/p>\n\n\n\n<figure class=\"wp-block-image is-style-default\"><a href=\"https:\/\/cgc.qroo.gob.mx\/cjg\/wp-content\/uploads\/2025\/09\/IMG-20250913-WA0010-scaled.jpg\"><img decoding=\"async\" src=\"https:\/\/cgc.qroo.gob.mx\/cjg\/wp-content\/uploads\/2025\/09\/IMG-20250913-WA0010-585x390.jpg\" alt=\"\" title=\"IMG-20250913-WA0010\"\/><\/a><\/figure>\n\n\n\n<p>Estuvieron presentes Guadalupe Jos\u00e9 Bernal M\u00e9ndez, Comandante de la 5a Regi\u00f3n Naval; Ana Paty Peralta de la Pe\u00f1a, Presidenta Municipal de Benito Ju\u00e1rez; Claudio Edmundo Huizar de la Torre, Comandante de la Guarnici\u00f3n Militar de Canc\u00fan; Ver\u00f3nica Lezama Espinosa, Presidenta Honoraria del Sistema DIF Quintana Roo; Raciel L\u00f3pez Salazar, Fiscal General de Quintana Roo.<\/p>\n\n\n\n<figure class=\"wp-block-image is-style-default\"><a href=\"https:\/\/cgc.qroo.gob.mx\/cjg\/wp-content\/uploads\/2025\/09\/IMG-20250913-WA0002-scaled.jpg\"><img decoding=\"async\" src=\"https:\/\/cgc.qroo.gob.mx\/cjg\/wp-content\/uploads\/2025\/09\/IMG-20250913-WA0002-585x390.jpg\" alt=\"\" title=\"IMG-20250913-WA0002\"\/><\/a><\/figure>\n\n\n\n<p>Adem\u00e1s, Julio C\u00e9sar G\u00f3mez Torres, Secretario de Seguridad Ciudadana; Jos\u00e9 Luis Mart\u00ednez Rojas, Comandante de la 10a B.P.M.y coordinador estatal de la Guardia Nacional en Quintana Roo; Ren\u00e1n Eduardo S\u00e1nchez Tajonar, presidente del Congreso del Estado; y Carlos Tovilla Padilla, titular de la Fiscal\u00eda General de la Rep\u00fablica.<\/p>\n","protected":false},"excerpt":{"rendered":"<p>La gobernadora Mara Lezama Espinosa encabez\u00f3 la ceremonia conmemorativa del 178 aniversario de la Batalla de Chapultepec, con<\/p>\n","protected":false},"author":1,"featured_media":21145,"comment_status":"closed","ping_status":"open","sticky":false,"template":"","format":"standard","meta":{"_monsterinsights_skip_tracking":false,"_monsterinsights_sitenote_active":false,"_monsterinsights_sitenote_note":"","_monsterinsights_sitenote_category":0,"footnotes":""},"categories":[11,24],"tags":[],"class_list":["post-21144","post","type-post","status-publish","format-standard","has-post-thumbnail","hentry","category-noticias","category-quintana-roo"],"yoast_head":"<!-- This site is optimized with the Yoast SEO plugin v18.3 - https:\/\/yoast.com\/wordpress\/plugins\/seo\/ -->\n<title>Encabeza Mara Lezama homenaje a los Ni\u00f1os H\u00e9roes en aniversario 178 de la Batalla de Chapultepec - El Puuc Noticias<\/title>\n<meta name=\"robots\" content=\"index, follow, max-snippet:-1, max-image-preview:large, max-video-preview:-1\" \/>\n<link rel=\"canonical\" href=\"https:\/\/elpuucnoticias.com\/?p=21144\" \/>\n<meta property=\"og:locale\" content=\"es_ES\" \/>\n<meta property=\"og:type\" content=\"article\" \/>\n<meta property=\"og:title\" content=\"Encabeza Mara Lezama homenaje a los Ni\u00f1os H\u00e9roes en aniversario 178 de la Batalla de Chapultepec - El Puuc Noticias\" \/>\n<meta property=\"og:description\" content=\"La gobernadora Mara Lezama Espinosa encabez\u00f3 la ceremonia conmemorativa del 178 aniversario de la Batalla de Chapultepec, con\" \/>\n<meta property=\"og:url\" content=\"https:\/\/elpuucnoticias.com\/?p=21144\" \/>\n<meta property=\"og:site_name\" content=\"El Puuc Noticias\" \/>\n<meta property=\"article:published_time\" content=\"2025-09-15T19:24:21+00:00\" \/>\n<meta property=\"og:image\" content=\"https:\/\/elpuucnoticias.com\/wp-content\/uploads\/2025\/09\/img-20250913-wa0001-scaled-1.jpg\" \/>\n\t<meta property=\"og:image:width\" content=\"2560\" \/>\n\t<meta property=\"og:image:height\" content=\"1707\" \/>\n\t<meta property=\"og:image:type\" content=\"image\/jpeg\" \/>\n<meta name=\"twitter:card\" content=\"summary_large_image\" \/>\n<meta name=\"twitter:label1\" content=\"Escrito por\" \/>\n\t<meta name=\"twitter:data1\" content=\"elpuucnoticias\" \/>\n\t<meta name=\"twitter:label2\" content=\"Tiempo de lectura\" \/>\n\t<meta name=\"twitter:data2\" content=\"2 minutos\" \/>\n<script type=\"application\/ld+json\" class=\"yoast-schema-graph\">{\"@context\":\"https:\/\/schema.org\",\"@graph\":[{\"@type\":\"WebSite\",\"@id\":\"https:\/\/elpuucnoticias.com\/#website\",\"url\":\"https:\/\/elpuucnoticias.com\/\",\"name\":\"El Puuc Noticias\",\"description\":\"Noticias - Entretenimiento - Deportes\",\"potentialAction\":[{\"@type\":\"SearchAction\",\"target\":{\"@type\":\"EntryPoint\",\"urlTemplate\":\"https:\/\/elpuucnoticias.com\/?s={search_term_string}\"},\"query-input\":\"required name=search_term_string\"}],\"inLanguage\":\"es\"},{\"@type\":\"ImageObject\",\"@id\":\"https:\/\/elpuucnoticias.com\/?p=21144#primaryimage\",\"inLanguage\":\"es\",\"url\":\"https:\/\/elpuucnoticias.com\/wp-content\/uploads\/2025\/09\/img-20250913-wa0001-scaled-1.jpg\",\"contentUrl\":\"https:\/\/elpuucnoticias.com\/wp-content\/uploads\/2025\/09\/img-20250913-wa0001-scaled-1.jpg\",\"width\":2560,\"height\":1707},{\"@type\":\"WebPage\",\"@id\":\"https:\/\/elpuucnoticias.com\/?p=21144#webpage\",\"url\":\"https:\/\/elpuucnoticias.com\/?p=21144\",\"name\":\"Encabeza Mara Lezama homenaje a los Ni\u00f1os H\u00e9roes en aniversario 178 de la Batalla de Chapultepec - El Puuc Noticias\",\"isPartOf\":{\"@id\":\"https:\/\/elpuucnoticias.com\/#website\"},\"primaryImageOfPage\":{\"@id\":\"https:\/\/elpuucnoticias.com\/?p=21144#primaryimage\"},\"datePublished\":\"2025-09-15T19:24:21+00:00\",\"dateModified\":\"2025-09-15T19:24:21+00:00\",\"author\":{\"@id\":\"https:\/\/elpuucnoticias.com\/#\/schema\/person\/d2ea09e4c97f0160b11cdfb1d856bd9e\"},\"breadcrumb\":{\"@id\":\"https:\/\/elpuucnoticias.com\/?p=21144#breadcrumb\"},\"inLanguage\":\"es\",\"potentialAction\":[{\"@type\":\"ReadAction\",\"target\":[\"https:\/\/elpuucnoticias.com\/?p=21144\"]}]},{\"@type\":\"BreadcrumbList\",\"@id\":\"https:\/\/elpuucnoticias.com\/?p=21144#breadcrumb\",\"itemListElement\":[{\"@type\":\"ListItem\",\"position\":1,\"name\":\"Portada\",\"item\":\"https:\/\/elpuucnoticias.com\/\"},{\"@type\":\"ListItem\",\"position\":2,\"name\":\"Encabeza Mara Lezama homenaje a los Ni\u00f1os H\u00e9roes en aniversario 178 de la Batalla de Chapultepec\"}]},{\"@type\":\"Person\",\"@id\":\"https:\/\/elpuucnoticias.com\/#\/schema\/person\/d2ea09e4c97f0160b11cdfb1d856bd9e\",\"name\":\"elpuucnoticias\",\"image\":{\"@type\":\"ImageObject\",\"@id\":\"https:\/\/elpuucnoticias.com\/#personlogo\",\"inLanguage\":\"es\",\"url\":\"https:\/\/secure.gravatar.com\/avatar\/5290a43657c74ffa15701dbe5b846bd85cc71930d803c84e91046a7333de6ce2?s=96&d=mm&r=g\",\"contentUrl\":\"https:\/\/secure.gravatar.com\/avatar\/5290a43657c74ffa15701dbe5b846bd85cc71930d803c84e91046a7333de6ce2?s=96&d=mm&r=g\",\"caption\":\"elpuucnoticias\"},\"sameAs\":[\"https:\/\/elpuucnoticias.com\"],\"url\":\"https:\/\/elpuucnoticias.com\/?author=1\"}]}<\/script>\n<!-- \/ Yoast SEO plugin. -->","yoast_head_json":{"title":"Encabeza Mara Lezama homenaje a los Ni\u00f1os H\u00e9roes en aniversario 178 de la Batalla de Chapultepec - El Puuc Noticias","robots":{"index":"index","follow":"follow","max-snippet":"max-snippet:-1","max-image-preview":"max-image-preview:large","max-video-preview":"max-video-preview:-1"},"canonical":"https:\/\/elpuucnoticias.com\/?p=21144","og_locale":"es_ES","og_type":"article","og_title":"Encabeza Mara Lezama homenaje a los Ni\u00f1os H\u00e9roes en aniversario 178 de la Batalla de Chapultepec - El Puuc Noticias","og_description":"La gobernadora Mara Lezama Espinosa encabez\u00f3 la ceremonia conmemorativa del 178 aniversario de la Batalla de Chapultepec, con","og_url":"https:\/\/elpuucnoticias.com\/?p=21144","og_site_name":"El Puuc Noticias","article_published_time":"2025-09-15T19:24:21+00:00","og_image":[{"width":2560,"height":1707,"url":"https:\/\/elpuucnoticias.com\/wp-content\/uploads\/2025\/09\/img-20250913-wa0001-scaled-1.jpg","type":"image\/jpeg"}],"twitter_card":"summary_large_image","twitter_misc":{"Escrito por":"elpuucnoticias","Tiempo de lectura":"2 minutos"},"schema":{"@context":"https:\/\/schema.org","@graph":[{"@type":"WebSite","@id":"https:\/\/elpuucnoticias.com\/#website","url":"https:\/\/elpuucnoticias.com\/","name":"El Puuc Noticias","description":"Noticias - Entretenimiento - Deportes","potentialAction":[{"@type":"SearchAction","target":{"@type":"EntryPoint","urlTemplate":"https:\/\/elpuucnoticias.com\/?s={search_term_string}"},"query-input":"required name=search_term_string"}],"inLanguage":"es"},{"@type":"ImageObject","@id":"https:\/\/elpuucnoticias.com\/?p=21144#primaryimage","inLanguage":"es","url":"https:\/\/elpuucnoticias.com\/wp-content\/uploads\/2025\/09\/img-20250913-wa0001-scaled-1.jpg","contentUrl":"https:\/\/elpuucnoticias.com\/wp-content\/uploads\/2025\/09\/img-20250913-wa0001-scaled-1.jpg","width":2560,"height":1707},{"@type":"WebPage","@id":"https:\/\/elpuucnoticias.com\/?p=21144#webpage","url":"https:\/\/elpuucnoticias.com\/?p=21144","name":"Encabeza Mara Lezama homenaje a los Ni\u00f1os H\u00e9roes en aniversario 178 de la Batalla de Chapultepec - El Puuc Noticias","isPartOf":{"@id":"https:\/\/elpuucnoticias.com\/#website"},"primaryImageOfPage":{"@id":"https:\/\/elpuucnoticias.com\/?p=21144#primaryimage"},"datePublished":"2025-09-15T19:24:21+00:00","dateModified":"2025-09-15T19:24:21+00:00","author":{"@id":"https:\/\/elpuucnoticias.com\/#\/schema\/person\/d2ea09e4c97f0160b11cdfb1d856bd9e"},"breadcrumb":{"@id":"https:\/\/elpuucnoticias.com\/?p=21144#breadcrumb"},"inLanguage":"es","potentialAction":[{"@type":"ReadAction","target":["https:\/\/elpuucnoticias.com\/?p=21144"]}]},{"@type":"BreadcrumbList","@id":"https:\/\/elpuucnoticias.com\/?p=21144#breadcrumb","itemListElement":[{"@type":"ListItem","position":1,"name":"Portada","item":"https:\/\/elpuucnoticias.com\/"},{"@type":"ListItem","position":2,"name":"Encabeza Mara Lezama homenaje a los Ni\u00f1os H\u00e9roes en aniversario 178 de la Batalla de Chapultepec"}]},{"@type":"Person","@id":"https:\/\/elpuucnoticias.com\/#\/schema\/person\/d2ea09e4c97f0160b11cdfb1d856bd9e","name":"elpuucnoticias","image":{"@type":"ImageObject","@id":"https:\/\/elpuucnoticias.com\/#personlogo","inLanguage":"es","url":"https:\/\/secure.gravatar.com\/avatar\/5290a43657c74ffa15701dbe5b846bd85cc71930d803c84e91046a7333de6ce2?s=96&d=mm&r=g","contentUrl":"https:\/\/secure.gravatar.com\/avatar\/5290a43657c74ffa15701dbe5b846bd85cc71930d803c84e91046a7333de6ce2?s=96&d=mm&r=g","caption":"elpuucnoticias"},"sameAs":["https:\/\/elpuucnoticias.com"],"url":"https:\/\/elpuucnoticias.com\/?author=1"}]}},"_links":{"self":[{"href":"https:\/\/elpuucnoticias.com\/index.php?rest_route=\/wp\/v2\/posts\/21144","targetHints":{"allow":["GET"]}}],"collection":[{"href":"https:\/\/elpuucnoticias.com\/index.php?rest_route=\/wp\/v2\/posts"}],"about":[{"href":"https:\/\/elpuucnoticias.com\/index.php?rest_route=\/wp\/v2\/types\/post"}],"author":[{"embeddable":true,"href":"https:\/\/elpuucnoticias.com\/index.php?rest_route=\/wp\/v2\/users\/1"}],"replies":[{"embeddable":true,"href":"https:\/\/elpuucnoticias.com\/index.php?rest_route=%2Fwp%2Fv2%2Fcomments&post=21144"}],"version-history":[{"count":1,"href":"https:\/\/elpuucnoticias.com\/index.php?rest_route=\/wp\/v2\/posts\/21144\/revisions"}],"predecessor-version":[{"id":21146,"href":"https:\/\/elpuucnoticias.com\/index.php?rest_route=\/wp\/v2\/posts\/21144\/revisions\/21146"}],"wp:featuredmedia":[{"embeddable":true,"href":"https:\/\/elpuucnoticias.com\/index.php?rest_route=\/wp\/v2\/media\/21145"}],"wp:attachment":[{"href":"https:\/\/elpuucnoticias.com\/index.php?rest_route=%2Fwp%2Fv2%2Fmedia&parent=21144"}],"wp:term":[{"taxonomy":"category","embeddable":true,"href":"https:\/\/elpuucnoticias.com\/index.php?rest_route=%2Fwp%2Fv2%2Fcategories&post=21144"},{"taxonomy":"post_tag","embeddable":true,"href":"https:\/\/elpuucnoticias.com\/index.php?rest_route=%2Fwp%2Fv2%2Ftags&post=21144"}],"curies":[{"name":"wp","href":"https:\/\/api.w.org\/{rel}","templated":true}]}}