{"id":21158,"date":"2025-09-15T13:35:29","date_gmt":"2025-09-15T19:35:29","guid":{"rendered":"https:\/\/elpuucnoticias.com\/?p=21158"},"modified":"2025-09-15T13:35:29","modified_gmt":"2025-09-15T19:35:29","slug":"mara-lezama-inaugura-decorado-patrio-en-la-zona-hotelera-de-cancun-e-invita-a-disfrutar-del-parador-fotografico-de-las-fiestas-patrias","status":"publish","type":"post","link":"https:\/\/elpuucnoticias.com\/?p=21158","title":{"rendered":"Mara Lezama inaugura decorado patrio en la Zona Hotelera de Canc\u00fan e invita a disfrutar del parador fotogr\u00e1fico de las Fiestas Patrias"},"content":{"rendered":"\n<p>La gobernadora Mara Lezama Espinosa acompa\u00f1ada del secretario de Turismo en el Estado, Bernardo Cueto Riestra, puso en funcionamiento el parador tur\u00edstico alusivo a las Fiestas Patrias en la Zona Hotelera de esta ciudad, para fortalecer el orgullo de ser mexicanos, impulsar las fiestas c\u00edvicas y proyectar la identidad nacional tanto para turistas nacionales como internacionales.<\/p>\n\n\n\n<figure class=\"wp-block-image is-style-default\"><a href=\"https:\/\/cgc.qroo.gob.mx\/cjg\/wp-content\/uploads\/2025\/09\/IMG-20250913-WA0066-scaled.jpg\"><img decoding=\"async\" src=\"https:\/\/cgc.qroo.gob.mx\/cjg\/wp-content\/uploads\/2025\/09\/IMG-20250913-WA0066-585x353.jpg\" alt=\"\" title=\"IMG-20250913-WA0066\"\/><\/a><\/figure>\n\n\n\n<p>La Gobernadora invit\u00f3 a las y los quintanarroenses y turistas a visitar este parador fotogr\u00e1fico que est\u00e1 ubicado en la zona del Asta Bandera Monumental, en el kil\u00f3metro 5 del Bulevar Kukulc\u00e1n, en donde el Fortalecimiento de la Actividad Tur\u00edstica de Quintana Roo (FOATQROO) coloc\u00f3 estructuras decoradas e iluminadas, alusivas a las fechas patrias para el disfrute de las y los asistentes.<\/p>\n\n\n\n<figure class=\"wp-block-image is-style-default\"><a href=\"https:\/\/cgc.qroo.gob.mx\/cjg\/wp-content\/uploads\/2025\/09\/IMG-20250913-WA0073-scaled.jpg\"><img decoding=\"async\" src=\"https:\/\/cgc.qroo.gob.mx\/cjg\/wp-content\/uploads\/2025\/09\/IMG-20250913-WA0073-585x390.jpg\" alt=\"\" title=\"IMG-20250913-WA0073\"\/><\/a><\/figure>\n\n\n\n<figure class=\"wp-block-image is-style-default\"><a href=\"https:\/\/cgc.qroo.gob.mx\/cjg\/wp-content\/uploads\/2025\/09\/IMG-20250913-WA0070-scaled.jpg\"><img decoding=\"async\" src=\"https:\/\/cgc.qroo.gob.mx\/cjg\/wp-content\/uploads\/2025\/09\/IMG-20250913-WA0070-585x390.jpg\" alt=\"\" title=\"IMG-20250913-WA0070\"\/><\/a><\/figure>\n\n\n\n<p>Mara Lezama afirm\u00f3 que la iluminaci\u00f3n de las Fiestas Patrias nos recuerda el fervor y orgullo de ser mexicanos. \u201cAdem\u00e1s, colocamos iluminaci\u00f3n arquitect\u00f3nica en el hemiciclo a los Ni\u00f1os H\u00e9roes. Canc\u00fan se proyecta al mundo con una imagen, identidad y orgullo mexicano\u201d explic\u00f3 acompa\u00f1ada del titular de la Secretar\u00eda estatal de Turismo (SEDETUR), Bernardo Cueto Riestra, y del titular del FOATQROO, Ricardo Archundia.<\/p>\n\n\n\n<figure class=\"wp-block-image is-style-default\"><a href=\"https:\/\/cgc.qroo.gob.mx\/cjg\/wp-content\/uploads\/2025\/09\/IMG-20250913-WA0072-scaled.jpg\"><img decoding=\"async\" src=\"https:\/\/cgc.qroo.gob.mx\/cjg\/wp-content\/uploads\/2025\/09\/IMG-20250913-WA0072-585x390.jpg\" alt=\"\" title=\"IMG-20250913-WA0072\"\/><\/a><\/figure>\n\n\n\n<figure class=\"wp-block-image is-style-default\"><a href=\"https:\/\/cgc.qroo.gob.mx\/cjg\/wp-content\/uploads\/2025\/09\/IMG-20250913-WA0071-scaled.jpg\"><img decoding=\"async\" src=\"https:\/\/cgc.qroo.gob.mx\/cjg\/wp-content\/uploads\/2025\/09\/IMG-20250913-WA0071-585x329.jpg\" alt=\"\" title=\"IMG-20250913-WA0071\"\/><\/a><\/figure>\n\n\n\n<p>La titular del Ejecutivo estatal dijo que como parte de la reconstrucci\u00f3n del tejido social y la paz enmarcados en el Nuevo Acuerdo por el Bienestar y Desarrollo de Quintana Roo, se crean espacios de convivencia familiar, por ello, invit\u00f3 a la poblaci\u00f3n cancunenses, visitantes, turistas nacionales y extranjeros a visitar este parador tur\u00edstico.<\/p>\n\n\n\n<figure class=\"wp-block-image is-style-default\"><a href=\"https:\/\/cgc.qroo.gob.mx\/cjg\/wp-content\/uploads\/2025\/09\/IMG-20250913-WA0069-scaled.jpg\"><img decoding=\"async\" src=\"https:\/\/cgc.qroo.gob.mx\/cjg\/wp-content\/uploads\/2025\/09\/IMG-20250913-WA0069-585x329.jpg\" alt=\"\" title=\"IMG-20250913-WA0069\"\/><\/a><\/figure>\n\n\n\n<figure class=\"wp-block-image is-style-default\"><a href=\"https:\/\/cgc.qroo.gob.mx\/cjg\/wp-content\/uploads\/2025\/09\/IMG-20250913-WA0068-scaled.jpg\"><img decoding=\"async\" src=\"https:\/\/cgc.qroo.gob.mx\/cjg\/wp-content\/uploads\/2025\/09\/IMG-20250913-WA0068-585x390.jpg\" alt=\"\" title=\"IMG-20250913-WA0068\"\/><\/a><\/figure>\n\n\n\n<p>\u201cSeguimos transformando Quintana Roo con resultados reales. En este gobierno humanista con coraz\u00f3n feminista nadie se queda afuera y nadie se queda atr\u00e1s\u201d, recalc\u00f3 Mara Lezama.<\/p>\n","protected":false},"excerpt":{"rendered":"<p>La gobernadora Mara Lezama Espinosa acompa\u00f1ada del secretario de Turismo en el Estado, Bernardo Cueto Riestra, puso en<\/p>\n","protected":false},"author":1,"featured_media":21159,"comment_status":"closed","ping_status":"open","sticky":false,"template":"","format":"standard","meta":{"_monsterinsights_skip_tracking":false,"_monsterinsights_sitenote_active":false,"_monsterinsights_sitenote_note":"","_monsterinsights_sitenote_category":0,"footnotes":""},"categories":[11,24],"tags":[],"class_list":["post-21158","post","type-post","status-publish","format-standard","has-post-thumbnail","hentry","category-noticias","category-quintana-roo"],"yoast_head":"<!-- This site is optimized with the Yoast SEO plugin v18.3 - https:\/\/yoast.com\/wordpress\/plugins\/seo\/ -->\n<title>Mara Lezama inaugura decorado patrio en la Zona Hotelera de Canc\u00fan e invita a disfrutar del parador fotogr\u00e1fico de las Fiestas Patrias - El Puuc Noticias<\/title>\n<meta name=\"robots\" content=\"index, follow, max-snippet:-1, max-image-preview:large, max-video-preview:-1\" \/>\n<link rel=\"canonical\" href=\"https:\/\/elpuucnoticias.com\/?p=21158\" \/>\n<meta property=\"og:locale\" content=\"es_ES\" \/>\n<meta property=\"og:type\" content=\"article\" \/>\n<meta property=\"og:title\" content=\"Mara Lezama inaugura decorado patrio en la Zona Hotelera de Canc\u00fan e invita a disfrutar del parador fotogr\u00e1fico de las Fiestas Patrias - El Puuc Noticias\" \/>\n<meta property=\"og:description\" content=\"La gobernadora Mara Lezama Espinosa acompa\u00f1ada del secretario de Turismo en el Estado, Bernardo Cueto Riestra, puso en\" \/>\n<meta property=\"og:url\" content=\"https:\/\/elpuucnoticias.com\/?p=21158\" \/>\n<meta property=\"og:site_name\" content=\"El Puuc Noticias\" \/>\n<meta property=\"article:published_time\" content=\"2025-09-15T19:35:29+00:00\" \/>\n<meta property=\"og:image\" content=\"https:\/\/elpuucnoticias.com\/wp-content\/uploads\/2025\/09\/img-20250913-wa0064-scaled-1.jpg\" \/>\n\t<meta property=\"og:image:width\" content=\"2560\" \/>\n\t<meta property=\"og:image:height\" content=\"1708\" \/>\n\t<meta property=\"og:image:type\" content=\"image\/jpeg\" \/>\n<meta name=\"twitter:card\" content=\"summary_large_image\" \/>\n<meta name=\"twitter:label1\" content=\"Escrito por\" \/>\n\t<meta name=\"twitter:data1\" content=\"elpuucnoticias\" \/>\n\t<meta name=\"twitter:label2\" content=\"Tiempo de lectura\" \/>\n\t<meta name=\"twitter:data2\" content=\"1 minuto\" \/>\n<script type=\"application\/ld+json\" class=\"yoast-schema-graph\">{\"@context\":\"https:\/\/schema.org\",\"@graph\":[{\"@type\":\"WebSite\",\"@id\":\"https:\/\/elpuucnoticias.com\/#website\",\"url\":\"https:\/\/elpuucnoticias.com\/\",\"name\":\"El Puuc Noticias\",\"description\":\"Noticias - Entretenimiento - Deportes\",\"potentialAction\":[{\"@type\":\"SearchAction\",\"target\":{\"@type\":\"EntryPoint\",\"urlTemplate\":\"https:\/\/elpuucnoticias.com\/?s={search_term_string}\"},\"query-input\":\"required name=search_term_string\"}],\"inLanguage\":\"es\"},{\"@type\":\"ImageObject\",\"@id\":\"https:\/\/elpuucnoticias.com\/?p=21158#primaryimage\",\"inLanguage\":\"es\",\"url\":\"https:\/\/elpuucnoticias.com\/wp-content\/uploads\/2025\/09\/img-20250913-wa0064-scaled-1.jpg\",\"contentUrl\":\"https:\/\/elpuucnoticias.com\/wp-content\/uploads\/2025\/09\/img-20250913-wa0064-scaled-1.jpg\",\"width\":2560,\"height\":1708},{\"@type\":\"WebPage\",\"@id\":\"https:\/\/elpuucnoticias.com\/?p=21158#webpage\",\"url\":\"https:\/\/elpuucnoticias.com\/?p=21158\",\"name\":\"Mara Lezama inaugura decorado patrio en la Zona Hotelera de Canc\u00fan e invita a disfrutar del parador fotogr\u00e1fico de las Fiestas Patrias - El Puuc Noticias\",\"isPartOf\":{\"@id\":\"https:\/\/elpuucnoticias.com\/#website\"},\"primaryImageOfPage\":{\"@id\":\"https:\/\/elpuucnoticias.com\/?p=21158#primaryimage\"},\"datePublished\":\"2025-09-15T19:35:29+00:00\",\"dateModified\":\"2025-09-15T19:35:29+00:00\",\"author\":{\"@id\":\"https:\/\/elpuucnoticias.com\/#\/schema\/person\/d2ea09e4c97f0160b11cdfb1d856bd9e\"},\"breadcrumb\":{\"@id\":\"https:\/\/elpuucnoticias.com\/?p=21158#breadcrumb\"},\"inLanguage\":\"es\",\"potentialAction\":[{\"@type\":\"ReadAction\",\"target\":[\"https:\/\/elpuucnoticias.com\/?p=21158\"]}]},{\"@type\":\"BreadcrumbList\",\"@id\":\"https:\/\/elpuucnoticias.com\/?p=21158#breadcrumb\",\"itemListElement\":[{\"@type\":\"ListItem\",\"position\":1,\"name\":\"Portada\",\"item\":\"https:\/\/elpuucnoticias.com\/\"},{\"@type\":\"ListItem\",\"position\":2,\"name\":\"Mara Lezama inaugura decorado patrio en la Zona Hotelera de Canc\u00fan e invita a disfrutar del parador fotogr\u00e1fico de las Fiestas Patrias\"}]},{\"@type\":\"Person\",\"@id\":\"https:\/\/elpuucnoticias.com\/#\/schema\/person\/d2ea09e4c97f0160b11cdfb1d856bd9e\",\"name\":\"elpuucnoticias\",\"image\":{\"@type\":\"ImageObject\",\"@id\":\"https:\/\/elpuucnoticias.com\/#personlogo\",\"inLanguage\":\"es\",\"url\":\"https:\/\/secure.gravatar.com\/avatar\/5290a43657c74ffa15701dbe5b846bd85cc71930d803c84e91046a7333de6ce2?s=96&d=mm&r=g\",\"contentUrl\":\"https:\/\/secure.gravatar.com\/avatar\/5290a43657c74ffa15701dbe5b846bd85cc71930d803c84e91046a7333de6ce2?s=96&d=mm&r=g\",\"caption\":\"elpuucnoticias\"},\"sameAs\":[\"https:\/\/elpuucnoticias.com\"],\"url\":\"https:\/\/elpuucnoticias.com\/?author=1\"}]}<\/script>\n<!-- \/ Yoast SEO plugin. -->","yoast_head_json":{"title":"Mara Lezama inaugura decorado patrio en la Zona Hotelera de Canc\u00fan e invita a disfrutar del parador fotogr\u00e1fico de las Fiestas Patrias - El Puuc Noticias","robots":{"index":"index","follow":"follow","max-snippet":"max-snippet:-1","max-image-preview":"max-image-preview:large","max-video-preview":"max-video-preview:-1"},"canonical":"https:\/\/elpuucnoticias.com\/?p=21158","og_locale":"es_ES","og_type":"article","og_title":"Mara Lezama inaugura decorado patrio en la Zona Hotelera de Canc\u00fan e invita a disfrutar del parador fotogr\u00e1fico de las Fiestas Patrias - El Puuc Noticias","og_description":"La gobernadora Mara Lezama Espinosa acompa\u00f1ada del secretario de Turismo en el Estado, Bernardo Cueto Riestra, puso en","og_url":"https:\/\/elpuucnoticias.com\/?p=21158","og_site_name":"El Puuc Noticias","article_published_time":"2025-09-15T19:35:29+00:00","og_image":[{"width":2560,"height":1708,"url":"https:\/\/elpuucnoticias.com\/wp-content\/uploads\/2025\/09\/img-20250913-wa0064-scaled-1.jpg","type":"image\/jpeg"}],"twitter_card":"summary_large_image","twitter_misc":{"Escrito por":"elpuucnoticias","Tiempo de lectura":"1 minuto"},"schema":{"@context":"https:\/\/schema.org","@graph":[{"@type":"WebSite","@id":"https:\/\/elpuucnoticias.com\/#website","url":"https:\/\/elpuucnoticias.com\/","name":"El Puuc Noticias","description":"Noticias - Entretenimiento - Deportes","potentialAction":[{"@type":"SearchAction","target":{"@type":"EntryPoint","urlTemplate":"https:\/\/elpuucnoticias.com\/?s={search_term_string}"},"query-input":"required name=search_term_string"}],"inLanguage":"es"},{"@type":"ImageObject","@id":"https:\/\/elpuucnoticias.com\/?p=21158#primaryimage","inLanguage":"es","url":"https:\/\/elpuucnoticias.com\/wp-content\/uploads\/2025\/09\/img-20250913-wa0064-scaled-1.jpg","contentUrl":"https:\/\/elpuucnoticias.com\/wp-content\/uploads\/2025\/09\/img-20250913-wa0064-scaled-1.jpg","width":2560,"height":1708},{"@type":"WebPage","@id":"https:\/\/elpuucnoticias.com\/?p=21158#webpage","url":"https:\/\/elpuucnoticias.com\/?p=21158","name":"Mara Lezama inaugura decorado patrio en la Zona Hotelera de Canc\u00fan e invita a disfrutar del parador fotogr\u00e1fico de las Fiestas Patrias - El Puuc Noticias","isPartOf":{"@id":"https:\/\/elpuucnoticias.com\/#website"},"primaryImageOfPage":{"@id":"https:\/\/elpuucnoticias.com\/?p=21158#primaryimage"},"datePublished":"2025-09-15T19:35:29+00:00","dateModified":"2025-09-15T19:35:29+00:00","author":{"@id":"https:\/\/elpuucnoticias.com\/#\/schema\/person\/d2ea09e4c97f0160b11cdfb1d856bd9e"},"breadcrumb":{"@id":"https:\/\/elpuucnoticias.com\/?p=21158#breadcrumb"},"inLanguage":"es","potentialAction":[{"@type":"ReadAction","target":["https:\/\/elpuucnoticias.com\/?p=21158"]}]},{"@type":"BreadcrumbList","@id":"https:\/\/elpuucnoticias.com\/?p=21158#breadcrumb","itemListElement":[{"@type":"ListItem","position":1,"name":"Portada","item":"https:\/\/elpuucnoticias.com\/"},{"@type":"ListItem","position":2,"name":"Mara Lezama inaugura decorado patrio en la Zona Hotelera de Canc\u00fan e invita a disfrutar del parador fotogr\u00e1fico de las Fiestas Patrias"}]},{"@type":"Person","@id":"https:\/\/elpuucnoticias.com\/#\/schema\/person\/d2ea09e4c97f0160b11cdfb1d856bd9e","name":"elpuucnoticias","image":{"@type":"ImageObject","@id":"https:\/\/elpuucnoticias.com\/#personlogo","inLanguage":"es","url":"https:\/\/secure.gravatar.com\/avatar\/5290a43657c74ffa15701dbe5b846bd85cc71930d803c84e91046a7333de6ce2?s=96&d=mm&r=g","contentUrl":"https:\/\/secure.gravatar.com\/avatar\/5290a43657c74ffa15701dbe5b846bd85cc71930d803c84e91046a7333de6ce2?s=96&d=mm&r=g","caption":"elpuucnoticias"},"sameAs":["https:\/\/elpuucnoticias.com"],"url":"https:\/\/elpuucnoticias.com\/?author=1"}]}},"_links":{"self":[{"href":"https:\/\/elpuucnoticias.com\/index.php?rest_route=\/wp\/v2\/posts\/21158","targetHints":{"allow":["GET"]}}],"collection":[{"href":"https:\/\/elpuucnoticias.com\/index.php?rest_route=\/wp\/v2\/posts"}],"about":[{"href":"https:\/\/elpuucnoticias.com\/index.php?rest_route=\/wp\/v2\/types\/post"}],"author":[{"embeddable":true,"href":"https:\/\/elpuucnoticias.com\/index.php?rest_route=\/wp\/v2\/users\/1"}],"replies":[{"embeddable":true,"href":"https:\/\/elpuucnoticias.com\/index.php?rest_route=%2Fwp%2Fv2%2Fcomments&post=21158"}],"version-history":[{"count":1,"href":"https:\/\/elpuucnoticias.com\/index.php?rest_route=\/wp\/v2\/posts\/21158\/revisions"}],"predecessor-version":[{"id":21160,"href":"https:\/\/elpuucnoticias.com\/index.php?rest_route=\/wp\/v2\/posts\/21158\/revisions\/21160"}],"wp:featuredmedia":[{"embeddable":true,"href":"https:\/\/elpuucnoticias.com\/index.php?rest_route=\/wp\/v2\/media\/21159"}],"wp:attachment":[{"href":"https:\/\/elpuucnoticias.com\/index.php?rest_route=%2Fwp%2Fv2%2Fmedia&parent=21158"}],"wp:term":[{"taxonomy":"category","embeddable":true,"href":"https:\/\/elpuucnoticias.com\/index.php?rest_route=%2Fwp%2Fv2%2Fcategories&post=21158"},{"taxonomy":"post_tag","embeddable":true,"href":"https:\/\/elpuucnoticias.com\/index.php?rest_route=%2Fwp%2Fv2%2Ftags&post=21158"}],"curies":[{"name":"wp","href":"https:\/\/api.w.org\/{rel}","templated":true}]}}