{"id":21164,"date":"2025-09-15T13:40:45","date_gmt":"2025-09-15T19:40:45","guid":{"rendered":"https:\/\/elpuucnoticias.com\/?p=21164"},"modified":"2025-09-15T13:40:45","modified_gmt":"2025-09-15T19:40:45","slug":"impulsa-mara-lezama-la-segunda-jornada-de-cirugias-de-labio-y-paladar-hendido-que-transforma-la-vida-de-ninas-ninos-y-adolescentes-en-quintana-roo","status":"publish","type":"post","link":"https:\/\/elpuucnoticias.com\/?p=21164","title":{"rendered":"Impulsa Mara Lezama la Segunda Jornada de Cirug\u00edas de Labio y Paladar Hendido que transforma la vida de ni\u00f1as, ni\u00f1os y adolescentes en Quintana Roo"},"content":{"rendered":"\n<p>Para brindar nuevas oportunidades que transformen su vida a las ni\u00f1as, ni\u00f1os y adolescentes, la gobernadora Mara Lezama Espinosa y la presidenta honoraria del Sistema DIF Quintana Roo, Ver\u00f3nica Lezama Espinosa encabezaron la Segunda Jornada de Cirug\u00edas de Labio y Paladar Hendido, realizada del 10 al 14 de septiembre en el Hospital General de Playa del Carmen.<\/p>\n\n\n\n<figure class=\"wp-block-image is-style-default\"><a href=\"https:\/\/cgc.qroo.gob.mx\/cjg\/wp-content\/uploads\/2025\/09\/IMG-20250914-WA0021-scaled.jpg\"><img decoding=\"async\" src=\"https:\/\/cgc.qroo.gob.mx\/cjg\/wp-content\/uploads\/2025\/09\/IMG-20250914-WA0021-585x390.jpg\" alt=\"\" title=\"IMG-20250914-WA0021\"\/><\/a><\/figure>\n\n\n\n<p>En esta edici\u00f3n, 12 ni\u00f1as, ni\u00f1os y adolescentes, originarios de Canc\u00fan, Playa del Carmen, Bacalar, L\u00e1zaro C\u00e1rdenas e Isla Mujeres, fueron beneficiados con cirug\u00edas reconstructivas que mejoran su respiraci\u00f3n, alimentaci\u00f3n y sano crecimiento.<\/p>\n\n\n\n<figure class=\"wp-block-image is-style-default\"><a href=\"https:\/\/cgc.qroo.gob.mx\/cjg\/wp-content\/uploads\/2025\/09\/IMG-20250914-WA0025-scaled.jpg\"><img decoding=\"async\" src=\"https:\/\/cgc.qroo.gob.mx\/cjg\/wp-content\/uploads\/2025\/09\/IMG-20250914-WA0025-585x390.jpg\" alt=\"\" title=\"IMG-20250914-WA0025\"\/><\/a><\/figure>\n\n\n\n<p>La Gobernadora, destac\u00f3 que estas acciones forman parte de un gobierno humanista con coraz\u00f3n feminista, que trabaja todos los d\u00edas para garantizar el derecho a la salud de quienes m\u00e1s lo necesitan y como se establece en el Nuevo Acuerdo por el Bienestar y Desarrollo de Quintana Roo para mejorar la calidad de vida de las personas.<\/p>\n\n\n\n<figure class=\"wp-block-image is-style-default\"><a href=\"https:\/\/cgc.qroo.gob.mx\/cjg\/wp-content\/uploads\/2025\/09\/IMG-20250914-WA0023-scaled.jpg\"><img decoding=\"async\" src=\"https:\/\/cgc.qroo.gob.mx\/cjg\/wp-content\/uploads\/2025\/09\/IMG-20250914-WA0023-585x390.jpg\" alt=\"\" title=\"IMG-20250914-WA0023\"\/><\/a><\/figure>\n\n\n\n<p>Durante el desarrollo de la jornada, la gobernadora Mara Lezama agradeci\u00f3 la labor de las y los m\u00e9dicos maxilofaciales que viajaron desde la Ciudad de M\u00e9xico, as\u00ed como de los tres m\u00e9dicos residentes de Ecuador quienes de manera voluntaria y gratuita participaron en las intervenciones quir\u00fargicas.<\/p>\n\n\n\n<figure class=\"wp-block-image is-style-default\"><a href=\"https:\/\/cgc.qroo.gob.mx\/cjg\/wp-content\/uploads\/2025\/09\/IMG-20250914-WA0024-scaled.jpg\"><img decoding=\"async\" src=\"https:\/\/cgc.qroo.gob.mx\/cjg\/wp-content\/uploads\/2025\/09\/IMG-20250914-WA0024-585x390.jpg\" alt=\"\" title=\"IMG-20250914-WA0024\"\/><\/a><\/figure>\n\n\n\n<p>Por su parte, la presidenta honoraria del Sistema DIF Quintana Roo, Ver\u00f3nica Lezama Espinosa, resalt\u00f3 que cada cirug\u00eda significa esperanza y una mejor calidad de vida para las y los pacientes.<\/p>\n\n\n\n<figure class=\"wp-block-image is-style-default\"><a href=\"https:\/\/cgc.qroo.gob.mx\/cjg\/wp-content\/uploads\/2025\/09\/IMG-20250914-WA0019-scaled.jpg\"><img decoding=\"async\" src=\"https:\/\/cgc.qroo.gob.mx\/cjg\/wp-content\/uploads\/2025\/09\/IMG-20250914-WA0019-585x410.jpg\" alt=\"\" title=\"IMG-20250914-WA0019\"\/><\/a><\/figure>\n\n\n\n<p>\u201cCada intervenci\u00f3n permite mejorar las v\u00edas respiratorias, una adecuada alimentaci\u00f3n y favorece el desarrollo integral de nuestras ni\u00f1as, ni\u00f1os y adolescentes\u201d, expres\u00f3.<\/p>\n\n\n\n<p>Asimismo, la titular del Ejecutivo estatal refrend\u00f3 su agradecimiento al equipo de Gobierno del Estado, quienes a trav\u00e9s del DIF Quintana Roo, IMSS-Bienestar y la Secretar\u00eda Estatal de Salud, coordinaron esfuerzos para brindar los servicios hospitalarios y de quir\u00f3fano, as\u00ed como insumos, alojamiento y alimentaci\u00f3n al personal m\u00e9dico y a las familias de las y los beneficiarios, garantizando condiciones dignas durante todo el proceso.<\/p>\n\n\n\n<figure class=\"wp-block-image is-style-default\"><a href=\"https:\/\/cgc.qroo.gob.mx\/cjg\/wp-content\/uploads\/2025\/09\/IMG-20250914-WA0020-scaled.jpg\"><img decoding=\"async\" src=\"https:\/\/cgc.qroo.gob.mx\/cjg\/wp-content\/uploads\/2025\/09\/IMG-20250914-WA0020-585x390.jpg\" alt=\"\" title=\"IMG-20250914-WA0020\"\/><\/a><\/figure>\n\n\n\n<p>Con estas acciones, Quintana Roo reafirma su compromiso de trabajar unidas y unidos para transformar, haciendo visible la esperanza en el rostro de quienes hoy tienen una nueva oportunidad de vida.<\/p>\n","protected":false},"excerpt":{"rendered":"<p>Para brindar nuevas oportunidades que transformen su vida a las ni\u00f1as, ni\u00f1os y adolescentes, la gobernadora Mara Lezama<\/p>\n","protected":false},"author":1,"featured_media":21165,"comment_status":"closed","ping_status":"open","sticky":false,"template":"","format":"standard","meta":{"_monsterinsights_skip_tracking":false,"_monsterinsights_sitenote_active":false,"_monsterinsights_sitenote_note":"","_monsterinsights_sitenote_category":0,"footnotes":""},"categories":[11,24],"tags":[],"class_list":["post-21164","post","type-post","status-publish","format-standard","has-post-thumbnail","hentry","category-noticias","category-quintana-roo"],"yoast_head":"<!-- This site is optimized with the Yoast SEO plugin v18.3 - https:\/\/yoast.com\/wordpress\/plugins\/seo\/ -->\n<title>Impulsa Mara Lezama la Segunda Jornada de Cirug\u00edas de Labio y Paladar Hendido que transforma la vida de ni\u00f1as, ni\u00f1os y adolescentes en Quintana Roo - El Puuc Noticias<\/title>\n<meta name=\"robots\" content=\"index, follow, max-snippet:-1, max-image-preview:large, max-video-preview:-1\" \/>\n<link rel=\"canonical\" href=\"https:\/\/elpuucnoticias.com\/?p=21164\" \/>\n<meta property=\"og:locale\" content=\"es_ES\" \/>\n<meta property=\"og:type\" content=\"article\" \/>\n<meta property=\"og:title\" content=\"Impulsa Mara Lezama la Segunda Jornada de Cirug\u00edas de Labio y Paladar Hendido que transforma la vida de ni\u00f1as, ni\u00f1os y adolescentes en Quintana Roo - El Puuc Noticias\" \/>\n<meta property=\"og:description\" content=\"Para brindar nuevas oportunidades que transformen su vida a las ni\u00f1as, ni\u00f1os y adolescentes, la gobernadora Mara Lezama\" \/>\n<meta property=\"og:url\" content=\"https:\/\/elpuucnoticias.com\/?p=21164\" \/>\n<meta property=\"og:site_name\" content=\"El Puuc Noticias\" \/>\n<meta property=\"article:published_time\" content=\"2025-09-15T19:40:45+00:00\" \/>\n<meta property=\"og:image\" content=\"https:\/\/elpuucnoticias.com\/wp-content\/uploads\/2025\/09\/img-20250914-wa0022-scaled-1.jpg\" \/>\n\t<meta property=\"og:image:width\" content=\"2560\" \/>\n\t<meta property=\"og:image:height\" content=\"1707\" \/>\n\t<meta property=\"og:image:type\" content=\"image\/jpeg\" \/>\n<meta name=\"twitter:card\" content=\"summary_large_image\" \/>\n<meta name=\"twitter:label1\" content=\"Escrito por\" \/>\n\t<meta name=\"twitter:data1\" content=\"elpuucnoticias\" \/>\n\t<meta name=\"twitter:label2\" content=\"Tiempo de lectura\" \/>\n\t<meta name=\"twitter:data2\" content=\"2 minutos\" \/>\n<script type=\"application\/ld+json\" class=\"yoast-schema-graph\">{\"@context\":\"https:\/\/schema.org\",\"@graph\":[{\"@type\":\"WebSite\",\"@id\":\"https:\/\/elpuucnoticias.com\/#website\",\"url\":\"https:\/\/elpuucnoticias.com\/\",\"name\":\"El Puuc Noticias\",\"description\":\"Noticias - Entretenimiento - Deportes\",\"potentialAction\":[{\"@type\":\"SearchAction\",\"target\":{\"@type\":\"EntryPoint\",\"urlTemplate\":\"https:\/\/elpuucnoticias.com\/?s={search_term_string}\"},\"query-input\":\"required name=search_term_string\"}],\"inLanguage\":\"es\"},{\"@type\":\"ImageObject\",\"@id\":\"https:\/\/elpuucnoticias.com\/?p=21164#primaryimage\",\"inLanguage\":\"es\",\"url\":\"https:\/\/elpuucnoticias.com\/wp-content\/uploads\/2025\/09\/img-20250914-wa0022-scaled-1.jpg\",\"contentUrl\":\"https:\/\/elpuucnoticias.com\/wp-content\/uploads\/2025\/09\/img-20250914-wa0022-scaled-1.jpg\",\"width\":2560,\"height\":1707},{\"@type\":\"WebPage\",\"@id\":\"https:\/\/elpuucnoticias.com\/?p=21164#webpage\",\"url\":\"https:\/\/elpuucnoticias.com\/?p=21164\",\"name\":\"Impulsa Mara Lezama la Segunda Jornada de Cirug\u00edas de Labio y Paladar Hendido que transforma la vida de ni\u00f1as, ni\u00f1os y adolescentes en Quintana Roo - El Puuc Noticias\",\"isPartOf\":{\"@id\":\"https:\/\/elpuucnoticias.com\/#website\"},\"primaryImageOfPage\":{\"@id\":\"https:\/\/elpuucnoticias.com\/?p=21164#primaryimage\"},\"datePublished\":\"2025-09-15T19:40:45+00:00\",\"dateModified\":\"2025-09-15T19:40:45+00:00\",\"author\":{\"@id\":\"https:\/\/elpuucnoticias.com\/#\/schema\/person\/d2ea09e4c97f0160b11cdfb1d856bd9e\"},\"breadcrumb\":{\"@id\":\"https:\/\/elpuucnoticias.com\/?p=21164#breadcrumb\"},\"inLanguage\":\"es\",\"potentialAction\":[{\"@type\":\"ReadAction\",\"target\":[\"https:\/\/elpuucnoticias.com\/?p=21164\"]}]},{\"@type\":\"BreadcrumbList\",\"@id\":\"https:\/\/elpuucnoticias.com\/?p=21164#breadcrumb\",\"itemListElement\":[{\"@type\":\"ListItem\",\"position\":1,\"name\":\"Portada\",\"item\":\"https:\/\/elpuucnoticias.com\/\"},{\"@type\":\"ListItem\",\"position\":2,\"name\":\"Impulsa Mara Lezama la Segunda Jornada de Cirug\u00edas de Labio y Paladar Hendido que transforma la vida de ni\u00f1as, ni\u00f1os y adolescentes en Quintana Roo\"}]},{\"@type\":\"Person\",\"@id\":\"https:\/\/elpuucnoticias.com\/#\/schema\/person\/d2ea09e4c97f0160b11cdfb1d856bd9e\",\"name\":\"elpuucnoticias\",\"image\":{\"@type\":\"ImageObject\",\"@id\":\"https:\/\/elpuucnoticias.com\/#personlogo\",\"inLanguage\":\"es\",\"url\":\"https:\/\/secure.gravatar.com\/avatar\/5290a43657c74ffa15701dbe5b846bd85cc71930d803c84e91046a7333de6ce2?s=96&d=mm&r=g\",\"contentUrl\":\"https:\/\/secure.gravatar.com\/avatar\/5290a43657c74ffa15701dbe5b846bd85cc71930d803c84e91046a7333de6ce2?s=96&d=mm&r=g\",\"caption\":\"elpuucnoticias\"},\"sameAs\":[\"https:\/\/elpuucnoticias.com\"],\"url\":\"https:\/\/elpuucnoticias.com\/?author=1\"}]}<\/script>\n<!-- \/ Yoast SEO plugin. -->","yoast_head_json":{"title":"Impulsa Mara Lezama la Segunda Jornada de Cirug\u00edas de Labio y Paladar Hendido que transforma la vida de ni\u00f1as, ni\u00f1os y adolescentes en Quintana Roo - El Puuc Noticias","robots":{"index":"index","follow":"follow","max-snippet":"max-snippet:-1","max-image-preview":"max-image-preview:large","max-video-preview":"max-video-preview:-1"},"canonical":"https:\/\/elpuucnoticias.com\/?p=21164","og_locale":"es_ES","og_type":"article","og_title":"Impulsa Mara Lezama la Segunda Jornada de Cirug\u00edas de Labio y Paladar Hendido que transforma la vida de ni\u00f1as, ni\u00f1os y adolescentes en Quintana Roo - El Puuc Noticias","og_description":"Para brindar nuevas oportunidades que transformen su vida a las ni\u00f1as, ni\u00f1os y adolescentes, la gobernadora Mara Lezama","og_url":"https:\/\/elpuucnoticias.com\/?p=21164","og_site_name":"El Puuc Noticias","article_published_time":"2025-09-15T19:40:45+00:00","og_image":[{"width":2560,"height":1707,"url":"https:\/\/elpuucnoticias.com\/wp-content\/uploads\/2025\/09\/img-20250914-wa0022-scaled-1.jpg","type":"image\/jpeg"}],"twitter_card":"summary_large_image","twitter_misc":{"Escrito por":"elpuucnoticias","Tiempo de lectura":"2 minutos"},"schema":{"@context":"https:\/\/schema.org","@graph":[{"@type":"WebSite","@id":"https:\/\/elpuucnoticias.com\/#website","url":"https:\/\/elpuucnoticias.com\/","name":"El Puuc Noticias","description":"Noticias - Entretenimiento - Deportes","potentialAction":[{"@type":"SearchAction","target":{"@type":"EntryPoint","urlTemplate":"https:\/\/elpuucnoticias.com\/?s={search_term_string}"},"query-input":"required name=search_term_string"}],"inLanguage":"es"},{"@type":"ImageObject","@id":"https:\/\/elpuucnoticias.com\/?p=21164#primaryimage","inLanguage":"es","url":"https:\/\/elpuucnoticias.com\/wp-content\/uploads\/2025\/09\/img-20250914-wa0022-scaled-1.jpg","contentUrl":"https:\/\/elpuucnoticias.com\/wp-content\/uploads\/2025\/09\/img-20250914-wa0022-scaled-1.jpg","width":2560,"height":1707},{"@type":"WebPage","@id":"https:\/\/elpuucnoticias.com\/?p=21164#webpage","url":"https:\/\/elpuucnoticias.com\/?p=21164","name":"Impulsa Mara Lezama la Segunda Jornada de Cirug\u00edas de Labio y Paladar Hendido que transforma la vida de ni\u00f1as, ni\u00f1os y adolescentes en Quintana Roo - El Puuc Noticias","isPartOf":{"@id":"https:\/\/elpuucnoticias.com\/#website"},"primaryImageOfPage":{"@id":"https:\/\/elpuucnoticias.com\/?p=21164#primaryimage"},"datePublished":"2025-09-15T19:40:45+00:00","dateModified":"2025-09-15T19:40:45+00:00","author":{"@id":"https:\/\/elpuucnoticias.com\/#\/schema\/person\/d2ea09e4c97f0160b11cdfb1d856bd9e"},"breadcrumb":{"@id":"https:\/\/elpuucnoticias.com\/?p=21164#breadcrumb"},"inLanguage":"es","potentialAction":[{"@type":"ReadAction","target":["https:\/\/elpuucnoticias.com\/?p=21164"]}]},{"@type":"BreadcrumbList","@id":"https:\/\/elpuucnoticias.com\/?p=21164#breadcrumb","itemListElement":[{"@type":"ListItem","position":1,"name":"Portada","item":"https:\/\/elpuucnoticias.com\/"},{"@type":"ListItem","position":2,"name":"Impulsa Mara Lezama la Segunda Jornada de Cirug\u00edas de Labio y Paladar Hendido que transforma la vida de ni\u00f1as, ni\u00f1os y adolescentes en Quintana Roo"}]},{"@type":"Person","@id":"https:\/\/elpuucnoticias.com\/#\/schema\/person\/d2ea09e4c97f0160b11cdfb1d856bd9e","name":"elpuucnoticias","image":{"@type":"ImageObject","@id":"https:\/\/elpuucnoticias.com\/#personlogo","inLanguage":"es","url":"https:\/\/secure.gravatar.com\/avatar\/5290a43657c74ffa15701dbe5b846bd85cc71930d803c84e91046a7333de6ce2?s=96&d=mm&r=g","contentUrl":"https:\/\/secure.gravatar.com\/avatar\/5290a43657c74ffa15701dbe5b846bd85cc71930d803c84e91046a7333de6ce2?s=96&d=mm&r=g","caption":"elpuucnoticias"},"sameAs":["https:\/\/elpuucnoticias.com"],"url":"https:\/\/elpuucnoticias.com\/?author=1"}]}},"_links":{"self":[{"href":"https:\/\/elpuucnoticias.com\/index.php?rest_route=\/wp\/v2\/posts\/21164","targetHints":{"allow":["GET"]}}],"collection":[{"href":"https:\/\/elpuucnoticias.com\/index.php?rest_route=\/wp\/v2\/posts"}],"about":[{"href":"https:\/\/elpuucnoticias.com\/index.php?rest_route=\/wp\/v2\/types\/post"}],"author":[{"embeddable":true,"href":"https:\/\/elpuucnoticias.com\/index.php?rest_route=\/wp\/v2\/users\/1"}],"replies":[{"embeddable":true,"href":"https:\/\/elpuucnoticias.com\/index.php?rest_route=%2Fwp%2Fv2%2Fcomments&post=21164"}],"version-history":[{"count":1,"href":"https:\/\/elpuucnoticias.com\/index.php?rest_route=\/wp\/v2\/posts\/21164\/revisions"}],"predecessor-version":[{"id":21166,"href":"https:\/\/elpuucnoticias.com\/index.php?rest_route=\/wp\/v2\/posts\/21164\/revisions\/21166"}],"wp:featuredmedia":[{"embeddable":true,"href":"https:\/\/elpuucnoticias.com\/index.php?rest_route=\/wp\/v2\/media\/21165"}],"wp:attachment":[{"href":"https:\/\/elpuucnoticias.com\/index.php?rest_route=%2Fwp%2Fv2%2Fmedia&parent=21164"}],"wp:term":[{"taxonomy":"category","embeddable":true,"href":"https:\/\/elpuucnoticias.com\/index.php?rest_route=%2Fwp%2Fv2%2Fcategories&post=21164"},{"taxonomy":"post_tag","embeddable":true,"href":"https:\/\/elpuucnoticias.com\/index.php?rest_route=%2Fwp%2Fv2%2Ftags&post=21164"}],"curies":[{"name":"wp","href":"https:\/\/api.w.org\/{rel}","templated":true}]}}