{"id":21167,"date":"2025-09-15T13:42:47","date_gmt":"2025-09-15T19:42:47","guid":{"rendered":"https:\/\/elpuucnoticias.com\/?p=21167"},"modified":"2025-09-15T13:42:47","modified_gmt":"2025-09-15T19:42:47","slug":"garantiza-el-instituto-de-movilidad-del-estado-de-quintana-roo-transporte-seguro-durante-las-fiestas-patrias","status":"publish","type":"post","link":"https:\/\/elpuucnoticias.com\/?p=21167","title":{"rendered":"Garantiza el Instituto de Movilidad del Estado de Quintana Roo transporte seguro durante las Fiestas Patrias"},"content":{"rendered":"\n<p>Con el objetivo de facilitar la movilidad y asegurar un regreso seguro a casa durante las celebraciones del Grito de Independencia y el Desfile C\u00edvico\u2013Militar, el Instituto de Movilidad del Estado de Quintana Roo (IMOVEQROO) informa sobre ajustes temporales en los horarios y recorridos de la Ruta Caribe.<\/p>\n\n\n\n<figure class=\"wp-block-image is-style-default\"><a href=\"https:\/\/cgc.qroo.gob.mx\/cjg\/wp-content\/uploads\/2025\/09\/IMG-20250914-WA0026.jpg\"><img decoding=\"async\" src=\"https:\/\/cgc.qroo.gob.mx\/cjg\/wp-content\/uploads\/2025\/09\/IMG-20250914-WA0026-585x366.jpg\" alt=\"\" title=\"IMG-20250914-WA0026\"\/><\/a><\/figure>\n\n\n\n<p>El director general del IMOVEQROO, Rafael Hern\u00e1ndez Kotasek, se\u00f1al\u00f3 que estas medidas responden a los cierres viales programados en el primer cuadro de la ciudad, necesarios para garantizar la seguridad y el desarrollo ordenado de los eventos conmemorativos del 215 Aniversario de la Independencia de M\u00e9xico.<\/p>\n\n\n\n<figure class=\"wp-block-image is-style-default\"><a href=\"https:\/\/cgc.qroo.gob.mx\/cjg\/wp-content\/uploads\/2025\/09\/IMG-20250914-WA0029.jpg\"><img decoding=\"async\" src=\"https:\/\/cgc.qroo.gob.mx\/cjg\/wp-content\/uploads\/2025\/09\/IMG-20250914-WA0029-585x390.jpg\" alt=\"\" title=\"IMG-20250914-WA0029\"\/><\/a><\/figure>\n\n\n\n<p>El d\u00eda lunes 15 de septiembre la Ruta Caribe ofrecer\u00e1 un horario especial nocturno de las 8 de la noche a 2:25 de la ma\u00f1ana, con el fin de apoyar los traslados de la ciudadan\u00eda y reforzar la seguridad de los usuarios, especialmente durante actividades como la presentaci\u00f3n estelar del Grupo Ca\u00f1averal.<\/p>\n\n\n\n<figure class=\"wp-block-image is-style-default\"><a href=\"https:\/\/cgc.qroo.gob.mx\/cjg\/wp-content\/uploads\/2025\/09\/IMG-20250914-WA0005.jpg\"><img decoding=\"async\" src=\"https:\/\/cgc.qroo.gob.mx\/cjg\/wp-content\/uploads\/2025\/09\/IMG-20250914-WA0005.jpg\" alt=\"\" title=\"IMG-20250914-WA0005\"\/><\/a><\/figure>\n\n\n\n<p>El d\u00eda martes 16 de septiembre, durante el Desfile C\u00edvico\u2013Militar, el servicio operar\u00e1 de 6:00 de la ma\u00f1ana a las 12 del d\u00eda con un recorrido alterno debido a los cierres viales. Posteriormente, de 12:00 del d\u00eda a las 10:00 de la noche la Ruta Caribe retomar\u00e1 su horario y trayecto habitual.<\/p>\n\n\n\n<figure class=\"wp-block-image is-style-default\"><a href=\"https:\/\/cgc.qroo.gob.mx\/cjg\/wp-content\/uploads\/2025\/09\/IMG-20250914-WA0006.jpg\"><img decoding=\"async\" src=\"https:\/\/cgc.qroo.gob.mx\/cjg\/wp-content\/uploads\/2025\/09\/IMG-20250914-WA0006-585x390.jpg\" alt=\"\" title=\"IMG-20250914-WA0006\"\/><\/a><\/figure>\n\n\n\n<p>El IMOVEQROO reafirma su compromiso de ofrecer un servicio seguro.<\/p>\n","protected":false},"excerpt":{"rendered":"<p>Con el objetivo de facilitar la movilidad y asegurar un regreso seguro a casa durante las celebraciones del<\/p>\n","protected":false},"author":1,"featured_media":21168,"comment_status":"closed","ping_status":"open","sticky":false,"template":"","format":"standard","meta":{"_monsterinsights_skip_tracking":false,"_monsterinsights_sitenote_active":false,"_monsterinsights_sitenote_note":"","_monsterinsights_sitenote_category":0,"footnotes":""},"categories":[11,24],"tags":[],"class_list":["post-21167","post","type-post","status-publish","format-standard","has-post-thumbnail","hentry","category-noticias","category-quintana-roo"],"yoast_head":"<!-- This site is optimized with the Yoast SEO plugin v18.3 - https:\/\/yoast.com\/wordpress\/plugins\/seo\/ -->\n<title>Garantiza el Instituto de Movilidad del Estado de Quintana Roo transporte seguro durante las Fiestas Patrias - El Puuc Noticias<\/title>\n<meta name=\"robots\" content=\"index, follow, max-snippet:-1, max-image-preview:large, max-video-preview:-1\" \/>\n<link rel=\"canonical\" href=\"https:\/\/elpuucnoticias.com\/?p=21167\" \/>\n<meta property=\"og:locale\" content=\"es_ES\" \/>\n<meta property=\"og:type\" content=\"article\" \/>\n<meta property=\"og:title\" content=\"Garantiza el Instituto de Movilidad del Estado de Quintana Roo transporte seguro durante las Fiestas Patrias - El Puuc Noticias\" \/>\n<meta property=\"og:description\" content=\"Con el objetivo de facilitar la movilidad y asegurar un regreso seguro a casa durante las celebraciones del\" \/>\n<meta property=\"og:url\" content=\"https:\/\/elpuucnoticias.com\/?p=21167\" \/>\n<meta property=\"og:site_name\" content=\"El Puuc Noticias\" \/>\n<meta property=\"article:published_time\" content=\"2025-09-15T19:42:47+00:00\" \/>\n<meta property=\"og:image\" content=\"https:\/\/elpuucnoticias.com\/wp-content\/uploads\/2025\/09\/img-20250914-wa0027.jpg\" \/>\n\t<meta property=\"og:image:width\" content=\"1600\" \/>\n\t<meta property=\"og:image:height\" content=\"1030\" \/>\n\t<meta property=\"og:image:type\" content=\"image\/jpeg\" \/>\n<meta name=\"twitter:card\" content=\"summary_large_image\" \/>\n<meta name=\"twitter:label1\" content=\"Escrito por\" \/>\n\t<meta name=\"twitter:data1\" content=\"elpuucnoticias\" \/>\n\t<meta name=\"twitter:label2\" content=\"Tiempo de lectura\" \/>\n\t<meta name=\"twitter:data2\" content=\"1 minuto\" \/>\n<script type=\"application\/ld+json\" class=\"yoast-schema-graph\">{\"@context\":\"https:\/\/schema.org\",\"@graph\":[{\"@type\":\"WebSite\",\"@id\":\"https:\/\/elpuucnoticias.com\/#website\",\"url\":\"https:\/\/elpuucnoticias.com\/\",\"name\":\"El Puuc Noticias\",\"description\":\"Noticias - Entretenimiento - Deportes\",\"potentialAction\":[{\"@type\":\"SearchAction\",\"target\":{\"@type\":\"EntryPoint\",\"urlTemplate\":\"https:\/\/elpuucnoticias.com\/?s={search_term_string}\"},\"query-input\":\"required name=search_term_string\"}],\"inLanguage\":\"es\"},{\"@type\":\"ImageObject\",\"@id\":\"https:\/\/elpuucnoticias.com\/?p=21167#primaryimage\",\"inLanguage\":\"es\",\"url\":\"https:\/\/elpuucnoticias.com\/wp-content\/uploads\/2025\/09\/img-20250914-wa0027.jpg\",\"contentUrl\":\"https:\/\/elpuucnoticias.com\/wp-content\/uploads\/2025\/09\/img-20250914-wa0027.jpg\",\"width\":1600,\"height\":1030},{\"@type\":\"WebPage\",\"@id\":\"https:\/\/elpuucnoticias.com\/?p=21167#webpage\",\"url\":\"https:\/\/elpuucnoticias.com\/?p=21167\",\"name\":\"Garantiza el Instituto de Movilidad del Estado de Quintana Roo transporte seguro durante las Fiestas Patrias - El Puuc Noticias\",\"isPartOf\":{\"@id\":\"https:\/\/elpuucnoticias.com\/#website\"},\"primaryImageOfPage\":{\"@id\":\"https:\/\/elpuucnoticias.com\/?p=21167#primaryimage\"},\"datePublished\":\"2025-09-15T19:42:47+00:00\",\"dateModified\":\"2025-09-15T19:42:47+00:00\",\"author\":{\"@id\":\"https:\/\/elpuucnoticias.com\/#\/schema\/person\/d2ea09e4c97f0160b11cdfb1d856bd9e\"},\"breadcrumb\":{\"@id\":\"https:\/\/elpuucnoticias.com\/?p=21167#breadcrumb\"},\"inLanguage\":\"es\",\"potentialAction\":[{\"@type\":\"ReadAction\",\"target\":[\"https:\/\/elpuucnoticias.com\/?p=21167\"]}]},{\"@type\":\"BreadcrumbList\",\"@id\":\"https:\/\/elpuucnoticias.com\/?p=21167#breadcrumb\",\"itemListElement\":[{\"@type\":\"ListItem\",\"position\":1,\"name\":\"Portada\",\"item\":\"https:\/\/elpuucnoticias.com\/\"},{\"@type\":\"ListItem\",\"position\":2,\"name\":\"Garantiza el Instituto de Movilidad del Estado de Quintana Roo transporte seguro durante las Fiestas Patrias\"}]},{\"@type\":\"Person\",\"@id\":\"https:\/\/elpuucnoticias.com\/#\/schema\/person\/d2ea09e4c97f0160b11cdfb1d856bd9e\",\"name\":\"elpuucnoticias\",\"image\":{\"@type\":\"ImageObject\",\"@id\":\"https:\/\/elpuucnoticias.com\/#personlogo\",\"inLanguage\":\"es\",\"url\":\"https:\/\/secure.gravatar.com\/avatar\/5290a43657c74ffa15701dbe5b846bd85cc71930d803c84e91046a7333de6ce2?s=96&d=mm&r=g\",\"contentUrl\":\"https:\/\/secure.gravatar.com\/avatar\/5290a43657c74ffa15701dbe5b846bd85cc71930d803c84e91046a7333de6ce2?s=96&d=mm&r=g\",\"caption\":\"elpuucnoticias\"},\"sameAs\":[\"https:\/\/elpuucnoticias.com\"],\"url\":\"https:\/\/elpuucnoticias.com\/?author=1\"}]}<\/script>\n<!-- \/ Yoast SEO plugin. -->","yoast_head_json":{"title":"Garantiza el Instituto de Movilidad del Estado de Quintana Roo transporte seguro durante las Fiestas Patrias - El Puuc Noticias","robots":{"index":"index","follow":"follow","max-snippet":"max-snippet:-1","max-image-preview":"max-image-preview:large","max-video-preview":"max-video-preview:-1"},"canonical":"https:\/\/elpuucnoticias.com\/?p=21167","og_locale":"es_ES","og_type":"article","og_title":"Garantiza el Instituto de Movilidad del Estado de Quintana Roo transporte seguro durante las Fiestas Patrias - El Puuc Noticias","og_description":"Con el objetivo de facilitar la movilidad y asegurar un regreso seguro a casa durante las celebraciones del","og_url":"https:\/\/elpuucnoticias.com\/?p=21167","og_site_name":"El Puuc Noticias","article_published_time":"2025-09-15T19:42:47+00:00","og_image":[{"width":1600,"height":1030,"url":"https:\/\/elpuucnoticias.com\/wp-content\/uploads\/2025\/09\/img-20250914-wa0027.jpg","type":"image\/jpeg"}],"twitter_card":"summary_large_image","twitter_misc":{"Escrito por":"elpuucnoticias","Tiempo de lectura":"1 minuto"},"schema":{"@context":"https:\/\/schema.org","@graph":[{"@type":"WebSite","@id":"https:\/\/elpuucnoticias.com\/#website","url":"https:\/\/elpuucnoticias.com\/","name":"El Puuc Noticias","description":"Noticias - Entretenimiento - Deportes","potentialAction":[{"@type":"SearchAction","target":{"@type":"EntryPoint","urlTemplate":"https:\/\/elpuucnoticias.com\/?s={search_term_string}"},"query-input":"required name=search_term_string"}],"inLanguage":"es"},{"@type":"ImageObject","@id":"https:\/\/elpuucnoticias.com\/?p=21167#primaryimage","inLanguage":"es","url":"https:\/\/elpuucnoticias.com\/wp-content\/uploads\/2025\/09\/img-20250914-wa0027.jpg","contentUrl":"https:\/\/elpuucnoticias.com\/wp-content\/uploads\/2025\/09\/img-20250914-wa0027.jpg","width":1600,"height":1030},{"@type":"WebPage","@id":"https:\/\/elpuucnoticias.com\/?p=21167#webpage","url":"https:\/\/elpuucnoticias.com\/?p=21167","name":"Garantiza el Instituto de Movilidad del Estado de Quintana Roo transporte seguro durante las Fiestas Patrias - El Puuc Noticias","isPartOf":{"@id":"https:\/\/elpuucnoticias.com\/#website"},"primaryImageOfPage":{"@id":"https:\/\/elpuucnoticias.com\/?p=21167#primaryimage"},"datePublished":"2025-09-15T19:42:47+00:00","dateModified":"2025-09-15T19:42:47+00:00","author":{"@id":"https:\/\/elpuucnoticias.com\/#\/schema\/person\/d2ea09e4c97f0160b11cdfb1d856bd9e"},"breadcrumb":{"@id":"https:\/\/elpuucnoticias.com\/?p=21167#breadcrumb"},"inLanguage":"es","potentialAction":[{"@type":"ReadAction","target":["https:\/\/elpuucnoticias.com\/?p=21167"]}]},{"@type":"BreadcrumbList","@id":"https:\/\/elpuucnoticias.com\/?p=21167#breadcrumb","itemListElement":[{"@type":"ListItem","position":1,"name":"Portada","item":"https:\/\/elpuucnoticias.com\/"},{"@type":"ListItem","position":2,"name":"Garantiza el Instituto de Movilidad del Estado de Quintana Roo transporte seguro durante las Fiestas Patrias"}]},{"@type":"Person","@id":"https:\/\/elpuucnoticias.com\/#\/schema\/person\/d2ea09e4c97f0160b11cdfb1d856bd9e","name":"elpuucnoticias","image":{"@type":"ImageObject","@id":"https:\/\/elpuucnoticias.com\/#personlogo","inLanguage":"es","url":"https:\/\/secure.gravatar.com\/avatar\/5290a43657c74ffa15701dbe5b846bd85cc71930d803c84e91046a7333de6ce2?s=96&d=mm&r=g","contentUrl":"https:\/\/secure.gravatar.com\/avatar\/5290a43657c74ffa15701dbe5b846bd85cc71930d803c84e91046a7333de6ce2?s=96&d=mm&r=g","caption":"elpuucnoticias"},"sameAs":["https:\/\/elpuucnoticias.com"],"url":"https:\/\/elpuucnoticias.com\/?author=1"}]}},"_links":{"self":[{"href":"https:\/\/elpuucnoticias.com\/index.php?rest_route=\/wp\/v2\/posts\/21167","targetHints":{"allow":["GET"]}}],"collection":[{"href":"https:\/\/elpuucnoticias.com\/index.php?rest_route=\/wp\/v2\/posts"}],"about":[{"href":"https:\/\/elpuucnoticias.com\/index.php?rest_route=\/wp\/v2\/types\/post"}],"author":[{"embeddable":true,"href":"https:\/\/elpuucnoticias.com\/index.php?rest_route=\/wp\/v2\/users\/1"}],"replies":[{"embeddable":true,"href":"https:\/\/elpuucnoticias.com\/index.php?rest_route=%2Fwp%2Fv2%2Fcomments&post=21167"}],"version-history":[{"count":1,"href":"https:\/\/elpuucnoticias.com\/index.php?rest_route=\/wp\/v2\/posts\/21167\/revisions"}],"predecessor-version":[{"id":21169,"href":"https:\/\/elpuucnoticias.com\/index.php?rest_route=\/wp\/v2\/posts\/21167\/revisions\/21169"}],"wp:featuredmedia":[{"embeddable":true,"href":"https:\/\/elpuucnoticias.com\/index.php?rest_route=\/wp\/v2\/media\/21168"}],"wp:attachment":[{"href":"https:\/\/elpuucnoticias.com\/index.php?rest_route=%2Fwp%2Fv2%2Fmedia&parent=21167"}],"wp:term":[{"taxonomy":"category","embeddable":true,"href":"https:\/\/elpuucnoticias.com\/index.php?rest_route=%2Fwp%2Fv2%2Fcategories&post=21167"},{"taxonomy":"post_tag","embeddable":true,"href":"https:\/\/elpuucnoticias.com\/index.php?rest_route=%2Fwp%2Fv2%2Ftags&post=21167"}],"curies":[{"name":"wp","href":"https:\/\/api.w.org\/{rel}","templated":true}]}}