{"id":21170,"date":"2025-09-15T13:45:43","date_gmt":"2025-09-15T19:45:43","guid":{"rendered":"https:\/\/elpuucnoticias.com\/?p=21170"},"modified":"2025-09-15T13:45:43","modified_gmt":"2025-09-15T19:45:43","slug":"inaugura-la-fundacion-de-parques-y-museos-de-cozumel-la-exposicion-s-o-l-t-a-de-luis-rodrigo-medina-en-el-museo-de-la-isla","status":"publish","type":"post","link":"https:\/\/elpuucnoticias.com\/?p=21170","title":{"rendered":"Inaugura La Fundaci\u00f3n de Parques y Museos de Cozumel la exposici\u00f3n \u201cS o L T a\u201d de Luis Rodrigo Medina en el Museo de la Isla"},"content":{"rendered":"\n<p>La Fundaci\u00f3n de Parques y Museos de Cozumel (FPMC) inaugurar\u00e1 el 19 de septiembre en el Museo de la Isla la exposici\u00f3n de dibujo y pintura \u201cS o L T a\u201d del artista visual Luis Rodrigo Medina, cuya obra invita a reflexionar sobre el aprendizaje, el desaprendizaje y la exploraci\u00f3n de lo l\u00fadico desde la infancia.<\/p>\n\n\n\n<figure class=\"wp-block-image is-style-default\"><a href=\"https:\/\/cgc.qroo.gob.mx\/cjg\/wp-content\/uploads\/2025\/09\/IMG-20250914-WA0030.jpg\"><img decoding=\"async\" src=\"https:\/\/cgc.qroo.gob.mx\/cjg\/wp-content\/uploads\/2025\/09\/IMG-20250914-WA0030-585x388.jpg\" alt=\"\" title=\"IMG-20250914-WA0030\"\/><\/a><\/figure>\n\n\n\n<p>A trav\u00e9s de la superposici\u00f3n de texto, pintura y dibujo, Medina crea im\u00e1genes que transitan entre la figuraci\u00f3n y la abstracci\u00f3n, proponiendo un di\u00e1logo entre el lenguaje, la palabra y el gesto como herramientas culturales e ideol\u00f3gicas. La muestra re\u00fane m\u00e1s de 300 dibujos realizados durante sus viajes, adem\u00e1s de la serie sobre lino Mundos Imaginarios, concebida en residencias art\u00edsticas en<br>Italia y Noruega.<\/p>\n\n\n\n<figure class=\"wp-block-image is-style-default\"><a href=\"https:\/\/cgc.qroo.gob.mx\/cjg\/wp-content\/uploads\/2025\/09\/IMG-20250914-WA0032.jpg\"><img decoding=\"async\" src=\"https:\/\/cgc.qroo.gob.mx\/cjg\/wp-content\/uploads\/2025\/09\/IMG-20250914-WA0032-585x770.jpg\" alt=\"\" title=\"IMG-20250914-WA0032\"\/><\/a><\/figure>\n\n\n\n<p>Con una s\u00f3lida trayectoria internacional, el creador tapat\u00edo ha expuesto en m\u00e1s de 20 muestras individuales y participado en m\u00e1s de 100 exposiciones colectivas en M\u00e9xico, Francia, Espa\u00f1a, Brasil, Italia, Corea del Sur, Turqu\u00eda, Rep\u00fablica Checa, Alemania, Jap\u00f3n, Estados Unidos y otros pa\u00edses. Ha sido galardonado con reconocimientos como el Gran Premio Omnilife en el Sal\u00f3n de Octubre y su trabajo ha sido publicado en medios especializados como ArtNexus, Arte al D\u00eda y The Drawer.<\/p>\n\n\n\n<p>La directora del Museo de la Isla, Isela Carrillo Cupul, invit\u00f3 al p\u00fablico a la inauguraci\u00f3n de la exposici\u00f3n, que se llevar\u00e1 a cabo el viernes 19 de septiembre a las 20:00 horas, y enfatiz\u00f3 que la entrada ser\u00e1 libre y abierta a toda la comunidad. \u201cEsta muestra es una oportunidad para acercarnos al arte contempor\u00e1neo y vivir la experiencia de explorar la creatividad y el juego desde la mirada de Luis Rodrigo Medina\u201d, se\u00f1al\u00f3.<\/p>\n\n\n\n<figure class=\"wp-block-image is-style-default\"><a href=\"https:\/\/cgc.qroo.gob.mx\/cjg\/wp-content\/uploads\/2025\/09\/IMG-20250914-WA0033.jpg\"><img decoding=\"async\" src=\"https:\/\/cgc.qroo.gob.mx\/cjg\/wp-content\/uploads\/2025\/09\/IMG-20250914-WA0033-585x439.jpg\" alt=\"\" title=\"IMG-20250914-WA0033\"\/><\/a><\/figure>\n\n\n\n<p>Por su parte, la directora general de la FPMC, Juanita Alonso Marrufo, destac\u00f3 que la exposici\u00f3n se enmarca dentro del nuevo acuerdo por el bienestar y desarrollo de Quintana Roo, encabezado por la gobernadora Mara Lezama Espinosa, que busca garantizar que el arte y la cultura sean accesibles para todas y todos. \u201cNuestro compromiso es que cada proyecto art\u00edstico que llevamos a<br>la isla contribuya al desarrollo cultural de la comunidad y genere espacios de encuentro e inspiraci\u00f3n\u201d, afirm\u00f3.<\/p>\n\n\n\n<figure class=\"wp-block-image is-style-default\"><a href=\"https:\/\/cgc.qroo.gob.mx\/cjg\/wp-content\/uploads\/2025\/09\/IMG-20250914-WA0034.jpg\"><img decoding=\"async\" src=\"https:\/\/cgc.qroo.gob.mx\/cjg\/wp-content\/uploads\/2025\/09\/IMG-20250914-WA0034-585x780.jpg\" alt=\"\" title=\"IMG-20250914-WA0034\"\/><\/a><\/figure>\n\n\n\n<p>La exposici\u00f3n \u201cS o L T a\u201d es una invitaci\u00f3n a \u201csoltar, respirar, jugar\u201d, y se presenta como un proyecto que nace del viaje y en el viaje, un flujo continuo de im\u00e1genes que evocan la memoria, la inocencia y la curiosidad.<\/p>\n\n\n\n<p>Con esta muestra, la FPMC acerca al p\u00fablico propuestas art\u00edsticas de calidad y promueve la reflexi\u00f3n cultural a trav\u00e9s de expresiones contempor\u00e1neas que dialogan con la identidad y la creatividad.<\/p>\n","protected":false},"excerpt":{"rendered":"<p>La Fundaci\u00f3n de Parques y Museos de Cozumel (FPMC) inaugurar\u00e1 el 19 de septiembre en el Museo de<\/p>\n","protected":false},"author":1,"featured_media":21171,"comment_status":"closed","ping_status":"open","sticky":false,"template":"","format":"standard","meta":{"_monsterinsights_skip_tracking":false,"_monsterinsights_sitenote_active":false,"_monsterinsights_sitenote_note":"","_monsterinsights_sitenote_category":0,"footnotes":""},"categories":[11,24],"tags":[],"class_list":["post-21170","post","type-post","status-publish","format-standard","has-post-thumbnail","hentry","category-noticias","category-quintana-roo"],"yoast_head":"<!-- This site is optimized with the Yoast SEO plugin v18.3 - https:\/\/yoast.com\/wordpress\/plugins\/seo\/ -->\n<title>Inaugura La Fundaci\u00f3n de Parques y Museos de Cozumel la exposici\u00f3n \u201cS o L T a\u201d de Luis Rodrigo Medina en el Museo de la Isla - El Puuc Noticias<\/title>\n<meta name=\"robots\" content=\"index, follow, max-snippet:-1, max-image-preview:large, max-video-preview:-1\" \/>\n<link rel=\"canonical\" href=\"https:\/\/elpuucnoticias.com\/?p=21170\" \/>\n<meta property=\"og:locale\" content=\"es_ES\" \/>\n<meta property=\"og:type\" content=\"article\" \/>\n<meta property=\"og:title\" content=\"Inaugura La Fundaci\u00f3n de Parques y Museos de Cozumel la exposici\u00f3n \u201cS o L T a\u201d de Luis Rodrigo Medina en el Museo de la Isla - El Puuc Noticias\" \/>\n<meta property=\"og:description\" content=\"La Fundaci\u00f3n de Parques y Museos de Cozumel (FPMC) inaugurar\u00e1 el 19 de septiembre en el Museo de\" \/>\n<meta property=\"og:url\" content=\"https:\/\/elpuucnoticias.com\/?p=21170\" \/>\n<meta property=\"og:site_name\" content=\"El Puuc Noticias\" \/>\n<meta property=\"article:published_time\" content=\"2025-09-15T19:45:43+00:00\" \/>\n<meta property=\"og:image\" content=\"https:\/\/elpuucnoticias.com\/wp-content\/uploads\/2025\/09\/img-20250914-wa0031.jpg\" \/>\n\t<meta property=\"og:image:width\" content=\"1242\" \/>\n\t<meta property=\"og:image:height\" content=\"1242\" \/>\n\t<meta property=\"og:image:type\" content=\"image\/jpeg\" \/>\n<meta name=\"twitter:card\" content=\"summary_large_image\" \/>\n<meta name=\"twitter:label1\" content=\"Escrito por\" \/>\n\t<meta name=\"twitter:data1\" content=\"elpuucnoticias\" \/>\n\t<meta name=\"twitter:label2\" content=\"Tiempo de lectura\" \/>\n\t<meta name=\"twitter:data2\" content=\"2 minutos\" \/>\n<script type=\"application\/ld+json\" class=\"yoast-schema-graph\">{\"@context\":\"https:\/\/schema.org\",\"@graph\":[{\"@type\":\"WebSite\",\"@id\":\"https:\/\/elpuucnoticias.com\/#website\",\"url\":\"https:\/\/elpuucnoticias.com\/\",\"name\":\"El Puuc Noticias\",\"description\":\"Noticias - Entretenimiento - Deportes\",\"potentialAction\":[{\"@type\":\"SearchAction\",\"target\":{\"@type\":\"EntryPoint\",\"urlTemplate\":\"https:\/\/elpuucnoticias.com\/?s={search_term_string}\"},\"query-input\":\"required name=search_term_string\"}],\"inLanguage\":\"es\"},{\"@type\":\"ImageObject\",\"@id\":\"https:\/\/elpuucnoticias.com\/?p=21170#primaryimage\",\"inLanguage\":\"es\",\"url\":\"https:\/\/elpuucnoticias.com\/wp-content\/uploads\/2025\/09\/img-20250914-wa0031.jpg\",\"contentUrl\":\"https:\/\/elpuucnoticias.com\/wp-content\/uploads\/2025\/09\/img-20250914-wa0031.jpg\",\"width\":1242,\"height\":1242},{\"@type\":\"WebPage\",\"@id\":\"https:\/\/elpuucnoticias.com\/?p=21170#webpage\",\"url\":\"https:\/\/elpuucnoticias.com\/?p=21170\",\"name\":\"Inaugura La Fundaci\u00f3n de Parques y Museos de Cozumel la exposici\u00f3n \u201cS o L T a\u201d de Luis Rodrigo Medina en el Museo de la Isla - El Puuc Noticias\",\"isPartOf\":{\"@id\":\"https:\/\/elpuucnoticias.com\/#website\"},\"primaryImageOfPage\":{\"@id\":\"https:\/\/elpuucnoticias.com\/?p=21170#primaryimage\"},\"datePublished\":\"2025-09-15T19:45:43+00:00\",\"dateModified\":\"2025-09-15T19:45:43+00:00\",\"author\":{\"@id\":\"https:\/\/elpuucnoticias.com\/#\/schema\/person\/d2ea09e4c97f0160b11cdfb1d856bd9e\"},\"breadcrumb\":{\"@id\":\"https:\/\/elpuucnoticias.com\/?p=21170#breadcrumb\"},\"inLanguage\":\"es\",\"potentialAction\":[{\"@type\":\"ReadAction\",\"target\":[\"https:\/\/elpuucnoticias.com\/?p=21170\"]}]},{\"@type\":\"BreadcrumbList\",\"@id\":\"https:\/\/elpuucnoticias.com\/?p=21170#breadcrumb\",\"itemListElement\":[{\"@type\":\"ListItem\",\"position\":1,\"name\":\"Portada\",\"item\":\"https:\/\/elpuucnoticias.com\/\"},{\"@type\":\"ListItem\",\"position\":2,\"name\":\"Inaugura La Fundaci\u00f3n de Parques y Museos de Cozumel la exposici\u00f3n \u201cS o L T a\u201d de Luis Rodrigo Medina en el Museo de la Isla\"}]},{\"@type\":\"Person\",\"@id\":\"https:\/\/elpuucnoticias.com\/#\/schema\/person\/d2ea09e4c97f0160b11cdfb1d856bd9e\",\"name\":\"elpuucnoticias\",\"image\":{\"@type\":\"ImageObject\",\"@id\":\"https:\/\/elpuucnoticias.com\/#personlogo\",\"inLanguage\":\"es\",\"url\":\"https:\/\/secure.gravatar.com\/avatar\/5290a43657c74ffa15701dbe5b846bd85cc71930d803c84e91046a7333de6ce2?s=96&d=mm&r=g\",\"contentUrl\":\"https:\/\/secure.gravatar.com\/avatar\/5290a43657c74ffa15701dbe5b846bd85cc71930d803c84e91046a7333de6ce2?s=96&d=mm&r=g\",\"caption\":\"elpuucnoticias\"},\"sameAs\":[\"https:\/\/elpuucnoticias.com\"],\"url\":\"https:\/\/elpuucnoticias.com\/?author=1\"}]}<\/script>\n<!-- \/ Yoast SEO plugin. -->","yoast_head_json":{"title":"Inaugura La Fundaci\u00f3n de Parques y Museos de Cozumel la exposici\u00f3n \u201cS o L T a\u201d de Luis Rodrigo Medina en el Museo de la Isla - El Puuc Noticias","robots":{"index":"index","follow":"follow","max-snippet":"max-snippet:-1","max-image-preview":"max-image-preview:large","max-video-preview":"max-video-preview:-1"},"canonical":"https:\/\/elpuucnoticias.com\/?p=21170","og_locale":"es_ES","og_type":"article","og_title":"Inaugura La Fundaci\u00f3n de Parques y Museos de Cozumel la exposici\u00f3n \u201cS o L T a\u201d de Luis Rodrigo Medina en el Museo de la Isla - El Puuc Noticias","og_description":"La Fundaci\u00f3n de Parques y Museos de Cozumel (FPMC) inaugurar\u00e1 el 19 de septiembre en el Museo de","og_url":"https:\/\/elpuucnoticias.com\/?p=21170","og_site_name":"El Puuc Noticias","article_published_time":"2025-09-15T19:45:43+00:00","og_image":[{"width":1242,"height":1242,"url":"https:\/\/elpuucnoticias.com\/wp-content\/uploads\/2025\/09\/img-20250914-wa0031.jpg","type":"image\/jpeg"}],"twitter_card":"summary_large_image","twitter_misc":{"Escrito por":"elpuucnoticias","Tiempo de lectura":"2 minutos"},"schema":{"@context":"https:\/\/schema.org","@graph":[{"@type":"WebSite","@id":"https:\/\/elpuucnoticias.com\/#website","url":"https:\/\/elpuucnoticias.com\/","name":"El Puuc Noticias","description":"Noticias - Entretenimiento - Deportes","potentialAction":[{"@type":"SearchAction","target":{"@type":"EntryPoint","urlTemplate":"https:\/\/elpuucnoticias.com\/?s={search_term_string}"},"query-input":"required name=search_term_string"}],"inLanguage":"es"},{"@type":"ImageObject","@id":"https:\/\/elpuucnoticias.com\/?p=21170#primaryimage","inLanguage":"es","url":"https:\/\/elpuucnoticias.com\/wp-content\/uploads\/2025\/09\/img-20250914-wa0031.jpg","contentUrl":"https:\/\/elpuucnoticias.com\/wp-content\/uploads\/2025\/09\/img-20250914-wa0031.jpg","width":1242,"height":1242},{"@type":"WebPage","@id":"https:\/\/elpuucnoticias.com\/?p=21170#webpage","url":"https:\/\/elpuucnoticias.com\/?p=21170","name":"Inaugura La Fundaci\u00f3n de Parques y Museos de Cozumel la exposici\u00f3n \u201cS o L T a\u201d de Luis Rodrigo Medina en el Museo de la Isla - El Puuc Noticias","isPartOf":{"@id":"https:\/\/elpuucnoticias.com\/#website"},"primaryImageOfPage":{"@id":"https:\/\/elpuucnoticias.com\/?p=21170#primaryimage"},"datePublished":"2025-09-15T19:45:43+00:00","dateModified":"2025-09-15T19:45:43+00:00","author":{"@id":"https:\/\/elpuucnoticias.com\/#\/schema\/person\/d2ea09e4c97f0160b11cdfb1d856bd9e"},"breadcrumb":{"@id":"https:\/\/elpuucnoticias.com\/?p=21170#breadcrumb"},"inLanguage":"es","potentialAction":[{"@type":"ReadAction","target":["https:\/\/elpuucnoticias.com\/?p=21170"]}]},{"@type":"BreadcrumbList","@id":"https:\/\/elpuucnoticias.com\/?p=21170#breadcrumb","itemListElement":[{"@type":"ListItem","position":1,"name":"Portada","item":"https:\/\/elpuucnoticias.com\/"},{"@type":"ListItem","position":2,"name":"Inaugura La Fundaci\u00f3n de Parques y Museos de Cozumel la exposici\u00f3n \u201cS o L T a\u201d de Luis Rodrigo Medina en el Museo de la Isla"}]},{"@type":"Person","@id":"https:\/\/elpuucnoticias.com\/#\/schema\/person\/d2ea09e4c97f0160b11cdfb1d856bd9e","name":"elpuucnoticias","image":{"@type":"ImageObject","@id":"https:\/\/elpuucnoticias.com\/#personlogo","inLanguage":"es","url":"https:\/\/secure.gravatar.com\/avatar\/5290a43657c74ffa15701dbe5b846bd85cc71930d803c84e91046a7333de6ce2?s=96&d=mm&r=g","contentUrl":"https:\/\/secure.gravatar.com\/avatar\/5290a43657c74ffa15701dbe5b846bd85cc71930d803c84e91046a7333de6ce2?s=96&d=mm&r=g","caption":"elpuucnoticias"},"sameAs":["https:\/\/elpuucnoticias.com"],"url":"https:\/\/elpuucnoticias.com\/?author=1"}]}},"_links":{"self":[{"href":"https:\/\/elpuucnoticias.com\/index.php?rest_route=\/wp\/v2\/posts\/21170","targetHints":{"allow":["GET"]}}],"collection":[{"href":"https:\/\/elpuucnoticias.com\/index.php?rest_route=\/wp\/v2\/posts"}],"about":[{"href":"https:\/\/elpuucnoticias.com\/index.php?rest_route=\/wp\/v2\/types\/post"}],"author":[{"embeddable":true,"href":"https:\/\/elpuucnoticias.com\/index.php?rest_route=\/wp\/v2\/users\/1"}],"replies":[{"embeddable":true,"href":"https:\/\/elpuucnoticias.com\/index.php?rest_route=%2Fwp%2Fv2%2Fcomments&post=21170"}],"version-history":[{"count":1,"href":"https:\/\/elpuucnoticias.com\/index.php?rest_route=\/wp\/v2\/posts\/21170\/revisions"}],"predecessor-version":[{"id":21172,"href":"https:\/\/elpuucnoticias.com\/index.php?rest_route=\/wp\/v2\/posts\/21170\/revisions\/21172"}],"wp:featuredmedia":[{"embeddable":true,"href":"https:\/\/elpuucnoticias.com\/index.php?rest_route=\/wp\/v2\/media\/21171"}],"wp:attachment":[{"href":"https:\/\/elpuucnoticias.com\/index.php?rest_route=%2Fwp%2Fv2%2Fmedia&parent=21170"}],"wp:term":[{"taxonomy":"category","embeddable":true,"href":"https:\/\/elpuucnoticias.com\/index.php?rest_route=%2Fwp%2Fv2%2Fcategories&post=21170"},{"taxonomy":"post_tag","embeddable":true,"href":"https:\/\/elpuucnoticias.com\/index.php?rest_route=%2Fwp%2Fv2%2Ftags&post=21170"}],"curies":[{"name":"wp","href":"https:\/\/api.w.org\/{rel}","templated":true}]}}