{"id":21183,"date":"2025-09-16T13:00:16","date_gmt":"2025-09-16T19:00:16","guid":{"rendered":"https:\/\/elpuucnoticias.com\/?p=21183"},"modified":"2025-09-16T13:00:17","modified_gmt":"2025-09-16T19:00:17","slug":"invita-la-fundacion-de-parques-y-museos-de-cozumel-a-la-comunidad-al-reto-de-salud-me-amo-me-cuido","status":"publish","type":"post","link":"https:\/\/elpuucnoticias.com\/?p=21183","title":{"rendered":"Invita La Fundaci\u00f3n de Parques y Museos de Cozumel a la comunidad al Reto de Salud \u201cMe Amo, Me Cuido\u201d"},"content":{"rendered":"\n<p>La Fundaci\u00f3n de Parques y Museos de Cozumel (FPMC) invita a mujeres y hombres mayores de 18 a\u00f1os a participar en el Reto de Salud \u201cMe Amo, Me Cuido\u201d, un espacio para regalarse bienestar, aprender a ejercitarse y transformar h\u00e1bitos a trav\u00e9s de la activaci\u00f3n f\u00edsica.<\/p>\n\n\n\n<figure class=\"wp-block-image is-style-default\"><a href=\"https:\/\/cgc.qroo.gob.mx\/cjg\/wp-content\/uploads\/2025\/09\/WhatsApp-Image-2025-09-15-at-12.43.10.jpeg\"><img decoding=\"async\" src=\"https:\/\/cgc.qroo.gob.mx\/cjg\/wp-content\/uploads\/2025\/09\/WhatsApp-Image-2025-09-15-at-12.43.10-585x390.jpeg\" alt=\"\" title=\"WhatsApp Image 2025-09-15 at 12.43.10\"\/><\/a><\/figure>\n\n\n\n<p>La directora general de la FPMC, Juanita Alonso Marrufo, destac\u00f3 que el reto forma parte del Nuevo Acuerdo por el Bienestar y Desarrollo de Quintana Roo, impulsado por la gobernadora Mara Lezama Espinosa, que facilita espacios para el esparcimiento, fortalece el tejido social y promueve actividades que suman al bienestar de la comunidad a trav\u00e9s del ejercicio y la adopci\u00f3n de buenos h\u00e1bitos.<\/p>\n\n\n\n<figure class=\"wp-block-image is-style-default\"><a href=\"https:\/\/cgc.qroo.gob.mx\/cjg\/wp-content\/uploads\/2025\/09\/WhatsApp-Image-2025-09-15-at-12.43.09-1.jpeg\"><img decoding=\"async\" src=\"https:\/\/cgc.qroo.gob.mx\/cjg\/wp-content\/uploads\/2025\/09\/WhatsApp-Image-2025-09-15-at-12.43.09-1-585x390.jpeg\" alt=\"\" title=\"WhatsApp Image 2025-09-15 at 12.43.09 (1)\"\/><\/a><\/figure>\n\n\n\n<p>Del 29 de septiembre al 29 de octubre, en el BiblioAvi\u00f3n Gervasio, las y los participantes podr\u00e1n disfrutar de una amplia variedad de t\u00e9cnicas de ejercicio, como son el baile, el cardio, los ejercicios en silla, ligas, mancuernas, pelotas, pilates y mindfulness, inform\u00f3 Dianela Cervantes Chi, directora de Pedagog\u00eda y Asistencia Social (PAS).<\/p>\n\n\n\n<figure class=\"wp-block-image is-style-default\"><a href=\"https:\/\/cgc.qroo.gob.mx\/cjg\/wp-content\/uploads\/2025\/09\/WhatsApp-Image-2025-09-15-at-12.43.09.jpeg\"><img decoding=\"async\" src=\"https:\/\/cgc.qroo.gob.mx\/cjg\/wp-content\/uploads\/2025\/09\/WhatsApp-Image-2025-09-15-at-12.43.09-585x390.jpeg\" alt=\"\" title=\"WhatsApp Image 2025-09-15 at 12.43.09\"\/><\/a><\/figure>\n\n\n\n<p>Agreg\u00f3 que la instructora de este reto ser\u00e1 la maestra Guadalupe Pant\u00ed, encargada de acompa\u00f1ar a las y los asistentes de lunes a viernes, de 18:00 a 19:00 horas, incluyendo un pesaje inicial y final. Adem\u00e1s, habr\u00e1 dos ganadores que recibir\u00e1n un paquete especial de entrenamiento.<\/p>\n\n\n\n<figure class=\"wp-block-image is-style-default\"><a href=\"https:\/\/cgc.qroo.gob.mx\/cjg\/wp-content\/uploads\/2025\/09\/WhatsApp-Image-2025-09-15-at-12.43.10-1.jpeg\"><img decoding=\"async\" src=\"https:\/\/cgc.qroo.gob.mx\/cjg\/wp-content\/uploads\/2025\/09\/WhatsApp-Image-2025-09-15-at-12.43.10-1-585x427.jpeg\" alt=\"\" title=\"WhatsApp Image 2025-09-15 at 12.43.10 (1)\"\/><\/a><\/figure>\n\n\n\n<p>Para finalizar, Cervantes Chi dijo que las inscripciones se realizan directamente en el BiblioAvi\u00f3n Gervasio, ubicado en la 130 avenida entre las calles 7 Sur e Hidalgo, de lunes a viernes, de 9:00 a 15:00 horas. \u201cInscr\u00edbete y empieza a transformar tu vida, porque cuidarte tambi\u00e9n es amarte\u201d, invit\u00f3.<\/p>\n","protected":false},"excerpt":{"rendered":"<p>La Fundaci\u00f3n de Parques y Museos de Cozumel (FPMC) invita a mujeres y hombres mayores de 18 a\u00f1os<\/p>\n","protected":false},"author":1,"featured_media":21184,"comment_status":"closed","ping_status":"open","sticky":false,"template":"","format":"standard","meta":{"_monsterinsights_skip_tracking":false,"_monsterinsights_sitenote_active":false,"_monsterinsights_sitenote_note":"","_monsterinsights_sitenote_category":0,"footnotes":""},"categories":[11,24],"tags":[],"class_list":["post-21183","post","type-post","status-publish","format-standard","has-post-thumbnail","hentry","category-noticias","category-quintana-roo"],"yoast_head":"<!-- This site is optimized with the Yoast SEO plugin v18.3 - https:\/\/yoast.com\/wordpress\/plugins\/seo\/ -->\n<title>Invita La Fundaci\u00f3n de Parques y Museos de Cozumel a la comunidad al Reto de Salud \u201cMe Amo, Me Cuido\u201d - El Puuc Noticias<\/title>\n<meta name=\"robots\" content=\"index, follow, max-snippet:-1, max-image-preview:large, max-video-preview:-1\" \/>\n<link rel=\"canonical\" href=\"https:\/\/elpuucnoticias.com\/?p=21183\" \/>\n<meta property=\"og:locale\" content=\"es_ES\" \/>\n<meta property=\"og:type\" content=\"article\" \/>\n<meta property=\"og:title\" content=\"Invita La Fundaci\u00f3n de Parques y Museos de Cozumel a la comunidad al Reto de Salud \u201cMe Amo, Me Cuido\u201d - El Puuc Noticias\" \/>\n<meta property=\"og:description\" content=\"La Fundaci\u00f3n de Parques y Museos de Cozumel (FPMC) invita a mujeres y hombres mayores de 18 a\u00f1os\" \/>\n<meta property=\"og:url\" content=\"https:\/\/elpuucnoticias.com\/?p=21183\" \/>\n<meta property=\"og:site_name\" content=\"El Puuc Noticias\" \/>\n<meta property=\"article:published_time\" content=\"2025-09-16T19:00:16+00:00\" \/>\n<meta property=\"article:modified_time\" content=\"2025-09-16T19:00:17+00:00\" \/>\n<meta property=\"og:image\" content=\"https:\/\/elpuucnoticias.com\/wp-content\/uploads\/2025\/09\/whatsapp-image-2025-09-15-at-12.43.08.jpeg\" \/>\n\t<meta property=\"og:image:width\" content=\"1280\" \/>\n\t<meta property=\"og:image:height\" content=\"1600\" \/>\n\t<meta property=\"og:image:type\" content=\"image\/jpeg\" \/>\n<meta name=\"twitter:card\" content=\"summary_large_image\" \/>\n<meta name=\"twitter:label1\" content=\"Escrito por\" \/>\n\t<meta name=\"twitter:data1\" content=\"elpuucnoticias\" \/>\n\t<meta name=\"twitter:label2\" content=\"Tiempo de lectura\" \/>\n\t<meta name=\"twitter:data2\" content=\"1 minuto\" \/>\n<script type=\"application\/ld+json\" class=\"yoast-schema-graph\">{\"@context\":\"https:\/\/schema.org\",\"@graph\":[{\"@type\":\"WebSite\",\"@id\":\"https:\/\/elpuucnoticias.com\/#website\",\"url\":\"https:\/\/elpuucnoticias.com\/\",\"name\":\"El Puuc Noticias\",\"description\":\"Noticias - Entretenimiento - Deportes\",\"potentialAction\":[{\"@type\":\"SearchAction\",\"target\":{\"@type\":\"EntryPoint\",\"urlTemplate\":\"https:\/\/elpuucnoticias.com\/?s={search_term_string}\"},\"query-input\":\"required name=search_term_string\"}],\"inLanguage\":\"es\"},{\"@type\":\"ImageObject\",\"@id\":\"https:\/\/elpuucnoticias.com\/?p=21183#primaryimage\",\"inLanguage\":\"es\",\"url\":\"https:\/\/elpuucnoticias.com\/wp-content\/uploads\/2025\/09\/whatsapp-image-2025-09-15-at-12.43.08.jpeg\",\"contentUrl\":\"https:\/\/elpuucnoticias.com\/wp-content\/uploads\/2025\/09\/whatsapp-image-2025-09-15-at-12.43.08.jpeg\",\"width\":1280,\"height\":1600},{\"@type\":\"WebPage\",\"@id\":\"https:\/\/elpuucnoticias.com\/?p=21183#webpage\",\"url\":\"https:\/\/elpuucnoticias.com\/?p=21183\",\"name\":\"Invita La Fundaci\u00f3n de Parques y Museos de Cozumel a la comunidad al Reto de Salud \u201cMe Amo, Me Cuido\u201d - El Puuc Noticias\",\"isPartOf\":{\"@id\":\"https:\/\/elpuucnoticias.com\/#website\"},\"primaryImageOfPage\":{\"@id\":\"https:\/\/elpuucnoticias.com\/?p=21183#primaryimage\"},\"datePublished\":\"2025-09-16T19:00:16+00:00\",\"dateModified\":\"2025-09-16T19:00:17+00:00\",\"author\":{\"@id\":\"https:\/\/elpuucnoticias.com\/#\/schema\/person\/d2ea09e4c97f0160b11cdfb1d856bd9e\"},\"breadcrumb\":{\"@id\":\"https:\/\/elpuucnoticias.com\/?p=21183#breadcrumb\"},\"inLanguage\":\"es\",\"potentialAction\":[{\"@type\":\"ReadAction\",\"target\":[\"https:\/\/elpuucnoticias.com\/?p=21183\"]}]},{\"@type\":\"BreadcrumbList\",\"@id\":\"https:\/\/elpuucnoticias.com\/?p=21183#breadcrumb\",\"itemListElement\":[{\"@type\":\"ListItem\",\"position\":1,\"name\":\"Portada\",\"item\":\"https:\/\/elpuucnoticias.com\/\"},{\"@type\":\"ListItem\",\"position\":2,\"name\":\"Invita La Fundaci\u00f3n de Parques y Museos de Cozumel a la comunidad al Reto de Salud \u201cMe Amo, Me Cuido\u201d\"}]},{\"@type\":\"Person\",\"@id\":\"https:\/\/elpuucnoticias.com\/#\/schema\/person\/d2ea09e4c97f0160b11cdfb1d856bd9e\",\"name\":\"elpuucnoticias\",\"image\":{\"@type\":\"ImageObject\",\"@id\":\"https:\/\/elpuucnoticias.com\/#personlogo\",\"inLanguage\":\"es\",\"url\":\"https:\/\/secure.gravatar.com\/avatar\/5290a43657c74ffa15701dbe5b846bd85cc71930d803c84e91046a7333de6ce2?s=96&d=mm&r=g\",\"contentUrl\":\"https:\/\/secure.gravatar.com\/avatar\/5290a43657c74ffa15701dbe5b846bd85cc71930d803c84e91046a7333de6ce2?s=96&d=mm&r=g\",\"caption\":\"elpuucnoticias\"},\"sameAs\":[\"https:\/\/elpuucnoticias.com\"],\"url\":\"https:\/\/elpuucnoticias.com\/?author=1\"}]}<\/script>\n<!-- \/ Yoast SEO plugin. -->","yoast_head_json":{"title":"Invita La Fundaci\u00f3n de Parques y Museos de Cozumel a la comunidad al Reto de Salud \u201cMe Amo, Me Cuido\u201d - El Puuc Noticias","robots":{"index":"index","follow":"follow","max-snippet":"max-snippet:-1","max-image-preview":"max-image-preview:large","max-video-preview":"max-video-preview:-1"},"canonical":"https:\/\/elpuucnoticias.com\/?p=21183","og_locale":"es_ES","og_type":"article","og_title":"Invita La Fundaci\u00f3n de Parques y Museos de Cozumel a la comunidad al Reto de Salud \u201cMe Amo, Me Cuido\u201d - El Puuc Noticias","og_description":"La Fundaci\u00f3n de Parques y Museos de Cozumel (FPMC) invita a mujeres y hombres mayores de 18 a\u00f1os","og_url":"https:\/\/elpuucnoticias.com\/?p=21183","og_site_name":"El Puuc Noticias","article_published_time":"2025-09-16T19:00:16+00:00","article_modified_time":"2025-09-16T19:00:17+00:00","og_image":[{"width":1280,"height":1600,"url":"https:\/\/elpuucnoticias.com\/wp-content\/uploads\/2025\/09\/whatsapp-image-2025-09-15-at-12.43.08.jpeg","type":"image\/jpeg"}],"twitter_card":"summary_large_image","twitter_misc":{"Escrito por":"elpuucnoticias","Tiempo de lectura":"1 minuto"},"schema":{"@context":"https:\/\/schema.org","@graph":[{"@type":"WebSite","@id":"https:\/\/elpuucnoticias.com\/#website","url":"https:\/\/elpuucnoticias.com\/","name":"El Puuc Noticias","description":"Noticias - Entretenimiento - Deportes","potentialAction":[{"@type":"SearchAction","target":{"@type":"EntryPoint","urlTemplate":"https:\/\/elpuucnoticias.com\/?s={search_term_string}"},"query-input":"required name=search_term_string"}],"inLanguage":"es"},{"@type":"ImageObject","@id":"https:\/\/elpuucnoticias.com\/?p=21183#primaryimage","inLanguage":"es","url":"https:\/\/elpuucnoticias.com\/wp-content\/uploads\/2025\/09\/whatsapp-image-2025-09-15-at-12.43.08.jpeg","contentUrl":"https:\/\/elpuucnoticias.com\/wp-content\/uploads\/2025\/09\/whatsapp-image-2025-09-15-at-12.43.08.jpeg","width":1280,"height":1600},{"@type":"WebPage","@id":"https:\/\/elpuucnoticias.com\/?p=21183#webpage","url":"https:\/\/elpuucnoticias.com\/?p=21183","name":"Invita La Fundaci\u00f3n de Parques y Museos de Cozumel a la comunidad al Reto de Salud \u201cMe Amo, Me Cuido\u201d - El Puuc Noticias","isPartOf":{"@id":"https:\/\/elpuucnoticias.com\/#website"},"primaryImageOfPage":{"@id":"https:\/\/elpuucnoticias.com\/?p=21183#primaryimage"},"datePublished":"2025-09-16T19:00:16+00:00","dateModified":"2025-09-16T19:00:17+00:00","author":{"@id":"https:\/\/elpuucnoticias.com\/#\/schema\/person\/d2ea09e4c97f0160b11cdfb1d856bd9e"},"breadcrumb":{"@id":"https:\/\/elpuucnoticias.com\/?p=21183#breadcrumb"},"inLanguage":"es","potentialAction":[{"@type":"ReadAction","target":["https:\/\/elpuucnoticias.com\/?p=21183"]}]},{"@type":"BreadcrumbList","@id":"https:\/\/elpuucnoticias.com\/?p=21183#breadcrumb","itemListElement":[{"@type":"ListItem","position":1,"name":"Portada","item":"https:\/\/elpuucnoticias.com\/"},{"@type":"ListItem","position":2,"name":"Invita La Fundaci\u00f3n de Parques y Museos de Cozumel a la comunidad al Reto de Salud \u201cMe Amo, Me Cuido\u201d"}]},{"@type":"Person","@id":"https:\/\/elpuucnoticias.com\/#\/schema\/person\/d2ea09e4c97f0160b11cdfb1d856bd9e","name":"elpuucnoticias","image":{"@type":"ImageObject","@id":"https:\/\/elpuucnoticias.com\/#personlogo","inLanguage":"es","url":"https:\/\/secure.gravatar.com\/avatar\/5290a43657c74ffa15701dbe5b846bd85cc71930d803c84e91046a7333de6ce2?s=96&d=mm&r=g","contentUrl":"https:\/\/secure.gravatar.com\/avatar\/5290a43657c74ffa15701dbe5b846bd85cc71930d803c84e91046a7333de6ce2?s=96&d=mm&r=g","caption":"elpuucnoticias"},"sameAs":["https:\/\/elpuucnoticias.com"],"url":"https:\/\/elpuucnoticias.com\/?author=1"}]}},"_links":{"self":[{"href":"https:\/\/elpuucnoticias.com\/index.php?rest_route=\/wp\/v2\/posts\/21183","targetHints":{"allow":["GET"]}}],"collection":[{"href":"https:\/\/elpuucnoticias.com\/index.php?rest_route=\/wp\/v2\/posts"}],"about":[{"href":"https:\/\/elpuucnoticias.com\/index.php?rest_route=\/wp\/v2\/types\/post"}],"author":[{"embeddable":true,"href":"https:\/\/elpuucnoticias.com\/index.php?rest_route=\/wp\/v2\/users\/1"}],"replies":[{"embeddable":true,"href":"https:\/\/elpuucnoticias.com\/index.php?rest_route=%2Fwp%2Fv2%2Fcomments&post=21183"}],"version-history":[{"count":1,"href":"https:\/\/elpuucnoticias.com\/index.php?rest_route=\/wp\/v2\/posts\/21183\/revisions"}],"predecessor-version":[{"id":21185,"href":"https:\/\/elpuucnoticias.com\/index.php?rest_route=\/wp\/v2\/posts\/21183\/revisions\/21185"}],"wp:featuredmedia":[{"embeddable":true,"href":"https:\/\/elpuucnoticias.com\/index.php?rest_route=\/wp\/v2\/media\/21184"}],"wp:attachment":[{"href":"https:\/\/elpuucnoticias.com\/index.php?rest_route=%2Fwp%2Fv2%2Fmedia&parent=21183"}],"wp:term":[{"taxonomy":"category","embeddable":true,"href":"https:\/\/elpuucnoticias.com\/index.php?rest_route=%2Fwp%2Fv2%2Fcategories&post=21183"},{"taxonomy":"post_tag","embeddable":true,"href":"https:\/\/elpuucnoticias.com\/index.php?rest_route=%2Fwp%2Fv2%2Ftags&post=21183"}],"curies":[{"name":"wp","href":"https:\/\/api.w.org\/{rel}","templated":true}]}}