{"id":21186,"date":"2025-09-16T13:03:25","date_gmt":"2025-09-16T19:03:25","guid":{"rendered":"https:\/\/elpuucnoticias.com\/?p=21186"},"modified":"2025-09-16T13:03:26","modified_gmt":"2025-09-16T19:03:26","slug":"mara-lezama-celebra-el-215-aniversario-del-grito-de-independencia-junto-al-pueblo-quintanarroense-en-una-noche-de-unidad-y-fervor-patrio","status":"publish","type":"post","link":"https:\/\/elpuucnoticias.com\/?p=21186","title":{"rendered":"Mara Lezama celebra el 215 aniversario del Grito de Independencia junto al pueblo quintanarroense en una noche de unidad y fervor patrio"},"content":{"rendered":"\n<p>La gobernadora Mara Lezama Espinosa, ante miles de familias chetumale\u00f1as, visitantes y turistas dio el tradicional Grito de Independencia con motivo del 215 aniversario, bajo un ambiente de fervor patrio, banderas mexicanas, confeti, sombreros, trajes t\u00edpicos que portaban las y los asistentes.<\/p>\n\n\n\n<figure class=\"wp-block-image is-style-default\"><a href=\"https:\/\/cgc.qroo.gob.mx\/cjg\/wp-content\/uploads\/2025\/09\/f5eecbc2-5b2e-4c1b-ad7d-68a562f9b2b5-scaled.jpg\"><img decoding=\"async\" src=\"https:\/\/cgc.qroo.gob.mx\/cjg\/wp-content\/uploads\/2025\/09\/f5eecbc2-5b2e-4c1b-ad7d-68a562f9b2b5-585x390.jpg\" alt=\"\" title=\"f5eecbc2-5b2e-4c1b-ad7d-68a562f9b2b5\"\/><\/a><\/figure>\n\n\n\n<p>M\u00e1s de 12 mil personas acompa\u00f1aron a la gobernadora Mara Lezama en el Grito de Independencia que se celebr\u00f3 en el balc\u00f3n principal de Palacio de Gobierno y la plaza c\u00edvica de la Bandera, en una noche llena de fervor patrio.<\/p>\n\n\n\n<figure class=\"wp-block-image is-style-default\"><a href=\"https:\/\/cgc.qroo.gob.mx\/cjg\/wp-content\/uploads\/2025\/09\/7a76fa20-98af-4ba2-ac0b-02c6b89b6178-scaled.jpg\"><img decoding=\"async\" src=\"https:\/\/cgc.qroo.gob.mx\/cjg\/wp-content\/uploads\/2025\/09\/7a76fa20-98af-4ba2-ac0b-02c6b89b6178-585x390.jpg\" alt=\"\" title=\"7a76fa20-98af-4ba2-ac0b-02c6b89b6178\"\/><\/a><\/figure>\n\n\n\n<p>Durante la ceremonia se rindieron Honores a la Bandera Nacional, a cargo de bandas de guerra de la Secretar\u00eda de Seguridad Ciudadana e instituciones educativas y la escolta integrada por la 34\u00aa Zona Militar y XI Zona Naval.<\/p>\n\n\n\n<figure class=\"wp-block-image is-style-default\"><a href=\"https:\/\/cgc.qroo.gob.mx\/cjg\/wp-content\/uploads\/2025\/09\/7ac65001-3436-4b70-8c0f-5c45e187cef8-scaled.jpg\"><img decoding=\"async\" src=\"https:\/\/cgc.qroo.gob.mx\/cjg\/wp-content\/uploads\/2025\/09\/7ac65001-3436-4b70-8c0f-5c45e187cef8-585x390.jpg\" alt=\"\" title=\"7ac65001-3436-4b70-8c0f-5c45e187cef8\"\/><\/a><\/figure>\n\n\n\n<p>La lectura del documento que guarda los Sentimientos de la Naci\u00f3n\u201d que redactar\u00e1 el Siervo de la Naci\u00f3n, don Jos\u00e9 Mar\u00eda Morelos y Pab\u00f3n, estuvo a cargo de la presidenta municipal de Oth\u00f3n P. Blanco, Yensunni Mart\u00ednez Hern\u00e1ndez.<\/p>\n\n\n\n<p>Seguidamente, la gobernadora Mara Lezama, acompa\u00f1ada de su familia, autoridades militares, as\u00ed como funcionarios estatales y municipales, hizo ondear la Bandera y tocar la campana con las arengas: \u00a1Mexicanas y mexicanos! Quintanarroenses, \u00a1Viva la Independencia Nacional! \u00a1Vivan las Hero\u00ednas y los H\u00e9roes que nos dieron Patria y Libertad! \u00a1Viva Miguel Hidalgo! \u00a1Viva Jos\u00e9 Mar\u00eda Morelos! \u00a1Viva Vicente Guerrero! \u00a1Viva Nicol\u00e1s Bravo! \u00a1Viva Juan Aldama! \u00a1Viva Ignacio Allende! \u00a1Viva Mariano Matamoros! \u00a1Viva Josefa Ortiz! \u00a1Viva Leona Vicario! \u00a1Viva Andr\u00e9s Quintana Roo! \u00a1Que Vivan las Mujeres! \u00a1Que vivan las Mujeres Ind\u00edgenas! \u00a1Que viva el Humanismo con Coraz\u00f3n Feminista! \u00a1Viva Quintana Roo! \u00a1Viva Quintana Roo! \u00a1Viva M\u00e9xico! \u00a1Viva M\u00e9xico! \u00a1Viva M\u00e9xico!<\/p>\n\n\n\n<figure class=\"wp-block-image is-style-default\"><a href=\"https:\/\/cgc.qroo.gob.mx\/cjg\/wp-content\/uploads\/2025\/09\/8caa3ff9-00ad-4ea4-8ff6-08d66bbc95f3-scaled.jpg\"><img decoding=\"async\" src=\"https:\/\/cgc.qroo.gob.mx\/cjg\/wp-content\/uploads\/2025\/09\/8caa3ff9-00ad-4ea4-8ff6-08d66bbc95f3-585x390.jpg\" alt=\"\" title=\"8caa3ff9-00ad-4ea4-8ff6-08d66bbc95f3\"\/><\/a><\/figure>\n\n\n\n<p>Al finalizar el Grito de Independencia dio inicio el espect\u00e1culo de luces, para iluminar el cielo con im\u00e1genes de los h\u00e9roes que nos dieron patria y libertad, as\u00ed como de Bandera Nacional y Quintana Roo. El festejo patrio concluy\u00f3 con la presentaci\u00f3n de la agrupaci\u00f3n musical Ca\u00f1averal de Humberto Pab\u00f3n.<\/p>\n\n\n\n<p>La gobernadora Mara Lezama destac\u00f3 que, por primera vez en la historia de M\u00e9xico, una mujer presidenta encabez\u00f3 el tradicional Grito de Independencia, al referirse a la participaci\u00f3n de la Presidenta Claudia Sheinbaum en la ceremonia en la Ciudad de M\u00e9xico.<\/p>\n\n\n\n<p>Con un show de luces y la presentaci\u00f3n del Grupo Ca\u00f1averal de Humberto Pav\u00f3n, concluy\u00f3 este evento c\u00edvico, en el que el pueblo quintanarroense particip\u00f3 con entusiasmo durante la memorable noche del Grito.<\/p>\n\n\n\n<figure class=\"wp-block-image is-style-default\"><a href=\"https:\/\/cgc.qroo.gob.mx\/cjg\/wp-content\/uploads\/2025\/09\/17464ae2-1783-4ac3-a97b-fbcad2fa74ca-scaled.jpg\"><img decoding=\"async\" src=\"https:\/\/cgc.qroo.gob.mx\/cjg\/wp-content\/uploads\/2025\/09\/17464ae2-1783-4ac3-a97b-fbcad2fa74ca-585x390.jpg\" alt=\"\" title=\"17464ae2-1783-4ac3-a97b-fbcad2fa74ca\"\/><\/a><\/figure>\n\n\n\n<p>Acompa\u00f1aron a la Gobernadora en el balc\u00f3n principal el presidente de la Junta de Gobierno y Coordinaci\u00f3n Pol\u00edtica del Congreso del Estado, diputado Ren\u00e1n S\u00e1nchez Tajonar; el presidente del Tribunal Superior de Justicia, magistrado Heyden Cebada Rivas; el General de Brigada DEM Fidel Mondrag\u00f3n Rivero Comandante de la 34\u00aa Zona Militar; el Vicealmirante Marco Antonio Mu\u00f1oz Hern\u00e1ndez, Comandante de la XI Zona Naval; la presidenta honoraria del Sistema DIF Quintana Roo, Ver\u00f3nica Lezama Espinosa; la secretaria de Gobierno, Cristina Torres G\u00f3mez.<\/p>\n\n\n\n<p>Durante la verbena \u201cNoche Mexicana\u201d se present\u00f3 el grupo folcl\u00f3rico infantil Nueva General del Instituto de Cultura y las Artes del estado; el ballet folcl\u00f3rico \u201cMitotiani\u201d del DIF Estatal y de Quintana Roo; el mariachi \u201cSan Felipe\u201d y el teatro regional \u201cNani Namu y las Estrellas\u201d.<\/p>\n","protected":false},"excerpt":{"rendered":"<p>La gobernadora Mara Lezama Espinosa, ante miles de familias chetumale\u00f1as, visitantes y turistas dio el tradicional Grito de<\/p>\n","protected":false},"author":1,"featured_media":21187,"comment_status":"closed","ping_status":"open","sticky":false,"template":"","format":"standard","meta":{"_monsterinsights_skip_tracking":false,"_monsterinsights_sitenote_active":false,"_monsterinsights_sitenote_note":"","_monsterinsights_sitenote_category":0,"footnotes":""},"categories":[11,24],"tags":[],"class_list":["post-21186","post","type-post","status-publish","format-standard","has-post-thumbnail","hentry","category-noticias","category-quintana-roo"],"yoast_head":"<!-- This site is optimized with the Yoast SEO plugin v18.3 - https:\/\/yoast.com\/wordpress\/plugins\/seo\/ -->\n<title>Mara Lezama celebra el 215 aniversario del Grito de Independencia junto al pueblo quintanarroense en una noche de unidad y fervor patrio - El Puuc Noticias<\/title>\n<meta name=\"robots\" content=\"index, follow, max-snippet:-1, max-image-preview:large, max-video-preview:-1\" \/>\n<link rel=\"canonical\" href=\"https:\/\/elpuucnoticias.com\/?p=21186\" \/>\n<meta property=\"og:locale\" content=\"es_ES\" \/>\n<meta property=\"og:type\" content=\"article\" \/>\n<meta property=\"og:title\" content=\"Mara Lezama celebra el 215 aniversario del Grito de Independencia junto al pueblo quintanarroense en una noche de unidad y fervor patrio - El Puuc Noticias\" \/>\n<meta property=\"og:description\" content=\"La gobernadora Mara Lezama Espinosa, ante miles de familias chetumale\u00f1as, visitantes y turistas dio el tradicional Grito de\" \/>\n<meta property=\"og:url\" content=\"https:\/\/elpuucnoticias.com\/?p=21186\" \/>\n<meta property=\"og:site_name\" content=\"El Puuc Noticias\" \/>\n<meta property=\"article:published_time\" content=\"2025-09-16T19:03:25+00:00\" \/>\n<meta property=\"article:modified_time\" content=\"2025-09-16T19:03:26+00:00\" \/>\n<meta property=\"og:image\" content=\"https:\/\/elpuucnoticias.com\/wp-content\/uploads\/2025\/09\/cc3d3907-1f8f-4a97-a823-d0229de17391-scaled-1.jpg\" \/>\n\t<meta property=\"og:image:width\" content=\"2560\" \/>\n\t<meta property=\"og:image:height\" content=\"1707\" \/>\n\t<meta property=\"og:image:type\" content=\"image\/jpeg\" \/>\n<meta name=\"twitter:card\" content=\"summary_large_image\" \/>\n<meta name=\"twitter:label1\" content=\"Escrito por\" \/>\n\t<meta name=\"twitter:data1\" content=\"elpuucnoticias\" \/>\n\t<meta name=\"twitter:label2\" content=\"Tiempo de lectura\" \/>\n\t<meta name=\"twitter:data2\" content=\"3 minutos\" \/>\n<script type=\"application\/ld+json\" class=\"yoast-schema-graph\">{\"@context\":\"https:\/\/schema.org\",\"@graph\":[{\"@type\":\"WebSite\",\"@id\":\"https:\/\/elpuucnoticias.com\/#website\",\"url\":\"https:\/\/elpuucnoticias.com\/\",\"name\":\"El Puuc Noticias\",\"description\":\"Noticias - Entretenimiento - Deportes\",\"potentialAction\":[{\"@type\":\"SearchAction\",\"target\":{\"@type\":\"EntryPoint\",\"urlTemplate\":\"https:\/\/elpuucnoticias.com\/?s={search_term_string}\"},\"query-input\":\"required name=search_term_string\"}],\"inLanguage\":\"es\"},{\"@type\":\"ImageObject\",\"@id\":\"https:\/\/elpuucnoticias.com\/?p=21186#primaryimage\",\"inLanguage\":\"es\",\"url\":\"https:\/\/elpuucnoticias.com\/wp-content\/uploads\/2025\/09\/cc3d3907-1f8f-4a97-a823-d0229de17391-scaled-1.jpg\",\"contentUrl\":\"https:\/\/elpuucnoticias.com\/wp-content\/uploads\/2025\/09\/cc3d3907-1f8f-4a97-a823-d0229de17391-scaled-1.jpg\",\"width\":2560,\"height\":1707},{\"@type\":\"WebPage\",\"@id\":\"https:\/\/elpuucnoticias.com\/?p=21186#webpage\",\"url\":\"https:\/\/elpuucnoticias.com\/?p=21186\",\"name\":\"Mara Lezama celebra el 215 aniversario del Grito de Independencia junto al pueblo quintanarroense en una noche de unidad y fervor patrio - El Puuc Noticias\",\"isPartOf\":{\"@id\":\"https:\/\/elpuucnoticias.com\/#website\"},\"primaryImageOfPage\":{\"@id\":\"https:\/\/elpuucnoticias.com\/?p=21186#primaryimage\"},\"datePublished\":\"2025-09-16T19:03:25+00:00\",\"dateModified\":\"2025-09-16T19:03:26+00:00\",\"author\":{\"@id\":\"https:\/\/elpuucnoticias.com\/#\/schema\/person\/d2ea09e4c97f0160b11cdfb1d856bd9e\"},\"breadcrumb\":{\"@id\":\"https:\/\/elpuucnoticias.com\/?p=21186#breadcrumb\"},\"inLanguage\":\"es\",\"potentialAction\":[{\"@type\":\"ReadAction\",\"target\":[\"https:\/\/elpuucnoticias.com\/?p=21186\"]}]},{\"@type\":\"BreadcrumbList\",\"@id\":\"https:\/\/elpuucnoticias.com\/?p=21186#breadcrumb\",\"itemListElement\":[{\"@type\":\"ListItem\",\"position\":1,\"name\":\"Portada\",\"item\":\"https:\/\/elpuucnoticias.com\/\"},{\"@type\":\"ListItem\",\"position\":2,\"name\":\"Mara Lezama celebra el 215 aniversario del Grito de Independencia junto al pueblo quintanarroense en una noche de unidad y fervor patrio\"}]},{\"@type\":\"Person\",\"@id\":\"https:\/\/elpuucnoticias.com\/#\/schema\/person\/d2ea09e4c97f0160b11cdfb1d856bd9e\",\"name\":\"elpuucnoticias\",\"image\":{\"@type\":\"ImageObject\",\"@id\":\"https:\/\/elpuucnoticias.com\/#personlogo\",\"inLanguage\":\"es\",\"url\":\"https:\/\/secure.gravatar.com\/avatar\/5290a43657c74ffa15701dbe5b846bd85cc71930d803c84e91046a7333de6ce2?s=96&d=mm&r=g\",\"contentUrl\":\"https:\/\/secure.gravatar.com\/avatar\/5290a43657c74ffa15701dbe5b846bd85cc71930d803c84e91046a7333de6ce2?s=96&d=mm&r=g\",\"caption\":\"elpuucnoticias\"},\"sameAs\":[\"https:\/\/elpuucnoticias.com\"],\"url\":\"https:\/\/elpuucnoticias.com\/?author=1\"}]}<\/script>\n<!-- \/ Yoast SEO plugin. -->","yoast_head_json":{"title":"Mara Lezama celebra el 215 aniversario del Grito de Independencia junto al pueblo quintanarroense en una noche de unidad y fervor patrio - El Puuc Noticias","robots":{"index":"index","follow":"follow","max-snippet":"max-snippet:-1","max-image-preview":"max-image-preview:large","max-video-preview":"max-video-preview:-1"},"canonical":"https:\/\/elpuucnoticias.com\/?p=21186","og_locale":"es_ES","og_type":"article","og_title":"Mara Lezama celebra el 215 aniversario del Grito de Independencia junto al pueblo quintanarroense en una noche de unidad y fervor patrio - El Puuc Noticias","og_description":"La gobernadora Mara Lezama Espinosa, ante miles de familias chetumale\u00f1as, visitantes y turistas dio el tradicional Grito de","og_url":"https:\/\/elpuucnoticias.com\/?p=21186","og_site_name":"El Puuc Noticias","article_published_time":"2025-09-16T19:03:25+00:00","article_modified_time":"2025-09-16T19:03:26+00:00","og_image":[{"width":2560,"height":1707,"url":"https:\/\/elpuucnoticias.com\/wp-content\/uploads\/2025\/09\/cc3d3907-1f8f-4a97-a823-d0229de17391-scaled-1.jpg","type":"image\/jpeg"}],"twitter_card":"summary_large_image","twitter_misc":{"Escrito por":"elpuucnoticias","Tiempo de lectura":"3 minutos"},"schema":{"@context":"https:\/\/schema.org","@graph":[{"@type":"WebSite","@id":"https:\/\/elpuucnoticias.com\/#website","url":"https:\/\/elpuucnoticias.com\/","name":"El Puuc Noticias","description":"Noticias - Entretenimiento - Deportes","potentialAction":[{"@type":"SearchAction","target":{"@type":"EntryPoint","urlTemplate":"https:\/\/elpuucnoticias.com\/?s={search_term_string}"},"query-input":"required name=search_term_string"}],"inLanguage":"es"},{"@type":"ImageObject","@id":"https:\/\/elpuucnoticias.com\/?p=21186#primaryimage","inLanguage":"es","url":"https:\/\/elpuucnoticias.com\/wp-content\/uploads\/2025\/09\/cc3d3907-1f8f-4a97-a823-d0229de17391-scaled-1.jpg","contentUrl":"https:\/\/elpuucnoticias.com\/wp-content\/uploads\/2025\/09\/cc3d3907-1f8f-4a97-a823-d0229de17391-scaled-1.jpg","width":2560,"height":1707},{"@type":"WebPage","@id":"https:\/\/elpuucnoticias.com\/?p=21186#webpage","url":"https:\/\/elpuucnoticias.com\/?p=21186","name":"Mara Lezama celebra el 215 aniversario del Grito de Independencia junto al pueblo quintanarroense en una noche de unidad y fervor patrio - El Puuc Noticias","isPartOf":{"@id":"https:\/\/elpuucnoticias.com\/#website"},"primaryImageOfPage":{"@id":"https:\/\/elpuucnoticias.com\/?p=21186#primaryimage"},"datePublished":"2025-09-16T19:03:25+00:00","dateModified":"2025-09-16T19:03:26+00:00","author":{"@id":"https:\/\/elpuucnoticias.com\/#\/schema\/person\/d2ea09e4c97f0160b11cdfb1d856bd9e"},"breadcrumb":{"@id":"https:\/\/elpuucnoticias.com\/?p=21186#breadcrumb"},"inLanguage":"es","potentialAction":[{"@type":"ReadAction","target":["https:\/\/elpuucnoticias.com\/?p=21186"]}]},{"@type":"BreadcrumbList","@id":"https:\/\/elpuucnoticias.com\/?p=21186#breadcrumb","itemListElement":[{"@type":"ListItem","position":1,"name":"Portada","item":"https:\/\/elpuucnoticias.com\/"},{"@type":"ListItem","position":2,"name":"Mara Lezama celebra el 215 aniversario del Grito de Independencia junto al pueblo quintanarroense en una noche de unidad y fervor patrio"}]},{"@type":"Person","@id":"https:\/\/elpuucnoticias.com\/#\/schema\/person\/d2ea09e4c97f0160b11cdfb1d856bd9e","name":"elpuucnoticias","image":{"@type":"ImageObject","@id":"https:\/\/elpuucnoticias.com\/#personlogo","inLanguage":"es","url":"https:\/\/secure.gravatar.com\/avatar\/5290a43657c74ffa15701dbe5b846bd85cc71930d803c84e91046a7333de6ce2?s=96&d=mm&r=g","contentUrl":"https:\/\/secure.gravatar.com\/avatar\/5290a43657c74ffa15701dbe5b846bd85cc71930d803c84e91046a7333de6ce2?s=96&d=mm&r=g","caption":"elpuucnoticias"},"sameAs":["https:\/\/elpuucnoticias.com"],"url":"https:\/\/elpuucnoticias.com\/?author=1"}]}},"_links":{"self":[{"href":"https:\/\/elpuucnoticias.com\/index.php?rest_route=\/wp\/v2\/posts\/21186","targetHints":{"allow":["GET"]}}],"collection":[{"href":"https:\/\/elpuucnoticias.com\/index.php?rest_route=\/wp\/v2\/posts"}],"about":[{"href":"https:\/\/elpuucnoticias.com\/index.php?rest_route=\/wp\/v2\/types\/post"}],"author":[{"embeddable":true,"href":"https:\/\/elpuucnoticias.com\/index.php?rest_route=\/wp\/v2\/users\/1"}],"replies":[{"embeddable":true,"href":"https:\/\/elpuucnoticias.com\/index.php?rest_route=%2Fwp%2Fv2%2Fcomments&post=21186"}],"version-history":[{"count":1,"href":"https:\/\/elpuucnoticias.com\/index.php?rest_route=\/wp\/v2\/posts\/21186\/revisions"}],"predecessor-version":[{"id":21188,"href":"https:\/\/elpuucnoticias.com\/index.php?rest_route=\/wp\/v2\/posts\/21186\/revisions\/21188"}],"wp:featuredmedia":[{"embeddable":true,"href":"https:\/\/elpuucnoticias.com\/index.php?rest_route=\/wp\/v2\/media\/21187"}],"wp:attachment":[{"href":"https:\/\/elpuucnoticias.com\/index.php?rest_route=%2Fwp%2Fv2%2Fmedia&parent=21186"}],"wp:term":[{"taxonomy":"category","embeddable":true,"href":"https:\/\/elpuucnoticias.com\/index.php?rest_route=%2Fwp%2Fv2%2Fcategories&post=21186"},{"taxonomy":"post_tag","embeddable":true,"href":"https:\/\/elpuucnoticias.com\/index.php?rest_route=%2Fwp%2Fv2%2Ftags&post=21186"}],"curies":[{"name":"wp","href":"https:\/\/api.w.org\/{rel}","templated":true}]}}