{"id":21189,"date":"2025-09-16T13:06:52","date_gmt":"2025-09-16T19:06:52","guid":{"rendered":"https:\/\/elpuucnoticias.com\/?p=21189"},"modified":"2025-09-16T13:06:52","modified_gmt":"2025-09-16T19:06:52","slug":"cercana-a-la-gente-y-en-territorio-mara-lezama-presencia-el-desfile-civico-militar-con-motivo-del-215-aniversario-del-inicio-de-la-independencia-de-mexico","status":"publish","type":"post","link":"https:\/\/elpuucnoticias.com\/?p=21189","title":{"rendered":"Cercana a la gente y en territorio Mara Lezama presencia el desfile c\u00edvico-militar con motivo del 215 aniversario del inicio de la Independencia de M\u00e9xico"},"content":{"rendered":"\n<p>Cercana a la gente, en territorio y entre las familias chetumale\u00f1as que se encontraban frente a Palacio de Gobierno, la gobernadora Mara Lezama Espinosa, presenci\u00f3 el tradicional desfile c\u00edvico-militar con motivo del 215 aniversario del inicio de la Independencia de M\u00e9xico<\/p>\n\n\n\n<figure class=\"wp-block-image is-style-default\"><a href=\"https:\/\/cgc.qroo.gob.mx\/cjg\/wp-content\/uploads\/2025\/09\/2b3e80db-8484-451f-82e5-665f030950b3-scaled.jpg\"><img decoding=\"async\" src=\"https:\/\/cgc.qroo.gob.mx\/cjg\/wp-content\/uploads\/2025\/09\/2b3e80db-8484-451f-82e5-665f030950b3-585x390.jpg\" alt=\"\" title=\"2b3e80db-8484-451f-82e5-665f030950b3\"\/><\/a><\/figure>\n\n\n\n<p>La Gobernadora acompa\u00f1ada de la presidenta honoraria del Sistema DIF-Quintana Roo, Ver\u00f3nica Lezama Espinosa, de los titulares de los Poderes Legislativo y Judicial, el diputado Ren\u00e1n S\u00e1nchez Tajonar y el magistrado Heyden Cebada Rivas, respectivamente, baj\u00f3 del balc\u00f3n central de Palacio de Gobierno para saludar a las familias asistentes y regalar los tradicionales rehiletes alusivos a las fiestas patrias.<\/p>\n\n\n\n<figure class=\"wp-block-image is-style-default\"><a href=\"https:\/\/cgc.qroo.gob.mx\/cjg\/wp-content\/uploads\/2025\/09\/643ffe26-f206-48d9-a472-e92ad03756a5-scaled.jpg\"><img decoding=\"async\" src=\"https:\/\/cgc.qroo.gob.mx\/cjg\/wp-content\/uploads\/2025\/09\/643ffe26-f206-48d9-a472-e92ad03756a5-585x390.jpg\" alt=\"\" title=\"643ffe26-f206-48d9-a472-e92ad03756a5\"\/><\/a><\/figure>\n\n\n\n<p>El desfile c\u00edvico-militar estuvo encabezado por la descubierta de elementos de la Direcci\u00f3n Estatal de Tr\u00e1nsito a bordo de sus motocicletas, seguidos por la Banda de Guerra y Escolta de Bandera Nacional y Estatal de la agrupaci\u00f3n Linces de Chetumal, as\u00ed como las escoltas de la Secretar\u00eda de Gobierno en representaci\u00f3n del Poder Ejecutivo, del Congreso del Estado y Poder Judicial.<\/p>\n\n\n\n<figure class=\"wp-block-image is-style-default\"><a href=\"https:\/\/cgc.qroo.gob.mx\/cjg\/wp-content\/uploads\/2025\/09\/05a422c3-45ef-4b98-a752-b037fd0952b1-scaled.jpg\"><img decoding=\"async\" src=\"https:\/\/cgc.qroo.gob.mx\/cjg\/wp-content\/uploads\/2025\/09\/05a422c3-45ef-4b98-a752-b037fd0952b1-585x390.jpg\" alt=\"\" title=\"05a422c3-45ef-4b98-a752-b037fd0952b1\"\/><\/a><\/figure>\n\n\n\n<p>El tradicional desfile c\u00edvico-militar inici\u00f3 a las 08:20 horas desde el Museo de la Cultura Maya, pasando por la avenida H\u00e9roes de Chapultepec hacia la avenida 22 de Enero con Andador H\u00e9roes para pasar frente a Palacio de Gobierno.<\/p>\n\n\n\n<figure class=\"wp-block-image is-style-default\"><a href=\"https:\/\/cgc.qroo.gob.mx\/cjg\/wp-content\/uploads\/2025\/09\/6eb8daff-cc4f-4be3-82d2-15e417be2605-scaled.jpg\"><img decoding=\"async\" src=\"https:\/\/cgc.qroo.gob.mx\/cjg\/wp-content\/uploads\/2025\/09\/6eb8daff-cc4f-4be3-82d2-15e417be2605-585x390.jpg\" alt=\"\" title=\"6eb8daff-cc4f-4be3-82d2-15e417be2605\"\/><\/a><\/figure>\n\n\n\n<p>El contingente estuvo integrado por 12 escoltas de escuelas de nivel primaria; 22 de secundaria; 14 de nivel medio superior y 14 de nivel superior, siendo un total de 7 mil 850 estudiantes participantes.<\/p>\n\n\n\n<figure class=\"wp-block-image is-style-default\"><a href=\"https:\/\/cgc.qroo.gob.mx\/cjg\/wp-content\/uploads\/2025\/09\/7a44cf8e-281b-4953-990f-4ede112e4372-scaled.jpg\"><img decoding=\"async\" src=\"https:\/\/cgc.qroo.gob.mx\/cjg\/wp-content\/uploads\/2025\/09\/7a44cf8e-281b-4953-990f-4ede112e4372-585x390.jpg\" alt=\"\" title=\"7a44cf8e-281b-4953-990f-4ede112e4372\"\/><\/a><\/figure>\n\n\n\n<p>Por su parte el Comandante de Columna del Desfile, Capit\u00e1n de Fragata C.G D.E.M Eleazar Varela Y\u00e1\u00f1ez de la Secretar\u00eda de Marina Armada de M\u00e9xico, inform\u00f3 que participaron 48 bandas de guerra con 54 banderas, 443 integrantes de los tres \u00f3rdenes de fuerza de seguridad, armadas y Guardia Nacional; 120 de la Secretar\u00eda de Seguridad Ciudadana; 22 veh\u00edculos, 6 embarcaciones, 15 canes, haciendo un total de 5 mil 935 efectivos, sin novedad.<\/p>\n\n\n\n<figure class=\"wp-block-image is-style-default\"><a href=\"https:\/\/cgc.qroo.gob.mx\/cjg\/wp-content\/uploads\/2025\/09\/95c08721-d3bb-4ed6-8e2d-a491aa8e1c6a-scaled.jpg\"><img decoding=\"async\" src=\"https:\/\/cgc.qroo.gob.mx\/cjg\/wp-content\/uploads\/2025\/09\/95c08721-d3bb-4ed6-8e2d-a491aa8e1c6a-585x390.jpg\" alt=\"\" title=\"95c08721-d3bb-4ed6-8e2d-a491aa8e1c6a\"\/><\/a><\/figure>\n\n\n\n<p>Presenciaron este desfile la presidenta municipal de Oth\u00f3n P. Blanco, Yensunni Mart\u00ednez Hern\u00e1ndez; el General de Brigada D.E.M. Fidel Mondrag\u00f3n Rivero Comandante de la 34 Zona Militar; el Vicealmirante Marco Antonio Mu\u00f1oz Hern\u00e1ndez, Comandante de la XI Zona Naval; y el comisario Jos\u00e9 Luis Mart\u00ednez Rojas, Coordinador estatal de la Guardia Nacional, as\u00ed como secretarios del gabinetes estatal.<\/p>\n","protected":false},"excerpt":{"rendered":"<p>Cercana a la gente, en territorio y entre las familias chetumale\u00f1as que se encontraban frente a Palacio de<\/p>\n","protected":false},"author":1,"featured_media":21190,"comment_status":"closed","ping_status":"open","sticky":false,"template":"","format":"standard","meta":{"_monsterinsights_skip_tracking":false,"_monsterinsights_sitenote_active":false,"_monsterinsights_sitenote_note":"","_monsterinsights_sitenote_category":0,"footnotes":""},"categories":[11,24],"tags":[],"class_list":["post-21189","post","type-post","status-publish","format-standard","has-post-thumbnail","hentry","category-noticias","category-quintana-roo"],"yoast_head":"<!-- This site is optimized with the Yoast SEO plugin v18.3 - https:\/\/yoast.com\/wordpress\/plugins\/seo\/ -->\n<title>Cercana a la gente y en territorio Mara Lezama presencia el desfile c\u00edvico-militar con motivo del 215 aniversario del inicio de la Independencia de M\u00e9xico - El Puuc Noticias<\/title>\n<meta name=\"robots\" content=\"index, follow, max-snippet:-1, max-image-preview:large, max-video-preview:-1\" \/>\n<link rel=\"canonical\" href=\"https:\/\/elpuucnoticias.com\/?p=21189\" \/>\n<meta property=\"og:locale\" content=\"es_ES\" \/>\n<meta property=\"og:type\" content=\"article\" \/>\n<meta property=\"og:title\" content=\"Cercana a la gente y en territorio Mara Lezama presencia el desfile c\u00edvico-militar con motivo del 215 aniversario del inicio de la Independencia de M\u00e9xico - El Puuc Noticias\" \/>\n<meta property=\"og:description\" content=\"Cercana a la gente, en territorio y entre las familias chetumale\u00f1as que se encontraban frente a Palacio de\" \/>\n<meta property=\"og:url\" content=\"https:\/\/elpuucnoticias.com\/?p=21189\" \/>\n<meta property=\"og:site_name\" content=\"El Puuc Noticias\" \/>\n<meta property=\"article:published_time\" content=\"2025-09-16T19:06:52+00:00\" \/>\n<meta property=\"og:image\" content=\"https:\/\/elpuucnoticias.com\/wp-content\/uploads\/2025\/09\/7a44cf8e-281b-4953-990f-4ede112e4372-scaled-1.jpg\" \/>\n\t<meta property=\"og:image:width\" content=\"2560\" \/>\n\t<meta property=\"og:image:height\" content=\"1707\" \/>\n\t<meta property=\"og:image:type\" content=\"image\/jpeg\" \/>\n<meta name=\"twitter:card\" content=\"summary_large_image\" \/>\n<meta name=\"twitter:label1\" content=\"Escrito por\" \/>\n\t<meta name=\"twitter:data1\" content=\"elpuucnoticias\" \/>\n\t<meta name=\"twitter:label2\" content=\"Tiempo de lectura\" \/>\n\t<meta name=\"twitter:data2\" content=\"2 minutos\" \/>\n<script type=\"application\/ld+json\" class=\"yoast-schema-graph\">{\"@context\":\"https:\/\/schema.org\",\"@graph\":[{\"@type\":\"WebSite\",\"@id\":\"https:\/\/elpuucnoticias.com\/#website\",\"url\":\"https:\/\/elpuucnoticias.com\/\",\"name\":\"El Puuc Noticias\",\"description\":\"Noticias - Entretenimiento - Deportes\",\"potentialAction\":[{\"@type\":\"SearchAction\",\"target\":{\"@type\":\"EntryPoint\",\"urlTemplate\":\"https:\/\/elpuucnoticias.com\/?s={search_term_string}\"},\"query-input\":\"required name=search_term_string\"}],\"inLanguage\":\"es\"},{\"@type\":\"ImageObject\",\"@id\":\"https:\/\/elpuucnoticias.com\/?p=21189#primaryimage\",\"inLanguage\":\"es\",\"url\":\"https:\/\/elpuucnoticias.com\/wp-content\/uploads\/2025\/09\/7a44cf8e-281b-4953-990f-4ede112e4372-scaled-1.jpg\",\"contentUrl\":\"https:\/\/elpuucnoticias.com\/wp-content\/uploads\/2025\/09\/7a44cf8e-281b-4953-990f-4ede112e4372-scaled-1.jpg\",\"width\":2560,\"height\":1707},{\"@type\":\"WebPage\",\"@id\":\"https:\/\/elpuucnoticias.com\/?p=21189#webpage\",\"url\":\"https:\/\/elpuucnoticias.com\/?p=21189\",\"name\":\"Cercana a la gente y en territorio Mara Lezama presencia el desfile c\u00edvico-militar con motivo del 215 aniversario del inicio de la Independencia de M\u00e9xico - El Puuc Noticias\",\"isPartOf\":{\"@id\":\"https:\/\/elpuucnoticias.com\/#website\"},\"primaryImageOfPage\":{\"@id\":\"https:\/\/elpuucnoticias.com\/?p=21189#primaryimage\"},\"datePublished\":\"2025-09-16T19:06:52+00:00\",\"dateModified\":\"2025-09-16T19:06:52+00:00\",\"author\":{\"@id\":\"https:\/\/elpuucnoticias.com\/#\/schema\/person\/d2ea09e4c97f0160b11cdfb1d856bd9e\"},\"breadcrumb\":{\"@id\":\"https:\/\/elpuucnoticias.com\/?p=21189#breadcrumb\"},\"inLanguage\":\"es\",\"potentialAction\":[{\"@type\":\"ReadAction\",\"target\":[\"https:\/\/elpuucnoticias.com\/?p=21189\"]}]},{\"@type\":\"BreadcrumbList\",\"@id\":\"https:\/\/elpuucnoticias.com\/?p=21189#breadcrumb\",\"itemListElement\":[{\"@type\":\"ListItem\",\"position\":1,\"name\":\"Portada\",\"item\":\"https:\/\/elpuucnoticias.com\/\"},{\"@type\":\"ListItem\",\"position\":2,\"name\":\"Cercana a la gente y en territorio Mara Lezama presencia el desfile c\u00edvico-militar con motivo del 215 aniversario del inicio de la Independencia de M\u00e9xico\"}]},{\"@type\":\"Person\",\"@id\":\"https:\/\/elpuucnoticias.com\/#\/schema\/person\/d2ea09e4c97f0160b11cdfb1d856bd9e\",\"name\":\"elpuucnoticias\",\"image\":{\"@type\":\"ImageObject\",\"@id\":\"https:\/\/elpuucnoticias.com\/#personlogo\",\"inLanguage\":\"es\",\"url\":\"https:\/\/secure.gravatar.com\/avatar\/5290a43657c74ffa15701dbe5b846bd85cc71930d803c84e91046a7333de6ce2?s=96&d=mm&r=g\",\"contentUrl\":\"https:\/\/secure.gravatar.com\/avatar\/5290a43657c74ffa15701dbe5b846bd85cc71930d803c84e91046a7333de6ce2?s=96&d=mm&r=g\",\"caption\":\"elpuucnoticias\"},\"sameAs\":[\"https:\/\/elpuucnoticias.com\"],\"url\":\"https:\/\/elpuucnoticias.com\/?author=1\"}]}<\/script>\n<!-- \/ Yoast SEO plugin. -->","yoast_head_json":{"title":"Cercana a la gente y en territorio Mara Lezama presencia el desfile c\u00edvico-militar con motivo del 215 aniversario del inicio de la Independencia de M\u00e9xico - El Puuc Noticias","robots":{"index":"index","follow":"follow","max-snippet":"max-snippet:-1","max-image-preview":"max-image-preview:large","max-video-preview":"max-video-preview:-1"},"canonical":"https:\/\/elpuucnoticias.com\/?p=21189","og_locale":"es_ES","og_type":"article","og_title":"Cercana a la gente y en territorio Mara Lezama presencia el desfile c\u00edvico-militar con motivo del 215 aniversario del inicio de la Independencia de M\u00e9xico - El Puuc Noticias","og_description":"Cercana a la gente, en territorio y entre las familias chetumale\u00f1as que se encontraban frente a Palacio de","og_url":"https:\/\/elpuucnoticias.com\/?p=21189","og_site_name":"El Puuc Noticias","article_published_time":"2025-09-16T19:06:52+00:00","og_image":[{"width":2560,"height":1707,"url":"https:\/\/elpuucnoticias.com\/wp-content\/uploads\/2025\/09\/7a44cf8e-281b-4953-990f-4ede112e4372-scaled-1.jpg","type":"image\/jpeg"}],"twitter_card":"summary_large_image","twitter_misc":{"Escrito por":"elpuucnoticias","Tiempo de lectura":"2 minutos"},"schema":{"@context":"https:\/\/schema.org","@graph":[{"@type":"WebSite","@id":"https:\/\/elpuucnoticias.com\/#website","url":"https:\/\/elpuucnoticias.com\/","name":"El Puuc Noticias","description":"Noticias - Entretenimiento - Deportes","potentialAction":[{"@type":"SearchAction","target":{"@type":"EntryPoint","urlTemplate":"https:\/\/elpuucnoticias.com\/?s={search_term_string}"},"query-input":"required name=search_term_string"}],"inLanguage":"es"},{"@type":"ImageObject","@id":"https:\/\/elpuucnoticias.com\/?p=21189#primaryimage","inLanguage":"es","url":"https:\/\/elpuucnoticias.com\/wp-content\/uploads\/2025\/09\/7a44cf8e-281b-4953-990f-4ede112e4372-scaled-1.jpg","contentUrl":"https:\/\/elpuucnoticias.com\/wp-content\/uploads\/2025\/09\/7a44cf8e-281b-4953-990f-4ede112e4372-scaled-1.jpg","width":2560,"height":1707},{"@type":"WebPage","@id":"https:\/\/elpuucnoticias.com\/?p=21189#webpage","url":"https:\/\/elpuucnoticias.com\/?p=21189","name":"Cercana a la gente y en territorio Mara Lezama presencia el desfile c\u00edvico-militar con motivo del 215 aniversario del inicio de la Independencia de M\u00e9xico - El Puuc Noticias","isPartOf":{"@id":"https:\/\/elpuucnoticias.com\/#website"},"primaryImageOfPage":{"@id":"https:\/\/elpuucnoticias.com\/?p=21189#primaryimage"},"datePublished":"2025-09-16T19:06:52+00:00","dateModified":"2025-09-16T19:06:52+00:00","author":{"@id":"https:\/\/elpuucnoticias.com\/#\/schema\/person\/d2ea09e4c97f0160b11cdfb1d856bd9e"},"breadcrumb":{"@id":"https:\/\/elpuucnoticias.com\/?p=21189#breadcrumb"},"inLanguage":"es","potentialAction":[{"@type":"ReadAction","target":["https:\/\/elpuucnoticias.com\/?p=21189"]}]},{"@type":"BreadcrumbList","@id":"https:\/\/elpuucnoticias.com\/?p=21189#breadcrumb","itemListElement":[{"@type":"ListItem","position":1,"name":"Portada","item":"https:\/\/elpuucnoticias.com\/"},{"@type":"ListItem","position":2,"name":"Cercana a la gente y en territorio Mara Lezama presencia el desfile c\u00edvico-militar con motivo del 215 aniversario del inicio de la Independencia de M\u00e9xico"}]},{"@type":"Person","@id":"https:\/\/elpuucnoticias.com\/#\/schema\/person\/d2ea09e4c97f0160b11cdfb1d856bd9e","name":"elpuucnoticias","image":{"@type":"ImageObject","@id":"https:\/\/elpuucnoticias.com\/#personlogo","inLanguage":"es","url":"https:\/\/secure.gravatar.com\/avatar\/5290a43657c74ffa15701dbe5b846bd85cc71930d803c84e91046a7333de6ce2?s=96&d=mm&r=g","contentUrl":"https:\/\/secure.gravatar.com\/avatar\/5290a43657c74ffa15701dbe5b846bd85cc71930d803c84e91046a7333de6ce2?s=96&d=mm&r=g","caption":"elpuucnoticias"},"sameAs":["https:\/\/elpuucnoticias.com"],"url":"https:\/\/elpuucnoticias.com\/?author=1"}]}},"_links":{"self":[{"href":"https:\/\/elpuucnoticias.com\/index.php?rest_route=\/wp\/v2\/posts\/21189","targetHints":{"allow":["GET"]}}],"collection":[{"href":"https:\/\/elpuucnoticias.com\/index.php?rest_route=\/wp\/v2\/posts"}],"about":[{"href":"https:\/\/elpuucnoticias.com\/index.php?rest_route=\/wp\/v2\/types\/post"}],"author":[{"embeddable":true,"href":"https:\/\/elpuucnoticias.com\/index.php?rest_route=\/wp\/v2\/users\/1"}],"replies":[{"embeddable":true,"href":"https:\/\/elpuucnoticias.com\/index.php?rest_route=%2Fwp%2Fv2%2Fcomments&post=21189"}],"version-history":[{"count":1,"href":"https:\/\/elpuucnoticias.com\/index.php?rest_route=\/wp\/v2\/posts\/21189\/revisions"}],"predecessor-version":[{"id":21191,"href":"https:\/\/elpuucnoticias.com\/index.php?rest_route=\/wp\/v2\/posts\/21189\/revisions\/21191"}],"wp:featuredmedia":[{"embeddable":true,"href":"https:\/\/elpuucnoticias.com\/index.php?rest_route=\/wp\/v2\/media\/21190"}],"wp:attachment":[{"href":"https:\/\/elpuucnoticias.com\/index.php?rest_route=%2Fwp%2Fv2%2Fmedia&parent=21189"}],"wp:term":[{"taxonomy":"category","embeddable":true,"href":"https:\/\/elpuucnoticias.com\/index.php?rest_route=%2Fwp%2Fv2%2Fcategories&post=21189"},{"taxonomy":"post_tag","embeddable":true,"href":"https:\/\/elpuucnoticias.com\/index.php?rest_route=%2Fwp%2Fv2%2Ftags&post=21189"}],"curies":[{"name":"wp","href":"https:\/\/api.w.org\/{rel}","templated":true}]}}