{"id":21200,"date":"2025-09-16T14:42:56","date_gmt":"2025-09-16T20:42:56","guid":{"rendered":"https:\/\/elpuucnoticias.com\/?p=21200"},"modified":"2025-09-16T14:42:57","modified_gmt":"2025-09-16T20:42:57","slug":"tekax-celebra-con-orgullo-el-215-aniversario-de-la-independencia-de-mexico","status":"publish","type":"post","link":"https:\/\/elpuucnoticias.com\/?p=21200","title":{"rendered":"Tekax celebra con orgullo el 215 aniversario de la Independencia de M\u00e9xico"},"content":{"rendered":"\n<p>En un ambiente lleno de alegr\u00eda, tradici\u00f3n y orgullo nacional, el presidente municipal de Tekax, Manuel Vallejos, encabez\u00f3 la conmemoraci\u00f3n del 215 aniversario de la Independencia de M\u00e9xico, acompa\u00f1ado por los regidores, personal del Ayuntamiento y su familia.<\/p>\n\n\n\n<p><br>La celebraci\u00f3n tuvo lugar en el coraz\u00f3n del centro hist\u00f3rico, el cual luci\u00f3 abarrotado de familias tekaxe\u00f1as y visitantes que se unieron para vivir una noche inolvidable.<\/p>\n\n\n\n<figure class=\"wp-block-gallery has-nested-images columns-default is-cropped wp-block-gallery-1 is-layout-flex wp-block-gallery-is-layout-flex\">\n<figure class=\"wp-block-image size-large is-style-default\"><img loading=\"lazy\" decoding=\"async\" width=\"1024\" height=\"683\" data-id=\"21202\" src=\"https:\/\/elpuucnoticias.com\/wp-content\/uploads\/2025\/09\/14f305be-9bf0-41eb-872b-3f80feeb9d50-1024x683.jpg\" alt=\"\" class=\"wp-image-21202\" srcset=\"https:\/\/elpuucnoticias.com\/wp-content\/uploads\/2025\/09\/14f305be-9bf0-41eb-872b-3f80feeb9d50-1024x683.jpg 1024w, https:\/\/elpuucnoticias.com\/wp-content\/uploads\/2025\/09\/14f305be-9bf0-41eb-872b-3f80feeb9d50-300x200.jpg 300w, https:\/\/elpuucnoticias.com\/wp-content\/uploads\/2025\/09\/14f305be-9bf0-41eb-872b-3f80feeb9d50-768x512.jpg 768w, https:\/\/elpuucnoticias.com\/wp-content\/uploads\/2025\/09\/14f305be-9bf0-41eb-872b-3f80feeb9d50-1536x1024.jpg 1536w, https:\/\/elpuucnoticias.com\/wp-content\/uploads\/2025\/09\/14f305be-9bf0-41eb-872b-3f80feeb9d50-2048x1366.jpg 2048w, https:\/\/elpuucnoticias.com\/wp-content\/uploads\/2025\/09\/14f305be-9bf0-41eb-872b-3f80feeb9d50-600x400.jpg 600w, https:\/\/elpuucnoticias.com\/wp-content\/uploads\/2025\/09\/14f305be-9bf0-41eb-872b-3f80feeb9d50-320x213.jpg 320w\" sizes=\"auto, (max-width: 1024px) 100vw, 1024px\" \/><\/figure>\n\n\n\n<figure class=\"wp-block-image size-large is-style-default\"><img loading=\"lazy\" decoding=\"async\" width=\"1024\" height=\"684\" data-id=\"21201\" src=\"https:\/\/elpuucnoticias.com\/wp-content\/uploads\/2025\/09\/whatsapp-image-2025-09-16-at-2.32.20-pm-1024x684.jpeg\" alt=\"\" class=\"wp-image-21201\" srcset=\"https:\/\/elpuucnoticias.com\/wp-content\/uploads\/2025\/09\/whatsapp-image-2025-09-16-at-2.32.20-pm-1024x684.jpeg 1024w, https:\/\/elpuucnoticias.com\/wp-content\/uploads\/2025\/09\/whatsapp-image-2025-09-16-at-2.32.20-pm-300x200.jpeg 300w, https:\/\/elpuucnoticias.com\/wp-content\/uploads\/2025\/09\/whatsapp-image-2025-09-16-at-2.32.20-pm-768x513.jpeg 768w, https:\/\/elpuucnoticias.com\/wp-content\/uploads\/2025\/09\/whatsapp-image-2025-09-16-at-2.32.20-pm-1536x1025.jpeg 1536w, https:\/\/elpuucnoticias.com\/wp-content\/uploads\/2025\/09\/whatsapp-image-2025-09-16-at-2.32.20-pm-600x400.jpeg 600w, https:\/\/elpuucnoticias.com\/wp-content\/uploads\/2025\/09\/whatsapp-image-2025-09-16-at-2.32.20-pm-320x214.jpeg 320w, https:\/\/elpuucnoticias.com\/wp-content\/uploads\/2025\/09\/whatsapp-image-2025-09-16-at-2.32.20-pm.jpeg 1600w\" sizes=\"auto, (max-width: 1024px) 100vw, 1024px\" \/><\/figure>\n<\/figure>\n\n\n\n<p>El evento incluy\u00f3 una variada programaci\u00f3n cultural con bailables tradicionales, presentaciones musicales, as\u00ed como espect\u00e1culos para ni\u00f1as y ni\u00f1os.<\/p>\n\n\n\n<p><br>Uno de los momentos m\u00e1s emotivos de la noche fue la coronaci\u00f3n de Br\u00edgida del Carmen Cob Perera como Embajadora del Adulto Mayor Independencia, y de Jennifer G\u00f3ngora Sosa como Se\u00f1orita Independencia 2025, quienes recibieron sus t\u00edtulos entre aplausos y ovaciones del p\u00fablico.<\/p>\n\n\n\n<p><br>La celebraci\u00f3n culmin\u00f3 con una espectacular funci\u00f3n de pirotecnia y un gran baile popular amenizado por la reconocida agrupaci\u00f3n musical La Sonora Santanera, que puso a bailar a todos los asistentes con sus temas m\u00e1s emblem\u00e1ticos.<\/p>\n\n\n\n<figure class=\"wp-block-gallery has-nested-images columns-default is-cropped wp-block-gallery-2 is-layout-flex wp-block-gallery-is-layout-flex\">\n<figure class=\"wp-block-image size-large is-style-default\"><img loading=\"lazy\" decoding=\"async\" width=\"1024\" height=\"684\" data-id=\"21203\" src=\"https:\/\/elpuucnoticias.com\/wp-content\/uploads\/2025\/09\/whatsapp-image-2025-09-16-at-2.32.19-pm-1-1024x684.jpeg\" alt=\"\" class=\"wp-image-21203\" srcset=\"https:\/\/elpuucnoticias.com\/wp-content\/uploads\/2025\/09\/whatsapp-image-2025-09-16-at-2.32.19-pm-1-1024x684.jpeg 1024w, https:\/\/elpuucnoticias.com\/wp-content\/uploads\/2025\/09\/whatsapp-image-2025-09-16-at-2.32.19-pm-1-300x200.jpeg 300w, https:\/\/elpuucnoticias.com\/wp-content\/uploads\/2025\/09\/whatsapp-image-2025-09-16-at-2.32.19-pm-1-768x513.jpeg 768w, https:\/\/elpuucnoticias.com\/wp-content\/uploads\/2025\/09\/whatsapp-image-2025-09-16-at-2.32.19-pm-1-1536x1025.jpeg 1536w, https:\/\/elpuucnoticias.com\/wp-content\/uploads\/2025\/09\/whatsapp-image-2025-09-16-at-2.32.19-pm-1-600x400.jpeg 600w, https:\/\/elpuucnoticias.com\/wp-content\/uploads\/2025\/09\/whatsapp-image-2025-09-16-at-2.32.19-pm-1-320x214.jpeg 320w, https:\/\/elpuucnoticias.com\/wp-content\/uploads\/2025\/09\/whatsapp-image-2025-09-16-at-2.32.19-pm-1.jpeg 1600w\" sizes=\"auto, (max-width: 1024px) 100vw, 1024px\" \/><\/figure>\n\n\n\n<figure class=\"wp-block-image size-large is-style-default\"><img loading=\"lazy\" decoding=\"async\" width=\"1024\" height=\"683\" data-id=\"21204\" src=\"https:\/\/elpuucnoticias.com\/wp-content\/uploads\/2025\/09\/whatsapp-image-2025-09-16-at-2.27.58-pm-1024x683.jpeg\" alt=\"\" class=\"wp-image-21204\" srcset=\"https:\/\/elpuucnoticias.com\/wp-content\/uploads\/2025\/09\/whatsapp-image-2025-09-16-at-2.27.58-pm-1024x683.jpeg 1024w, https:\/\/elpuucnoticias.com\/wp-content\/uploads\/2025\/09\/whatsapp-image-2025-09-16-at-2.27.58-pm-300x200.jpeg 300w, https:\/\/elpuucnoticias.com\/wp-content\/uploads\/2025\/09\/whatsapp-image-2025-09-16-at-2.27.58-pm-768x512.jpeg 768w, https:\/\/elpuucnoticias.com\/wp-content\/uploads\/2025\/09\/whatsapp-image-2025-09-16-at-2.27.58-pm-1536x1024.jpeg 1536w, https:\/\/elpuucnoticias.com\/wp-content\/uploads\/2025\/09\/whatsapp-image-2025-09-16-at-2.27.58-pm-2048x1366.jpeg 2048w, https:\/\/elpuucnoticias.com\/wp-content\/uploads\/2025\/09\/whatsapp-image-2025-09-16-at-2.27.58-pm-600x400.jpeg 600w, https:\/\/elpuucnoticias.com\/wp-content\/uploads\/2025\/09\/whatsapp-image-2025-09-16-at-2.27.58-pm-320x213.jpeg 320w\" sizes=\"auto, (max-width: 1024px) 100vw, 1024px\" \/><\/figure>\n<\/figure>\n\n\n\n<p><br>Estas fechas de amor por la patria refuerzan los sentimientos de trabajo, lucha y esfuerzo por nuestra tierra, y nos unen como comunidad.<\/p>\n\n\n\n<p><br>El Ayuntamiento de Tekax agradece la participaci\u00f3n ciudadana y reafirma su compromiso de seguir promoviendo nuestras tradiciones, cultura y valores que nos fortalecen como sociedad.<\/p>\n","protected":false},"excerpt":{"rendered":"<p>En un ambiente lleno de alegr\u00eda, tradici\u00f3n y orgullo nacional, el presidente municipal de Tekax, Manuel Vallejos, encabez\u00f3<\/p>\n","protected":false},"author":1,"featured_media":21205,"comment_status":"closed","ping_status":"open","sticky":false,"template":"","format":"standard","meta":{"_monsterinsights_skip_tracking":false,"_monsterinsights_sitenote_active":false,"_monsterinsights_sitenote_note":"","_monsterinsights_sitenote_category":0,"footnotes":""},"categories":[11,4],"tags":[],"class_list":["post-21200","post","type-post","status-publish","format-standard","has-post-thumbnail","hentry","category-noticias","category-tekax"],"yoast_head":"<!-- This site is optimized with the Yoast SEO plugin v18.3 - https:\/\/yoast.com\/wordpress\/plugins\/seo\/ -->\n<title>Tekax celebra con orgullo el 215 aniversario de la Independencia de M\u00e9xico - El Puuc Noticias<\/title>\n<meta name=\"robots\" content=\"index, follow, max-snippet:-1, max-image-preview:large, max-video-preview:-1\" \/>\n<link rel=\"canonical\" href=\"https:\/\/elpuucnoticias.com\/?p=21200\" \/>\n<meta property=\"og:locale\" content=\"es_ES\" \/>\n<meta property=\"og:type\" content=\"article\" \/>\n<meta property=\"og:title\" content=\"Tekax celebra con orgullo el 215 aniversario de la Independencia de M\u00e9xico - El Puuc Noticias\" \/>\n<meta property=\"og:description\" content=\"En un ambiente lleno de alegr\u00eda, tradici\u00f3n y orgullo nacional, el presidente municipal de Tekax, Manuel Vallejos, encabez\u00f3\" \/>\n<meta property=\"og:url\" content=\"https:\/\/elpuucnoticias.com\/?p=21200\" \/>\n<meta property=\"og:site_name\" content=\"El Puuc Noticias\" \/>\n<meta property=\"article:published_time\" content=\"2025-09-16T20:42:56+00:00\" \/>\n<meta property=\"article:modified_time\" content=\"2025-09-16T20:42:57+00:00\" \/>\n<meta property=\"og:image\" content=\"https:\/\/elpuucnoticias.com\/wp-content\/uploads\/2025\/09\/whatsapp-image-2025-09-16-at-2.32.19-pm.jpeg\" \/>\n\t<meta property=\"og:image:width\" content=\"1600\" \/>\n\t<meta property=\"og:image:height\" content=\"1068\" \/>\n\t<meta property=\"og:image:type\" content=\"image\/jpeg\" \/>\n<meta name=\"twitter:card\" content=\"summary_large_image\" \/>\n<meta name=\"twitter:label1\" content=\"Escrito por\" \/>\n\t<meta name=\"twitter:data1\" content=\"elpuucnoticias\" \/>\n\t<meta name=\"twitter:label2\" content=\"Tiempo de lectura\" \/>\n\t<meta name=\"twitter:data2\" content=\"1 minuto\" \/>\n<script type=\"application\/ld+json\" class=\"yoast-schema-graph\">{\"@context\":\"https:\/\/schema.org\",\"@graph\":[{\"@type\":\"WebSite\",\"@id\":\"https:\/\/elpuucnoticias.com\/#website\",\"url\":\"https:\/\/elpuucnoticias.com\/\",\"name\":\"El Puuc Noticias\",\"description\":\"Noticias - Entretenimiento - Deportes\",\"potentialAction\":[{\"@type\":\"SearchAction\",\"target\":{\"@type\":\"EntryPoint\",\"urlTemplate\":\"https:\/\/elpuucnoticias.com\/?s={search_term_string}\"},\"query-input\":\"required name=search_term_string\"}],\"inLanguage\":\"es\"},{\"@type\":\"ImageObject\",\"@id\":\"https:\/\/elpuucnoticias.com\/?p=21200#primaryimage\",\"inLanguage\":\"es\",\"url\":\"https:\/\/elpuucnoticias.com\/wp-content\/uploads\/2025\/09\/whatsapp-image-2025-09-16-at-2.32.19-pm.jpeg\",\"contentUrl\":\"https:\/\/elpuucnoticias.com\/wp-content\/uploads\/2025\/09\/whatsapp-image-2025-09-16-at-2.32.19-pm.jpeg\",\"width\":1600,\"height\":1068},{\"@type\":\"WebPage\",\"@id\":\"https:\/\/elpuucnoticias.com\/?p=21200#webpage\",\"url\":\"https:\/\/elpuucnoticias.com\/?p=21200\",\"name\":\"Tekax celebra con orgullo el 215 aniversario de la Independencia de M\u00e9xico - El Puuc Noticias\",\"isPartOf\":{\"@id\":\"https:\/\/elpuucnoticias.com\/#website\"},\"primaryImageOfPage\":{\"@id\":\"https:\/\/elpuucnoticias.com\/?p=21200#primaryimage\"},\"datePublished\":\"2025-09-16T20:42:56+00:00\",\"dateModified\":\"2025-09-16T20:42:57+00:00\",\"author\":{\"@id\":\"https:\/\/elpuucnoticias.com\/#\/schema\/person\/d2ea09e4c97f0160b11cdfb1d856bd9e\"},\"breadcrumb\":{\"@id\":\"https:\/\/elpuucnoticias.com\/?p=21200#breadcrumb\"},\"inLanguage\":\"es\",\"potentialAction\":[{\"@type\":\"ReadAction\",\"target\":[\"https:\/\/elpuucnoticias.com\/?p=21200\"]}]},{\"@type\":\"BreadcrumbList\",\"@id\":\"https:\/\/elpuucnoticias.com\/?p=21200#breadcrumb\",\"itemListElement\":[{\"@type\":\"ListItem\",\"position\":1,\"name\":\"Portada\",\"item\":\"https:\/\/elpuucnoticias.com\/\"},{\"@type\":\"ListItem\",\"position\":2,\"name\":\"Tekax celebra con orgullo el 215 aniversario de la Independencia de M\u00e9xico\"}]},{\"@type\":\"Person\",\"@id\":\"https:\/\/elpuucnoticias.com\/#\/schema\/person\/d2ea09e4c97f0160b11cdfb1d856bd9e\",\"name\":\"elpuucnoticias\",\"image\":{\"@type\":\"ImageObject\",\"@id\":\"https:\/\/elpuucnoticias.com\/#personlogo\",\"inLanguage\":\"es\",\"url\":\"https:\/\/secure.gravatar.com\/avatar\/5290a43657c74ffa15701dbe5b846bd85cc71930d803c84e91046a7333de6ce2?s=96&d=mm&r=g\",\"contentUrl\":\"https:\/\/secure.gravatar.com\/avatar\/5290a43657c74ffa15701dbe5b846bd85cc71930d803c84e91046a7333de6ce2?s=96&d=mm&r=g\",\"caption\":\"elpuucnoticias\"},\"sameAs\":[\"https:\/\/elpuucnoticias.com\"],\"url\":\"https:\/\/elpuucnoticias.com\/?author=1\"}]}<\/script>\n<!-- \/ Yoast SEO plugin. -->","yoast_head_json":{"title":"Tekax celebra con orgullo el 215 aniversario de la Independencia de M\u00e9xico - El Puuc Noticias","robots":{"index":"index","follow":"follow","max-snippet":"max-snippet:-1","max-image-preview":"max-image-preview:large","max-video-preview":"max-video-preview:-1"},"canonical":"https:\/\/elpuucnoticias.com\/?p=21200","og_locale":"es_ES","og_type":"article","og_title":"Tekax celebra con orgullo el 215 aniversario de la Independencia de M\u00e9xico - El Puuc Noticias","og_description":"En un ambiente lleno de alegr\u00eda, tradici\u00f3n y orgullo nacional, el presidente municipal de Tekax, Manuel Vallejos, encabez\u00f3","og_url":"https:\/\/elpuucnoticias.com\/?p=21200","og_site_name":"El Puuc Noticias","article_published_time":"2025-09-16T20:42:56+00:00","article_modified_time":"2025-09-16T20:42:57+00:00","og_image":[{"width":1600,"height":1068,"url":"https:\/\/elpuucnoticias.com\/wp-content\/uploads\/2025\/09\/whatsapp-image-2025-09-16-at-2.32.19-pm.jpeg","type":"image\/jpeg"}],"twitter_card":"summary_large_image","twitter_misc":{"Escrito por":"elpuucnoticias","Tiempo de lectura":"1 minuto"},"schema":{"@context":"https:\/\/schema.org","@graph":[{"@type":"WebSite","@id":"https:\/\/elpuucnoticias.com\/#website","url":"https:\/\/elpuucnoticias.com\/","name":"El Puuc Noticias","description":"Noticias - Entretenimiento - Deportes","potentialAction":[{"@type":"SearchAction","target":{"@type":"EntryPoint","urlTemplate":"https:\/\/elpuucnoticias.com\/?s={search_term_string}"},"query-input":"required name=search_term_string"}],"inLanguage":"es"},{"@type":"ImageObject","@id":"https:\/\/elpuucnoticias.com\/?p=21200#primaryimage","inLanguage":"es","url":"https:\/\/elpuucnoticias.com\/wp-content\/uploads\/2025\/09\/whatsapp-image-2025-09-16-at-2.32.19-pm.jpeg","contentUrl":"https:\/\/elpuucnoticias.com\/wp-content\/uploads\/2025\/09\/whatsapp-image-2025-09-16-at-2.32.19-pm.jpeg","width":1600,"height":1068},{"@type":"WebPage","@id":"https:\/\/elpuucnoticias.com\/?p=21200#webpage","url":"https:\/\/elpuucnoticias.com\/?p=21200","name":"Tekax celebra con orgullo el 215 aniversario de la Independencia de M\u00e9xico - El Puuc Noticias","isPartOf":{"@id":"https:\/\/elpuucnoticias.com\/#website"},"primaryImageOfPage":{"@id":"https:\/\/elpuucnoticias.com\/?p=21200#primaryimage"},"datePublished":"2025-09-16T20:42:56+00:00","dateModified":"2025-09-16T20:42:57+00:00","author":{"@id":"https:\/\/elpuucnoticias.com\/#\/schema\/person\/d2ea09e4c97f0160b11cdfb1d856bd9e"},"breadcrumb":{"@id":"https:\/\/elpuucnoticias.com\/?p=21200#breadcrumb"},"inLanguage":"es","potentialAction":[{"@type":"ReadAction","target":["https:\/\/elpuucnoticias.com\/?p=21200"]}]},{"@type":"BreadcrumbList","@id":"https:\/\/elpuucnoticias.com\/?p=21200#breadcrumb","itemListElement":[{"@type":"ListItem","position":1,"name":"Portada","item":"https:\/\/elpuucnoticias.com\/"},{"@type":"ListItem","position":2,"name":"Tekax celebra con orgullo el 215 aniversario de la Independencia de M\u00e9xico"}]},{"@type":"Person","@id":"https:\/\/elpuucnoticias.com\/#\/schema\/person\/d2ea09e4c97f0160b11cdfb1d856bd9e","name":"elpuucnoticias","image":{"@type":"ImageObject","@id":"https:\/\/elpuucnoticias.com\/#personlogo","inLanguage":"es","url":"https:\/\/secure.gravatar.com\/avatar\/5290a43657c74ffa15701dbe5b846bd85cc71930d803c84e91046a7333de6ce2?s=96&d=mm&r=g","contentUrl":"https:\/\/secure.gravatar.com\/avatar\/5290a43657c74ffa15701dbe5b846bd85cc71930d803c84e91046a7333de6ce2?s=96&d=mm&r=g","caption":"elpuucnoticias"},"sameAs":["https:\/\/elpuucnoticias.com"],"url":"https:\/\/elpuucnoticias.com\/?author=1"}]}},"_links":{"self":[{"href":"https:\/\/elpuucnoticias.com\/index.php?rest_route=\/wp\/v2\/posts\/21200","targetHints":{"allow":["GET"]}}],"collection":[{"href":"https:\/\/elpuucnoticias.com\/index.php?rest_route=\/wp\/v2\/posts"}],"about":[{"href":"https:\/\/elpuucnoticias.com\/index.php?rest_route=\/wp\/v2\/types\/post"}],"author":[{"embeddable":true,"href":"https:\/\/elpuucnoticias.com\/index.php?rest_route=\/wp\/v2\/users\/1"}],"replies":[{"embeddable":true,"href":"https:\/\/elpuucnoticias.com\/index.php?rest_route=%2Fwp%2Fv2%2Fcomments&post=21200"}],"version-history":[{"count":1,"href":"https:\/\/elpuucnoticias.com\/index.php?rest_route=\/wp\/v2\/posts\/21200\/revisions"}],"predecessor-version":[{"id":21206,"href":"https:\/\/elpuucnoticias.com\/index.php?rest_route=\/wp\/v2\/posts\/21200\/revisions\/21206"}],"wp:featuredmedia":[{"embeddable":true,"href":"https:\/\/elpuucnoticias.com\/index.php?rest_route=\/wp\/v2\/media\/21205"}],"wp:attachment":[{"href":"https:\/\/elpuucnoticias.com\/index.php?rest_route=%2Fwp%2Fv2%2Fmedia&parent=21200"}],"wp:term":[{"taxonomy":"category","embeddable":true,"href":"https:\/\/elpuucnoticias.com\/index.php?rest_route=%2Fwp%2Fv2%2Fcategories&post=21200"},{"taxonomy":"post_tag","embeddable":true,"href":"https:\/\/elpuucnoticias.com\/index.php?rest_route=%2Fwp%2Fv2%2Ftags&post=21200"}],"curies":[{"name":"wp","href":"https:\/\/api.w.org\/{rel}","templated":true}]}}