{"id":21214,"date":"2025-09-18T12:23:56","date_gmt":"2025-09-18T18:23:56","guid":{"rendered":"https:\/\/elpuucnoticias.com\/?p=21214"},"modified":"2025-09-18T12:23:56","modified_gmt":"2025-09-18T18:23:56","slug":"saldo-blanco-en-festejos-patrios-en-la-capital-del-estado","status":"publish","type":"post","link":"https:\/\/elpuucnoticias.com\/?p=21214","title":{"rendered":"Saldo blanco en festejos patrios en la capital del Estado"},"content":{"rendered":"\n<p>&nbsp;La Coordinaci\u00f3n Estatal de Protecci\u00f3n Civil, bajo la direcci\u00f3n de Guillermo N\u00fa\u00f1ez Leal, estuvo presente en puntos estrat\u00e9gicos de la Explanada de la Bandera en los festejos del 15 y 16 de septiembre en la capital del estado.<\/p>\n\n\n\n<figure class=\"wp-block-image is-style-default\"><a href=\"https:\/\/cgc.qroo.gob.mx\/cjg\/wp-content\/uploads\/2025\/09\/bc3182af-1027-4dc5-9973-e21664cc2eac.jpg\"><img decoding=\"async\" src=\"https:\/\/cgc.qroo.gob.mx\/cjg\/wp-content\/uploads\/2025\/09\/bc3182af-1027-4dc5-9973-e21664cc2eac-585x439.jpg\" alt=\"\" title=\"bc3182af-1027-4dc5-9973-e21664cc2eac\"\/><\/a><\/figure>\n\n\n\n<p>Para velar por la seguridad de todos los asistentes, los elementos de la COEPROC, en medio de la celebraci\u00f3n del \u201cGrito de Independencia\u201d, hicieron recorridos y verificaron \u00e1reas como los escenarios y zonas de comida para descartar cualquier peligro, esto dio como resultado que el festejo se desarrollara en un ambiente de total tranquilidad.<\/p>\n\n\n\n<figure class=\"wp-block-image is-style-default\"><a href=\"https:\/\/cgc.qroo.gob.mx\/cjg\/wp-content\/uploads\/2025\/09\/0e2c5ceb-fe1b-4b57-9388-5896bec6c6b7.jpg\"><img decoding=\"async\" src=\"https:\/\/cgc.qroo.gob.mx\/cjg\/wp-content\/uploads\/2025\/09\/0e2c5ceb-fe1b-4b57-9388-5896bec6c6b7-585x439.jpg\" alt=\"\" title=\"0e2c5ceb-fe1b-4b57-9388-5896bec6c6b7\"\/><\/a><\/figure>\n\n\n\n<p>Asimismo, la gobernadora Mara Lezama encabez\u00f3 la tradicional ceremonia de Independencia en el balc\u00f3n principal de Palacio de Gobierno en Chetumal, iniciando con los Honores a la Bandera Nacional, seguido de la lectura del documento \u201cSentimientos de la Naci\u00f3n\u201d a cargo de la presidenta municipal Yensunni Mart\u00ednez Hern\u00e1ndez.<\/p>\n\n\n\n<p>Este emotivo momento llen\u00f3 de patriotismo y orgullo a todos los quintanarroenses que estuvieron presentes y tambi\u00e9n a quienes sintonizaron la transmisi\u00f3n del Grito de Independencia. A este evento se dieron cita m\u00e1s de 12 mil personas que disfrutaron tambi\u00e9n de los n\u00fameros art\u00edsticos, comediantes, bailes t\u00edpicos y la deliciosa comida en la zona de alimentos.<\/p>\n\n\n\n<figure class=\"wp-block-image is-style-default\"><a href=\"https:\/\/cgc.qroo.gob.mx\/cjg\/wp-content\/uploads\/2025\/09\/086bdbf8-1863-4bb1-b995-9825404bb502.jpg\"><img decoding=\"async\" src=\"https:\/\/cgc.qroo.gob.mx\/cjg\/wp-content\/uploads\/2025\/09\/086bdbf8-1863-4bb1-b995-9825404bb502-585x439.jpg\" alt=\"\" title=\"086bdbf8-1863-4bb1-b995-9825404bb502\"\/><\/a><\/figure>\n\n\n\n<p>Posteriormente, el grupo Ca\u00f1averal de Humberto Pab\u00f3n puso a bailar al ritmo de la cumbia a las familias que se dieron cita en la explanada, disfrutando de una noche inolvidable.<\/p>\n\n\n\n<p>Cabe resaltar que, en cuanto a la asistencia, los once municipios del estado estuvieron repletos de personas disfrutando de manera pac\u00edfica de los festejos del 15 y 16 de septiembre, esto gracias a la uni\u00f3n de los equipos de emergencia como los elementos de la Coordinaci\u00f3n de Protecci\u00f3n Civil Estatal (COEPROC), la Secretar\u00eda de Seguridad Ciudadana (SSC), Cruz Roja, Protecci\u00f3n Civil de Oth\u00f3n P. Blanco, Bomberos y Polic\u00eda Municipal.<\/p>\n\n\n\n<figure class=\"wp-block-image is-style-default\"><a href=\"https:\/\/cgc.qroo.gob.mx\/cjg\/wp-content\/uploads\/2025\/09\/677a8466-5583-4dab-abbc-2ffaae52e2f2.jpg\"><img decoding=\"async\" src=\"https:\/\/cgc.qroo.gob.mx\/cjg\/wp-content\/uploads\/2025\/09\/677a8466-5583-4dab-abbc-2ffaae52e2f2-585x439.jpg\" alt=\"\" title=\"677a8466-5583-4dab-abbc-2ffaae52e2f2\"\/><\/a><\/figure>\n\n\n\n<p>De igual manera, el desfile c\u00edvico-militar inici\u00f3 sin contratiempos a las 08:20 horas de la ma\u00f1ana en el Museo de la Cultura Maya, arrancando desde la avenida H\u00e9roes de Chapultepec hasta la avenida 22 de Enero con Andador H\u00e9roes, para terminar pasando frente al Palacio de Gobierno, donde la gobernadora Mara Lezama baj\u00f3 a disfrutar del desfile junto a las personas que se encontraban en las gradas.<\/p>\n\n\n\n<p>En el desfile participaron escoltas de escuelas de nivel primaria, secundaria, nivel medio superior y nivel superior, elementos de la Secretar\u00eda de Marina (SEMAR), Guardia Nacional (GN) y Secretar\u00eda de Seguridad Ciudadana (SSC). Por su parte, las brigadas de la Coordinaci\u00f3n Estatal de Protecci\u00f3n Civil estuvieron presentes en puntos clave para actuar de manera inmediata en caso de ser necesario.<\/p>\n\n\n\n<figure class=\"wp-block-image is-style-default\"><a href=\"https:\/\/cgc.qroo.gob.mx\/cjg\/wp-content\/uploads\/2025\/09\/9336f4f1-3775-4e37-a4de-3386af8c9207.jpg\"><img decoding=\"async\" src=\"https:\/\/cgc.qroo.gob.mx\/cjg\/wp-content\/uploads\/2025\/09\/9336f4f1-3775-4e37-a4de-3386af8c9207-585x439.jpg\" alt=\"\" title=\"9336f4f1-3775-4e37-a4de-3386af8c9207\"\/><\/a><\/figure>\n\n\n\n<p>Gracias a la coordinaci\u00f3n y esfuerzos conjuntos de las autoridades, se logr\u00f3 reportar un saldo blanco en estos festejos patrios, demostrando el compromiso de la gobernadora Mara Lezama con la seguridad y el bienestar de los quintanarroenses.<\/p>\n\n\n\n<p><\/p>\n","protected":false},"excerpt":{"rendered":"<p>&nbsp;La Coordinaci\u00f3n Estatal de Protecci\u00f3n Civil, bajo la direcci\u00f3n de Guillermo N\u00fa\u00f1ez Leal, estuvo presente en puntos estrat\u00e9gicos<\/p>\n","protected":false},"author":1,"featured_media":21215,"comment_status":"closed","ping_status":"open","sticky":false,"template":"","format":"standard","meta":{"_monsterinsights_skip_tracking":false,"_monsterinsights_sitenote_active":false,"_monsterinsights_sitenote_note":"","_monsterinsights_sitenote_category":0,"footnotes":""},"categories":[11,24],"tags":[],"class_list":["post-21214","post","type-post","status-publish","format-standard","has-post-thumbnail","hentry","category-noticias","category-quintana-roo"],"yoast_head":"<!-- This site is optimized with the Yoast SEO plugin v18.3 - https:\/\/yoast.com\/wordpress\/plugins\/seo\/ -->\n<title>Saldo blanco en festejos patrios en la capital del Estado - El Puuc Noticias<\/title>\n<meta name=\"robots\" content=\"index, follow, max-snippet:-1, max-image-preview:large, max-video-preview:-1\" \/>\n<link rel=\"canonical\" href=\"https:\/\/elpuucnoticias.com\/?p=21214\" \/>\n<meta property=\"og:locale\" content=\"es_ES\" \/>\n<meta property=\"og:type\" content=\"article\" \/>\n<meta property=\"og:title\" content=\"Saldo blanco en festejos patrios en la capital del Estado - El Puuc Noticias\" \/>\n<meta property=\"og:description\" content=\"&nbsp;La Coordinaci\u00f3n Estatal de Protecci\u00f3n Civil, bajo la direcci\u00f3n de Guillermo N\u00fa\u00f1ez Leal, estuvo presente en puntos estrat\u00e9gicos\" \/>\n<meta property=\"og:url\" content=\"https:\/\/elpuucnoticias.com\/?p=21214\" \/>\n<meta property=\"og:site_name\" content=\"El Puuc Noticias\" \/>\n<meta property=\"article:published_time\" content=\"2025-09-18T18:23:56+00:00\" \/>\n<meta property=\"og:image\" content=\"https:\/\/elpuucnoticias.com\/wp-content\/uploads\/2025\/09\/129cbdb6-91ac-4e9e-8dc5-47be022c31f1.jpg\" \/>\n\t<meta property=\"og:image:width\" content=\"1280\" \/>\n\t<meta property=\"og:image:height\" content=\"960\" \/>\n\t<meta property=\"og:image:type\" content=\"image\/jpeg\" \/>\n<meta name=\"twitter:card\" content=\"summary_large_image\" \/>\n<meta name=\"twitter:label1\" content=\"Escrito por\" \/>\n\t<meta name=\"twitter:data1\" content=\"elpuucnoticias\" \/>\n\t<meta name=\"twitter:label2\" content=\"Tiempo de lectura\" \/>\n\t<meta name=\"twitter:data2\" content=\"2 minutos\" \/>\n<script type=\"application\/ld+json\" class=\"yoast-schema-graph\">{\"@context\":\"https:\/\/schema.org\",\"@graph\":[{\"@type\":\"WebSite\",\"@id\":\"https:\/\/elpuucnoticias.com\/#website\",\"url\":\"https:\/\/elpuucnoticias.com\/\",\"name\":\"El Puuc Noticias\",\"description\":\"Noticias - Entretenimiento - Deportes\",\"potentialAction\":[{\"@type\":\"SearchAction\",\"target\":{\"@type\":\"EntryPoint\",\"urlTemplate\":\"https:\/\/elpuucnoticias.com\/?s={search_term_string}\"},\"query-input\":\"required name=search_term_string\"}],\"inLanguage\":\"es\"},{\"@type\":\"ImageObject\",\"@id\":\"https:\/\/elpuucnoticias.com\/?p=21214#primaryimage\",\"inLanguage\":\"es\",\"url\":\"https:\/\/elpuucnoticias.com\/wp-content\/uploads\/2025\/09\/129cbdb6-91ac-4e9e-8dc5-47be022c31f1.jpg\",\"contentUrl\":\"https:\/\/elpuucnoticias.com\/wp-content\/uploads\/2025\/09\/129cbdb6-91ac-4e9e-8dc5-47be022c31f1.jpg\",\"width\":1280,\"height\":960},{\"@type\":\"WebPage\",\"@id\":\"https:\/\/elpuucnoticias.com\/?p=21214#webpage\",\"url\":\"https:\/\/elpuucnoticias.com\/?p=21214\",\"name\":\"Saldo blanco en festejos patrios en la capital del Estado - El Puuc Noticias\",\"isPartOf\":{\"@id\":\"https:\/\/elpuucnoticias.com\/#website\"},\"primaryImageOfPage\":{\"@id\":\"https:\/\/elpuucnoticias.com\/?p=21214#primaryimage\"},\"datePublished\":\"2025-09-18T18:23:56+00:00\",\"dateModified\":\"2025-09-18T18:23:56+00:00\",\"author\":{\"@id\":\"https:\/\/elpuucnoticias.com\/#\/schema\/person\/d2ea09e4c97f0160b11cdfb1d856bd9e\"},\"breadcrumb\":{\"@id\":\"https:\/\/elpuucnoticias.com\/?p=21214#breadcrumb\"},\"inLanguage\":\"es\",\"potentialAction\":[{\"@type\":\"ReadAction\",\"target\":[\"https:\/\/elpuucnoticias.com\/?p=21214\"]}]},{\"@type\":\"BreadcrumbList\",\"@id\":\"https:\/\/elpuucnoticias.com\/?p=21214#breadcrumb\",\"itemListElement\":[{\"@type\":\"ListItem\",\"position\":1,\"name\":\"Portada\",\"item\":\"https:\/\/elpuucnoticias.com\/\"},{\"@type\":\"ListItem\",\"position\":2,\"name\":\"Saldo blanco en festejos patrios en la capital del Estado\"}]},{\"@type\":\"Person\",\"@id\":\"https:\/\/elpuucnoticias.com\/#\/schema\/person\/d2ea09e4c97f0160b11cdfb1d856bd9e\",\"name\":\"elpuucnoticias\",\"image\":{\"@type\":\"ImageObject\",\"@id\":\"https:\/\/elpuucnoticias.com\/#personlogo\",\"inLanguage\":\"es\",\"url\":\"https:\/\/secure.gravatar.com\/avatar\/5290a43657c74ffa15701dbe5b846bd85cc71930d803c84e91046a7333de6ce2?s=96&d=mm&r=g\",\"contentUrl\":\"https:\/\/secure.gravatar.com\/avatar\/5290a43657c74ffa15701dbe5b846bd85cc71930d803c84e91046a7333de6ce2?s=96&d=mm&r=g\",\"caption\":\"elpuucnoticias\"},\"sameAs\":[\"https:\/\/elpuucnoticias.com\"],\"url\":\"https:\/\/elpuucnoticias.com\/?author=1\"}]}<\/script>\n<!-- \/ Yoast SEO plugin. -->","yoast_head_json":{"title":"Saldo blanco en festejos patrios en la capital del Estado - El Puuc Noticias","robots":{"index":"index","follow":"follow","max-snippet":"max-snippet:-1","max-image-preview":"max-image-preview:large","max-video-preview":"max-video-preview:-1"},"canonical":"https:\/\/elpuucnoticias.com\/?p=21214","og_locale":"es_ES","og_type":"article","og_title":"Saldo blanco en festejos patrios en la capital del Estado - El Puuc Noticias","og_description":"&nbsp;La Coordinaci\u00f3n Estatal de Protecci\u00f3n Civil, bajo la direcci\u00f3n de Guillermo N\u00fa\u00f1ez Leal, estuvo presente en puntos estrat\u00e9gicos","og_url":"https:\/\/elpuucnoticias.com\/?p=21214","og_site_name":"El Puuc Noticias","article_published_time":"2025-09-18T18:23:56+00:00","og_image":[{"width":1280,"height":960,"url":"https:\/\/elpuucnoticias.com\/wp-content\/uploads\/2025\/09\/129cbdb6-91ac-4e9e-8dc5-47be022c31f1.jpg","type":"image\/jpeg"}],"twitter_card":"summary_large_image","twitter_misc":{"Escrito por":"elpuucnoticias","Tiempo de lectura":"2 minutos"},"schema":{"@context":"https:\/\/schema.org","@graph":[{"@type":"WebSite","@id":"https:\/\/elpuucnoticias.com\/#website","url":"https:\/\/elpuucnoticias.com\/","name":"El Puuc Noticias","description":"Noticias - Entretenimiento - Deportes","potentialAction":[{"@type":"SearchAction","target":{"@type":"EntryPoint","urlTemplate":"https:\/\/elpuucnoticias.com\/?s={search_term_string}"},"query-input":"required name=search_term_string"}],"inLanguage":"es"},{"@type":"ImageObject","@id":"https:\/\/elpuucnoticias.com\/?p=21214#primaryimage","inLanguage":"es","url":"https:\/\/elpuucnoticias.com\/wp-content\/uploads\/2025\/09\/129cbdb6-91ac-4e9e-8dc5-47be022c31f1.jpg","contentUrl":"https:\/\/elpuucnoticias.com\/wp-content\/uploads\/2025\/09\/129cbdb6-91ac-4e9e-8dc5-47be022c31f1.jpg","width":1280,"height":960},{"@type":"WebPage","@id":"https:\/\/elpuucnoticias.com\/?p=21214#webpage","url":"https:\/\/elpuucnoticias.com\/?p=21214","name":"Saldo blanco en festejos patrios en la capital del Estado - El Puuc Noticias","isPartOf":{"@id":"https:\/\/elpuucnoticias.com\/#website"},"primaryImageOfPage":{"@id":"https:\/\/elpuucnoticias.com\/?p=21214#primaryimage"},"datePublished":"2025-09-18T18:23:56+00:00","dateModified":"2025-09-18T18:23:56+00:00","author":{"@id":"https:\/\/elpuucnoticias.com\/#\/schema\/person\/d2ea09e4c97f0160b11cdfb1d856bd9e"},"breadcrumb":{"@id":"https:\/\/elpuucnoticias.com\/?p=21214#breadcrumb"},"inLanguage":"es","potentialAction":[{"@type":"ReadAction","target":["https:\/\/elpuucnoticias.com\/?p=21214"]}]},{"@type":"BreadcrumbList","@id":"https:\/\/elpuucnoticias.com\/?p=21214#breadcrumb","itemListElement":[{"@type":"ListItem","position":1,"name":"Portada","item":"https:\/\/elpuucnoticias.com\/"},{"@type":"ListItem","position":2,"name":"Saldo blanco en festejos patrios en la capital del Estado"}]},{"@type":"Person","@id":"https:\/\/elpuucnoticias.com\/#\/schema\/person\/d2ea09e4c97f0160b11cdfb1d856bd9e","name":"elpuucnoticias","image":{"@type":"ImageObject","@id":"https:\/\/elpuucnoticias.com\/#personlogo","inLanguage":"es","url":"https:\/\/secure.gravatar.com\/avatar\/5290a43657c74ffa15701dbe5b846bd85cc71930d803c84e91046a7333de6ce2?s=96&d=mm&r=g","contentUrl":"https:\/\/secure.gravatar.com\/avatar\/5290a43657c74ffa15701dbe5b846bd85cc71930d803c84e91046a7333de6ce2?s=96&d=mm&r=g","caption":"elpuucnoticias"},"sameAs":["https:\/\/elpuucnoticias.com"],"url":"https:\/\/elpuucnoticias.com\/?author=1"}]}},"_links":{"self":[{"href":"https:\/\/elpuucnoticias.com\/index.php?rest_route=\/wp\/v2\/posts\/21214","targetHints":{"allow":["GET"]}}],"collection":[{"href":"https:\/\/elpuucnoticias.com\/index.php?rest_route=\/wp\/v2\/posts"}],"about":[{"href":"https:\/\/elpuucnoticias.com\/index.php?rest_route=\/wp\/v2\/types\/post"}],"author":[{"embeddable":true,"href":"https:\/\/elpuucnoticias.com\/index.php?rest_route=\/wp\/v2\/users\/1"}],"replies":[{"embeddable":true,"href":"https:\/\/elpuucnoticias.com\/index.php?rest_route=%2Fwp%2Fv2%2Fcomments&post=21214"}],"version-history":[{"count":1,"href":"https:\/\/elpuucnoticias.com\/index.php?rest_route=\/wp\/v2\/posts\/21214\/revisions"}],"predecessor-version":[{"id":21216,"href":"https:\/\/elpuucnoticias.com\/index.php?rest_route=\/wp\/v2\/posts\/21214\/revisions\/21216"}],"wp:featuredmedia":[{"embeddable":true,"href":"https:\/\/elpuucnoticias.com\/index.php?rest_route=\/wp\/v2\/media\/21215"}],"wp:attachment":[{"href":"https:\/\/elpuucnoticias.com\/index.php?rest_route=%2Fwp%2Fv2%2Fmedia&parent=21214"}],"wp:term":[{"taxonomy":"category","embeddable":true,"href":"https:\/\/elpuucnoticias.com\/index.php?rest_route=%2Fwp%2Fv2%2Fcategories&post=21214"},{"taxonomy":"post_tag","embeddable":true,"href":"https:\/\/elpuucnoticias.com\/index.php?rest_route=%2Fwp%2Fv2%2Ftags&post=21214"}],"curies":[{"name":"wp","href":"https:\/\/api.w.org\/{rel}","templated":true}]}}