{"id":21229,"date":"2025-09-18T14:04:11","date_gmt":"2025-09-18T20:04:11","guid":{"rendered":"https:\/\/elpuucnoticias.com\/?p=21229"},"modified":"2025-09-18T14:04:12","modified_gmt":"2025-09-18T20:04:12","slug":"vinculado-a-proceso-tras-danos-provocados-en-incidente-vial","status":"publish","type":"post","link":"https:\/\/elpuucnoticias.com\/?p=21229","title":{"rendered":"Vinculado a proceso tras da\u00f1os provocados en incidente vial"},"content":{"rendered":"\n<p>Despu\u00e9s de ser valorados los datos de prueba aportados por la Fiscal\u00eda General del Estado (FGE), J.R.Q.M. fue vinculado a proceso por da\u00f1o en propiedad ajena y lesiones, ambos cometidos por culpa, tras los hechos ocurridos en la colonia N\u00facleo Mulsay.<\/p>\n\n\n\n<p>Al reanudarse la audiencia, la Juez Segundo de Control consider\u00f3 probatorios los elementos presentados por los fiscales de litigaci\u00f3n y dict\u00f3 el auto de vinculaci\u00f3n a proceso por los delitos imputados, otorgando adem\u00e1s un plazo de tres meses para el cierre de la investigaci\u00f3n de la causa penal 509\/2025.<\/p>\n\n\n\n<p>De los hechos, se logr\u00f3 establecer que ocurrieron el pasado 31 de agosto, en las primeras horas de la ma\u00f1ana, cuando el encausado conduc\u00eda un veh\u00edculo marca Fiat por la citada colonia, cuando al llegar a la calle 79\u00aa por 118 y 87\u00aa perdi\u00f3 el control y colision\u00f3 con un autom\u00f3vil marca Volkswagen que se encontraba estacionado, mismo que por el impacto colision\u00f3 a tres autom\u00f3viles que consecutivamente estaban aparcados en esa v\u00eda p\u00fablica.<\/p>\n\n\n\n<p>Tras el primer impacto, el acusado quien en esos momentos conduc\u00eda con aliento alcoh\u00f3lico, gir\u00f3 su veh\u00edculo proyect\u00e1ndose en diagonal con una motocicleta que ven\u00eda sobre carril de preferencia, por lo que su conductor y una persona m\u00e1s que viajaba como pasajera resultaron con lesiones que tardan en sanar m\u00e1s de 15 d\u00edas, como dictamin\u00f3 un perito del Servicio M\u00e9dico Forense (Semefo).<\/p>\n\n\n\n<p>Por \u00faltimo, la autoridad judicial se\u00f1al\u00f3 que las medidas cautelares diversas persistir\u00e1n por todo el tiempo que dure el proceso, por lo que el acusado deber\u00e1 presentarse a firmar de manera peri\u00f3dica, tiene prohibido salir del Estado sin autorizaci\u00f3n judicial, estar\u00e1 bajo el cuidado y sometimiento del Centro Estatal de Medidas Cautelares y tiene prohibido acercarse a establecimientos donde vendan bebidas alcoh\u00f3licas.<\/p>\n","protected":false},"excerpt":{"rendered":"<p>Despu\u00e9s de ser valorados los datos de prueba aportados por la Fiscal\u00eda General del Estado (FGE), J.R.Q.M. fue<\/p>\n","protected":false},"author":1,"featured_media":9271,"comment_status":"closed","ping_status":"open","sticky":false,"template":"","format":"standard","meta":{"_monsterinsights_skip_tracking":false,"_monsterinsights_sitenote_active":false,"_monsterinsights_sitenote_note":"","_monsterinsights_sitenote_category":0,"footnotes":""},"categories":[42,3],"tags":[],"class_list":["post-21229","post","type-post","status-publish","format-standard","has-post-thumbnail","hentry","category-nacional","category-policiacas"],"yoast_head":"<!-- This site is optimized with the Yoast SEO plugin v18.3 - https:\/\/yoast.com\/wordpress\/plugins\/seo\/ -->\n<title>Vinculado a proceso tras da\u00f1os provocados en incidente vial - El Puuc Noticias<\/title>\n<meta name=\"robots\" content=\"index, follow, max-snippet:-1, max-image-preview:large, max-video-preview:-1\" \/>\n<link rel=\"canonical\" href=\"https:\/\/elpuucnoticias.com\/?p=21229\" \/>\n<meta property=\"og:locale\" content=\"es_ES\" \/>\n<meta property=\"og:type\" content=\"article\" \/>\n<meta property=\"og:title\" content=\"Vinculado a proceso tras da\u00f1os provocados en incidente vial - El Puuc Noticias\" \/>\n<meta property=\"og:description\" content=\"Despu\u00e9s de ser valorados los datos de prueba aportados por la Fiscal\u00eda General del Estado (FGE), J.R.Q.M. fue\" \/>\n<meta property=\"og:url\" content=\"https:\/\/elpuucnoticias.com\/?p=21229\" \/>\n<meta property=\"og:site_name\" content=\"El Puuc Noticias\" \/>\n<meta property=\"article:published_time\" content=\"2025-09-18T20:04:11+00:00\" \/>\n<meta property=\"article:modified_time\" content=\"2025-09-18T20:04:12+00:00\" \/>\n<meta property=\"og:image\" content=\"https:\/\/elpuucnoticias.com\/wp-content\/uploads\/2023\/09\/fiscalia-merida.jpg\" \/>\n\t<meta property=\"og:image:width\" content=\"1500\" \/>\n\t<meta property=\"og:image:height\" content=\"995\" \/>\n\t<meta property=\"og:image:type\" content=\"image\/jpeg\" \/>\n<meta name=\"twitter:card\" content=\"summary_large_image\" \/>\n<meta name=\"twitter:label1\" content=\"Escrito por\" \/>\n\t<meta name=\"twitter:data1\" content=\"elpuucnoticias\" \/>\n\t<meta name=\"twitter:label2\" content=\"Tiempo de lectura\" \/>\n\t<meta name=\"twitter:data2\" content=\"2 minutos\" \/>\n<script type=\"application\/ld+json\" class=\"yoast-schema-graph\">{\"@context\":\"https:\/\/schema.org\",\"@graph\":[{\"@type\":\"WebSite\",\"@id\":\"https:\/\/elpuucnoticias.com\/#website\",\"url\":\"https:\/\/elpuucnoticias.com\/\",\"name\":\"El Puuc Noticias\",\"description\":\"Noticias - Entretenimiento - Deportes\",\"potentialAction\":[{\"@type\":\"SearchAction\",\"target\":{\"@type\":\"EntryPoint\",\"urlTemplate\":\"https:\/\/elpuucnoticias.com\/?s={search_term_string}\"},\"query-input\":\"required name=search_term_string\"}],\"inLanguage\":\"es\"},{\"@type\":\"ImageObject\",\"@id\":\"https:\/\/elpuucnoticias.com\/?p=21229#primaryimage\",\"inLanguage\":\"es\",\"url\":\"https:\/\/elpuucnoticias.com\/wp-content\/uploads\/2023\/09\/fiscalia-merida.jpg\",\"contentUrl\":\"https:\/\/elpuucnoticias.com\/wp-content\/uploads\/2023\/09\/fiscalia-merida.jpg\",\"width\":1500,\"height\":995},{\"@type\":\"WebPage\",\"@id\":\"https:\/\/elpuucnoticias.com\/?p=21229#webpage\",\"url\":\"https:\/\/elpuucnoticias.com\/?p=21229\",\"name\":\"Vinculado a proceso tras da\u00f1os provocados en incidente vial - El Puuc Noticias\",\"isPartOf\":{\"@id\":\"https:\/\/elpuucnoticias.com\/#website\"},\"primaryImageOfPage\":{\"@id\":\"https:\/\/elpuucnoticias.com\/?p=21229#primaryimage\"},\"datePublished\":\"2025-09-18T20:04:11+00:00\",\"dateModified\":\"2025-09-18T20:04:12+00:00\",\"author\":{\"@id\":\"https:\/\/elpuucnoticias.com\/#\/schema\/person\/d2ea09e4c97f0160b11cdfb1d856bd9e\"},\"breadcrumb\":{\"@id\":\"https:\/\/elpuucnoticias.com\/?p=21229#breadcrumb\"},\"inLanguage\":\"es\",\"potentialAction\":[{\"@type\":\"ReadAction\",\"target\":[\"https:\/\/elpuucnoticias.com\/?p=21229\"]}]},{\"@type\":\"BreadcrumbList\",\"@id\":\"https:\/\/elpuucnoticias.com\/?p=21229#breadcrumb\",\"itemListElement\":[{\"@type\":\"ListItem\",\"position\":1,\"name\":\"Portada\",\"item\":\"https:\/\/elpuucnoticias.com\/\"},{\"@type\":\"ListItem\",\"position\":2,\"name\":\"Vinculado a proceso tras da\u00f1os provocados en incidente vial\"}]},{\"@type\":\"Person\",\"@id\":\"https:\/\/elpuucnoticias.com\/#\/schema\/person\/d2ea09e4c97f0160b11cdfb1d856bd9e\",\"name\":\"elpuucnoticias\",\"image\":{\"@type\":\"ImageObject\",\"@id\":\"https:\/\/elpuucnoticias.com\/#personlogo\",\"inLanguage\":\"es\",\"url\":\"https:\/\/secure.gravatar.com\/avatar\/5290a43657c74ffa15701dbe5b846bd85cc71930d803c84e91046a7333de6ce2?s=96&d=mm&r=g\",\"contentUrl\":\"https:\/\/secure.gravatar.com\/avatar\/5290a43657c74ffa15701dbe5b846bd85cc71930d803c84e91046a7333de6ce2?s=96&d=mm&r=g\",\"caption\":\"elpuucnoticias\"},\"sameAs\":[\"https:\/\/elpuucnoticias.com\"],\"url\":\"https:\/\/elpuucnoticias.com\/?author=1\"}]}<\/script>\n<!-- \/ Yoast SEO plugin. -->","yoast_head_json":{"title":"Vinculado a proceso tras da\u00f1os provocados en incidente vial - El Puuc Noticias","robots":{"index":"index","follow":"follow","max-snippet":"max-snippet:-1","max-image-preview":"max-image-preview:large","max-video-preview":"max-video-preview:-1"},"canonical":"https:\/\/elpuucnoticias.com\/?p=21229","og_locale":"es_ES","og_type":"article","og_title":"Vinculado a proceso tras da\u00f1os provocados en incidente vial - El Puuc Noticias","og_description":"Despu\u00e9s de ser valorados los datos de prueba aportados por la Fiscal\u00eda General del Estado (FGE), J.R.Q.M. fue","og_url":"https:\/\/elpuucnoticias.com\/?p=21229","og_site_name":"El Puuc Noticias","article_published_time":"2025-09-18T20:04:11+00:00","article_modified_time":"2025-09-18T20:04:12+00:00","og_image":[{"width":1500,"height":995,"url":"https:\/\/elpuucnoticias.com\/wp-content\/uploads\/2023\/09\/fiscalia-merida.jpg","type":"image\/jpeg"}],"twitter_card":"summary_large_image","twitter_misc":{"Escrito por":"elpuucnoticias","Tiempo de lectura":"2 minutos"},"schema":{"@context":"https:\/\/schema.org","@graph":[{"@type":"WebSite","@id":"https:\/\/elpuucnoticias.com\/#website","url":"https:\/\/elpuucnoticias.com\/","name":"El Puuc Noticias","description":"Noticias - Entretenimiento - Deportes","potentialAction":[{"@type":"SearchAction","target":{"@type":"EntryPoint","urlTemplate":"https:\/\/elpuucnoticias.com\/?s={search_term_string}"},"query-input":"required name=search_term_string"}],"inLanguage":"es"},{"@type":"ImageObject","@id":"https:\/\/elpuucnoticias.com\/?p=21229#primaryimage","inLanguage":"es","url":"https:\/\/elpuucnoticias.com\/wp-content\/uploads\/2023\/09\/fiscalia-merida.jpg","contentUrl":"https:\/\/elpuucnoticias.com\/wp-content\/uploads\/2023\/09\/fiscalia-merida.jpg","width":1500,"height":995},{"@type":"WebPage","@id":"https:\/\/elpuucnoticias.com\/?p=21229#webpage","url":"https:\/\/elpuucnoticias.com\/?p=21229","name":"Vinculado a proceso tras da\u00f1os provocados en incidente vial - El Puuc Noticias","isPartOf":{"@id":"https:\/\/elpuucnoticias.com\/#website"},"primaryImageOfPage":{"@id":"https:\/\/elpuucnoticias.com\/?p=21229#primaryimage"},"datePublished":"2025-09-18T20:04:11+00:00","dateModified":"2025-09-18T20:04:12+00:00","author":{"@id":"https:\/\/elpuucnoticias.com\/#\/schema\/person\/d2ea09e4c97f0160b11cdfb1d856bd9e"},"breadcrumb":{"@id":"https:\/\/elpuucnoticias.com\/?p=21229#breadcrumb"},"inLanguage":"es","potentialAction":[{"@type":"ReadAction","target":["https:\/\/elpuucnoticias.com\/?p=21229"]}]},{"@type":"BreadcrumbList","@id":"https:\/\/elpuucnoticias.com\/?p=21229#breadcrumb","itemListElement":[{"@type":"ListItem","position":1,"name":"Portada","item":"https:\/\/elpuucnoticias.com\/"},{"@type":"ListItem","position":2,"name":"Vinculado a proceso tras da\u00f1os provocados en incidente vial"}]},{"@type":"Person","@id":"https:\/\/elpuucnoticias.com\/#\/schema\/person\/d2ea09e4c97f0160b11cdfb1d856bd9e","name":"elpuucnoticias","image":{"@type":"ImageObject","@id":"https:\/\/elpuucnoticias.com\/#personlogo","inLanguage":"es","url":"https:\/\/secure.gravatar.com\/avatar\/5290a43657c74ffa15701dbe5b846bd85cc71930d803c84e91046a7333de6ce2?s=96&d=mm&r=g","contentUrl":"https:\/\/secure.gravatar.com\/avatar\/5290a43657c74ffa15701dbe5b846bd85cc71930d803c84e91046a7333de6ce2?s=96&d=mm&r=g","caption":"elpuucnoticias"},"sameAs":["https:\/\/elpuucnoticias.com"],"url":"https:\/\/elpuucnoticias.com\/?author=1"}]}},"_links":{"self":[{"href":"https:\/\/elpuucnoticias.com\/index.php?rest_route=\/wp\/v2\/posts\/21229","targetHints":{"allow":["GET"]}}],"collection":[{"href":"https:\/\/elpuucnoticias.com\/index.php?rest_route=\/wp\/v2\/posts"}],"about":[{"href":"https:\/\/elpuucnoticias.com\/index.php?rest_route=\/wp\/v2\/types\/post"}],"author":[{"embeddable":true,"href":"https:\/\/elpuucnoticias.com\/index.php?rest_route=\/wp\/v2\/users\/1"}],"replies":[{"embeddable":true,"href":"https:\/\/elpuucnoticias.com\/index.php?rest_route=%2Fwp%2Fv2%2Fcomments&post=21229"}],"version-history":[{"count":1,"href":"https:\/\/elpuucnoticias.com\/index.php?rest_route=\/wp\/v2\/posts\/21229\/revisions"}],"predecessor-version":[{"id":21230,"href":"https:\/\/elpuucnoticias.com\/index.php?rest_route=\/wp\/v2\/posts\/21229\/revisions\/21230"}],"wp:featuredmedia":[{"embeddable":true,"href":"https:\/\/elpuucnoticias.com\/index.php?rest_route=\/wp\/v2\/media\/9271"}],"wp:attachment":[{"href":"https:\/\/elpuucnoticias.com\/index.php?rest_route=%2Fwp%2Fv2%2Fmedia&parent=21229"}],"wp:term":[{"taxonomy":"category","embeddable":true,"href":"https:\/\/elpuucnoticias.com\/index.php?rest_route=%2Fwp%2Fv2%2Fcategories&post=21229"},{"taxonomy":"post_tag","embeddable":true,"href":"https:\/\/elpuucnoticias.com\/index.php?rest_route=%2Fwp%2Fv2%2Ftags&post=21229"}],"curies":[{"name":"wp","href":"https:\/\/api.w.org\/{rel}","templated":true}]}}