{"id":21246,"date":"2025-09-19T12:45:58","date_gmt":"2025-09-19T18:45:58","guid":{"rendered":"https:\/\/elpuucnoticias.com\/?p=21246"},"modified":"2025-09-19T12:45:58","modified_gmt":"2025-09-19T18:45:58","slug":"encabeza-mara-lezama-reunion-de-trabajo-para-revisar-avances-del-polo-de-desarrollo-para-el-bienestar","status":"publish","type":"post","link":"https:\/\/elpuucnoticias.com\/?p=21246","title":{"rendered":"Encabeza Mara Lezama reuni\u00f3n de trabajo para revisar avances del Polo de Desarrollo para el Bienestar"},"content":{"rendered":"\n<p>&nbsp;Para darle seguimiento a los trabajos para la consolidaci\u00f3n del Polo de Desarrollo para el Bienestar de Chetumal, la gobernadora Mara Lezama Espinosa sostuvo una reuni\u00f3n de trabajo con Lizzeth Pacheco Barrera, titular del Sector de Promoci\u00f3n y Apoyo a Nuevas Ideas de la Secretar\u00eda de Econom\u00eda, organizada por la Secretar\u00eda de Desarrollo Econ\u00f3mico que encabeza Paul Carrillo de C\u00e1ceres.<\/p>\n\n\n\n<p>Los Polos de Desarrollo para el Bienestar (PODECOBI) son zonas geogr\u00e1ficas espec\u00edficas en M\u00e9xico designadas para atraer inversiones mediante la concentraci\u00f3n de infraestructura, incentivos fiscales y apoyos administrativos. En Quintana Roo la sede es Chetumal, lo que permitir\u00e1 impulsar el crecimiento econ\u00f3mico del sur.<\/p>\n\n\n\n<figure class=\"wp-block-image is-style-default\"><a href=\"https:\/\/cgc.qroo.gob.mx\/cjg\/wp-content\/uploads\/2025\/09\/WhatsApp-Image-2025-09-18-at-13.06.16-scaled.jpeg\"><img decoding=\"async\" src=\"https:\/\/cgc.qroo.gob.mx\/cjg\/wp-content\/uploads\/2025\/09\/WhatsApp-Image-2025-09-18-at-13.06.16-585x320.jpeg\" alt=\"\" title=\"WhatsApp Image 2025-09-18 at 13.06.16\"\/><\/a><\/figure>\n\n\n\n<p>Durante la reuni\u00f3n de trabajo se revisaron todas las opciones disponibles para el fomento a la inversi\u00f3n nacional y extranjera, generar empleos, fortalecer cadenas de valor y promover el desarrollo econ\u00f3mico y social del estado, con un enfoque particular en la inclusi\u00f3n de Mipymes y la sustituci\u00f3n de importaciones.<\/p>\n\n\n\n<p>Mara Lezama destac\u00f3 que la fortaleza de Chetumal es la Zona Libre decretada y publicada en el Diario Oficial de la Federaci\u00f3n en abril de 2024, que establece est\u00edmulos fiscales para la revitalizaci\u00f3n econ\u00f3mica del sur de Quintana Roo, espec\u00edficamente en el municipio de Oth\u00f3n P. Blanco.<\/p>\n\n\n\n<p>Participaron en la reuni\u00f3n el secretario de Desarrollo Econ\u00f3mico, Pa\u00fal Carrillo de C\u00e1ceres; el director del Consejo Quintanarroense de Humanidades, Ciencia y Tecnolog\u00edas, Cristopher Malpica Morales; la secretaria de Educaci\u00f3n, Elda Xix Eu\u00e1n; el secretario de Ecolog\u00eda, \u00d3scar R\u00e9bora; y el secretario particular de la Gobernadora, \u00c1ngel Rivero.<\/p>\n\n\n\n<figure class=\"wp-block-image is-style-default\"><a href=\"https:\/\/cgc.qroo.gob.mx\/cjg\/wp-content\/uploads\/2025\/09\/WhatsApp-Image-2025-09-18-at-13.06.17-scaled.jpeg\"><img decoding=\"async\" src=\"https:\/\/cgc.qroo.gob.mx\/cjg\/wp-content\/uploads\/2025\/09\/WhatsApp-Image-2025-09-18-at-13.06.17-585x390.jpeg\" alt=\"\" title=\"WhatsApp Image 2025-09-18 at 13.06.17\"\/><\/a><\/figure>\n","protected":false},"excerpt":{"rendered":"<p>&nbsp;Para darle seguimiento a los trabajos para la consolidaci\u00f3n del Polo de Desarrollo para el Bienestar de Chetumal,<\/p>\n","protected":false},"author":1,"featured_media":21247,"comment_status":"closed","ping_status":"open","sticky":false,"template":"","format":"standard","meta":{"_monsterinsights_skip_tracking":false,"_monsterinsights_sitenote_active":false,"_monsterinsights_sitenote_note":"","_monsterinsights_sitenote_category":0,"footnotes":""},"categories":[11,24],"tags":[],"class_list":["post-21246","post","type-post","status-publish","format-standard","has-post-thumbnail","hentry","category-noticias","category-quintana-roo"],"yoast_head":"<!-- This site is optimized with the Yoast SEO plugin v18.3 - https:\/\/yoast.com\/wordpress\/plugins\/seo\/ -->\n<title>Encabeza Mara Lezama reuni\u00f3n de trabajo para revisar avances del Polo de Desarrollo para el Bienestar - El Puuc Noticias<\/title>\n<meta name=\"robots\" content=\"index, follow, max-snippet:-1, max-image-preview:large, max-video-preview:-1\" \/>\n<link rel=\"canonical\" href=\"https:\/\/elpuucnoticias.com\/?p=21246\" \/>\n<meta property=\"og:locale\" content=\"es_ES\" \/>\n<meta property=\"og:type\" content=\"article\" \/>\n<meta property=\"og:title\" content=\"Encabeza Mara Lezama reuni\u00f3n de trabajo para revisar avances del Polo de Desarrollo para el Bienestar - El Puuc Noticias\" \/>\n<meta property=\"og:description\" content=\"&nbsp;Para darle seguimiento a los trabajos para la consolidaci\u00f3n del Polo de Desarrollo para el Bienestar de Chetumal,\" \/>\n<meta property=\"og:url\" content=\"https:\/\/elpuucnoticias.com\/?p=21246\" \/>\n<meta property=\"og:site_name\" content=\"El Puuc Noticias\" \/>\n<meta property=\"article:published_time\" content=\"2025-09-19T18:45:58+00:00\" \/>\n<meta property=\"og:image\" content=\"https:\/\/elpuucnoticias.com\/wp-content\/uploads\/2025\/09\/whatsapp-image-2025-09-18-at-13.06.17-1-scaled-1.jpeg\" \/>\n\t<meta property=\"og:image:width\" content=\"2560\" \/>\n\t<meta property=\"og:image:height\" content=\"1707\" \/>\n\t<meta property=\"og:image:type\" content=\"image\/jpeg\" \/>\n<meta name=\"twitter:card\" content=\"summary_large_image\" \/>\n<meta name=\"twitter:label1\" content=\"Escrito por\" \/>\n\t<meta name=\"twitter:data1\" content=\"elpuucnoticias\" \/>\n\t<meta name=\"twitter:label2\" content=\"Tiempo de lectura\" \/>\n\t<meta name=\"twitter:data2\" content=\"1 minuto\" \/>\n<script type=\"application\/ld+json\" class=\"yoast-schema-graph\">{\"@context\":\"https:\/\/schema.org\",\"@graph\":[{\"@type\":\"WebSite\",\"@id\":\"https:\/\/elpuucnoticias.com\/#website\",\"url\":\"https:\/\/elpuucnoticias.com\/\",\"name\":\"El Puuc Noticias\",\"description\":\"Noticias - Entretenimiento - Deportes\",\"potentialAction\":[{\"@type\":\"SearchAction\",\"target\":{\"@type\":\"EntryPoint\",\"urlTemplate\":\"https:\/\/elpuucnoticias.com\/?s={search_term_string}\"},\"query-input\":\"required name=search_term_string\"}],\"inLanguage\":\"es\"},{\"@type\":\"ImageObject\",\"@id\":\"https:\/\/elpuucnoticias.com\/?p=21246#primaryimage\",\"inLanguage\":\"es\",\"url\":\"https:\/\/elpuucnoticias.com\/wp-content\/uploads\/2025\/09\/whatsapp-image-2025-09-18-at-13.06.17-1-scaled-1.jpeg\",\"contentUrl\":\"https:\/\/elpuucnoticias.com\/wp-content\/uploads\/2025\/09\/whatsapp-image-2025-09-18-at-13.06.17-1-scaled-1.jpeg\",\"width\":2560,\"height\":1707},{\"@type\":\"WebPage\",\"@id\":\"https:\/\/elpuucnoticias.com\/?p=21246#webpage\",\"url\":\"https:\/\/elpuucnoticias.com\/?p=21246\",\"name\":\"Encabeza Mara Lezama reuni\u00f3n de trabajo para revisar avances del Polo de Desarrollo para el Bienestar - El Puuc Noticias\",\"isPartOf\":{\"@id\":\"https:\/\/elpuucnoticias.com\/#website\"},\"primaryImageOfPage\":{\"@id\":\"https:\/\/elpuucnoticias.com\/?p=21246#primaryimage\"},\"datePublished\":\"2025-09-19T18:45:58+00:00\",\"dateModified\":\"2025-09-19T18:45:58+00:00\",\"author\":{\"@id\":\"https:\/\/elpuucnoticias.com\/#\/schema\/person\/d2ea09e4c97f0160b11cdfb1d856bd9e\"},\"breadcrumb\":{\"@id\":\"https:\/\/elpuucnoticias.com\/?p=21246#breadcrumb\"},\"inLanguage\":\"es\",\"potentialAction\":[{\"@type\":\"ReadAction\",\"target\":[\"https:\/\/elpuucnoticias.com\/?p=21246\"]}]},{\"@type\":\"BreadcrumbList\",\"@id\":\"https:\/\/elpuucnoticias.com\/?p=21246#breadcrumb\",\"itemListElement\":[{\"@type\":\"ListItem\",\"position\":1,\"name\":\"Portada\",\"item\":\"https:\/\/elpuucnoticias.com\/\"},{\"@type\":\"ListItem\",\"position\":2,\"name\":\"Encabeza Mara Lezama reuni\u00f3n de trabajo para revisar avances del Polo de Desarrollo para el Bienestar\"}]},{\"@type\":\"Person\",\"@id\":\"https:\/\/elpuucnoticias.com\/#\/schema\/person\/d2ea09e4c97f0160b11cdfb1d856bd9e\",\"name\":\"elpuucnoticias\",\"image\":{\"@type\":\"ImageObject\",\"@id\":\"https:\/\/elpuucnoticias.com\/#personlogo\",\"inLanguage\":\"es\",\"url\":\"https:\/\/secure.gravatar.com\/avatar\/5290a43657c74ffa15701dbe5b846bd85cc71930d803c84e91046a7333de6ce2?s=96&d=mm&r=g\",\"contentUrl\":\"https:\/\/secure.gravatar.com\/avatar\/5290a43657c74ffa15701dbe5b846bd85cc71930d803c84e91046a7333de6ce2?s=96&d=mm&r=g\",\"caption\":\"elpuucnoticias\"},\"sameAs\":[\"https:\/\/elpuucnoticias.com\"],\"url\":\"https:\/\/elpuucnoticias.com\/?author=1\"}]}<\/script>\n<!-- \/ Yoast SEO plugin. -->","yoast_head_json":{"title":"Encabeza Mara Lezama reuni\u00f3n de trabajo para revisar avances del Polo de Desarrollo para el Bienestar - El Puuc Noticias","robots":{"index":"index","follow":"follow","max-snippet":"max-snippet:-1","max-image-preview":"max-image-preview:large","max-video-preview":"max-video-preview:-1"},"canonical":"https:\/\/elpuucnoticias.com\/?p=21246","og_locale":"es_ES","og_type":"article","og_title":"Encabeza Mara Lezama reuni\u00f3n de trabajo para revisar avances del Polo de Desarrollo para el Bienestar - El Puuc Noticias","og_description":"&nbsp;Para darle seguimiento a los trabajos para la consolidaci\u00f3n del Polo de Desarrollo para el Bienestar de Chetumal,","og_url":"https:\/\/elpuucnoticias.com\/?p=21246","og_site_name":"El Puuc Noticias","article_published_time":"2025-09-19T18:45:58+00:00","og_image":[{"width":2560,"height":1707,"url":"https:\/\/elpuucnoticias.com\/wp-content\/uploads\/2025\/09\/whatsapp-image-2025-09-18-at-13.06.17-1-scaled-1.jpeg","type":"image\/jpeg"}],"twitter_card":"summary_large_image","twitter_misc":{"Escrito por":"elpuucnoticias","Tiempo de lectura":"1 minuto"},"schema":{"@context":"https:\/\/schema.org","@graph":[{"@type":"WebSite","@id":"https:\/\/elpuucnoticias.com\/#website","url":"https:\/\/elpuucnoticias.com\/","name":"El Puuc Noticias","description":"Noticias - Entretenimiento - Deportes","potentialAction":[{"@type":"SearchAction","target":{"@type":"EntryPoint","urlTemplate":"https:\/\/elpuucnoticias.com\/?s={search_term_string}"},"query-input":"required name=search_term_string"}],"inLanguage":"es"},{"@type":"ImageObject","@id":"https:\/\/elpuucnoticias.com\/?p=21246#primaryimage","inLanguage":"es","url":"https:\/\/elpuucnoticias.com\/wp-content\/uploads\/2025\/09\/whatsapp-image-2025-09-18-at-13.06.17-1-scaled-1.jpeg","contentUrl":"https:\/\/elpuucnoticias.com\/wp-content\/uploads\/2025\/09\/whatsapp-image-2025-09-18-at-13.06.17-1-scaled-1.jpeg","width":2560,"height":1707},{"@type":"WebPage","@id":"https:\/\/elpuucnoticias.com\/?p=21246#webpage","url":"https:\/\/elpuucnoticias.com\/?p=21246","name":"Encabeza Mara Lezama reuni\u00f3n de trabajo para revisar avances del Polo de Desarrollo para el Bienestar - El Puuc Noticias","isPartOf":{"@id":"https:\/\/elpuucnoticias.com\/#website"},"primaryImageOfPage":{"@id":"https:\/\/elpuucnoticias.com\/?p=21246#primaryimage"},"datePublished":"2025-09-19T18:45:58+00:00","dateModified":"2025-09-19T18:45:58+00:00","author":{"@id":"https:\/\/elpuucnoticias.com\/#\/schema\/person\/d2ea09e4c97f0160b11cdfb1d856bd9e"},"breadcrumb":{"@id":"https:\/\/elpuucnoticias.com\/?p=21246#breadcrumb"},"inLanguage":"es","potentialAction":[{"@type":"ReadAction","target":["https:\/\/elpuucnoticias.com\/?p=21246"]}]},{"@type":"BreadcrumbList","@id":"https:\/\/elpuucnoticias.com\/?p=21246#breadcrumb","itemListElement":[{"@type":"ListItem","position":1,"name":"Portada","item":"https:\/\/elpuucnoticias.com\/"},{"@type":"ListItem","position":2,"name":"Encabeza Mara Lezama reuni\u00f3n de trabajo para revisar avances del Polo de Desarrollo para el Bienestar"}]},{"@type":"Person","@id":"https:\/\/elpuucnoticias.com\/#\/schema\/person\/d2ea09e4c97f0160b11cdfb1d856bd9e","name":"elpuucnoticias","image":{"@type":"ImageObject","@id":"https:\/\/elpuucnoticias.com\/#personlogo","inLanguage":"es","url":"https:\/\/secure.gravatar.com\/avatar\/5290a43657c74ffa15701dbe5b846bd85cc71930d803c84e91046a7333de6ce2?s=96&d=mm&r=g","contentUrl":"https:\/\/secure.gravatar.com\/avatar\/5290a43657c74ffa15701dbe5b846bd85cc71930d803c84e91046a7333de6ce2?s=96&d=mm&r=g","caption":"elpuucnoticias"},"sameAs":["https:\/\/elpuucnoticias.com"],"url":"https:\/\/elpuucnoticias.com\/?author=1"}]}},"_links":{"self":[{"href":"https:\/\/elpuucnoticias.com\/index.php?rest_route=\/wp\/v2\/posts\/21246","targetHints":{"allow":["GET"]}}],"collection":[{"href":"https:\/\/elpuucnoticias.com\/index.php?rest_route=\/wp\/v2\/posts"}],"about":[{"href":"https:\/\/elpuucnoticias.com\/index.php?rest_route=\/wp\/v2\/types\/post"}],"author":[{"embeddable":true,"href":"https:\/\/elpuucnoticias.com\/index.php?rest_route=\/wp\/v2\/users\/1"}],"replies":[{"embeddable":true,"href":"https:\/\/elpuucnoticias.com\/index.php?rest_route=%2Fwp%2Fv2%2Fcomments&post=21246"}],"version-history":[{"count":1,"href":"https:\/\/elpuucnoticias.com\/index.php?rest_route=\/wp\/v2\/posts\/21246\/revisions"}],"predecessor-version":[{"id":21248,"href":"https:\/\/elpuucnoticias.com\/index.php?rest_route=\/wp\/v2\/posts\/21246\/revisions\/21248"}],"wp:featuredmedia":[{"embeddable":true,"href":"https:\/\/elpuucnoticias.com\/index.php?rest_route=\/wp\/v2\/media\/21247"}],"wp:attachment":[{"href":"https:\/\/elpuucnoticias.com\/index.php?rest_route=%2Fwp%2Fv2%2Fmedia&parent=21246"}],"wp:term":[{"taxonomy":"category","embeddable":true,"href":"https:\/\/elpuucnoticias.com\/index.php?rest_route=%2Fwp%2Fv2%2Fcategories&post=21246"},{"taxonomy":"post_tag","embeddable":true,"href":"https:\/\/elpuucnoticias.com\/index.php?rest_route=%2Fwp%2Fv2%2Ftags&post=21246"}],"curies":[{"name":"wp","href":"https:\/\/api.w.org\/{rel}","templated":true}]}}