{"id":21252,"date":"2025-09-19T12:55:44","date_gmt":"2025-09-19T18:55:44","guid":{"rendered":"https:\/\/elpuucnoticias.com\/?p=21252"},"modified":"2025-09-19T12:55:45","modified_gmt":"2025-09-19T18:55:45","slug":"supervisa-mara-lezama-modernizacion-de-paraderos-en-la-zona-hotelera-de-cancun","status":"publish","type":"post","link":"https:\/\/elpuucnoticias.com\/?p=21252","title":{"rendered":"Supervisa Mara Lezama modernizaci\u00f3n de paraderos en la zona hotelera de Canc\u00fan"},"content":{"rendered":"\n<p>La gobernadora Mara Lezama Espinosa recorri\u00f3 la zona hotelera de Canc\u00fan, en donde se rehabilitan y modernizan los paradores del transporte p\u00fablico, para la seguridad y el bienestar de las y los usuarios, principalmente de la industria tur\u00edstica.<\/p>\n\n\n\n<figure class=\"wp-block-image is-style-default\"><a href=\"https:\/\/cgc.qroo.gob.mx\/cjg\/wp-content\/uploads\/2025\/09\/cc91f7dd-4ff8-444f-ad3c-7090181c55f7-scaled.jpg\"><img decoding=\"async\" src=\"https:\/\/cgc.qroo.gob.mx\/cjg\/wp-content\/uploads\/2025\/09\/cc91f7dd-4ff8-444f-ad3c-7090181c55f7-585x390.jpg\" alt=\"\" title=\"cc91f7dd-4ff8-444f-ad3c-7090181c55f7\"\/><\/a><\/figure>\n\n\n\n<p>La titular del Ejecutivo supervis\u00f3 que 42 paraderos est\u00e9n mejor iluminados, dignos, m\u00e1s seguros para todas y todos, acompa\u00f1ada por el secretario de Turismo, Bernardo Cueto Riestra, y el titular del Fideicomiso para el Fortalecimiento de la Actividad Tur\u00edstica de Quintana Roo (FOATQROO), Ricardo Archundia.<\/p>\n\n\n\n<figure class=\"wp-block-image is-style-default\"><a href=\"https:\/\/cgc.qroo.gob.mx\/cjg\/wp-content\/uploads\/2025\/09\/ca93e7d2-4602-496f-ab20-b5875530089e-scaled.jpg\"><img decoding=\"async\" src=\"https:\/\/cgc.qroo.gob.mx\/cjg\/wp-content\/uploads\/2025\/09\/ca93e7d2-4602-496f-ab20-b5875530089e-585x390.jpg\" alt=\"\" title=\"ca93e7d2-4602-496f-ab20-b5875530089e\"\/><\/a><\/figure>\n\n\n\n<p>Durante el recorrido, Mara Lezama explic\u00f3 que en cada paradero, las personas encontrar\u00e1n el distintivo Q, lo que garantiza su accesibilidad universal, comodidad y cumplimiento con est\u00e1ndares internacionales de calidad tur\u00edstica, que son un orgullo quintanarroense.<\/p>\n\n\n\n<figure class=\"wp-block-image is-style-default\"><a href=\"https:\/\/cgc.qroo.gob.mx\/cjg\/wp-content\/uploads\/2025\/09\/20cf3e7f-8b47-4d18-85a7-4f6cf9fc2380-scaled.jpg\"><img decoding=\"async\" src=\"https:\/\/cgc.qroo.gob.mx\/cjg\/wp-content\/uploads\/2025\/09\/20cf3e7f-8b47-4d18-85a7-4f6cf9fc2380-585x390.jpg\" alt=\"\" title=\"20cf3e7f-8b47-4d18-85a7-4f6cf9fc2380\"\/><\/a><\/figure>\n\n\n\n<figure class=\"wp-block-image is-style-default\"><a href=\"https:\/\/cgc.qroo.gob.mx\/cjg\/wp-content\/uploads\/2025\/09\/36038f5e-b47a-42be-a77d-34366910ff04-scaled.jpg\"><img decoding=\"async\" src=\"https:\/\/cgc.qroo.gob.mx\/cjg\/wp-content\/uploads\/2025\/09\/36038f5e-b47a-42be-a77d-34366910ff04-585x390.jpg\" alt=\"\" title=\"36038f5e-b47a-42be-a77d-34366910ff04\"\/><\/a><\/figure>\n\n\n\n<p>La modernizaci\u00f3n de estos paraderos del transporte p\u00fablico se suma al parador fotogr\u00e1fico que mejora sustancialmente la imagen urbana de la zona hotelera. \u201cAdem\u00e1s, colocamos iluminaci\u00f3n arquitect\u00f3nica en el hemiciclo a los Ni\u00f1os H\u00e9roes, as\u00ed como decoraci\u00f3n alusiva a las Fiestas Patria para el disfrute de las familias\u201d, dijo.<\/p>\n\n\n\n<figure class=\"wp-block-image is-style-default\"><a href=\"https:\/\/cgc.qroo.gob.mx\/cjg\/wp-content\/uploads\/2025\/09\/ad95b863-9b2c-4eea-9b21-23b284b3b625-scaled.jpg\"><img decoding=\"async\" src=\"https:\/\/cgc.qroo.gob.mx\/cjg\/wp-content\/uploads\/2025\/09\/ad95b863-9b2c-4eea-9b21-23b284b3b625-585x390.jpg\" alt=\"\" title=\"ad95b863-9b2c-4eea-9b21-23b284b3b625\"\/><\/a><\/figure>\n\n\n\n<p>La Gobernadora dijo que esta modernizaci\u00f3n es para las familias, para quienes trabajan y viven aqu\u00ed, para quienes nos visitan de todo el mundo, porque cuando Canc\u00fan se moderniza hay m\u00e1s turismo, m\u00e1s ingresos, m\u00e1s bienestar y prosperidad compartida.<\/p>\n","protected":false},"excerpt":{"rendered":"<p>La gobernadora Mara Lezama Espinosa recorri\u00f3 la zona hotelera de Canc\u00fan, en donde se rehabilitan y modernizan los<\/p>\n","protected":false},"author":1,"featured_media":21253,"comment_status":"closed","ping_status":"open","sticky":false,"template":"","format":"standard","meta":{"_monsterinsights_skip_tracking":false,"_monsterinsights_sitenote_active":false,"_monsterinsights_sitenote_note":"","_monsterinsights_sitenote_category":0,"footnotes":""},"categories":[11,24],"tags":[],"class_list":["post-21252","post","type-post","status-publish","format-standard","has-post-thumbnail","hentry","category-noticias","category-quintana-roo"],"yoast_head":"<!-- This site is optimized with the Yoast SEO plugin v18.3 - https:\/\/yoast.com\/wordpress\/plugins\/seo\/ -->\n<title>Supervisa Mara Lezama modernizaci\u00f3n de paraderos en la zona hotelera de Canc\u00fan - El Puuc Noticias<\/title>\n<meta name=\"robots\" content=\"index, follow, max-snippet:-1, max-image-preview:large, max-video-preview:-1\" \/>\n<link rel=\"canonical\" href=\"https:\/\/elpuucnoticias.com\/?p=21252\" \/>\n<meta property=\"og:locale\" content=\"es_ES\" \/>\n<meta property=\"og:type\" content=\"article\" \/>\n<meta property=\"og:title\" content=\"Supervisa Mara Lezama modernizaci\u00f3n de paraderos en la zona hotelera de Canc\u00fan - El Puuc Noticias\" \/>\n<meta property=\"og:description\" content=\"La gobernadora Mara Lezama Espinosa recorri\u00f3 la zona hotelera de Canc\u00fan, en donde se rehabilitan y modernizan los\" \/>\n<meta property=\"og:url\" content=\"https:\/\/elpuucnoticias.com\/?p=21252\" \/>\n<meta property=\"og:site_name\" content=\"El Puuc Noticias\" \/>\n<meta property=\"article:published_time\" content=\"2025-09-19T18:55:44+00:00\" \/>\n<meta property=\"article:modified_time\" content=\"2025-09-19T18:55:45+00:00\" \/>\n<meta property=\"og:image\" content=\"https:\/\/elpuucnoticias.com\/wp-content\/uploads\/2025\/09\/fd223fef-9485-4f3b-a2dd-3fe704c82717-scaled-1.jpg\" \/>\n\t<meta property=\"og:image:width\" content=\"2560\" \/>\n\t<meta property=\"og:image:height\" content=\"1707\" \/>\n\t<meta property=\"og:image:type\" content=\"image\/jpeg\" \/>\n<meta name=\"twitter:card\" content=\"summary_large_image\" \/>\n<meta name=\"twitter:label1\" content=\"Escrito por\" \/>\n\t<meta name=\"twitter:data1\" content=\"elpuucnoticias\" \/>\n\t<meta name=\"twitter:label2\" content=\"Tiempo de lectura\" \/>\n\t<meta name=\"twitter:data2\" content=\"1 minuto\" \/>\n<script type=\"application\/ld+json\" class=\"yoast-schema-graph\">{\"@context\":\"https:\/\/schema.org\",\"@graph\":[{\"@type\":\"WebSite\",\"@id\":\"https:\/\/elpuucnoticias.com\/#website\",\"url\":\"https:\/\/elpuucnoticias.com\/\",\"name\":\"El Puuc Noticias\",\"description\":\"Noticias - Entretenimiento - Deportes\",\"potentialAction\":[{\"@type\":\"SearchAction\",\"target\":{\"@type\":\"EntryPoint\",\"urlTemplate\":\"https:\/\/elpuucnoticias.com\/?s={search_term_string}\"},\"query-input\":\"required name=search_term_string\"}],\"inLanguage\":\"es\"},{\"@type\":\"ImageObject\",\"@id\":\"https:\/\/elpuucnoticias.com\/?p=21252#primaryimage\",\"inLanguage\":\"es\",\"url\":\"https:\/\/elpuucnoticias.com\/wp-content\/uploads\/2025\/09\/fd223fef-9485-4f3b-a2dd-3fe704c82717-scaled-1.jpg\",\"contentUrl\":\"https:\/\/elpuucnoticias.com\/wp-content\/uploads\/2025\/09\/fd223fef-9485-4f3b-a2dd-3fe704c82717-scaled-1.jpg\",\"width\":2560,\"height\":1707},{\"@type\":\"WebPage\",\"@id\":\"https:\/\/elpuucnoticias.com\/?p=21252#webpage\",\"url\":\"https:\/\/elpuucnoticias.com\/?p=21252\",\"name\":\"Supervisa Mara Lezama modernizaci\u00f3n de paraderos en la zona hotelera de Canc\u00fan - El Puuc Noticias\",\"isPartOf\":{\"@id\":\"https:\/\/elpuucnoticias.com\/#website\"},\"primaryImageOfPage\":{\"@id\":\"https:\/\/elpuucnoticias.com\/?p=21252#primaryimage\"},\"datePublished\":\"2025-09-19T18:55:44+00:00\",\"dateModified\":\"2025-09-19T18:55:45+00:00\",\"author\":{\"@id\":\"https:\/\/elpuucnoticias.com\/#\/schema\/person\/d2ea09e4c97f0160b11cdfb1d856bd9e\"},\"breadcrumb\":{\"@id\":\"https:\/\/elpuucnoticias.com\/?p=21252#breadcrumb\"},\"inLanguage\":\"es\",\"potentialAction\":[{\"@type\":\"ReadAction\",\"target\":[\"https:\/\/elpuucnoticias.com\/?p=21252\"]}]},{\"@type\":\"BreadcrumbList\",\"@id\":\"https:\/\/elpuucnoticias.com\/?p=21252#breadcrumb\",\"itemListElement\":[{\"@type\":\"ListItem\",\"position\":1,\"name\":\"Portada\",\"item\":\"https:\/\/elpuucnoticias.com\/\"},{\"@type\":\"ListItem\",\"position\":2,\"name\":\"Supervisa Mara Lezama modernizaci\u00f3n de paraderos en la zona hotelera de Canc\u00fan\"}]},{\"@type\":\"Person\",\"@id\":\"https:\/\/elpuucnoticias.com\/#\/schema\/person\/d2ea09e4c97f0160b11cdfb1d856bd9e\",\"name\":\"elpuucnoticias\",\"image\":{\"@type\":\"ImageObject\",\"@id\":\"https:\/\/elpuucnoticias.com\/#personlogo\",\"inLanguage\":\"es\",\"url\":\"https:\/\/secure.gravatar.com\/avatar\/5290a43657c74ffa15701dbe5b846bd85cc71930d803c84e91046a7333de6ce2?s=96&d=mm&r=g\",\"contentUrl\":\"https:\/\/secure.gravatar.com\/avatar\/5290a43657c74ffa15701dbe5b846bd85cc71930d803c84e91046a7333de6ce2?s=96&d=mm&r=g\",\"caption\":\"elpuucnoticias\"},\"sameAs\":[\"https:\/\/elpuucnoticias.com\"],\"url\":\"https:\/\/elpuucnoticias.com\/?author=1\"}]}<\/script>\n<!-- \/ Yoast SEO plugin. -->","yoast_head_json":{"title":"Supervisa Mara Lezama modernizaci\u00f3n de paraderos en la zona hotelera de Canc\u00fan - El Puuc Noticias","robots":{"index":"index","follow":"follow","max-snippet":"max-snippet:-1","max-image-preview":"max-image-preview:large","max-video-preview":"max-video-preview:-1"},"canonical":"https:\/\/elpuucnoticias.com\/?p=21252","og_locale":"es_ES","og_type":"article","og_title":"Supervisa Mara Lezama modernizaci\u00f3n de paraderos en la zona hotelera de Canc\u00fan - El Puuc Noticias","og_description":"La gobernadora Mara Lezama Espinosa recorri\u00f3 la zona hotelera de Canc\u00fan, en donde se rehabilitan y modernizan los","og_url":"https:\/\/elpuucnoticias.com\/?p=21252","og_site_name":"El Puuc Noticias","article_published_time":"2025-09-19T18:55:44+00:00","article_modified_time":"2025-09-19T18:55:45+00:00","og_image":[{"width":2560,"height":1707,"url":"https:\/\/elpuucnoticias.com\/wp-content\/uploads\/2025\/09\/fd223fef-9485-4f3b-a2dd-3fe704c82717-scaled-1.jpg","type":"image\/jpeg"}],"twitter_card":"summary_large_image","twitter_misc":{"Escrito por":"elpuucnoticias","Tiempo de lectura":"1 minuto"},"schema":{"@context":"https:\/\/schema.org","@graph":[{"@type":"WebSite","@id":"https:\/\/elpuucnoticias.com\/#website","url":"https:\/\/elpuucnoticias.com\/","name":"El Puuc Noticias","description":"Noticias - Entretenimiento - Deportes","potentialAction":[{"@type":"SearchAction","target":{"@type":"EntryPoint","urlTemplate":"https:\/\/elpuucnoticias.com\/?s={search_term_string}"},"query-input":"required name=search_term_string"}],"inLanguage":"es"},{"@type":"ImageObject","@id":"https:\/\/elpuucnoticias.com\/?p=21252#primaryimage","inLanguage":"es","url":"https:\/\/elpuucnoticias.com\/wp-content\/uploads\/2025\/09\/fd223fef-9485-4f3b-a2dd-3fe704c82717-scaled-1.jpg","contentUrl":"https:\/\/elpuucnoticias.com\/wp-content\/uploads\/2025\/09\/fd223fef-9485-4f3b-a2dd-3fe704c82717-scaled-1.jpg","width":2560,"height":1707},{"@type":"WebPage","@id":"https:\/\/elpuucnoticias.com\/?p=21252#webpage","url":"https:\/\/elpuucnoticias.com\/?p=21252","name":"Supervisa Mara Lezama modernizaci\u00f3n de paraderos en la zona hotelera de Canc\u00fan - El Puuc Noticias","isPartOf":{"@id":"https:\/\/elpuucnoticias.com\/#website"},"primaryImageOfPage":{"@id":"https:\/\/elpuucnoticias.com\/?p=21252#primaryimage"},"datePublished":"2025-09-19T18:55:44+00:00","dateModified":"2025-09-19T18:55:45+00:00","author":{"@id":"https:\/\/elpuucnoticias.com\/#\/schema\/person\/d2ea09e4c97f0160b11cdfb1d856bd9e"},"breadcrumb":{"@id":"https:\/\/elpuucnoticias.com\/?p=21252#breadcrumb"},"inLanguage":"es","potentialAction":[{"@type":"ReadAction","target":["https:\/\/elpuucnoticias.com\/?p=21252"]}]},{"@type":"BreadcrumbList","@id":"https:\/\/elpuucnoticias.com\/?p=21252#breadcrumb","itemListElement":[{"@type":"ListItem","position":1,"name":"Portada","item":"https:\/\/elpuucnoticias.com\/"},{"@type":"ListItem","position":2,"name":"Supervisa Mara Lezama modernizaci\u00f3n de paraderos en la zona hotelera de Canc\u00fan"}]},{"@type":"Person","@id":"https:\/\/elpuucnoticias.com\/#\/schema\/person\/d2ea09e4c97f0160b11cdfb1d856bd9e","name":"elpuucnoticias","image":{"@type":"ImageObject","@id":"https:\/\/elpuucnoticias.com\/#personlogo","inLanguage":"es","url":"https:\/\/secure.gravatar.com\/avatar\/5290a43657c74ffa15701dbe5b846bd85cc71930d803c84e91046a7333de6ce2?s=96&d=mm&r=g","contentUrl":"https:\/\/secure.gravatar.com\/avatar\/5290a43657c74ffa15701dbe5b846bd85cc71930d803c84e91046a7333de6ce2?s=96&d=mm&r=g","caption":"elpuucnoticias"},"sameAs":["https:\/\/elpuucnoticias.com"],"url":"https:\/\/elpuucnoticias.com\/?author=1"}]}},"_links":{"self":[{"href":"https:\/\/elpuucnoticias.com\/index.php?rest_route=\/wp\/v2\/posts\/21252","targetHints":{"allow":["GET"]}}],"collection":[{"href":"https:\/\/elpuucnoticias.com\/index.php?rest_route=\/wp\/v2\/posts"}],"about":[{"href":"https:\/\/elpuucnoticias.com\/index.php?rest_route=\/wp\/v2\/types\/post"}],"author":[{"embeddable":true,"href":"https:\/\/elpuucnoticias.com\/index.php?rest_route=\/wp\/v2\/users\/1"}],"replies":[{"embeddable":true,"href":"https:\/\/elpuucnoticias.com\/index.php?rest_route=%2Fwp%2Fv2%2Fcomments&post=21252"}],"version-history":[{"count":1,"href":"https:\/\/elpuucnoticias.com\/index.php?rest_route=\/wp\/v2\/posts\/21252\/revisions"}],"predecessor-version":[{"id":21254,"href":"https:\/\/elpuucnoticias.com\/index.php?rest_route=\/wp\/v2\/posts\/21252\/revisions\/21254"}],"wp:featuredmedia":[{"embeddable":true,"href":"https:\/\/elpuucnoticias.com\/index.php?rest_route=\/wp\/v2\/media\/21253"}],"wp:attachment":[{"href":"https:\/\/elpuucnoticias.com\/index.php?rest_route=%2Fwp%2Fv2%2Fmedia&parent=21252"}],"wp:term":[{"taxonomy":"category","embeddable":true,"href":"https:\/\/elpuucnoticias.com\/index.php?rest_route=%2Fwp%2Fv2%2Fcategories&post=21252"},{"taxonomy":"post_tag","embeddable":true,"href":"https:\/\/elpuucnoticias.com\/index.php?rest_route=%2Fwp%2Fv2%2Ftags&post=21252"}],"curies":[{"name":"wp","href":"https:\/\/api.w.org\/{rel}","templated":true}]}}