{"id":21295,"date":"2025-09-25T12:10:07","date_gmt":"2025-09-25T18:10:07","guid":{"rendered":"https:\/\/elpuucnoticias.com\/?p=21295"},"modified":"2025-09-25T12:10:07","modified_gmt":"2025-09-25T18:10:07","slug":"prioriza-la-comision-del-deporte-de-quintana-roo-el-desarrollo-integral-de-las-y-los-atletas-quintanarroenses","status":"publish","type":"post","link":"https:\/\/elpuucnoticias.com\/?p=21295","title":{"rendered":"Prioriza La Comisi\u00f3n del Deporte de Quintana Roo el desarrollo integral de las y los atletas quintanarroenses"},"content":{"rendered":"\n<p>Al resaltar que las dos escuelas m\u00e1s importantes de la vida son la Educaci\u00f3n y el Deporte, el presidente de la Comisi\u00f3n del Deporte de Quintana Roo (CODEQ), Jacobo Arzate Hop, le dio la bienvenida a las y los alumnos de nuevo ingreso y, adem\u00e1s, inaugur\u00f3 el Ciclo Escolar-Deportivo 2025-2026 del Centro Estatal Deportivo de Alto Rendimiento (CEDAR) de Chetumal.<\/p>\n\n\n\n<figure class=\"wp-block-image is-style-default\"><a href=\"https:\/\/cgc.qroo.gob.mx\/cjg\/wp-content\/uploads\/2025\/09\/e89747fe-18a8-49d6-b221-d7b43d5d5923.jpg\"><img decoding=\"async\" src=\"https:\/\/cgc.qroo.gob.mx\/cjg\/wp-content\/uploads\/2025\/09\/e89747fe-18a8-49d6-b221-d7b43d5d5923-585x391.jpg\" alt=\"\" title=\"e89747fe-18a8-49d6-b221-d7b43d5d5923\"\/><\/a><\/figure>\n\n\n\n<p>A trav\u00e9s de la CODEQ, se prioriza la formaci\u00f3n integral en las y los atletas quintanarroenses, como parte de las acciones que enmarca el Nuevo Acuerdo por el Bienestar y Desarrollo, que impulsa la gobernadora Mara Lezama Espinosa.<\/p>\n\n\n\n<p>\u201cUstedes son lo mejor de lo mejor de sus disciplinas y, como saben, a nuestra gobernadora, Mara Lezama, le gusta mucho el deporte y bajo su liderazgo trabajamos #ANivelDeCancha para siempre ver por su bien y vamos a trabajar para potencializar su carrera deportiva, pero tambi\u00e9n, por sobre todas las cosas, para que el deporte sea un h\u00e1bito para toda su vida\u201d, coment\u00f3 Jacobo Arzate.<\/p>\n\n\n\n<figure class=\"wp-block-image is-style-default\"><a href=\"https:\/\/cgc.qroo.gob.mx\/cjg\/wp-content\/uploads\/2025\/09\/159a41c3-a9f0-40ab-acdf-158ea25fdff5.jpg\"><img decoding=\"async\" src=\"https:\/\/cgc.qroo.gob.mx\/cjg\/wp-content\/uploads\/2025\/09\/159a41c3-a9f0-40ab-acdf-158ea25fdff5-585x391.jpg\" alt=\"\" title=\"159a41c3-a9f0-40ab-acdf-158ea25fdff5\"\/><\/a><\/figure>\n\n\n\n<p>Durante esta bienvenida, el titular de la CODEQ estuvo acompa\u00f1ado de Carolina Valencia, jefa del Departamento de Vida Interna del CEDAR, y del equipo docente, y dio un emotivo mensaje para las y los nuevos integrantes de la familia CEDAR que, adem\u00e1s de seguirse preparando deportivamente para ser grandes y ganadores atletas, tambi\u00e9n llevar\u00e1n a cabo sus estudios.<\/p>\n\n\n\n<figure class=\"wp-block-image is-style-default\"><a href=\"https:\/\/cgc.qroo.gob.mx\/cjg\/wp-content\/uploads\/2025\/09\/cefdc476-773d-4106-850d-b5fd3574a449.jpg\"><img decoding=\"async\" src=\"https:\/\/cgc.qroo.gob.mx\/cjg\/wp-content\/uploads\/2025\/09\/cefdc476-773d-4106-850d-b5fd3574a449-585x391.jpg\" alt=\"\" title=\"cefdc476-773d-4106-850d-b5fd3574a449\"\/><\/a><\/figure>\n\n\n\n<p>\u201cLas dos escuelas m\u00e1s importantes de la vida las est\u00e1n teniendo ustedes, que son la Educaci\u00f3n y el Deporte, y en ambas ustedes tienen que ser las y los mejores. No se queden con nada, den su mayor esfuerzo, porque no hay un ma\u00f1ana, hoy es el d\u00eda para ser mejores. \u00a1Les deseamos mucho \u00e9xito en este nuevo ciclo escolar!\u201d, a\u00f1adi\u00f3 Arzate Hop.<\/p>\n\n\n\n<p>Finalmente, resalt\u00f3 la importancia de que, adem\u00e1s de esforzarse por convertirse en campeones en sus diferentes competencias y disciplinas, deben dejar su mayor esfuerzo en el sal\u00f3n de clases, pues ah\u00ed es donde recibir\u00e1n los mejores y m\u00e1s \u00fatiles conocimientos para su futuro.<\/p>\n","protected":false},"excerpt":{"rendered":"<p>Al resaltar que las dos escuelas m\u00e1s importantes de la vida son la Educaci\u00f3n y el Deporte, el<\/p>\n","protected":false},"author":1,"featured_media":21296,"comment_status":"closed","ping_status":"open","sticky":false,"template":"","format":"standard","meta":{"_monsterinsights_skip_tracking":false,"_monsterinsights_sitenote_active":false,"_monsterinsights_sitenote_note":"","_monsterinsights_sitenote_category":0,"footnotes":""},"categories":[11,24],"tags":[],"class_list":["post-21295","post","type-post","status-publish","format-standard","has-post-thumbnail","hentry","category-noticias","category-quintana-roo"],"yoast_head":"<!-- This site is optimized with the Yoast SEO plugin v18.3 - https:\/\/yoast.com\/wordpress\/plugins\/seo\/ -->\n<title>Prioriza La Comisi\u00f3n del Deporte de Quintana Roo el desarrollo integral de las y los atletas quintanarroenses - El Puuc Noticias<\/title>\n<meta name=\"robots\" content=\"index, follow, max-snippet:-1, max-image-preview:large, max-video-preview:-1\" \/>\n<link rel=\"canonical\" href=\"https:\/\/elpuucnoticias.com\/?p=21295\" \/>\n<meta property=\"og:locale\" content=\"es_ES\" \/>\n<meta property=\"og:type\" content=\"article\" \/>\n<meta property=\"og:title\" content=\"Prioriza La Comisi\u00f3n del Deporte de Quintana Roo el desarrollo integral de las y los atletas quintanarroenses - El Puuc Noticias\" \/>\n<meta property=\"og:description\" content=\"Al resaltar que las dos escuelas m\u00e1s importantes de la vida son la Educaci\u00f3n y el Deporte, el\" \/>\n<meta property=\"og:url\" content=\"https:\/\/elpuucnoticias.com\/?p=21295\" \/>\n<meta property=\"og:site_name\" content=\"El Puuc Noticias\" \/>\n<meta property=\"article:published_time\" content=\"2025-09-25T18:10:07+00:00\" \/>\n<meta property=\"og:image\" content=\"https:\/\/elpuucnoticias.com\/wp-content\/uploads\/2025\/09\/330f2d80-0a75-4aa3-9f17-0096c8275d5d.jpg\" \/>\n\t<meta property=\"og:image:width\" content=\"1600\" \/>\n\t<meta property=\"og:image:height\" content=\"1069\" \/>\n\t<meta property=\"og:image:type\" content=\"image\/jpeg\" \/>\n<meta name=\"twitter:card\" content=\"summary_large_image\" \/>\n<meta name=\"twitter:label1\" content=\"Escrito por\" \/>\n\t<meta name=\"twitter:data1\" content=\"elpuucnoticias\" \/>\n\t<meta name=\"twitter:label2\" content=\"Tiempo de lectura\" \/>\n\t<meta name=\"twitter:data2\" content=\"2 minutos\" \/>\n<script type=\"application\/ld+json\" class=\"yoast-schema-graph\">{\"@context\":\"https:\/\/schema.org\",\"@graph\":[{\"@type\":\"WebSite\",\"@id\":\"https:\/\/elpuucnoticias.com\/#website\",\"url\":\"https:\/\/elpuucnoticias.com\/\",\"name\":\"El Puuc Noticias\",\"description\":\"Noticias - Entretenimiento - Deportes\",\"potentialAction\":[{\"@type\":\"SearchAction\",\"target\":{\"@type\":\"EntryPoint\",\"urlTemplate\":\"https:\/\/elpuucnoticias.com\/?s={search_term_string}\"},\"query-input\":\"required name=search_term_string\"}],\"inLanguage\":\"es\"},{\"@type\":\"ImageObject\",\"@id\":\"https:\/\/elpuucnoticias.com\/?p=21295#primaryimage\",\"inLanguage\":\"es\",\"url\":\"https:\/\/elpuucnoticias.com\/wp-content\/uploads\/2025\/09\/330f2d80-0a75-4aa3-9f17-0096c8275d5d.jpg\",\"contentUrl\":\"https:\/\/elpuucnoticias.com\/wp-content\/uploads\/2025\/09\/330f2d80-0a75-4aa3-9f17-0096c8275d5d.jpg\",\"width\":1600,\"height\":1069},{\"@type\":\"WebPage\",\"@id\":\"https:\/\/elpuucnoticias.com\/?p=21295#webpage\",\"url\":\"https:\/\/elpuucnoticias.com\/?p=21295\",\"name\":\"Prioriza La Comisi\u00f3n del Deporte de Quintana Roo el desarrollo integral de las y los atletas quintanarroenses - El Puuc Noticias\",\"isPartOf\":{\"@id\":\"https:\/\/elpuucnoticias.com\/#website\"},\"primaryImageOfPage\":{\"@id\":\"https:\/\/elpuucnoticias.com\/?p=21295#primaryimage\"},\"datePublished\":\"2025-09-25T18:10:07+00:00\",\"dateModified\":\"2025-09-25T18:10:07+00:00\",\"author\":{\"@id\":\"https:\/\/elpuucnoticias.com\/#\/schema\/person\/d2ea09e4c97f0160b11cdfb1d856bd9e\"},\"breadcrumb\":{\"@id\":\"https:\/\/elpuucnoticias.com\/?p=21295#breadcrumb\"},\"inLanguage\":\"es\",\"potentialAction\":[{\"@type\":\"ReadAction\",\"target\":[\"https:\/\/elpuucnoticias.com\/?p=21295\"]}]},{\"@type\":\"BreadcrumbList\",\"@id\":\"https:\/\/elpuucnoticias.com\/?p=21295#breadcrumb\",\"itemListElement\":[{\"@type\":\"ListItem\",\"position\":1,\"name\":\"Portada\",\"item\":\"https:\/\/elpuucnoticias.com\/\"},{\"@type\":\"ListItem\",\"position\":2,\"name\":\"Prioriza La Comisi\u00f3n del Deporte de Quintana Roo el desarrollo integral de las y los atletas quintanarroenses\"}]},{\"@type\":\"Person\",\"@id\":\"https:\/\/elpuucnoticias.com\/#\/schema\/person\/d2ea09e4c97f0160b11cdfb1d856bd9e\",\"name\":\"elpuucnoticias\",\"image\":{\"@type\":\"ImageObject\",\"@id\":\"https:\/\/elpuucnoticias.com\/#personlogo\",\"inLanguage\":\"es\",\"url\":\"https:\/\/secure.gravatar.com\/avatar\/5290a43657c74ffa15701dbe5b846bd85cc71930d803c84e91046a7333de6ce2?s=96&d=mm&r=g\",\"contentUrl\":\"https:\/\/secure.gravatar.com\/avatar\/5290a43657c74ffa15701dbe5b846bd85cc71930d803c84e91046a7333de6ce2?s=96&d=mm&r=g\",\"caption\":\"elpuucnoticias\"},\"sameAs\":[\"https:\/\/elpuucnoticias.com\"],\"url\":\"https:\/\/elpuucnoticias.com\/?author=1\"}]}<\/script>\n<!-- \/ Yoast SEO plugin. -->","yoast_head_json":{"title":"Prioriza La Comisi\u00f3n del Deporte de Quintana Roo el desarrollo integral de las y los atletas quintanarroenses - El Puuc Noticias","robots":{"index":"index","follow":"follow","max-snippet":"max-snippet:-1","max-image-preview":"max-image-preview:large","max-video-preview":"max-video-preview:-1"},"canonical":"https:\/\/elpuucnoticias.com\/?p=21295","og_locale":"es_ES","og_type":"article","og_title":"Prioriza La Comisi\u00f3n del Deporte de Quintana Roo el desarrollo integral de las y los atletas quintanarroenses - El Puuc Noticias","og_description":"Al resaltar que las dos escuelas m\u00e1s importantes de la vida son la Educaci\u00f3n y el Deporte, el","og_url":"https:\/\/elpuucnoticias.com\/?p=21295","og_site_name":"El Puuc Noticias","article_published_time":"2025-09-25T18:10:07+00:00","og_image":[{"width":1600,"height":1069,"url":"https:\/\/elpuucnoticias.com\/wp-content\/uploads\/2025\/09\/330f2d80-0a75-4aa3-9f17-0096c8275d5d.jpg","type":"image\/jpeg"}],"twitter_card":"summary_large_image","twitter_misc":{"Escrito por":"elpuucnoticias","Tiempo de lectura":"2 minutos"},"schema":{"@context":"https:\/\/schema.org","@graph":[{"@type":"WebSite","@id":"https:\/\/elpuucnoticias.com\/#website","url":"https:\/\/elpuucnoticias.com\/","name":"El Puuc Noticias","description":"Noticias - Entretenimiento - Deportes","potentialAction":[{"@type":"SearchAction","target":{"@type":"EntryPoint","urlTemplate":"https:\/\/elpuucnoticias.com\/?s={search_term_string}"},"query-input":"required name=search_term_string"}],"inLanguage":"es"},{"@type":"ImageObject","@id":"https:\/\/elpuucnoticias.com\/?p=21295#primaryimage","inLanguage":"es","url":"https:\/\/elpuucnoticias.com\/wp-content\/uploads\/2025\/09\/330f2d80-0a75-4aa3-9f17-0096c8275d5d.jpg","contentUrl":"https:\/\/elpuucnoticias.com\/wp-content\/uploads\/2025\/09\/330f2d80-0a75-4aa3-9f17-0096c8275d5d.jpg","width":1600,"height":1069},{"@type":"WebPage","@id":"https:\/\/elpuucnoticias.com\/?p=21295#webpage","url":"https:\/\/elpuucnoticias.com\/?p=21295","name":"Prioriza La Comisi\u00f3n del Deporte de Quintana Roo el desarrollo integral de las y los atletas quintanarroenses - El Puuc Noticias","isPartOf":{"@id":"https:\/\/elpuucnoticias.com\/#website"},"primaryImageOfPage":{"@id":"https:\/\/elpuucnoticias.com\/?p=21295#primaryimage"},"datePublished":"2025-09-25T18:10:07+00:00","dateModified":"2025-09-25T18:10:07+00:00","author":{"@id":"https:\/\/elpuucnoticias.com\/#\/schema\/person\/d2ea09e4c97f0160b11cdfb1d856bd9e"},"breadcrumb":{"@id":"https:\/\/elpuucnoticias.com\/?p=21295#breadcrumb"},"inLanguage":"es","potentialAction":[{"@type":"ReadAction","target":["https:\/\/elpuucnoticias.com\/?p=21295"]}]},{"@type":"BreadcrumbList","@id":"https:\/\/elpuucnoticias.com\/?p=21295#breadcrumb","itemListElement":[{"@type":"ListItem","position":1,"name":"Portada","item":"https:\/\/elpuucnoticias.com\/"},{"@type":"ListItem","position":2,"name":"Prioriza La Comisi\u00f3n del Deporte de Quintana Roo el desarrollo integral de las y los atletas quintanarroenses"}]},{"@type":"Person","@id":"https:\/\/elpuucnoticias.com\/#\/schema\/person\/d2ea09e4c97f0160b11cdfb1d856bd9e","name":"elpuucnoticias","image":{"@type":"ImageObject","@id":"https:\/\/elpuucnoticias.com\/#personlogo","inLanguage":"es","url":"https:\/\/secure.gravatar.com\/avatar\/5290a43657c74ffa15701dbe5b846bd85cc71930d803c84e91046a7333de6ce2?s=96&d=mm&r=g","contentUrl":"https:\/\/secure.gravatar.com\/avatar\/5290a43657c74ffa15701dbe5b846bd85cc71930d803c84e91046a7333de6ce2?s=96&d=mm&r=g","caption":"elpuucnoticias"},"sameAs":["https:\/\/elpuucnoticias.com"],"url":"https:\/\/elpuucnoticias.com\/?author=1"}]}},"_links":{"self":[{"href":"https:\/\/elpuucnoticias.com\/index.php?rest_route=\/wp\/v2\/posts\/21295","targetHints":{"allow":["GET"]}}],"collection":[{"href":"https:\/\/elpuucnoticias.com\/index.php?rest_route=\/wp\/v2\/posts"}],"about":[{"href":"https:\/\/elpuucnoticias.com\/index.php?rest_route=\/wp\/v2\/types\/post"}],"author":[{"embeddable":true,"href":"https:\/\/elpuucnoticias.com\/index.php?rest_route=\/wp\/v2\/users\/1"}],"replies":[{"embeddable":true,"href":"https:\/\/elpuucnoticias.com\/index.php?rest_route=%2Fwp%2Fv2%2Fcomments&post=21295"}],"version-history":[{"count":1,"href":"https:\/\/elpuucnoticias.com\/index.php?rest_route=\/wp\/v2\/posts\/21295\/revisions"}],"predecessor-version":[{"id":21297,"href":"https:\/\/elpuucnoticias.com\/index.php?rest_route=\/wp\/v2\/posts\/21295\/revisions\/21297"}],"wp:featuredmedia":[{"embeddable":true,"href":"https:\/\/elpuucnoticias.com\/index.php?rest_route=\/wp\/v2\/media\/21296"}],"wp:attachment":[{"href":"https:\/\/elpuucnoticias.com\/index.php?rest_route=%2Fwp%2Fv2%2Fmedia&parent=21295"}],"wp:term":[{"taxonomy":"category","embeddable":true,"href":"https:\/\/elpuucnoticias.com\/index.php?rest_route=%2Fwp%2Fv2%2Fcategories&post=21295"},{"taxonomy":"post_tag","embeddable":true,"href":"https:\/\/elpuucnoticias.com\/index.php?rest_route=%2Fwp%2Fv2%2Ftags&post=21295"}],"curies":[{"name":"wp","href":"https:\/\/api.w.org\/{rel}","templated":true}]}}