{"id":21298,"date":"2025-09-25T12:13:28","date_gmt":"2025-09-25T18:13:28","guid":{"rendered":"https:\/\/elpuucnoticias.com\/?p=21298"},"modified":"2025-09-25T12:13:29","modified_gmt":"2025-09-25T18:13:29","slug":"impulsa-gobierno-de-quintana-roo-la-participacion-ciudadana-en-la-proteccion-ambiental-con-los-guardianes-comunitarios","status":"publish","type":"post","link":"https:\/\/elpuucnoticias.com\/?p=21298","title":{"rendered":"Impulsa Gobierno de Quintana Roo la participaci\u00f3n ciudadana en la protecci\u00f3n ambiental con los Guardianes Comunitarios"},"content":{"rendered":"\n<p>Para fortalecer la vigilancia y conservaci\u00f3n costera de la Laguna Milagros, as\u00ed como la protecci\u00f3n de manglares y humedales, la Procuradur\u00eda de Protecci\u00f3n al Ambiente (PPA) de Quintana Roo que encabeza Alonso Fern\u00e1ndez Lemmen Meyer, entreg\u00f3 material de trabajo a las y los integrantes del Comit\u00e9 de Guardianes Comunitarios de esta localidad municipio de Oth\u00f3n P. Blanco.<\/p>\n\n\n\n<p>La entrega estuvo encabezada por el titular de la PPA en Quintana Roo, Alonso Fern\u00e1ndez Lemmen, quien explic\u00f3 que como se establece en el Nuevo Acuerdo por el Bienestar y Desarrollo de Quintana Roo que promueve la gobernadora Mara Lezama Espinosa es prioridad la conservaci\u00f3n de los recursos naturales para el disfrute de las generaciones venideras.<\/p>\n\n\n\n<figure class=\"wp-block-image is-style-default\"><a href=\"https:\/\/cgc.qroo.gob.mx\/cjg\/wp-content\/uploads\/2025\/09\/d9bf197b-56b4-4a30-a142-115e6c04fd0e.jpg\"><img decoding=\"async\" src=\"https:\/\/cgc.qroo.gob.mx\/cjg\/wp-content\/uploads\/2025\/09\/d9bf197b-56b4-4a30-a142-115e6c04fd0e-585x440.jpg\" alt=\"\" title=\"d9bf197b-56b4-4a30-a142-115e6c04fd0e\"\/><\/a><\/figure>\n\n\n\n<p>El material entregado consta de uniformes, bicicletas, palas, carretillas y diversos materiales, a fin de que las y los integrantes del Comit\u00e9 puedan realizar su labor con las herramientas necesarias y en buenas condiciones ya que su trabajo representa un ejemplo de compromiso social y ambiental.<\/p>\n\n\n\n<p>El Comit\u00e9 de Guardianes Comunitarios de la localidad de Huay-Pix municipio de Oth\u00f3n P. Blanco, es presidido por Miguel \u00c1ngel Cano Brice\u00f1o, quien junto con su equipo tiene a su cargo la vigilancia de la regi\u00f3n terrestre prioritaria de la comunidad, con acciones clave en la conservaci\u00f3n de la costera de la Laguna Milagros, la protecci\u00f3n de manglares y humedales, as\u00ed como la organizaci\u00f3n de jornadas de reforestaci\u00f3n y limpieza comunitaria.<\/p>\n\n\n\n<p>El titular de la PPA explic\u00f3 que actualmente existen 15 Comit\u00e9s de Guardianes Comunitarios en los diferentes municipios del estado, quienes fortalecen la vigilancia y conservaci\u00f3n de los ecosistemas del estado, con el objetivo de consolidar la vigilancia de la flora y fauna, la detecci\u00f3n y denuncia de actividades ilegales que ponen en riesgo los ecosistemas, as\u00ed como fomentar pr\u00e1cticas sostenibles desde la comunidad.<\/p>\n\n\n\n<figure class=\"wp-block-image is-style-default\"><a href=\"https:\/\/cgc.qroo.gob.mx\/cjg\/wp-content\/uploads\/2025\/09\/23b703e2-963a-4943-a09f-347ee27cd5b2.jpg\"><img decoding=\"async\" src=\"https:\/\/cgc.qroo.gob.mx\/cjg\/wp-content\/uploads\/2025\/09\/23b703e2-963a-4943-a09f-347ee27cd5b2-585x446.jpg\" alt=\"\" title=\"23b703e2-963a-4943-a09f-347ee27cd5b2\"\/><\/a><\/figure>\n\n\n\n<p>En el marco de la actividad denominada \u201cCamino del Guardi\u00e1n\u201d, el titular de la PPA contin\u00faa visitando cada Comit\u00e9 para escuchar las experiencias de las y los integrantes, atender sus necesidades y fortalecer la colaboraci\u00f3n entre ciudadan\u00eda y autoridades ambientales.<\/p>\n\n\n\n<p>Con esta entrega, los Guardianes Comunitarios de Huay Pix se suma como un referente de organizaci\u00f3n comunitaria en la protecci\u00f3n del entorno, demostrando que cuando la sociedad y el gobierno trabajan unidos, se logran avances concretos en la conservaci\u00f3n de la riqueza natural de Quintana Roo.<\/p>\n","protected":false},"excerpt":{"rendered":"<p>Para fortalecer la vigilancia y conservaci\u00f3n costera de la Laguna Milagros, as\u00ed como la protecci\u00f3n de manglares y<\/p>\n","protected":false},"author":1,"featured_media":21299,"comment_status":"closed","ping_status":"open","sticky":false,"template":"","format":"standard","meta":{"_monsterinsights_skip_tracking":false,"_monsterinsights_sitenote_active":false,"_monsterinsights_sitenote_note":"","_monsterinsights_sitenote_category":0,"footnotes":""},"categories":[11,24],"tags":[],"class_list":["post-21298","post","type-post","status-publish","format-standard","has-post-thumbnail","hentry","category-noticias","category-quintana-roo"],"yoast_head":"<!-- This site is optimized with the Yoast SEO plugin v18.3 - https:\/\/yoast.com\/wordpress\/plugins\/seo\/ -->\n<title>Impulsa Gobierno de Quintana Roo la participaci\u00f3n ciudadana en la protecci\u00f3n ambiental con los Guardianes Comunitarios - El Puuc Noticias<\/title>\n<meta name=\"robots\" content=\"index, follow, max-snippet:-1, max-image-preview:large, max-video-preview:-1\" \/>\n<link rel=\"canonical\" href=\"https:\/\/elpuucnoticias.com\/?p=21298\" \/>\n<meta property=\"og:locale\" content=\"es_ES\" \/>\n<meta property=\"og:type\" content=\"article\" \/>\n<meta property=\"og:title\" content=\"Impulsa Gobierno de Quintana Roo la participaci\u00f3n ciudadana en la protecci\u00f3n ambiental con los Guardianes Comunitarios - El Puuc Noticias\" \/>\n<meta property=\"og:description\" content=\"Para fortalecer la vigilancia y conservaci\u00f3n costera de la Laguna Milagros, as\u00ed como la protecci\u00f3n de manglares y\" \/>\n<meta property=\"og:url\" content=\"https:\/\/elpuucnoticias.com\/?p=21298\" \/>\n<meta property=\"og:site_name\" content=\"El Puuc Noticias\" \/>\n<meta property=\"article:published_time\" content=\"2025-09-25T18:13:28+00:00\" \/>\n<meta property=\"article:modified_time\" content=\"2025-09-25T18:13:29+00:00\" \/>\n<meta property=\"og:image\" content=\"https:\/\/elpuucnoticias.com\/wp-content\/uploads\/2025\/09\/eb1f3647-fdd6-4359-9541-8a48ee84ab3c.jpg\" \/>\n\t<meta property=\"og:image:width\" content=\"1200\" \/>\n\t<meta property=\"og:image:height\" content=\"1600\" \/>\n\t<meta property=\"og:image:type\" content=\"image\/jpeg\" \/>\n<meta name=\"twitter:card\" content=\"summary_large_image\" \/>\n<meta name=\"twitter:label1\" content=\"Escrito por\" \/>\n\t<meta name=\"twitter:data1\" content=\"elpuucnoticias\" \/>\n\t<meta name=\"twitter:label2\" content=\"Tiempo de lectura\" \/>\n\t<meta name=\"twitter:data2\" content=\"2 minutos\" \/>\n<script type=\"application\/ld+json\" class=\"yoast-schema-graph\">{\"@context\":\"https:\/\/schema.org\",\"@graph\":[{\"@type\":\"WebSite\",\"@id\":\"https:\/\/elpuucnoticias.com\/#website\",\"url\":\"https:\/\/elpuucnoticias.com\/\",\"name\":\"El Puuc Noticias\",\"description\":\"Noticias - Entretenimiento - Deportes\",\"potentialAction\":[{\"@type\":\"SearchAction\",\"target\":{\"@type\":\"EntryPoint\",\"urlTemplate\":\"https:\/\/elpuucnoticias.com\/?s={search_term_string}\"},\"query-input\":\"required name=search_term_string\"}],\"inLanguage\":\"es\"},{\"@type\":\"ImageObject\",\"@id\":\"https:\/\/elpuucnoticias.com\/?p=21298#primaryimage\",\"inLanguage\":\"es\",\"url\":\"https:\/\/elpuucnoticias.com\/wp-content\/uploads\/2025\/09\/eb1f3647-fdd6-4359-9541-8a48ee84ab3c.jpg\",\"contentUrl\":\"https:\/\/elpuucnoticias.com\/wp-content\/uploads\/2025\/09\/eb1f3647-fdd6-4359-9541-8a48ee84ab3c.jpg\",\"width\":1200,\"height\":1600},{\"@type\":\"WebPage\",\"@id\":\"https:\/\/elpuucnoticias.com\/?p=21298#webpage\",\"url\":\"https:\/\/elpuucnoticias.com\/?p=21298\",\"name\":\"Impulsa Gobierno de Quintana Roo la participaci\u00f3n ciudadana en la protecci\u00f3n ambiental con los Guardianes Comunitarios - El Puuc Noticias\",\"isPartOf\":{\"@id\":\"https:\/\/elpuucnoticias.com\/#website\"},\"primaryImageOfPage\":{\"@id\":\"https:\/\/elpuucnoticias.com\/?p=21298#primaryimage\"},\"datePublished\":\"2025-09-25T18:13:28+00:00\",\"dateModified\":\"2025-09-25T18:13:29+00:00\",\"author\":{\"@id\":\"https:\/\/elpuucnoticias.com\/#\/schema\/person\/d2ea09e4c97f0160b11cdfb1d856bd9e\"},\"breadcrumb\":{\"@id\":\"https:\/\/elpuucnoticias.com\/?p=21298#breadcrumb\"},\"inLanguage\":\"es\",\"potentialAction\":[{\"@type\":\"ReadAction\",\"target\":[\"https:\/\/elpuucnoticias.com\/?p=21298\"]}]},{\"@type\":\"BreadcrumbList\",\"@id\":\"https:\/\/elpuucnoticias.com\/?p=21298#breadcrumb\",\"itemListElement\":[{\"@type\":\"ListItem\",\"position\":1,\"name\":\"Portada\",\"item\":\"https:\/\/elpuucnoticias.com\/\"},{\"@type\":\"ListItem\",\"position\":2,\"name\":\"Impulsa Gobierno de Quintana Roo la participaci\u00f3n ciudadana en la protecci\u00f3n ambiental con los Guardianes Comunitarios\"}]},{\"@type\":\"Person\",\"@id\":\"https:\/\/elpuucnoticias.com\/#\/schema\/person\/d2ea09e4c97f0160b11cdfb1d856bd9e\",\"name\":\"elpuucnoticias\",\"image\":{\"@type\":\"ImageObject\",\"@id\":\"https:\/\/elpuucnoticias.com\/#personlogo\",\"inLanguage\":\"es\",\"url\":\"https:\/\/secure.gravatar.com\/avatar\/5290a43657c74ffa15701dbe5b846bd85cc71930d803c84e91046a7333de6ce2?s=96&d=mm&r=g\",\"contentUrl\":\"https:\/\/secure.gravatar.com\/avatar\/5290a43657c74ffa15701dbe5b846bd85cc71930d803c84e91046a7333de6ce2?s=96&d=mm&r=g\",\"caption\":\"elpuucnoticias\"},\"sameAs\":[\"https:\/\/elpuucnoticias.com\"],\"url\":\"https:\/\/elpuucnoticias.com\/?author=1\"}]}<\/script>\n<!-- \/ Yoast SEO plugin. -->","yoast_head_json":{"title":"Impulsa Gobierno de Quintana Roo la participaci\u00f3n ciudadana en la protecci\u00f3n ambiental con los Guardianes Comunitarios - El Puuc Noticias","robots":{"index":"index","follow":"follow","max-snippet":"max-snippet:-1","max-image-preview":"max-image-preview:large","max-video-preview":"max-video-preview:-1"},"canonical":"https:\/\/elpuucnoticias.com\/?p=21298","og_locale":"es_ES","og_type":"article","og_title":"Impulsa Gobierno de Quintana Roo la participaci\u00f3n ciudadana en la protecci\u00f3n ambiental con los Guardianes Comunitarios - El Puuc Noticias","og_description":"Para fortalecer la vigilancia y conservaci\u00f3n costera de la Laguna Milagros, as\u00ed como la protecci\u00f3n de manglares y","og_url":"https:\/\/elpuucnoticias.com\/?p=21298","og_site_name":"El Puuc Noticias","article_published_time":"2025-09-25T18:13:28+00:00","article_modified_time":"2025-09-25T18:13:29+00:00","og_image":[{"width":1200,"height":1600,"url":"https:\/\/elpuucnoticias.com\/wp-content\/uploads\/2025\/09\/eb1f3647-fdd6-4359-9541-8a48ee84ab3c.jpg","type":"image\/jpeg"}],"twitter_card":"summary_large_image","twitter_misc":{"Escrito por":"elpuucnoticias","Tiempo de lectura":"2 minutos"},"schema":{"@context":"https:\/\/schema.org","@graph":[{"@type":"WebSite","@id":"https:\/\/elpuucnoticias.com\/#website","url":"https:\/\/elpuucnoticias.com\/","name":"El Puuc Noticias","description":"Noticias - Entretenimiento - Deportes","potentialAction":[{"@type":"SearchAction","target":{"@type":"EntryPoint","urlTemplate":"https:\/\/elpuucnoticias.com\/?s={search_term_string}"},"query-input":"required name=search_term_string"}],"inLanguage":"es"},{"@type":"ImageObject","@id":"https:\/\/elpuucnoticias.com\/?p=21298#primaryimage","inLanguage":"es","url":"https:\/\/elpuucnoticias.com\/wp-content\/uploads\/2025\/09\/eb1f3647-fdd6-4359-9541-8a48ee84ab3c.jpg","contentUrl":"https:\/\/elpuucnoticias.com\/wp-content\/uploads\/2025\/09\/eb1f3647-fdd6-4359-9541-8a48ee84ab3c.jpg","width":1200,"height":1600},{"@type":"WebPage","@id":"https:\/\/elpuucnoticias.com\/?p=21298#webpage","url":"https:\/\/elpuucnoticias.com\/?p=21298","name":"Impulsa Gobierno de Quintana Roo la participaci\u00f3n ciudadana en la protecci\u00f3n ambiental con los Guardianes Comunitarios - El Puuc Noticias","isPartOf":{"@id":"https:\/\/elpuucnoticias.com\/#website"},"primaryImageOfPage":{"@id":"https:\/\/elpuucnoticias.com\/?p=21298#primaryimage"},"datePublished":"2025-09-25T18:13:28+00:00","dateModified":"2025-09-25T18:13:29+00:00","author":{"@id":"https:\/\/elpuucnoticias.com\/#\/schema\/person\/d2ea09e4c97f0160b11cdfb1d856bd9e"},"breadcrumb":{"@id":"https:\/\/elpuucnoticias.com\/?p=21298#breadcrumb"},"inLanguage":"es","potentialAction":[{"@type":"ReadAction","target":["https:\/\/elpuucnoticias.com\/?p=21298"]}]},{"@type":"BreadcrumbList","@id":"https:\/\/elpuucnoticias.com\/?p=21298#breadcrumb","itemListElement":[{"@type":"ListItem","position":1,"name":"Portada","item":"https:\/\/elpuucnoticias.com\/"},{"@type":"ListItem","position":2,"name":"Impulsa Gobierno de Quintana Roo la participaci\u00f3n ciudadana en la protecci\u00f3n ambiental con los Guardianes Comunitarios"}]},{"@type":"Person","@id":"https:\/\/elpuucnoticias.com\/#\/schema\/person\/d2ea09e4c97f0160b11cdfb1d856bd9e","name":"elpuucnoticias","image":{"@type":"ImageObject","@id":"https:\/\/elpuucnoticias.com\/#personlogo","inLanguage":"es","url":"https:\/\/secure.gravatar.com\/avatar\/5290a43657c74ffa15701dbe5b846bd85cc71930d803c84e91046a7333de6ce2?s=96&d=mm&r=g","contentUrl":"https:\/\/secure.gravatar.com\/avatar\/5290a43657c74ffa15701dbe5b846bd85cc71930d803c84e91046a7333de6ce2?s=96&d=mm&r=g","caption":"elpuucnoticias"},"sameAs":["https:\/\/elpuucnoticias.com"],"url":"https:\/\/elpuucnoticias.com\/?author=1"}]}},"_links":{"self":[{"href":"https:\/\/elpuucnoticias.com\/index.php?rest_route=\/wp\/v2\/posts\/21298","targetHints":{"allow":["GET"]}}],"collection":[{"href":"https:\/\/elpuucnoticias.com\/index.php?rest_route=\/wp\/v2\/posts"}],"about":[{"href":"https:\/\/elpuucnoticias.com\/index.php?rest_route=\/wp\/v2\/types\/post"}],"author":[{"embeddable":true,"href":"https:\/\/elpuucnoticias.com\/index.php?rest_route=\/wp\/v2\/users\/1"}],"replies":[{"embeddable":true,"href":"https:\/\/elpuucnoticias.com\/index.php?rest_route=%2Fwp%2Fv2%2Fcomments&post=21298"}],"version-history":[{"count":1,"href":"https:\/\/elpuucnoticias.com\/index.php?rest_route=\/wp\/v2\/posts\/21298\/revisions"}],"predecessor-version":[{"id":21300,"href":"https:\/\/elpuucnoticias.com\/index.php?rest_route=\/wp\/v2\/posts\/21298\/revisions\/21300"}],"wp:featuredmedia":[{"embeddable":true,"href":"https:\/\/elpuucnoticias.com\/index.php?rest_route=\/wp\/v2\/media\/21299"}],"wp:attachment":[{"href":"https:\/\/elpuucnoticias.com\/index.php?rest_route=%2Fwp%2Fv2%2Fmedia&parent=21298"}],"wp:term":[{"taxonomy":"category","embeddable":true,"href":"https:\/\/elpuucnoticias.com\/index.php?rest_route=%2Fwp%2Fv2%2Fcategories&post=21298"},{"taxonomy":"post_tag","embeddable":true,"href":"https:\/\/elpuucnoticias.com\/index.php?rest_route=%2Fwp%2Fv2%2Ftags&post=21298"}],"curies":[{"name":"wp","href":"https:\/\/api.w.org\/{rel}","templated":true}]}}