{"id":21301,"date":"2025-09-25T12:20:33","date_gmt":"2025-09-25T18:20:33","guid":{"rendered":"https:\/\/elpuucnoticias.com\/?p=21301"},"modified":"2025-09-25T12:20:33","modified_gmt":"2025-09-25T18:20:33","slug":"registra-la-fundacion-de-parques-y-museos-de-cozumel-nacimiento-de-tortuga-albina","status":"publish","type":"post","link":"https:\/\/elpuucnoticias.com\/?p=21301","title":{"rendered":"Registra la Fundaci\u00f3n de Parques y Museos de Cozumel nacimiento de tortuga albina"},"content":{"rendered":"\n<p>De entre miles de cr\u00edas de tortuga marina que nacen cada a\u00f1o en el campamento tortuguero de Punta Sur administrado por la Fundaci\u00f3n de Parques y Museos de Cozumel (FPMC), se registr\u00f3 recientemente un ejemplar albino, un caso extremadamente raro que llam\u00f3 la atenci\u00f3n de especialistas en conservaci\u00f3n.<\/p>\n\n\n\n<p>El bi\u00f3logo Rafael Chac\u00f3n D\u00edaz, director del Centro de Conservaci\u00f3n y Educaci\u00f3n Ambiental (CCEA), explic\u00f3 que el albinismo es una condici\u00f3n gen\u00e9tica que impide la producci\u00f3n de melanina, lo que provoca la ausencia total de pigmentaci\u00f3n en la piel y el caparaz\u00f3n. Este fen\u00f3meno confiere a las tortugas un caracter\u00edstico color blanco o muy p\u00e1lido, con ojos rojizos o rosados.<\/p>\n\n\n\n<figure class=\"wp-block-image is-style-default\"><a href=\"https:\/\/cgc.qroo.gob.mx\/cjg\/wp-content\/uploads\/2025\/09\/WhatsApp-Image-2025-09-25-at-12.11.38-1.jpeg\"><img decoding=\"async\" src=\"https:\/\/cgc.qroo.gob.mx\/cjg\/wp-content\/uploads\/2025\/09\/WhatsApp-Image-2025-09-25-at-12.11.38-1-585x519.jpeg\" alt=\"\" title=\"WhatsApp Image 2025-09-25 at 12.11.38 (1)\"\/><\/a><\/figure>\n\n\n\n<p>\u201cEsta falta de pigmentaci\u00f3n las hace mucho m\u00e1s vulnerables a los depredadores y a la exposici\u00f3n solar, reduciendo dr\u00e1sticamente sus probabilidades de sobrevivencia, especialmente en etapas tempranas de vida\u201d, se\u00f1al\u00f3 el bi\u00f3logo y con el apoyo de Ricardo Peralta Mu\u00f1oz, responsable del campamento tortuguero de Punta Sur, la peque\u00f1a tortuga fue liberada al mar con un pron\u00f3stico reservado.<\/p>\n\n\n\n<p>Por su parte, Juanita Alonso Marrufo, directora general de la Fundaci\u00f3n de Parques y Museos de Cozumel, subray\u00f3 que este acontecimiento nos invita a reflexionar sobre la importancia de cuidar la biodiversidad y la riqueza natural de la isla.<\/p>\n\n\n\n<p>\u201cEl nuevo Acuerdo por el Bienestar y Desarrollo de Quintana Roo, impulsado por la gobernadora Mara Lezama Espinosa, nos recuerda que debemos ser respetuosos en nuestra convivencia con el entorno y valorar las bellezas naturales que nos distinguen como pueblo y como destino tur\u00edstico\u201d, expres\u00f3.<\/p>\n\n\n\n<p>El avistamiento de esta tortuga albina no solo representa una rareza biol\u00f3gica, sino tambi\u00e9n un recordatorio de la fragilidad de la vida silvestre y la responsabilidad compartida en su protecci\u00f3n.<\/p>\n","protected":false},"excerpt":{"rendered":"<p>De entre miles de cr\u00edas de tortuga marina que nacen cada a\u00f1o en el campamento tortuguero de Punta<\/p>\n","protected":false},"author":1,"featured_media":21302,"comment_status":"closed","ping_status":"open","sticky":false,"template":"","format":"standard","meta":{"_monsterinsights_skip_tracking":false,"_monsterinsights_sitenote_active":false,"_monsterinsights_sitenote_note":"","_monsterinsights_sitenote_category":0,"footnotes":""},"categories":[11,24],"tags":[],"class_list":["post-21301","post","type-post","status-publish","format-standard","has-post-thumbnail","hentry","category-noticias","category-quintana-roo"],"yoast_head":"<!-- This site is optimized with the Yoast SEO plugin v18.3 - https:\/\/yoast.com\/wordpress\/plugins\/seo\/ -->\n<title>Registra la Fundaci\u00f3n de Parques y Museos de Cozumel nacimiento de tortuga albina - El Puuc Noticias<\/title>\n<meta name=\"robots\" content=\"index, follow, max-snippet:-1, max-image-preview:large, max-video-preview:-1\" \/>\n<link rel=\"canonical\" href=\"https:\/\/elpuucnoticias.com\/?p=21301\" \/>\n<meta property=\"og:locale\" content=\"es_ES\" \/>\n<meta property=\"og:type\" content=\"article\" \/>\n<meta property=\"og:title\" content=\"Registra la Fundaci\u00f3n de Parques y Museos de Cozumel nacimiento de tortuga albina - El Puuc Noticias\" \/>\n<meta property=\"og:description\" content=\"De entre miles de cr\u00edas de tortuga marina que nacen cada a\u00f1o en el campamento tortuguero de Punta\" \/>\n<meta property=\"og:url\" content=\"https:\/\/elpuucnoticias.com\/?p=21301\" \/>\n<meta property=\"og:site_name\" content=\"El Puuc Noticias\" \/>\n<meta property=\"article:published_time\" content=\"2025-09-25T18:20:33+00:00\" \/>\n<meta property=\"og:image\" content=\"https:\/\/elpuucnoticias.com\/wp-content\/uploads\/2025\/09\/whatsapp-image-2025-09-25-at-12.11.38.jpeg\" \/>\n\t<meta property=\"og:image:width\" content=\"1280\" \/>\n\t<meta property=\"og:image:height\" content=\"1186\" \/>\n\t<meta property=\"og:image:type\" content=\"image\/jpeg\" \/>\n<meta name=\"twitter:card\" content=\"summary_large_image\" \/>\n<meta name=\"twitter:label1\" content=\"Escrito por\" \/>\n\t<meta name=\"twitter:data1\" content=\"elpuucnoticias\" \/>\n\t<meta name=\"twitter:label2\" content=\"Tiempo de lectura\" \/>\n\t<meta name=\"twitter:data2\" content=\"2 minutos\" \/>\n<script type=\"application\/ld+json\" class=\"yoast-schema-graph\">{\"@context\":\"https:\/\/schema.org\",\"@graph\":[{\"@type\":\"WebSite\",\"@id\":\"https:\/\/elpuucnoticias.com\/#website\",\"url\":\"https:\/\/elpuucnoticias.com\/\",\"name\":\"El Puuc Noticias\",\"description\":\"Noticias - Entretenimiento - Deportes\",\"potentialAction\":[{\"@type\":\"SearchAction\",\"target\":{\"@type\":\"EntryPoint\",\"urlTemplate\":\"https:\/\/elpuucnoticias.com\/?s={search_term_string}\"},\"query-input\":\"required name=search_term_string\"}],\"inLanguage\":\"es\"},{\"@type\":\"ImageObject\",\"@id\":\"https:\/\/elpuucnoticias.com\/?p=21301#primaryimage\",\"inLanguage\":\"es\",\"url\":\"https:\/\/elpuucnoticias.com\/wp-content\/uploads\/2025\/09\/whatsapp-image-2025-09-25-at-12.11.38.jpeg\",\"contentUrl\":\"https:\/\/elpuucnoticias.com\/wp-content\/uploads\/2025\/09\/whatsapp-image-2025-09-25-at-12.11.38.jpeg\",\"width\":1280,\"height\":1186},{\"@type\":\"WebPage\",\"@id\":\"https:\/\/elpuucnoticias.com\/?p=21301#webpage\",\"url\":\"https:\/\/elpuucnoticias.com\/?p=21301\",\"name\":\"Registra la Fundaci\u00f3n de Parques y Museos de Cozumel nacimiento de tortuga albina - El Puuc Noticias\",\"isPartOf\":{\"@id\":\"https:\/\/elpuucnoticias.com\/#website\"},\"primaryImageOfPage\":{\"@id\":\"https:\/\/elpuucnoticias.com\/?p=21301#primaryimage\"},\"datePublished\":\"2025-09-25T18:20:33+00:00\",\"dateModified\":\"2025-09-25T18:20:33+00:00\",\"author\":{\"@id\":\"https:\/\/elpuucnoticias.com\/#\/schema\/person\/d2ea09e4c97f0160b11cdfb1d856bd9e\"},\"breadcrumb\":{\"@id\":\"https:\/\/elpuucnoticias.com\/?p=21301#breadcrumb\"},\"inLanguage\":\"es\",\"potentialAction\":[{\"@type\":\"ReadAction\",\"target\":[\"https:\/\/elpuucnoticias.com\/?p=21301\"]}]},{\"@type\":\"BreadcrumbList\",\"@id\":\"https:\/\/elpuucnoticias.com\/?p=21301#breadcrumb\",\"itemListElement\":[{\"@type\":\"ListItem\",\"position\":1,\"name\":\"Portada\",\"item\":\"https:\/\/elpuucnoticias.com\/\"},{\"@type\":\"ListItem\",\"position\":2,\"name\":\"Registra la Fundaci\u00f3n de Parques y Museos de Cozumel nacimiento de tortuga albina\"}]},{\"@type\":\"Person\",\"@id\":\"https:\/\/elpuucnoticias.com\/#\/schema\/person\/d2ea09e4c97f0160b11cdfb1d856bd9e\",\"name\":\"elpuucnoticias\",\"image\":{\"@type\":\"ImageObject\",\"@id\":\"https:\/\/elpuucnoticias.com\/#personlogo\",\"inLanguage\":\"es\",\"url\":\"https:\/\/secure.gravatar.com\/avatar\/5290a43657c74ffa15701dbe5b846bd85cc71930d803c84e91046a7333de6ce2?s=96&d=mm&r=g\",\"contentUrl\":\"https:\/\/secure.gravatar.com\/avatar\/5290a43657c74ffa15701dbe5b846bd85cc71930d803c84e91046a7333de6ce2?s=96&d=mm&r=g\",\"caption\":\"elpuucnoticias\"},\"sameAs\":[\"https:\/\/elpuucnoticias.com\"],\"url\":\"https:\/\/elpuucnoticias.com\/?author=1\"}]}<\/script>\n<!-- \/ Yoast SEO plugin. -->","yoast_head_json":{"title":"Registra la Fundaci\u00f3n de Parques y Museos de Cozumel nacimiento de tortuga albina - El Puuc Noticias","robots":{"index":"index","follow":"follow","max-snippet":"max-snippet:-1","max-image-preview":"max-image-preview:large","max-video-preview":"max-video-preview:-1"},"canonical":"https:\/\/elpuucnoticias.com\/?p=21301","og_locale":"es_ES","og_type":"article","og_title":"Registra la Fundaci\u00f3n de Parques y Museos de Cozumel nacimiento de tortuga albina - El Puuc Noticias","og_description":"De entre miles de cr\u00edas de tortuga marina que nacen cada a\u00f1o en el campamento tortuguero de Punta","og_url":"https:\/\/elpuucnoticias.com\/?p=21301","og_site_name":"El Puuc Noticias","article_published_time":"2025-09-25T18:20:33+00:00","og_image":[{"width":1280,"height":1186,"url":"https:\/\/elpuucnoticias.com\/wp-content\/uploads\/2025\/09\/whatsapp-image-2025-09-25-at-12.11.38.jpeg","type":"image\/jpeg"}],"twitter_card":"summary_large_image","twitter_misc":{"Escrito por":"elpuucnoticias","Tiempo de lectura":"2 minutos"},"schema":{"@context":"https:\/\/schema.org","@graph":[{"@type":"WebSite","@id":"https:\/\/elpuucnoticias.com\/#website","url":"https:\/\/elpuucnoticias.com\/","name":"El Puuc Noticias","description":"Noticias - Entretenimiento - Deportes","potentialAction":[{"@type":"SearchAction","target":{"@type":"EntryPoint","urlTemplate":"https:\/\/elpuucnoticias.com\/?s={search_term_string}"},"query-input":"required name=search_term_string"}],"inLanguage":"es"},{"@type":"ImageObject","@id":"https:\/\/elpuucnoticias.com\/?p=21301#primaryimage","inLanguage":"es","url":"https:\/\/elpuucnoticias.com\/wp-content\/uploads\/2025\/09\/whatsapp-image-2025-09-25-at-12.11.38.jpeg","contentUrl":"https:\/\/elpuucnoticias.com\/wp-content\/uploads\/2025\/09\/whatsapp-image-2025-09-25-at-12.11.38.jpeg","width":1280,"height":1186},{"@type":"WebPage","@id":"https:\/\/elpuucnoticias.com\/?p=21301#webpage","url":"https:\/\/elpuucnoticias.com\/?p=21301","name":"Registra la Fundaci\u00f3n de Parques y Museos de Cozumel nacimiento de tortuga albina - El Puuc Noticias","isPartOf":{"@id":"https:\/\/elpuucnoticias.com\/#website"},"primaryImageOfPage":{"@id":"https:\/\/elpuucnoticias.com\/?p=21301#primaryimage"},"datePublished":"2025-09-25T18:20:33+00:00","dateModified":"2025-09-25T18:20:33+00:00","author":{"@id":"https:\/\/elpuucnoticias.com\/#\/schema\/person\/d2ea09e4c97f0160b11cdfb1d856bd9e"},"breadcrumb":{"@id":"https:\/\/elpuucnoticias.com\/?p=21301#breadcrumb"},"inLanguage":"es","potentialAction":[{"@type":"ReadAction","target":["https:\/\/elpuucnoticias.com\/?p=21301"]}]},{"@type":"BreadcrumbList","@id":"https:\/\/elpuucnoticias.com\/?p=21301#breadcrumb","itemListElement":[{"@type":"ListItem","position":1,"name":"Portada","item":"https:\/\/elpuucnoticias.com\/"},{"@type":"ListItem","position":2,"name":"Registra la Fundaci\u00f3n de Parques y Museos de Cozumel nacimiento de tortuga albina"}]},{"@type":"Person","@id":"https:\/\/elpuucnoticias.com\/#\/schema\/person\/d2ea09e4c97f0160b11cdfb1d856bd9e","name":"elpuucnoticias","image":{"@type":"ImageObject","@id":"https:\/\/elpuucnoticias.com\/#personlogo","inLanguage":"es","url":"https:\/\/secure.gravatar.com\/avatar\/5290a43657c74ffa15701dbe5b846bd85cc71930d803c84e91046a7333de6ce2?s=96&d=mm&r=g","contentUrl":"https:\/\/secure.gravatar.com\/avatar\/5290a43657c74ffa15701dbe5b846bd85cc71930d803c84e91046a7333de6ce2?s=96&d=mm&r=g","caption":"elpuucnoticias"},"sameAs":["https:\/\/elpuucnoticias.com"],"url":"https:\/\/elpuucnoticias.com\/?author=1"}]}},"_links":{"self":[{"href":"https:\/\/elpuucnoticias.com\/index.php?rest_route=\/wp\/v2\/posts\/21301","targetHints":{"allow":["GET"]}}],"collection":[{"href":"https:\/\/elpuucnoticias.com\/index.php?rest_route=\/wp\/v2\/posts"}],"about":[{"href":"https:\/\/elpuucnoticias.com\/index.php?rest_route=\/wp\/v2\/types\/post"}],"author":[{"embeddable":true,"href":"https:\/\/elpuucnoticias.com\/index.php?rest_route=\/wp\/v2\/users\/1"}],"replies":[{"embeddable":true,"href":"https:\/\/elpuucnoticias.com\/index.php?rest_route=%2Fwp%2Fv2%2Fcomments&post=21301"}],"version-history":[{"count":1,"href":"https:\/\/elpuucnoticias.com\/index.php?rest_route=\/wp\/v2\/posts\/21301\/revisions"}],"predecessor-version":[{"id":21303,"href":"https:\/\/elpuucnoticias.com\/index.php?rest_route=\/wp\/v2\/posts\/21301\/revisions\/21303"}],"wp:featuredmedia":[{"embeddable":true,"href":"https:\/\/elpuucnoticias.com\/index.php?rest_route=\/wp\/v2\/media\/21302"}],"wp:attachment":[{"href":"https:\/\/elpuucnoticias.com\/index.php?rest_route=%2Fwp%2Fv2%2Fmedia&parent=21301"}],"wp:term":[{"taxonomy":"category","embeddable":true,"href":"https:\/\/elpuucnoticias.com\/index.php?rest_route=%2Fwp%2Fv2%2Fcategories&post=21301"},{"taxonomy":"post_tag","embeddable":true,"href":"https:\/\/elpuucnoticias.com\/index.php?rest_route=%2Fwp%2Fv2%2Ftags&post=21301"}],"curies":[{"name":"wp","href":"https:\/\/api.w.org\/{rel}","templated":true}]}}