{"id":21313,"date":"2025-09-30T11:33:09","date_gmt":"2025-09-30T17:33:09","guid":{"rendered":"https:\/\/elpuucnoticias.com\/?p=21313"},"modified":"2025-09-30T11:33:10","modified_gmt":"2025-09-30T17:33:10","slug":"ssp-localiza-sano-y-salvo-a-joven-extraviado-al-poniente-de-merida","status":"publish","type":"post","link":"https:\/\/elpuucnoticias.com\/?p=21313","title":{"rendered":"SSP localiza sano y salvo a joven extraviado al poniente de M\u00e9rida"},"content":{"rendered":"\n<p><a><\/a>Un joven de 22 a\u00f1os con discapacidad intelectual, que ayer fue reportado por su madre como extraviado, fue localizado hoy por elementos de la Secretar\u00eda de Seguridad P\u00fablica (SSP), que desde el primer momento implementaron un operativo de b\u00fasqueda.<\/p>\n\n\n\n<figure class=\"wp-block-gallery has-nested-images columns-default is-cropped wp-block-gallery-1 is-layout-flex wp-block-gallery-is-layout-flex\">\n<figure class=\"wp-block-image size-large is-style-default\"><img loading=\"lazy\" decoding=\"async\" width=\"899\" height=\"899\" data-id=\"21321\" src=\"https:\/\/elpuucnoticias.com\/wp-content\/uploads\/2025\/09\/556759443_1216805353813997_2160687986763373466_n-2.jpg\" alt=\"\" class=\"wp-image-21321\" srcset=\"https:\/\/elpuucnoticias.com\/wp-content\/uploads\/2025\/09\/556759443_1216805353813997_2160687986763373466_n-2.jpg 899w, https:\/\/elpuucnoticias.com\/wp-content\/uploads\/2025\/09\/556759443_1216805353813997_2160687986763373466_n-2-300x300.jpg 300w, https:\/\/elpuucnoticias.com\/wp-content\/uploads\/2025\/09\/556759443_1216805353813997_2160687986763373466_n-2-150x150.jpg 150w, https:\/\/elpuucnoticias.com\/wp-content\/uploads\/2025\/09\/556759443_1216805353813997_2160687986763373466_n-2-768x768.jpg 768w, https:\/\/elpuucnoticias.com\/wp-content\/uploads\/2025\/09\/556759443_1216805353813997_2160687986763373466_n-2-320x320.jpg 320w\" sizes=\"auto, (max-width: 899px) 100vw, 899px\" \/><\/figure>\n\n\n\n<figure class=\"wp-block-image size-large is-style-default\"><img loading=\"lazy\" decoding=\"async\" width=\"819\" height=\"1024\" data-id=\"21320\" src=\"https:\/\/elpuucnoticias.com\/wp-content\/uploads\/2025\/09\/556844026_1216805520480647_7866841987274437522_n-1-819x1024.jpg\" alt=\"\" class=\"wp-image-21320\" srcset=\"https:\/\/elpuucnoticias.com\/wp-content\/uploads\/2025\/09\/556844026_1216805520480647_7866841987274437522_n-1-819x1024.jpg 819w, https:\/\/elpuucnoticias.com\/wp-content\/uploads\/2025\/09\/556844026_1216805520480647_7866841987274437522_n-1-240x300.jpg 240w, https:\/\/elpuucnoticias.com\/wp-content\/uploads\/2025\/09\/556844026_1216805520480647_7866841987274437522_n-1-768x960.jpg 768w, https:\/\/elpuucnoticias.com\/wp-content\/uploads\/2025\/09\/556844026_1216805520480647_7866841987274437522_n-1-256x320.jpg 256w, https:\/\/elpuucnoticias.com\/wp-content\/uploads\/2025\/09\/556844026_1216805520480647_7866841987274437522_n-1.jpg 1080w\" sizes=\"auto, (max-width: 819px) 100vw, 819px\" \/><\/figure>\n<\/figure>\n\n\n\n<p>El joven fue hallado en terrenos del relleno sanitario de Susul\u00e1, a donde lleg\u00f3 tras salir de su domicilio en el fraccionamiento Sian Ka\u2019an de Ciudad Caucel con destino a una tienda de conveniencia.<\/p>\n\n\n\n<p>Tan pronto se recibi\u00f3 la denuncia, se activ\u00f3 un protocolo de b\u00fasqueda con la participaci\u00f3n de polic\u00edas y bomberos. Una vez ubicado, param\u00e9dicos de la SSP lo valoraron para verificar su estado f\u00edsico.<\/p>\n\n\n\n<p>Se exhorta a la ciudadan\u00eda a reportar de inmediato al 9-1-1 cualquier caso de extrav\u00edo o situaci\u00f3n que ponga en riesgo la integridad de una persona.<\/p>\n\n\n\n<figure class=\"wp-block-gallery has-nested-images columns-default is-cropped wp-block-gallery-2 is-layout-flex wp-block-gallery-is-layout-flex\">\n<figure class=\"wp-block-image size-large is-style-default\"><img loading=\"lazy\" decoding=\"async\" width=\"1024\" height=\"1024\" data-id=\"21314\" src=\"https:\/\/elpuucnoticias.com\/wp-content\/uploads\/2025\/09\/557624737_1216805383813994_3807183624096667116_n-1024x1024.jpg\" alt=\"\" class=\"wp-image-21314\" srcset=\"https:\/\/elpuucnoticias.com\/wp-content\/uploads\/2025\/09\/557624737_1216805383813994_3807183624096667116_n-1024x1024.jpg 1024w, https:\/\/elpuucnoticias.com\/wp-content\/uploads\/2025\/09\/557624737_1216805383813994_3807183624096667116_n-300x300.jpg 300w, https:\/\/elpuucnoticias.com\/wp-content\/uploads\/2025\/09\/557624737_1216805383813994_3807183624096667116_n-150x150.jpg 150w, https:\/\/elpuucnoticias.com\/wp-content\/uploads\/2025\/09\/557624737_1216805383813994_3807183624096667116_n-768x768.jpg 768w, https:\/\/elpuucnoticias.com\/wp-content\/uploads\/2025\/09\/557624737_1216805383813994_3807183624096667116_n-320x320.jpg 320w, https:\/\/elpuucnoticias.com\/wp-content\/uploads\/2025\/09\/557624737_1216805383813994_3807183624096667116_n.jpg 1080w\" sizes=\"auto, (max-width: 1024px) 100vw, 1024px\" \/><\/figure>\n\n\n\n<figure class=\"wp-block-image size-large is-style-default\"><img loading=\"lazy\" decoding=\"async\" width=\"819\" height=\"1024\" data-id=\"21315\" src=\"https:\/\/elpuucnoticias.com\/wp-content\/uploads\/2025\/09\/557388314_1216805607147305_2237906453570156462_n-819x1024.jpg\" alt=\"\" class=\"wp-image-21315\" srcset=\"https:\/\/elpuucnoticias.com\/wp-content\/uploads\/2025\/09\/557388314_1216805607147305_2237906453570156462_n-819x1024.jpg 819w, https:\/\/elpuucnoticias.com\/wp-content\/uploads\/2025\/09\/557388314_1216805607147305_2237906453570156462_n-240x300.jpg 240w, https:\/\/elpuucnoticias.com\/wp-content\/uploads\/2025\/09\/557388314_1216805607147305_2237906453570156462_n-768x960.jpg 768w, https:\/\/elpuucnoticias.com\/wp-content\/uploads\/2025\/09\/557388314_1216805607147305_2237906453570156462_n-256x320.jpg 256w, https:\/\/elpuucnoticias.com\/wp-content\/uploads\/2025\/09\/557388314_1216805607147305_2237906453570156462_n.jpg 1080w\" sizes=\"auto, (max-width: 819px) 100vw, 819px\" \/><\/figure>\n<\/figure>\n\n\n\n<p>La Secretar\u00eda de Seguridad P\u00fablica reitera su compromiso de actuar con prontitud en la localizaci\u00f3n de personas reportadas como extraviadas, en coordinaci\u00f3n con las instancias correspondientes.<\/p>\n\n\n\n<p>Se reconoce la participaci\u00f3n ciudadana al realizar reportes oportunos, lo que resulta fundamental para la efectividad de estas acciones.<\/p>\n","protected":false},"excerpt":{"rendered":"<p>Un joven de 22 a\u00f1os con discapacidad intelectual, que ayer fue reportado por su madre como extraviado, fue<\/p>\n","protected":false},"author":1,"featured_media":21322,"comment_status":"closed","ping_status":"open","sticky":false,"template":"","format":"standard","meta":{"_monsterinsights_skip_tracking":false,"_monsterinsights_sitenote_active":false,"_monsterinsights_sitenote_note":"","_monsterinsights_sitenote_category":0,"footnotes":""},"categories":[11,3],"tags":[],"class_list":["post-21313","post","type-post","status-publish","format-standard","has-post-thumbnail","hentry","category-noticias","category-policiacas"],"yoast_head":"<!-- This site is optimized with the Yoast SEO plugin v18.3 - https:\/\/yoast.com\/wordpress\/plugins\/seo\/ -->\n<title>SSP localiza sano y salvo a joven extraviado al poniente de M\u00e9rida - El Puuc Noticias<\/title>\n<meta name=\"robots\" content=\"index, follow, max-snippet:-1, max-image-preview:large, max-video-preview:-1\" \/>\n<link rel=\"canonical\" href=\"https:\/\/elpuucnoticias.com\/?p=21313\" \/>\n<meta property=\"og:locale\" content=\"es_ES\" \/>\n<meta property=\"og:type\" content=\"article\" \/>\n<meta property=\"og:title\" content=\"SSP localiza sano y salvo a joven extraviado al poniente de M\u00e9rida - El Puuc Noticias\" \/>\n<meta property=\"og:description\" content=\"Un joven de 22 a\u00f1os con discapacidad intelectual, que ayer fue reportado por su madre como extraviado, fue\" \/>\n<meta property=\"og:url\" content=\"https:\/\/elpuucnoticias.com\/?p=21313\" \/>\n<meta property=\"og:site_name\" content=\"El Puuc Noticias\" \/>\n<meta property=\"article:published_time\" content=\"2025-09-30T17:33:09+00:00\" \/>\n<meta property=\"article:modified_time\" content=\"2025-09-30T17:33:10+00:00\" \/>\n<meta property=\"og:image\" content=\"https:\/\/elpuucnoticias.com\/wp-content\/uploads\/2025\/09\/557761400_1216805787147287_9034212983033267033_n-1.jpg\" \/>\n\t<meta property=\"og:image:width\" content=\"1080\" \/>\n\t<meta property=\"og:image:height\" content=\"1080\" \/>\n\t<meta property=\"og:image:type\" content=\"image\/jpeg\" \/>\n<meta name=\"twitter:card\" content=\"summary_large_image\" \/>\n<meta name=\"twitter:label1\" content=\"Escrito por\" \/>\n\t<meta name=\"twitter:data1\" content=\"elpuucnoticias\" \/>\n\t<meta name=\"twitter:label2\" content=\"Tiempo de lectura\" \/>\n\t<meta name=\"twitter:data2\" content=\"1 minuto\" \/>\n<script type=\"application\/ld+json\" class=\"yoast-schema-graph\">{\"@context\":\"https:\/\/schema.org\",\"@graph\":[{\"@type\":\"WebSite\",\"@id\":\"https:\/\/elpuucnoticias.com\/#website\",\"url\":\"https:\/\/elpuucnoticias.com\/\",\"name\":\"El Puuc Noticias\",\"description\":\"Noticias - Entretenimiento - Deportes\",\"potentialAction\":[{\"@type\":\"SearchAction\",\"target\":{\"@type\":\"EntryPoint\",\"urlTemplate\":\"https:\/\/elpuucnoticias.com\/?s={search_term_string}\"},\"query-input\":\"required name=search_term_string\"}],\"inLanguage\":\"es\"},{\"@type\":\"ImageObject\",\"@id\":\"https:\/\/elpuucnoticias.com\/?p=21313#primaryimage\",\"inLanguage\":\"es\",\"url\":\"https:\/\/elpuucnoticias.com\/wp-content\/uploads\/2025\/09\/557761400_1216805787147287_9034212983033267033_n-1.jpg\",\"contentUrl\":\"https:\/\/elpuucnoticias.com\/wp-content\/uploads\/2025\/09\/557761400_1216805787147287_9034212983033267033_n-1.jpg\",\"width\":1080,\"height\":1080},{\"@type\":\"WebPage\",\"@id\":\"https:\/\/elpuucnoticias.com\/?p=21313#webpage\",\"url\":\"https:\/\/elpuucnoticias.com\/?p=21313\",\"name\":\"SSP localiza sano y salvo a joven extraviado al poniente de M\u00e9rida - El Puuc Noticias\",\"isPartOf\":{\"@id\":\"https:\/\/elpuucnoticias.com\/#website\"},\"primaryImageOfPage\":{\"@id\":\"https:\/\/elpuucnoticias.com\/?p=21313#primaryimage\"},\"datePublished\":\"2025-09-30T17:33:09+00:00\",\"dateModified\":\"2025-09-30T17:33:10+00:00\",\"author\":{\"@id\":\"https:\/\/elpuucnoticias.com\/#\/schema\/person\/d2ea09e4c97f0160b11cdfb1d856bd9e\"},\"breadcrumb\":{\"@id\":\"https:\/\/elpuucnoticias.com\/?p=21313#breadcrumb\"},\"inLanguage\":\"es\",\"potentialAction\":[{\"@type\":\"ReadAction\",\"target\":[\"https:\/\/elpuucnoticias.com\/?p=21313\"]}]},{\"@type\":\"BreadcrumbList\",\"@id\":\"https:\/\/elpuucnoticias.com\/?p=21313#breadcrumb\",\"itemListElement\":[{\"@type\":\"ListItem\",\"position\":1,\"name\":\"Portada\",\"item\":\"https:\/\/elpuucnoticias.com\/\"},{\"@type\":\"ListItem\",\"position\":2,\"name\":\"SSP localiza sano y salvo a joven extraviado al poniente de M\u00e9rida\"}]},{\"@type\":\"Person\",\"@id\":\"https:\/\/elpuucnoticias.com\/#\/schema\/person\/d2ea09e4c97f0160b11cdfb1d856bd9e\",\"name\":\"elpuucnoticias\",\"image\":{\"@type\":\"ImageObject\",\"@id\":\"https:\/\/elpuucnoticias.com\/#personlogo\",\"inLanguage\":\"es\",\"url\":\"https:\/\/secure.gravatar.com\/avatar\/5290a43657c74ffa15701dbe5b846bd85cc71930d803c84e91046a7333de6ce2?s=96&d=mm&r=g\",\"contentUrl\":\"https:\/\/secure.gravatar.com\/avatar\/5290a43657c74ffa15701dbe5b846bd85cc71930d803c84e91046a7333de6ce2?s=96&d=mm&r=g\",\"caption\":\"elpuucnoticias\"},\"sameAs\":[\"https:\/\/elpuucnoticias.com\"],\"url\":\"https:\/\/elpuucnoticias.com\/?author=1\"}]}<\/script>\n<!-- \/ Yoast SEO plugin. -->","yoast_head_json":{"title":"SSP localiza sano y salvo a joven extraviado al poniente de M\u00e9rida - El Puuc Noticias","robots":{"index":"index","follow":"follow","max-snippet":"max-snippet:-1","max-image-preview":"max-image-preview:large","max-video-preview":"max-video-preview:-1"},"canonical":"https:\/\/elpuucnoticias.com\/?p=21313","og_locale":"es_ES","og_type":"article","og_title":"SSP localiza sano y salvo a joven extraviado al poniente de M\u00e9rida - El Puuc Noticias","og_description":"Un joven de 22 a\u00f1os con discapacidad intelectual, que ayer fue reportado por su madre como extraviado, fue","og_url":"https:\/\/elpuucnoticias.com\/?p=21313","og_site_name":"El Puuc Noticias","article_published_time":"2025-09-30T17:33:09+00:00","article_modified_time":"2025-09-30T17:33:10+00:00","og_image":[{"width":1080,"height":1080,"url":"https:\/\/elpuucnoticias.com\/wp-content\/uploads\/2025\/09\/557761400_1216805787147287_9034212983033267033_n-1.jpg","type":"image\/jpeg"}],"twitter_card":"summary_large_image","twitter_misc":{"Escrito por":"elpuucnoticias","Tiempo de lectura":"1 minuto"},"schema":{"@context":"https:\/\/schema.org","@graph":[{"@type":"WebSite","@id":"https:\/\/elpuucnoticias.com\/#website","url":"https:\/\/elpuucnoticias.com\/","name":"El Puuc Noticias","description":"Noticias - Entretenimiento - Deportes","potentialAction":[{"@type":"SearchAction","target":{"@type":"EntryPoint","urlTemplate":"https:\/\/elpuucnoticias.com\/?s={search_term_string}"},"query-input":"required name=search_term_string"}],"inLanguage":"es"},{"@type":"ImageObject","@id":"https:\/\/elpuucnoticias.com\/?p=21313#primaryimage","inLanguage":"es","url":"https:\/\/elpuucnoticias.com\/wp-content\/uploads\/2025\/09\/557761400_1216805787147287_9034212983033267033_n-1.jpg","contentUrl":"https:\/\/elpuucnoticias.com\/wp-content\/uploads\/2025\/09\/557761400_1216805787147287_9034212983033267033_n-1.jpg","width":1080,"height":1080},{"@type":"WebPage","@id":"https:\/\/elpuucnoticias.com\/?p=21313#webpage","url":"https:\/\/elpuucnoticias.com\/?p=21313","name":"SSP localiza sano y salvo a joven extraviado al poniente de M\u00e9rida - El Puuc Noticias","isPartOf":{"@id":"https:\/\/elpuucnoticias.com\/#website"},"primaryImageOfPage":{"@id":"https:\/\/elpuucnoticias.com\/?p=21313#primaryimage"},"datePublished":"2025-09-30T17:33:09+00:00","dateModified":"2025-09-30T17:33:10+00:00","author":{"@id":"https:\/\/elpuucnoticias.com\/#\/schema\/person\/d2ea09e4c97f0160b11cdfb1d856bd9e"},"breadcrumb":{"@id":"https:\/\/elpuucnoticias.com\/?p=21313#breadcrumb"},"inLanguage":"es","potentialAction":[{"@type":"ReadAction","target":["https:\/\/elpuucnoticias.com\/?p=21313"]}]},{"@type":"BreadcrumbList","@id":"https:\/\/elpuucnoticias.com\/?p=21313#breadcrumb","itemListElement":[{"@type":"ListItem","position":1,"name":"Portada","item":"https:\/\/elpuucnoticias.com\/"},{"@type":"ListItem","position":2,"name":"SSP localiza sano y salvo a joven extraviado al poniente de M\u00e9rida"}]},{"@type":"Person","@id":"https:\/\/elpuucnoticias.com\/#\/schema\/person\/d2ea09e4c97f0160b11cdfb1d856bd9e","name":"elpuucnoticias","image":{"@type":"ImageObject","@id":"https:\/\/elpuucnoticias.com\/#personlogo","inLanguage":"es","url":"https:\/\/secure.gravatar.com\/avatar\/5290a43657c74ffa15701dbe5b846bd85cc71930d803c84e91046a7333de6ce2?s=96&d=mm&r=g","contentUrl":"https:\/\/secure.gravatar.com\/avatar\/5290a43657c74ffa15701dbe5b846bd85cc71930d803c84e91046a7333de6ce2?s=96&d=mm&r=g","caption":"elpuucnoticias"},"sameAs":["https:\/\/elpuucnoticias.com"],"url":"https:\/\/elpuucnoticias.com\/?author=1"}]}},"_links":{"self":[{"href":"https:\/\/elpuucnoticias.com\/index.php?rest_route=\/wp\/v2\/posts\/21313","targetHints":{"allow":["GET"]}}],"collection":[{"href":"https:\/\/elpuucnoticias.com\/index.php?rest_route=\/wp\/v2\/posts"}],"about":[{"href":"https:\/\/elpuucnoticias.com\/index.php?rest_route=\/wp\/v2\/types\/post"}],"author":[{"embeddable":true,"href":"https:\/\/elpuucnoticias.com\/index.php?rest_route=\/wp\/v2\/users\/1"}],"replies":[{"embeddable":true,"href":"https:\/\/elpuucnoticias.com\/index.php?rest_route=%2Fwp%2Fv2%2Fcomments&post=21313"}],"version-history":[{"count":1,"href":"https:\/\/elpuucnoticias.com\/index.php?rest_route=\/wp\/v2\/posts\/21313\/revisions"}],"predecessor-version":[{"id":21323,"href":"https:\/\/elpuucnoticias.com\/index.php?rest_route=\/wp\/v2\/posts\/21313\/revisions\/21323"}],"wp:featuredmedia":[{"embeddable":true,"href":"https:\/\/elpuucnoticias.com\/index.php?rest_route=\/wp\/v2\/media\/21322"}],"wp:attachment":[{"href":"https:\/\/elpuucnoticias.com\/index.php?rest_route=%2Fwp%2Fv2%2Fmedia&parent=21313"}],"wp:term":[{"taxonomy":"category","embeddable":true,"href":"https:\/\/elpuucnoticias.com\/index.php?rest_route=%2Fwp%2Fv2%2Fcategories&post=21313"},{"taxonomy":"post_tag","embeddable":true,"href":"https:\/\/elpuucnoticias.com\/index.php?rest_route=%2Fwp%2Fv2%2Ftags&post=21313"}],"curies":[{"name":"wp","href":"https:\/\/api.w.org\/{rel}","templated":true}]}}