{"id":21331,"date":"2025-09-30T11:51:52","date_gmt":"2025-09-30T17:51:52","guid":{"rendered":"https:\/\/elpuucnoticias.com\/?p=21331"},"modified":"2025-09-30T11:51:52","modified_gmt":"2025-09-30T17:51:52","slug":"se-une-ppa-a-la-quinta-jornada-de-limpieza-y-recuperacion-de-la-sabana-de-chetumal","status":"publish","type":"post","link":"https:\/\/elpuucnoticias.com\/?p=21331","title":{"rendered":"Se une PPA a la Quinta Jornada de Limpieza y Recuperaci\u00f3n de La Sabana de Chetumal"},"content":{"rendered":"\n<p>En el marco del programa federal \u201cAdopta un R\u00edo\u201d, derivado del Acuerdo Nacional por el Derecho Humano al Agua y la Sustentabilidad y coordinado por la Comisi\u00f3n Nacional del Agua (CONAGUA), Quintana Roo design\u00f3 como proyecto piloto el cuerpo de agua nacional denominado La Sabana de la capital del estado, donde las y los voluntarios lograron recolectar 8 toneladas de basura y 10 toneladas de cascajo y residuos diversos.<\/p>\n\n\n\n<figure class=\"wp-block-image is-style-default\"><a href=\"https:\/\/cgc.qroo.gob.mx\/cjg\/wp-content\/uploads\/2025\/09\/WhatsApp-Image-2025-09-26-at-14.20.53-3.jpeg\"><img decoding=\"async\" src=\"https:\/\/cgc.qroo.gob.mx\/cjg\/wp-content\/uploads\/2025\/09\/WhatsApp-Image-2025-09-26-at-14.20.53-3.jpeg\" alt=\"\" title=\"WhatsApp Image 2025-09-26 at 14.20.53 (3)\"\/><\/a><\/figure>\n\n\n\n<p>Este ecosistema, reconocido por su valor ecol\u00f3gico e h\u00eddrico, se ha priorizado como un espacio estrat\u00e9gico para su limpieza y recuperaci\u00f3n ambiental, ya que representa el h\u00e1bitat de diversas especies de aves, mam\u00edferos, reptiles y peces.<\/p>\n\n\n\n<p>Esta jornada de limpieza se enmarca del el Nuevo Acuerdo por el Bienestar y Desarrollo de Quintana Roo, que encabeza la gobernadora Mara Lezama Espinosa, priorizando el cuidado del medio ambiente para el disfrute de las pr\u00f3ximas generaciones.<\/p>\n\n\n\n<figure class=\"wp-block-image is-style-default\"><a href=\"https:\/\/cgc.qroo.gob.mx\/cjg\/wp-content\/uploads\/2025\/09\/WhatsApp-Image-2025-09-26-at-14.20.53-1.jpeg\"><img decoding=\"async\" src=\"https:\/\/cgc.qroo.gob.mx\/cjg\/wp-content\/uploads\/2025\/09\/WhatsApp-Image-2025-09-26-at-14.20.53-1-585x1040.jpeg\" alt=\"\" title=\"WhatsApp Image 2025-09-26 at 14.20.53 (1)\"\/><\/a><\/figure>\n\n\n\n<p>Los trabajos de limpieza se llevaron a cabo este viernes y esta actividad forma parte de los esfuerzos permanentes de saneamiento de este importante cuerpo de agua, donde las y los brigadistas lograron retirar 8 toneladas de basura y 10 toneladas de cascajo y residuos diversos lo que permita sanear este cuerpo lagunar.<\/p>\n\n\n\n<p>Durante la jornada participaron 174 personas de distintas dependencias y corporaciones, entre ellas: la CONAGUA; Secretar\u00eda de Gobierno; CONAFOR; SEMARNAT; SEMA; PPA; CAPA; SESA; la Secretar\u00eda de Salud Municipal; Ayuntamiento de Oth\u00f3n P. Blanco, COEPROC; SSC; Guardia Nacional; SEMAR y el Heroico Cuerpo de Bomberos.<\/p>\n\n\n\n<figure class=\"wp-block-image is-style-default\"><a href=\"https:\/\/cgc.qroo.gob.mx\/cjg\/wp-content\/uploads\/2025\/09\/WhatsApp-Image-2025-09-26-at-14.20.53-2.jpeg\"><img decoding=\"async\" src=\"https:\/\/cgc.qroo.gob.mx\/cjg\/wp-content\/uploads\/2025\/09\/WhatsApp-Image-2025-09-26-at-14.20.53-2-585x1041.jpeg\" alt=\"\" title=\"WhatsApp Image 2025-09-26 at 14.20.53 (2)\"\/><\/a><\/figure>\n\n\n\n<p>La Procuradur\u00eda de Protecci\u00f3n al Ambiente de Quintana Roo agradece la participaci\u00f3n de la ciudadan\u00eda, instituciones y organizaciones que se sumaron a estas labores, contribuyendo directamente a la conservaci\u00f3n ambiental y a la mejora de la calidad de vida en la capital del estado.<\/p>\n","protected":false},"excerpt":{"rendered":"<p>En el marco del programa federal \u201cAdopta un R\u00edo\u201d, derivado del Acuerdo Nacional por el Derecho Humano al<\/p>\n","protected":false},"author":1,"featured_media":21332,"comment_status":"closed","ping_status":"open","sticky":false,"template":"","format":"standard","meta":{"_monsterinsights_skip_tracking":false,"_monsterinsights_sitenote_active":false,"_monsterinsights_sitenote_note":"","_monsterinsights_sitenote_category":0,"footnotes":""},"categories":[11,24],"tags":[],"class_list":["post-21331","post","type-post","status-publish","format-standard","has-post-thumbnail","hentry","category-noticias","category-quintana-roo"],"yoast_head":"<!-- This site is optimized with the Yoast SEO plugin v18.3 - https:\/\/yoast.com\/wordpress\/plugins\/seo\/ -->\n<title>Se une PPA a la Quinta Jornada de Limpieza y Recuperaci\u00f3n de La Sabana de Chetumal - El Puuc Noticias<\/title>\n<meta name=\"robots\" content=\"index, follow, max-snippet:-1, max-image-preview:large, max-video-preview:-1\" \/>\n<link rel=\"canonical\" href=\"https:\/\/elpuucnoticias.com\/?p=21331\" \/>\n<meta property=\"og:locale\" content=\"es_ES\" \/>\n<meta property=\"og:type\" content=\"article\" \/>\n<meta property=\"og:title\" content=\"Se une PPA a la Quinta Jornada de Limpieza y Recuperaci\u00f3n de La Sabana de Chetumal - El Puuc Noticias\" \/>\n<meta property=\"og:description\" content=\"En el marco del programa federal \u201cAdopta un R\u00edo\u201d, derivado del Acuerdo Nacional por el Derecho Humano al\" \/>\n<meta property=\"og:url\" content=\"https:\/\/elpuucnoticias.com\/?p=21331\" \/>\n<meta property=\"og:site_name\" content=\"El Puuc Noticias\" \/>\n<meta property=\"article:published_time\" content=\"2025-09-30T17:51:52+00:00\" \/>\n<meta property=\"og:image\" content=\"https:\/\/elpuucnoticias.com\/wp-content\/uploads\/2025\/09\/whatsapp-image-2025-09-26-at-14.20.53.jpeg\" \/>\n\t<meta property=\"og:image:width\" content=\"1280\" \/>\n\t<meta property=\"og:image:height\" content=\"720\" \/>\n\t<meta property=\"og:image:type\" content=\"image\/jpeg\" \/>\n<meta name=\"twitter:card\" content=\"summary_large_image\" \/>\n<meta name=\"twitter:label1\" content=\"Escrito por\" \/>\n\t<meta name=\"twitter:data1\" content=\"elpuucnoticias\" \/>\n\t<meta name=\"twitter:label2\" content=\"Tiempo de lectura\" \/>\n\t<meta name=\"twitter:data2\" content=\"1 minuto\" \/>\n<script type=\"application\/ld+json\" class=\"yoast-schema-graph\">{\"@context\":\"https:\/\/schema.org\",\"@graph\":[{\"@type\":\"WebSite\",\"@id\":\"https:\/\/elpuucnoticias.com\/#website\",\"url\":\"https:\/\/elpuucnoticias.com\/\",\"name\":\"El Puuc Noticias\",\"description\":\"Noticias - Entretenimiento - Deportes\",\"potentialAction\":[{\"@type\":\"SearchAction\",\"target\":{\"@type\":\"EntryPoint\",\"urlTemplate\":\"https:\/\/elpuucnoticias.com\/?s={search_term_string}\"},\"query-input\":\"required name=search_term_string\"}],\"inLanguage\":\"es\"},{\"@type\":\"ImageObject\",\"@id\":\"https:\/\/elpuucnoticias.com\/?p=21331#primaryimage\",\"inLanguage\":\"es\",\"url\":\"https:\/\/elpuucnoticias.com\/wp-content\/uploads\/2025\/09\/whatsapp-image-2025-09-26-at-14.20.53.jpeg\",\"contentUrl\":\"https:\/\/elpuucnoticias.com\/wp-content\/uploads\/2025\/09\/whatsapp-image-2025-09-26-at-14.20.53.jpeg\",\"width\":1280,\"height\":720},{\"@type\":\"WebPage\",\"@id\":\"https:\/\/elpuucnoticias.com\/?p=21331#webpage\",\"url\":\"https:\/\/elpuucnoticias.com\/?p=21331\",\"name\":\"Se une PPA a la Quinta Jornada de Limpieza y Recuperaci\u00f3n de La Sabana de Chetumal - El Puuc Noticias\",\"isPartOf\":{\"@id\":\"https:\/\/elpuucnoticias.com\/#website\"},\"primaryImageOfPage\":{\"@id\":\"https:\/\/elpuucnoticias.com\/?p=21331#primaryimage\"},\"datePublished\":\"2025-09-30T17:51:52+00:00\",\"dateModified\":\"2025-09-30T17:51:52+00:00\",\"author\":{\"@id\":\"https:\/\/elpuucnoticias.com\/#\/schema\/person\/d2ea09e4c97f0160b11cdfb1d856bd9e\"},\"breadcrumb\":{\"@id\":\"https:\/\/elpuucnoticias.com\/?p=21331#breadcrumb\"},\"inLanguage\":\"es\",\"potentialAction\":[{\"@type\":\"ReadAction\",\"target\":[\"https:\/\/elpuucnoticias.com\/?p=21331\"]}]},{\"@type\":\"BreadcrumbList\",\"@id\":\"https:\/\/elpuucnoticias.com\/?p=21331#breadcrumb\",\"itemListElement\":[{\"@type\":\"ListItem\",\"position\":1,\"name\":\"Portada\",\"item\":\"https:\/\/elpuucnoticias.com\/\"},{\"@type\":\"ListItem\",\"position\":2,\"name\":\"Se une PPA a la Quinta Jornada de Limpieza y Recuperaci\u00f3n de La Sabana de Chetumal\"}]},{\"@type\":\"Person\",\"@id\":\"https:\/\/elpuucnoticias.com\/#\/schema\/person\/d2ea09e4c97f0160b11cdfb1d856bd9e\",\"name\":\"elpuucnoticias\",\"image\":{\"@type\":\"ImageObject\",\"@id\":\"https:\/\/elpuucnoticias.com\/#personlogo\",\"inLanguage\":\"es\",\"url\":\"https:\/\/secure.gravatar.com\/avatar\/5290a43657c74ffa15701dbe5b846bd85cc71930d803c84e91046a7333de6ce2?s=96&d=mm&r=g\",\"contentUrl\":\"https:\/\/secure.gravatar.com\/avatar\/5290a43657c74ffa15701dbe5b846bd85cc71930d803c84e91046a7333de6ce2?s=96&d=mm&r=g\",\"caption\":\"elpuucnoticias\"},\"sameAs\":[\"https:\/\/elpuucnoticias.com\"],\"url\":\"https:\/\/elpuucnoticias.com\/?author=1\"}]}<\/script>\n<!-- \/ Yoast SEO plugin. -->","yoast_head_json":{"title":"Se une PPA a la Quinta Jornada de Limpieza y Recuperaci\u00f3n de La Sabana de Chetumal - El Puuc Noticias","robots":{"index":"index","follow":"follow","max-snippet":"max-snippet:-1","max-image-preview":"max-image-preview:large","max-video-preview":"max-video-preview:-1"},"canonical":"https:\/\/elpuucnoticias.com\/?p=21331","og_locale":"es_ES","og_type":"article","og_title":"Se une PPA a la Quinta Jornada de Limpieza y Recuperaci\u00f3n de La Sabana de Chetumal - El Puuc Noticias","og_description":"En el marco del programa federal \u201cAdopta un R\u00edo\u201d, derivado del Acuerdo Nacional por el Derecho Humano al","og_url":"https:\/\/elpuucnoticias.com\/?p=21331","og_site_name":"El Puuc Noticias","article_published_time":"2025-09-30T17:51:52+00:00","og_image":[{"width":1280,"height":720,"url":"https:\/\/elpuucnoticias.com\/wp-content\/uploads\/2025\/09\/whatsapp-image-2025-09-26-at-14.20.53.jpeg","type":"image\/jpeg"}],"twitter_card":"summary_large_image","twitter_misc":{"Escrito por":"elpuucnoticias","Tiempo de lectura":"1 minuto"},"schema":{"@context":"https:\/\/schema.org","@graph":[{"@type":"WebSite","@id":"https:\/\/elpuucnoticias.com\/#website","url":"https:\/\/elpuucnoticias.com\/","name":"El Puuc Noticias","description":"Noticias - Entretenimiento - Deportes","potentialAction":[{"@type":"SearchAction","target":{"@type":"EntryPoint","urlTemplate":"https:\/\/elpuucnoticias.com\/?s={search_term_string}"},"query-input":"required name=search_term_string"}],"inLanguage":"es"},{"@type":"ImageObject","@id":"https:\/\/elpuucnoticias.com\/?p=21331#primaryimage","inLanguage":"es","url":"https:\/\/elpuucnoticias.com\/wp-content\/uploads\/2025\/09\/whatsapp-image-2025-09-26-at-14.20.53.jpeg","contentUrl":"https:\/\/elpuucnoticias.com\/wp-content\/uploads\/2025\/09\/whatsapp-image-2025-09-26-at-14.20.53.jpeg","width":1280,"height":720},{"@type":"WebPage","@id":"https:\/\/elpuucnoticias.com\/?p=21331#webpage","url":"https:\/\/elpuucnoticias.com\/?p=21331","name":"Se une PPA a la Quinta Jornada de Limpieza y Recuperaci\u00f3n de La Sabana de Chetumal - El Puuc Noticias","isPartOf":{"@id":"https:\/\/elpuucnoticias.com\/#website"},"primaryImageOfPage":{"@id":"https:\/\/elpuucnoticias.com\/?p=21331#primaryimage"},"datePublished":"2025-09-30T17:51:52+00:00","dateModified":"2025-09-30T17:51:52+00:00","author":{"@id":"https:\/\/elpuucnoticias.com\/#\/schema\/person\/d2ea09e4c97f0160b11cdfb1d856bd9e"},"breadcrumb":{"@id":"https:\/\/elpuucnoticias.com\/?p=21331#breadcrumb"},"inLanguage":"es","potentialAction":[{"@type":"ReadAction","target":["https:\/\/elpuucnoticias.com\/?p=21331"]}]},{"@type":"BreadcrumbList","@id":"https:\/\/elpuucnoticias.com\/?p=21331#breadcrumb","itemListElement":[{"@type":"ListItem","position":1,"name":"Portada","item":"https:\/\/elpuucnoticias.com\/"},{"@type":"ListItem","position":2,"name":"Se une PPA a la Quinta Jornada de Limpieza y Recuperaci\u00f3n de La Sabana de Chetumal"}]},{"@type":"Person","@id":"https:\/\/elpuucnoticias.com\/#\/schema\/person\/d2ea09e4c97f0160b11cdfb1d856bd9e","name":"elpuucnoticias","image":{"@type":"ImageObject","@id":"https:\/\/elpuucnoticias.com\/#personlogo","inLanguage":"es","url":"https:\/\/secure.gravatar.com\/avatar\/5290a43657c74ffa15701dbe5b846bd85cc71930d803c84e91046a7333de6ce2?s=96&d=mm&r=g","contentUrl":"https:\/\/secure.gravatar.com\/avatar\/5290a43657c74ffa15701dbe5b846bd85cc71930d803c84e91046a7333de6ce2?s=96&d=mm&r=g","caption":"elpuucnoticias"},"sameAs":["https:\/\/elpuucnoticias.com"],"url":"https:\/\/elpuucnoticias.com\/?author=1"}]}},"_links":{"self":[{"href":"https:\/\/elpuucnoticias.com\/index.php?rest_route=\/wp\/v2\/posts\/21331","targetHints":{"allow":["GET"]}}],"collection":[{"href":"https:\/\/elpuucnoticias.com\/index.php?rest_route=\/wp\/v2\/posts"}],"about":[{"href":"https:\/\/elpuucnoticias.com\/index.php?rest_route=\/wp\/v2\/types\/post"}],"author":[{"embeddable":true,"href":"https:\/\/elpuucnoticias.com\/index.php?rest_route=\/wp\/v2\/users\/1"}],"replies":[{"embeddable":true,"href":"https:\/\/elpuucnoticias.com\/index.php?rest_route=%2Fwp%2Fv2%2Fcomments&post=21331"}],"version-history":[{"count":1,"href":"https:\/\/elpuucnoticias.com\/index.php?rest_route=\/wp\/v2\/posts\/21331\/revisions"}],"predecessor-version":[{"id":21333,"href":"https:\/\/elpuucnoticias.com\/index.php?rest_route=\/wp\/v2\/posts\/21331\/revisions\/21333"}],"wp:featuredmedia":[{"embeddable":true,"href":"https:\/\/elpuucnoticias.com\/index.php?rest_route=\/wp\/v2\/media\/21332"}],"wp:attachment":[{"href":"https:\/\/elpuucnoticias.com\/index.php?rest_route=%2Fwp%2Fv2%2Fmedia&parent=21331"}],"wp:term":[{"taxonomy":"category","embeddable":true,"href":"https:\/\/elpuucnoticias.com\/index.php?rest_route=%2Fwp%2Fv2%2Fcategories&post=21331"},{"taxonomy":"post_tag","embeddable":true,"href":"https:\/\/elpuucnoticias.com\/index.php?rest_route=%2Fwp%2Fv2%2Ftags&post=21331"}],"curies":[{"name":"wp","href":"https:\/\/api.w.org\/{rel}","templated":true}]}}