{"id":21334,"date":"2025-09-30T11:56:19","date_gmt":"2025-09-30T17:56:19","guid":{"rendered":"https:\/\/elpuucnoticias.com\/?p=21334"},"modified":"2025-09-30T11:56:19","modified_gmt":"2025-09-30T17:56:19","slug":"quintana-roo-celebra-el-dia-mundial-del-turismo-con-un-modelo-comunitario-que-transforma-vidas","status":"publish","type":"post","link":"https:\/\/elpuucnoticias.com\/?p=21334","title":{"rendered":"Quintana Roo celebra el D\u00eda Mundial del Turismo con un modelo comunitario que transforma vidas"},"content":{"rendered":"\n<p>En el D\u00eda Mundial del Turismo que se celebra este 27 de septiembre, la gobernadora Mara Lezama Espinosa anunci\u00f3 que el Premio Estatal de Turismo 2025 es para la empresa comunitaria Community Tours Sian Ka\u2019an, la cual se distingue por desarrollar la actividad tur\u00edstica, de base comunitaria, bajo un modelo de regeneraci\u00f3n social y tambi\u00e9n ambiental.<\/p>\n\n\n\n<figure class=\"wp-block-image is-style-default\"><a href=\"https:\/\/cgc.qroo.gob.mx\/cjg\/wp-content\/uploads\/2025\/09\/8e8d2810-e982-428a-97f7-b79888155a8b-1.jpg\"><img decoding=\"async\" src=\"https:\/\/cgc.qroo.gob.mx\/cjg\/wp-content\/uploads\/2025\/09\/8e8d2810-e982-428a-97f7-b79888155a8b-1-585x390.jpg\" alt=\"\" title=\"8e8d2810-e982-428a-97f7-b79888155a8b\"\/><\/a><\/figure>\n\n\n\n<figure class=\"wp-block-image is-style-default\"><a href=\"https:\/\/cgc.qroo.gob.mx\/cjg\/wp-content\/uploads\/2025\/09\/6f9f3156-0bd0-49ee-9282-78656bd7876f.jpg\"><img decoding=\"async\" src=\"https:\/\/cgc.qroo.gob.mx\/cjg\/wp-content\/uploads\/2025\/09\/6f9f3156-0bd0-49ee-9282-78656bd7876f-585x390.jpg\" alt=\"\" title=\"6f9f3156-0bd0-49ee-9282-78656bd7876f\"\/><\/a><\/figure>\n\n\n\n<p>La gobernadora enfatiz\u00f3 que el turismo en Quintana Roo es mucho m\u00e1s que un viaje. \u201cEs el abrazo de bienvenida, la mesa que se comparte, la cultura viva que abre sus puertas; cada visitante se lleva recuerdos, pero tambi\u00e9n deja esperanza y oportunidades para nuestra gente\u201d expres\u00f3.<\/p>\n\n\n\n<figure class=\"wp-block-image is-style-default\"><a href=\"https:\/\/cgc.qroo.gob.mx\/cjg\/wp-content\/uploads\/2025\/09\/9e139524-2d1b-4ee3-b247-bde5376c417a.jpg\"><img decoding=\"async\" src=\"https:\/\/cgc.qroo.gob.mx\/cjg\/wp-content\/uploads\/2025\/09\/9e139524-2d1b-4ee3-b247-bde5376c417a-585x390.jpg\" alt=\"\" title=\"9e139524-2d1b-4ee3-b247-bde5376c417a\"\/><\/a><\/figure>\n\n\n\n<figure class=\"wp-block-image is-style-default\"><a href=\"https:\/\/cgc.qroo.gob.mx\/cjg\/wp-content\/uploads\/2025\/09\/22e7a594-f546-4397-a2a7-1a61ec195941.jpg\"><img decoding=\"async\" src=\"https:\/\/cgc.qroo.gob.mx\/cjg\/wp-content\/uploads\/2025\/09\/22e7a594-f546-4397-a2a7-1a61ec195941-585x390.jpg\" alt=\"\" title=\"22e7a594-f546-4397-a2a7-1a61ec195941\"\/><\/a><\/figure>\n\n\n\n<p>Este a\u00f1o, a\u00f1adi\u00f3, la ONU Turismo nos invita a reflexionar con el lema turismo y transformaci\u00f3n sostenible. En Quintana Roo lo vivimos cada d\u00eda cuando protegemos nuestros mares y selvas, cuando fortalecemos nuestras comunidades mayas, cuando celebramos la gastronom\u00eda que nos da identidad y cuando generamos oportunidades para nuestra gente. Aqu\u00ed el turismo significa transformar vidas.<\/p>\n\n\n\n<figure class=\"wp-block-image is-style-default\"><a href=\"https:\/\/cgc.qroo.gob.mx\/cjg\/wp-content\/uploads\/2025\/09\/142c9a1e-95aa-4260-bad8-7553086cd0d3.jpg\"><img decoding=\"async\" src=\"https:\/\/cgc.qroo.gob.mx\/cjg\/wp-content\/uploads\/2025\/09\/142c9a1e-95aa-4260-bad8-7553086cd0d3-585x390.jpg\" alt=\"\" title=\"142c9a1e-95aa-4260-bad8-7553086cd0d3\"\/><\/a><\/figure>\n\n\n\n<figure class=\"wp-block-image is-style-default\"><a href=\"https:\/\/cgc.qroo.gob.mx\/cjg\/wp-content\/uploads\/2025\/09\/883fde56-3c45-4ee0-9b2e-11c57885fd04.jpg\"><img decoding=\"async\" src=\"https:\/\/cgc.qroo.gob.mx\/cjg\/wp-content\/uploads\/2025\/09\/883fde56-3c45-4ee0-9b2e-11c57885fd04-585x390.jpg\" alt=\"\" title=\"883fde56-3c45-4ee0-9b2e-11c57885fd04\"\/><\/a><\/figure>\n\n\n\n<p>Durante un mensaje emitido para conmemorar la fecha, la titular del Ejecutivo destac\u00f3 que el Caribe Mexicano, pionero en M\u00e9xico en turismo comunitario, late gracias a miles de mujeres y hombres que hacen posible cada experiencia. \u201cDesde quienes los reciben en un hotel, cocinan un platillo, gu\u00edan un recorrido o cuidan nuestras playas; todos forman parte de esta gran cadena de valor que transforma vidas y nos convierte en l\u00edderes del turismo mundial\u201d dijo.<\/p>\n\n\n\n<figure class=\"wp-block-image is-style-default\"><a href=\"https:\/\/cgc.qroo.gob.mx\/cjg\/wp-content\/uploads\/2025\/09\/5877f6df-f14f-430e-98a0-bba8549f60d1.jpg\"><img decoding=\"async\" src=\"https:\/\/cgc.qroo.gob.mx\/cjg\/wp-content\/uploads\/2025\/09\/5877f6df-f14f-430e-98a0-bba8549f60d1-585x390.jpg\" alt=\"\" title=\"5877f6df-f14f-430e-98a0-bba8549f60d1\"\/><\/a><\/figure>\n\n\n\n<figure class=\"wp-block-image is-style-default\"><a href=\"https:\/\/cgc.qroo.gob.mx\/cjg\/wp-content\/uploads\/2025\/09\/a540e60c-12e2-4f37-a7d0-afcbee91b9df.jpg\"><img decoding=\"async\" src=\"https:\/\/cgc.qroo.gob.mx\/cjg\/wp-content\/uploads\/2025\/09\/a540e60c-12e2-4f37-a7d0-afcbee91b9df-585x390.jpg\" alt=\"\" title=\"a540e60c-12e2-4f37-a7d0-afcbee91b9df\"\/><\/a><\/figure>\n\n\n\n<p>La gobernadora Mara Lezama asegur\u00f3 que con nuestro cat\u00e1logo de experiencias tur\u00edsticas \u201chacemos a las comunidades actores y parte de nuestro \u00e9xito tur\u00edstico en Quintana Roo\u201d.<\/p>\n\n\n\n<figure class=\"wp-block-image is-style-default\"><a href=\"https:\/\/cgc.qroo.gob.mx\/cjg\/wp-content\/uploads\/2025\/09\/ce0e69a7-1fed-48e5-a080-7b039109d1d2.jpg\"><img decoding=\"async\" src=\"https:\/\/cgc.qroo.gob.mx\/cjg\/wp-content\/uploads\/2025\/09\/ce0e69a7-1fed-48e5-a080-7b039109d1d2-585x390.jpg\" alt=\"\" title=\"ce0e69a7-1fed-48e5-a080-7b039109d1d2\"\/><\/a><\/figure>\n\n\n\n<p>Mara Lezama agradeci\u00f3 a todas y todos los que hacen posible que Quintana Roo sea el orgullo de M\u00e9xico y del mundo. \u201cSomos un destino con visi\u00f3n de largo plazo y compromiso por la sustentabilidad y competitividad. Seguimos construyendo un turismo con prosperidad compartida. \u00a1Celebremos el D\u00eda Mundial del Turismo desde aqu\u00ed, desde este para\u00edso del Caribe Mexicano!\u201d invit\u00f3.<\/p>\n\n\n\n<p><\/p>\n\n\n\n<p><\/p>\n","protected":false},"excerpt":{"rendered":"<p>En el D\u00eda Mundial del Turismo que se celebra este 27 de septiembre, la gobernadora Mara Lezama Espinosa<\/p>\n","protected":false},"author":1,"featured_media":21336,"comment_status":"closed","ping_status":"open","sticky":false,"template":"","format":"standard","meta":{"_monsterinsights_skip_tracking":false,"_monsterinsights_sitenote_active":false,"_monsterinsights_sitenote_note":"","_monsterinsights_sitenote_category":0,"footnotes":""},"categories":[11,24],"tags":[],"class_list":["post-21334","post","type-post","status-publish","format-standard","has-post-thumbnail","hentry","category-noticias","category-quintana-roo"],"yoast_head":"<!-- This site is optimized with the Yoast SEO plugin v18.3 - https:\/\/yoast.com\/wordpress\/plugins\/seo\/ -->\n<title>Quintana Roo celebra el D\u00eda Mundial del Turismo con un modelo comunitario que transforma vidas - El Puuc Noticias<\/title>\n<meta name=\"robots\" content=\"index, follow, max-snippet:-1, max-image-preview:large, max-video-preview:-1\" \/>\n<link rel=\"canonical\" href=\"https:\/\/elpuucnoticias.com\/?p=21334\" \/>\n<meta property=\"og:locale\" content=\"es_ES\" \/>\n<meta property=\"og:type\" content=\"article\" \/>\n<meta property=\"og:title\" content=\"Quintana Roo celebra el D\u00eda Mundial del Turismo con un modelo comunitario que transforma vidas - El Puuc Noticias\" \/>\n<meta property=\"og:description\" content=\"En el D\u00eda Mundial del Turismo que se celebra este 27 de septiembre, la gobernadora Mara Lezama Espinosa\" \/>\n<meta property=\"og:url\" content=\"https:\/\/elpuucnoticias.com\/?p=21334\" \/>\n<meta property=\"og:site_name\" content=\"El Puuc Noticias\" \/>\n<meta property=\"article:published_time\" content=\"2025-09-30T17:56:19+00:00\" \/>\n<meta property=\"og:image\" content=\"https:\/\/elpuucnoticias.com\/wp-content\/uploads\/2025\/09\/5877f6df-f14f-430e-98a0-bba8549f60d1.jpg\" \/>\n\t<meta property=\"og:image:width\" content=\"1280\" \/>\n\t<meta property=\"og:image:height\" content=\"853\" \/>\n\t<meta property=\"og:image:type\" content=\"image\/jpeg\" \/>\n<meta name=\"twitter:card\" content=\"summary_large_image\" \/>\n<meta name=\"twitter:label1\" content=\"Escrito por\" \/>\n\t<meta name=\"twitter:data1\" content=\"elpuucnoticias\" \/>\n\t<meta name=\"twitter:label2\" content=\"Tiempo de lectura\" \/>\n\t<meta name=\"twitter:data2\" content=\"2 minutos\" \/>\n<script type=\"application\/ld+json\" class=\"yoast-schema-graph\">{\"@context\":\"https:\/\/schema.org\",\"@graph\":[{\"@type\":\"WebSite\",\"@id\":\"https:\/\/elpuucnoticias.com\/#website\",\"url\":\"https:\/\/elpuucnoticias.com\/\",\"name\":\"El Puuc Noticias\",\"description\":\"Noticias - Entretenimiento - Deportes\",\"potentialAction\":[{\"@type\":\"SearchAction\",\"target\":{\"@type\":\"EntryPoint\",\"urlTemplate\":\"https:\/\/elpuucnoticias.com\/?s={search_term_string}\"},\"query-input\":\"required name=search_term_string\"}],\"inLanguage\":\"es\"},{\"@type\":\"ImageObject\",\"@id\":\"https:\/\/elpuucnoticias.com\/?p=21334#primaryimage\",\"inLanguage\":\"es\",\"url\":\"https:\/\/elpuucnoticias.com\/wp-content\/uploads\/2025\/09\/5877f6df-f14f-430e-98a0-bba8549f60d1.jpg\",\"contentUrl\":\"https:\/\/elpuucnoticias.com\/wp-content\/uploads\/2025\/09\/5877f6df-f14f-430e-98a0-bba8549f60d1.jpg\",\"width\":1280,\"height\":853},{\"@type\":\"WebPage\",\"@id\":\"https:\/\/elpuucnoticias.com\/?p=21334#webpage\",\"url\":\"https:\/\/elpuucnoticias.com\/?p=21334\",\"name\":\"Quintana Roo celebra el D\u00eda Mundial del Turismo con un modelo comunitario que transforma vidas - El Puuc Noticias\",\"isPartOf\":{\"@id\":\"https:\/\/elpuucnoticias.com\/#website\"},\"primaryImageOfPage\":{\"@id\":\"https:\/\/elpuucnoticias.com\/?p=21334#primaryimage\"},\"datePublished\":\"2025-09-30T17:56:19+00:00\",\"dateModified\":\"2025-09-30T17:56:19+00:00\",\"author\":{\"@id\":\"https:\/\/elpuucnoticias.com\/#\/schema\/person\/d2ea09e4c97f0160b11cdfb1d856bd9e\"},\"breadcrumb\":{\"@id\":\"https:\/\/elpuucnoticias.com\/?p=21334#breadcrumb\"},\"inLanguage\":\"es\",\"potentialAction\":[{\"@type\":\"ReadAction\",\"target\":[\"https:\/\/elpuucnoticias.com\/?p=21334\"]}]},{\"@type\":\"BreadcrumbList\",\"@id\":\"https:\/\/elpuucnoticias.com\/?p=21334#breadcrumb\",\"itemListElement\":[{\"@type\":\"ListItem\",\"position\":1,\"name\":\"Portada\",\"item\":\"https:\/\/elpuucnoticias.com\/\"},{\"@type\":\"ListItem\",\"position\":2,\"name\":\"Quintana Roo celebra el D\u00eda Mundial del Turismo con un modelo comunitario que transforma vidas\"}]},{\"@type\":\"Person\",\"@id\":\"https:\/\/elpuucnoticias.com\/#\/schema\/person\/d2ea09e4c97f0160b11cdfb1d856bd9e\",\"name\":\"elpuucnoticias\",\"image\":{\"@type\":\"ImageObject\",\"@id\":\"https:\/\/elpuucnoticias.com\/#personlogo\",\"inLanguage\":\"es\",\"url\":\"https:\/\/secure.gravatar.com\/avatar\/5290a43657c74ffa15701dbe5b846bd85cc71930d803c84e91046a7333de6ce2?s=96&d=mm&r=g\",\"contentUrl\":\"https:\/\/secure.gravatar.com\/avatar\/5290a43657c74ffa15701dbe5b846bd85cc71930d803c84e91046a7333de6ce2?s=96&d=mm&r=g\",\"caption\":\"elpuucnoticias\"},\"sameAs\":[\"https:\/\/elpuucnoticias.com\"],\"url\":\"https:\/\/elpuucnoticias.com\/?author=1\"}]}<\/script>\n<!-- \/ Yoast SEO plugin. -->","yoast_head_json":{"title":"Quintana Roo celebra el D\u00eda Mundial del Turismo con un modelo comunitario que transforma vidas - El Puuc Noticias","robots":{"index":"index","follow":"follow","max-snippet":"max-snippet:-1","max-image-preview":"max-image-preview:large","max-video-preview":"max-video-preview:-1"},"canonical":"https:\/\/elpuucnoticias.com\/?p=21334","og_locale":"es_ES","og_type":"article","og_title":"Quintana Roo celebra el D\u00eda Mundial del Turismo con un modelo comunitario que transforma vidas - El Puuc Noticias","og_description":"En el D\u00eda Mundial del Turismo que se celebra este 27 de septiembre, la gobernadora Mara Lezama Espinosa","og_url":"https:\/\/elpuucnoticias.com\/?p=21334","og_site_name":"El Puuc Noticias","article_published_time":"2025-09-30T17:56:19+00:00","og_image":[{"width":1280,"height":853,"url":"https:\/\/elpuucnoticias.com\/wp-content\/uploads\/2025\/09\/5877f6df-f14f-430e-98a0-bba8549f60d1.jpg","type":"image\/jpeg"}],"twitter_card":"summary_large_image","twitter_misc":{"Escrito por":"elpuucnoticias","Tiempo de lectura":"2 minutos"},"schema":{"@context":"https:\/\/schema.org","@graph":[{"@type":"WebSite","@id":"https:\/\/elpuucnoticias.com\/#website","url":"https:\/\/elpuucnoticias.com\/","name":"El Puuc Noticias","description":"Noticias - Entretenimiento - Deportes","potentialAction":[{"@type":"SearchAction","target":{"@type":"EntryPoint","urlTemplate":"https:\/\/elpuucnoticias.com\/?s={search_term_string}"},"query-input":"required name=search_term_string"}],"inLanguage":"es"},{"@type":"ImageObject","@id":"https:\/\/elpuucnoticias.com\/?p=21334#primaryimage","inLanguage":"es","url":"https:\/\/elpuucnoticias.com\/wp-content\/uploads\/2025\/09\/5877f6df-f14f-430e-98a0-bba8549f60d1.jpg","contentUrl":"https:\/\/elpuucnoticias.com\/wp-content\/uploads\/2025\/09\/5877f6df-f14f-430e-98a0-bba8549f60d1.jpg","width":1280,"height":853},{"@type":"WebPage","@id":"https:\/\/elpuucnoticias.com\/?p=21334#webpage","url":"https:\/\/elpuucnoticias.com\/?p=21334","name":"Quintana Roo celebra el D\u00eda Mundial del Turismo con un modelo comunitario que transforma vidas - El Puuc Noticias","isPartOf":{"@id":"https:\/\/elpuucnoticias.com\/#website"},"primaryImageOfPage":{"@id":"https:\/\/elpuucnoticias.com\/?p=21334#primaryimage"},"datePublished":"2025-09-30T17:56:19+00:00","dateModified":"2025-09-30T17:56:19+00:00","author":{"@id":"https:\/\/elpuucnoticias.com\/#\/schema\/person\/d2ea09e4c97f0160b11cdfb1d856bd9e"},"breadcrumb":{"@id":"https:\/\/elpuucnoticias.com\/?p=21334#breadcrumb"},"inLanguage":"es","potentialAction":[{"@type":"ReadAction","target":["https:\/\/elpuucnoticias.com\/?p=21334"]}]},{"@type":"BreadcrumbList","@id":"https:\/\/elpuucnoticias.com\/?p=21334#breadcrumb","itemListElement":[{"@type":"ListItem","position":1,"name":"Portada","item":"https:\/\/elpuucnoticias.com\/"},{"@type":"ListItem","position":2,"name":"Quintana Roo celebra el D\u00eda Mundial del Turismo con un modelo comunitario que transforma vidas"}]},{"@type":"Person","@id":"https:\/\/elpuucnoticias.com\/#\/schema\/person\/d2ea09e4c97f0160b11cdfb1d856bd9e","name":"elpuucnoticias","image":{"@type":"ImageObject","@id":"https:\/\/elpuucnoticias.com\/#personlogo","inLanguage":"es","url":"https:\/\/secure.gravatar.com\/avatar\/5290a43657c74ffa15701dbe5b846bd85cc71930d803c84e91046a7333de6ce2?s=96&d=mm&r=g","contentUrl":"https:\/\/secure.gravatar.com\/avatar\/5290a43657c74ffa15701dbe5b846bd85cc71930d803c84e91046a7333de6ce2?s=96&d=mm&r=g","caption":"elpuucnoticias"},"sameAs":["https:\/\/elpuucnoticias.com"],"url":"https:\/\/elpuucnoticias.com\/?author=1"}]}},"_links":{"self":[{"href":"https:\/\/elpuucnoticias.com\/index.php?rest_route=\/wp\/v2\/posts\/21334","targetHints":{"allow":["GET"]}}],"collection":[{"href":"https:\/\/elpuucnoticias.com\/index.php?rest_route=\/wp\/v2\/posts"}],"about":[{"href":"https:\/\/elpuucnoticias.com\/index.php?rest_route=\/wp\/v2\/types\/post"}],"author":[{"embeddable":true,"href":"https:\/\/elpuucnoticias.com\/index.php?rest_route=\/wp\/v2\/users\/1"}],"replies":[{"embeddable":true,"href":"https:\/\/elpuucnoticias.com\/index.php?rest_route=%2Fwp%2Fv2%2Fcomments&post=21334"}],"version-history":[{"count":1,"href":"https:\/\/elpuucnoticias.com\/index.php?rest_route=\/wp\/v2\/posts\/21334\/revisions"}],"predecessor-version":[{"id":21337,"href":"https:\/\/elpuucnoticias.com\/index.php?rest_route=\/wp\/v2\/posts\/21334\/revisions\/21337"}],"wp:featuredmedia":[{"embeddable":true,"href":"https:\/\/elpuucnoticias.com\/index.php?rest_route=\/wp\/v2\/media\/21336"}],"wp:attachment":[{"href":"https:\/\/elpuucnoticias.com\/index.php?rest_route=%2Fwp%2Fv2%2Fmedia&parent=21334"}],"wp:term":[{"taxonomy":"category","embeddable":true,"href":"https:\/\/elpuucnoticias.com\/index.php?rest_route=%2Fwp%2Fv2%2Fcategories&post=21334"},{"taxonomy":"post_tag","embeddable":true,"href":"https:\/\/elpuucnoticias.com\/index.php?rest_route=%2Fwp%2Fv2%2Ftags&post=21334"}],"curies":[{"name":"wp","href":"https:\/\/api.w.org\/{rel}","templated":true}]}}