{"id":21338,"date":"2025-09-30T12:01:05","date_gmt":"2025-09-30T18:01:05","guid":{"rendered":"https:\/\/elpuucnoticias.com\/?p=21338"},"modified":"2025-09-30T12:01:05","modified_gmt":"2025-09-30T18:01:05","slug":"celebra-la-fundacion-de-parques-y-museos-de-cozumel-la-xxi-edicion-del-concurso-de-la-cancion-mexicana","status":"publish","type":"post","link":"https:\/\/elpuucnoticias.com\/?p=21338","title":{"rendered":"Celebra La Fundaci\u00f3n de Parques y Museos de Cozumel la XXI edici\u00f3n del Concurso de la Canci\u00f3n Mexicana"},"content":{"rendered":"\n<p>La Fundaci\u00f3n de Parques y Museos de Cozumel (FPMC) llev\u00f3 a cabo con gran \u00e9xito la XXI edici\u00f3n del Concurso de la Canci\u00f3n Mexicana, en el que participaron 19 ni\u00f1as, ni\u00f1os y j\u00f3venes en las categor\u00edas infantil y juvenil, quienes interpretaron piezas de reconocidos autores nacionales en el marco de las celebraciones del mes patrio.<\/p>\n\n\n\n<figure class=\"wp-block-image is-style-default\"><a href=\"https:\/\/cgc.qroo.gob.mx\/cjg\/wp-content\/uploads\/2025\/09\/66260738-a1a9-49c5-9b10-bbc8ee719af3.jpg\"><img decoding=\"async\" src=\"https:\/\/cgc.qroo.gob.mx\/cjg\/wp-content\/uploads\/2025\/09\/66260738-a1a9-49c5-9b10-bbc8ee719af3-585x390.jpg\" alt=\"\" title=\"66260738-a1a9-49c5-9b10-bbc8ee719af3\"\/><\/a><\/figure>\n\n\n\n<p>El evento, realizado en un ambiente festivo y familiar, se convirti\u00f3 en una plataforma para que las y los concursantes mostraran su talento vocal y rindieran homenaje a la riqueza musical de M\u00e9xico. El p\u00fablico disfrut\u00f3 de un espect\u00e1culo lleno de energ\u00eda, emoci\u00f3n y orgullo por las tradiciones mexicanas que tambi\u00e9n cont\u00f3 con la participaci\u00f3n del ballet folcl\u00f3rico \u201cPlaza del Sol\u201d.<\/p>\n\n\n\n<figure class=\"wp-block-image is-style-default\"><a href=\"https:\/\/cgc.qroo.gob.mx\/cjg\/wp-content\/uploads\/2025\/09\/8e8d2810-e982-428a-97f7-b79888155a8b.jpg\"><img decoding=\"async\" src=\"https:\/\/cgc.qroo.gob.mx\/cjg\/wp-content\/uploads\/2025\/09\/8e8d2810-e982-428a-97f7-b79888155a8b-585x390.jpg\" alt=\"\" title=\"8e8d2810-e982-428a-97f7-b79888155a8b\"\/><\/a><\/figure>\n\n\n\n<p>En la categor\u00eda infantil, de 6 a 11 a\u00f1os, los ganadores del XXI Concurso de la Canci\u00f3n Mexicana fueron Rogelio Adolfo Zavala Montalvo, quien obtuvo el primer lugar; Sof\u00eda Valentina D\u00edaz Hoil, el segundo; y Alina Giser Pool Reyes, en tercero. En tanto, en la categor\u00eda juvenil, de 12 a 15 a\u00f1os, el primer lugar fue para Loretta Navarro Cavazos; el segundo para Ana Isabel Mart\u00edn Montero; y el tercero para Ang\u00e9lica Guadalupe Herrera Ch\u00e9rrez.<\/p>\n\n\n\n<figure class=\"wp-block-image is-style-default\"><a href=\"https:\/\/cgc.qroo.gob.mx\/cjg\/wp-content\/uploads\/2025\/09\/13e6ca8f-b2ce-43a6-b1c9-385a1cac77ee.jpg\"><img decoding=\"async\" src=\"https:\/\/cgc.qroo.gob.mx\/cjg\/wp-content\/uploads\/2025\/09\/13e6ca8f-b2ce-43a6-b1c9-385a1cac77ee-585x390.jpg\" alt=\"\" title=\"13e6ca8f-b2ce-43a6-b1c9-385a1cac77ee\"\/><\/a><\/figure>\n\n\n\n<p>El jurado calificador estuvo integrado por la cantante Dafne Herrera Beltr\u00e1n, Juan Carlos Becerra Polanco y el maestro de m\u00fasica Ariel Jes\u00fas Burgos, quienes evaluaron aspectos como afinaci\u00f3n, entonaci\u00f3n, m\u00e9trica, dicci\u00f3n e interpretaci\u00f3n e hicieron entrega de reconocimientos a todas y todos los participantes.<\/p>\n\n\n\n<p>La directora de Pedagog\u00eda y Asistencia Social, Dianela Cervantes Chi, as\u00ed como Noem\u00ed Tun Celis fueron las encargadas de entregar los premios en efectivo a quienes ganaron los tres primeros lugares de cada categor\u00eda.<\/p>\n\n\n\n<p>La directora general de la FPMC, Juanita Alonso Marrufo, destac\u00f3 que este concurso fortalece el v\u00ednculo comunitario y responde a los principios del Nuevo Acuerdo por el Bienestar y Desarrollo de Quintana Roo, impulsado por la gobernadora Mara Lezama Espinosa.<\/p>\n\n\n\n<figure class=\"wp-block-image is-style-default\"><a href=\"https:\/\/cgc.qroo.gob.mx\/cjg\/wp-content\/uploads\/2025\/09\/7646bfaa-c980-4281-a16b-4bccd06dacf6.jpg\"><img decoding=\"async\" src=\"https:\/\/cgc.qroo.gob.mx\/cjg\/wp-content\/uploads\/2025\/09\/7646bfaa-c980-4281-a16b-4bccd06dacf6-585x390.jpg\" alt=\"\" title=\"7646bfaa-c980-4281-a16b-4bccd06dacf6\"\/><\/a><\/figure>\n\n\n\n<p>Subray\u00f3 que este modelo de gobierno incentiva la participaci\u00f3n ciudadana en actividades art\u00edsticas y recreativas, adem\u00e1s de generar espacios dignos para que ni\u00f1as, ni\u00f1os y j\u00f3venes puedan demostrar su talento y seguir desarroll\u00e1ndose.<\/p>\n\n\n\n<p>Con m\u00e1s de dos d\u00e9cadas de historia, el Concurso de la Canci\u00f3n Mexicana se ha consolidado como una de las tradiciones culturales en Cozumel, para promover el arte y fortalecer la identidad nacional.<\/p>\n","protected":false},"excerpt":{"rendered":"<p>La Fundaci\u00f3n de Parques y Museos de Cozumel (FPMC) llev\u00f3 a cabo con gran \u00e9xito la XXI edici\u00f3n<\/p>\n","protected":false},"author":1,"featured_media":21339,"comment_status":"closed","ping_status":"open","sticky":false,"template":"","format":"standard","meta":{"_monsterinsights_skip_tracking":false,"_monsterinsights_sitenote_active":false,"_monsterinsights_sitenote_note":"","_monsterinsights_sitenote_category":0,"footnotes":""},"categories":[11,24],"tags":[],"class_list":["post-21338","post","type-post","status-publish","format-standard","has-post-thumbnail","hentry","category-noticias","category-quintana-roo"],"yoast_head":"<!-- This site is optimized with the Yoast SEO plugin v18.3 - https:\/\/yoast.com\/wordpress\/plugins\/seo\/ -->\n<title>Celebra La Fundaci\u00f3n de Parques y Museos de Cozumel la XXI edici\u00f3n del Concurso de la Canci\u00f3n Mexicana - El Puuc Noticias<\/title>\n<meta name=\"robots\" content=\"index, follow, max-snippet:-1, max-image-preview:large, max-video-preview:-1\" \/>\n<link rel=\"canonical\" href=\"https:\/\/elpuucnoticias.com\/?p=21338\" \/>\n<meta property=\"og:locale\" content=\"es_ES\" \/>\n<meta property=\"og:type\" content=\"article\" \/>\n<meta property=\"og:title\" content=\"Celebra La Fundaci\u00f3n de Parques y Museos de Cozumel la XXI edici\u00f3n del Concurso de la Canci\u00f3n Mexicana - El Puuc Noticias\" \/>\n<meta property=\"og:description\" content=\"La Fundaci\u00f3n de Parques y Museos de Cozumel (FPMC) llev\u00f3 a cabo con gran \u00e9xito la XXI edici\u00f3n\" \/>\n<meta property=\"og:url\" content=\"https:\/\/elpuucnoticias.com\/?p=21338\" \/>\n<meta property=\"og:site_name\" content=\"El Puuc Noticias\" \/>\n<meta property=\"article:published_time\" content=\"2025-09-30T18:01:05+00:00\" \/>\n<meta property=\"og:image\" content=\"https:\/\/elpuucnoticias.com\/wp-content\/uploads\/2025\/09\/d7f4358e-179d-456d-a3b5-472726e34c0b.jpg\" \/>\n\t<meta property=\"og:image:width\" content=\"1280\" \/>\n\t<meta property=\"og:image:height\" content=\"853\" \/>\n\t<meta property=\"og:image:type\" content=\"image\/jpeg\" \/>\n<meta name=\"twitter:card\" content=\"summary_large_image\" \/>\n<meta name=\"twitter:label1\" content=\"Escrito por\" \/>\n\t<meta name=\"twitter:data1\" content=\"elpuucnoticias\" \/>\n\t<meta name=\"twitter:label2\" content=\"Tiempo de lectura\" \/>\n\t<meta name=\"twitter:data2\" content=\"2 minutos\" \/>\n<script type=\"application\/ld+json\" class=\"yoast-schema-graph\">{\"@context\":\"https:\/\/schema.org\",\"@graph\":[{\"@type\":\"WebSite\",\"@id\":\"https:\/\/elpuucnoticias.com\/#website\",\"url\":\"https:\/\/elpuucnoticias.com\/\",\"name\":\"El Puuc Noticias\",\"description\":\"Noticias - Entretenimiento - Deportes\",\"potentialAction\":[{\"@type\":\"SearchAction\",\"target\":{\"@type\":\"EntryPoint\",\"urlTemplate\":\"https:\/\/elpuucnoticias.com\/?s={search_term_string}\"},\"query-input\":\"required name=search_term_string\"}],\"inLanguage\":\"es\"},{\"@type\":\"ImageObject\",\"@id\":\"https:\/\/elpuucnoticias.com\/?p=21338#primaryimage\",\"inLanguage\":\"es\",\"url\":\"https:\/\/elpuucnoticias.com\/wp-content\/uploads\/2025\/09\/d7f4358e-179d-456d-a3b5-472726e34c0b.jpg\",\"contentUrl\":\"https:\/\/elpuucnoticias.com\/wp-content\/uploads\/2025\/09\/d7f4358e-179d-456d-a3b5-472726e34c0b.jpg\",\"width\":1280,\"height\":853},{\"@type\":\"WebPage\",\"@id\":\"https:\/\/elpuucnoticias.com\/?p=21338#webpage\",\"url\":\"https:\/\/elpuucnoticias.com\/?p=21338\",\"name\":\"Celebra La Fundaci\u00f3n de Parques y Museos de Cozumel la XXI edici\u00f3n del Concurso de la Canci\u00f3n Mexicana - El Puuc Noticias\",\"isPartOf\":{\"@id\":\"https:\/\/elpuucnoticias.com\/#website\"},\"primaryImageOfPage\":{\"@id\":\"https:\/\/elpuucnoticias.com\/?p=21338#primaryimage\"},\"datePublished\":\"2025-09-30T18:01:05+00:00\",\"dateModified\":\"2025-09-30T18:01:05+00:00\",\"author\":{\"@id\":\"https:\/\/elpuucnoticias.com\/#\/schema\/person\/d2ea09e4c97f0160b11cdfb1d856bd9e\"},\"breadcrumb\":{\"@id\":\"https:\/\/elpuucnoticias.com\/?p=21338#breadcrumb\"},\"inLanguage\":\"es\",\"potentialAction\":[{\"@type\":\"ReadAction\",\"target\":[\"https:\/\/elpuucnoticias.com\/?p=21338\"]}]},{\"@type\":\"BreadcrumbList\",\"@id\":\"https:\/\/elpuucnoticias.com\/?p=21338#breadcrumb\",\"itemListElement\":[{\"@type\":\"ListItem\",\"position\":1,\"name\":\"Portada\",\"item\":\"https:\/\/elpuucnoticias.com\/\"},{\"@type\":\"ListItem\",\"position\":2,\"name\":\"Celebra La Fundaci\u00f3n de Parques y Museos de Cozumel la XXI edici\u00f3n del Concurso de la Canci\u00f3n Mexicana\"}]},{\"@type\":\"Person\",\"@id\":\"https:\/\/elpuucnoticias.com\/#\/schema\/person\/d2ea09e4c97f0160b11cdfb1d856bd9e\",\"name\":\"elpuucnoticias\",\"image\":{\"@type\":\"ImageObject\",\"@id\":\"https:\/\/elpuucnoticias.com\/#personlogo\",\"inLanguage\":\"es\",\"url\":\"https:\/\/secure.gravatar.com\/avatar\/5290a43657c74ffa15701dbe5b846bd85cc71930d803c84e91046a7333de6ce2?s=96&d=mm&r=g\",\"contentUrl\":\"https:\/\/secure.gravatar.com\/avatar\/5290a43657c74ffa15701dbe5b846bd85cc71930d803c84e91046a7333de6ce2?s=96&d=mm&r=g\",\"caption\":\"elpuucnoticias\"},\"sameAs\":[\"https:\/\/elpuucnoticias.com\"],\"url\":\"https:\/\/elpuucnoticias.com\/?author=1\"}]}<\/script>\n<!-- \/ Yoast SEO plugin. -->","yoast_head_json":{"title":"Celebra La Fundaci\u00f3n de Parques y Museos de Cozumel la XXI edici\u00f3n del Concurso de la Canci\u00f3n Mexicana - El Puuc Noticias","robots":{"index":"index","follow":"follow","max-snippet":"max-snippet:-1","max-image-preview":"max-image-preview:large","max-video-preview":"max-video-preview:-1"},"canonical":"https:\/\/elpuucnoticias.com\/?p=21338","og_locale":"es_ES","og_type":"article","og_title":"Celebra La Fundaci\u00f3n de Parques y Museos de Cozumel la XXI edici\u00f3n del Concurso de la Canci\u00f3n Mexicana - El Puuc Noticias","og_description":"La Fundaci\u00f3n de Parques y Museos de Cozumel (FPMC) llev\u00f3 a cabo con gran \u00e9xito la XXI edici\u00f3n","og_url":"https:\/\/elpuucnoticias.com\/?p=21338","og_site_name":"El Puuc Noticias","article_published_time":"2025-09-30T18:01:05+00:00","og_image":[{"width":1280,"height":853,"url":"https:\/\/elpuucnoticias.com\/wp-content\/uploads\/2025\/09\/d7f4358e-179d-456d-a3b5-472726e34c0b.jpg","type":"image\/jpeg"}],"twitter_card":"summary_large_image","twitter_misc":{"Escrito por":"elpuucnoticias","Tiempo de lectura":"2 minutos"},"schema":{"@context":"https:\/\/schema.org","@graph":[{"@type":"WebSite","@id":"https:\/\/elpuucnoticias.com\/#website","url":"https:\/\/elpuucnoticias.com\/","name":"El Puuc Noticias","description":"Noticias - Entretenimiento - Deportes","potentialAction":[{"@type":"SearchAction","target":{"@type":"EntryPoint","urlTemplate":"https:\/\/elpuucnoticias.com\/?s={search_term_string}"},"query-input":"required name=search_term_string"}],"inLanguage":"es"},{"@type":"ImageObject","@id":"https:\/\/elpuucnoticias.com\/?p=21338#primaryimage","inLanguage":"es","url":"https:\/\/elpuucnoticias.com\/wp-content\/uploads\/2025\/09\/d7f4358e-179d-456d-a3b5-472726e34c0b.jpg","contentUrl":"https:\/\/elpuucnoticias.com\/wp-content\/uploads\/2025\/09\/d7f4358e-179d-456d-a3b5-472726e34c0b.jpg","width":1280,"height":853},{"@type":"WebPage","@id":"https:\/\/elpuucnoticias.com\/?p=21338#webpage","url":"https:\/\/elpuucnoticias.com\/?p=21338","name":"Celebra La Fundaci\u00f3n de Parques y Museos de Cozumel la XXI edici\u00f3n del Concurso de la Canci\u00f3n Mexicana - El Puuc Noticias","isPartOf":{"@id":"https:\/\/elpuucnoticias.com\/#website"},"primaryImageOfPage":{"@id":"https:\/\/elpuucnoticias.com\/?p=21338#primaryimage"},"datePublished":"2025-09-30T18:01:05+00:00","dateModified":"2025-09-30T18:01:05+00:00","author":{"@id":"https:\/\/elpuucnoticias.com\/#\/schema\/person\/d2ea09e4c97f0160b11cdfb1d856bd9e"},"breadcrumb":{"@id":"https:\/\/elpuucnoticias.com\/?p=21338#breadcrumb"},"inLanguage":"es","potentialAction":[{"@type":"ReadAction","target":["https:\/\/elpuucnoticias.com\/?p=21338"]}]},{"@type":"BreadcrumbList","@id":"https:\/\/elpuucnoticias.com\/?p=21338#breadcrumb","itemListElement":[{"@type":"ListItem","position":1,"name":"Portada","item":"https:\/\/elpuucnoticias.com\/"},{"@type":"ListItem","position":2,"name":"Celebra La Fundaci\u00f3n de Parques y Museos de Cozumel la XXI edici\u00f3n del Concurso de la Canci\u00f3n Mexicana"}]},{"@type":"Person","@id":"https:\/\/elpuucnoticias.com\/#\/schema\/person\/d2ea09e4c97f0160b11cdfb1d856bd9e","name":"elpuucnoticias","image":{"@type":"ImageObject","@id":"https:\/\/elpuucnoticias.com\/#personlogo","inLanguage":"es","url":"https:\/\/secure.gravatar.com\/avatar\/5290a43657c74ffa15701dbe5b846bd85cc71930d803c84e91046a7333de6ce2?s=96&d=mm&r=g","contentUrl":"https:\/\/secure.gravatar.com\/avatar\/5290a43657c74ffa15701dbe5b846bd85cc71930d803c84e91046a7333de6ce2?s=96&d=mm&r=g","caption":"elpuucnoticias"},"sameAs":["https:\/\/elpuucnoticias.com"],"url":"https:\/\/elpuucnoticias.com\/?author=1"}]}},"_links":{"self":[{"href":"https:\/\/elpuucnoticias.com\/index.php?rest_route=\/wp\/v2\/posts\/21338","targetHints":{"allow":["GET"]}}],"collection":[{"href":"https:\/\/elpuucnoticias.com\/index.php?rest_route=\/wp\/v2\/posts"}],"about":[{"href":"https:\/\/elpuucnoticias.com\/index.php?rest_route=\/wp\/v2\/types\/post"}],"author":[{"embeddable":true,"href":"https:\/\/elpuucnoticias.com\/index.php?rest_route=\/wp\/v2\/users\/1"}],"replies":[{"embeddable":true,"href":"https:\/\/elpuucnoticias.com\/index.php?rest_route=%2Fwp%2Fv2%2Fcomments&post=21338"}],"version-history":[{"count":1,"href":"https:\/\/elpuucnoticias.com\/index.php?rest_route=\/wp\/v2\/posts\/21338\/revisions"}],"predecessor-version":[{"id":21340,"href":"https:\/\/elpuucnoticias.com\/index.php?rest_route=\/wp\/v2\/posts\/21338\/revisions\/21340"}],"wp:featuredmedia":[{"embeddable":true,"href":"https:\/\/elpuucnoticias.com\/index.php?rest_route=\/wp\/v2\/media\/21339"}],"wp:attachment":[{"href":"https:\/\/elpuucnoticias.com\/index.php?rest_route=%2Fwp%2Fv2%2Fmedia&parent=21338"}],"wp:term":[{"taxonomy":"category","embeddable":true,"href":"https:\/\/elpuucnoticias.com\/index.php?rest_route=%2Fwp%2Fv2%2Fcategories&post=21338"},{"taxonomy":"post_tag","embeddable":true,"href":"https:\/\/elpuucnoticias.com\/index.php?rest_route=%2Fwp%2Fv2%2Ftags&post=21338"}],"curies":[{"name":"wp","href":"https:\/\/api.w.org\/{rel}","templated":true}]}}