{"id":21347,"date":"2025-09-30T12:14:25","date_gmt":"2025-09-30T18:14:25","guid":{"rendered":"https:\/\/elpuucnoticias.com\/?p=21347"},"modified":"2025-09-30T12:14:25","modified_gmt":"2025-09-30T18:14:25","slug":"celebra-la-fundacion-de-parques-y-museos-de-cozumel-su-tradicional-noche-de-baile-una-cana-al-aire-en-honor-a-san-miguel-arcangel","status":"publish","type":"post","link":"https:\/\/elpuucnoticias.com\/?p=21347","title":{"rendered":"Celebra la Fundaci\u00f3n de Parques y Museos de Cozumel su tradicional Noche de Baile \u201cUna Cana al Aire\u201d en honor a San Miguel Arc\u00e1ngel"},"content":{"rendered":"\n<p>La&nbsp;Fundaci\u00f3n de Parques y Museos de Cozumel (FPMC)&nbsp;llev\u00f3 a cabo una edici\u00f3n especial de su tradicional&nbsp;Noche de Baile \u201cUna Cana al Aire\u201d, dedicada a las festividades en honor a&nbsp;San Miguel Arc\u00e1ngel, santo patrono de la isla.<\/p>\n\n\n\n<figure class=\"wp-block-image is-style-default\"><a href=\"https:\/\/cgc.qroo.gob.mx\/cjg\/wp-content\/uploads\/2025\/09\/d362c01f-4ac4-468e-9463-473071968e3f.jpg\"><img decoding=\"async\" src=\"https:\/\/cgc.qroo.gob.mx\/cjg\/wp-content\/uploads\/2025\/09\/d362c01f-4ac4-468e-9463-473071968e3f-585x390.jpg\" alt=\"\" title=\"d362c01f-4ac4-468e-9463-473071968e3f\"\/><\/a><\/figure>\n\n\n\n<p>El evento, organizado por la&nbsp;Direcci\u00f3n de Pedagog\u00eda y Asistencia Social (PAS), inici\u00f3 con una&nbsp;vaquer\u00eda&nbsp;encabezada por la directora general de la instituci\u00f3n,&nbsp;Juanita Alonso Marrufo, quien agradeci\u00f3 la asistencia de la comunidad y destac\u00f3 la importancia de mantener vivas estas tradiciones que la FPMC ha promovido por m\u00e1s de 30 a\u00f1os.<\/p>\n\n\n\n<figure class=\"wp-block-image is-style-default\"><a href=\"https:\/\/cgc.qroo.gob.mx\/cjg\/wp-content\/uploads\/2025\/09\/4d6f83a7-074c-4ce9-a4cd-2fce71734c4f.jpg\"><img decoding=\"async\" src=\"https:\/\/cgc.qroo.gob.mx\/cjg\/wp-content\/uploads\/2025\/09\/4d6f83a7-074c-4ce9-a4cd-2fce71734c4f-585x390.jpg\" alt=\"\" title=\"4d6f83a7-074c-4ce9-a4cd-2fce71734c4f\"\/><\/a><\/figure>\n\n\n\n<p>La jornada fue engalanada por la participaci\u00f3n de las&nbsp;\u201cmestizas\u201d del taller de bailes latinos, que imparte la maestra&nbsp;Lupita Pant\u00ed, a quienes la directora reconoci\u00f3 por su entusiasmo y dedicaci\u00f3n al difundir la cultura y tradiciones a trav\u00e9s de la danza.<\/p>\n\n\n\n<figure class=\"wp-block-image is-style-default\"><a href=\"https:\/\/cgc.qroo.gob.mx\/cjg\/wp-content\/uploads\/2025\/09\/9dfe11a7-00be-45f7-894c-af17ef609fd6.jpg\"><img decoding=\"async\" src=\"https:\/\/cgc.qroo.gob.mx\/cjg\/wp-content\/uploads\/2025\/09\/9dfe11a7-00be-45f7-894c-af17ef609fd6-585x390.jpg\" alt=\"\" title=\"9dfe11a7-00be-45f7-894c-af17ef609fd6\"\/><\/a><\/figure>\n\n\n\n<p>Como cada mes, la explanada de la bandera se convirti\u00f3 en un espacio de convivencia familiar, donde las y los asistentes disfrutaron de antojitos, bebidas y, posteriormente, de la m\u00fasica en vivo del grupo&nbsp;\u201cSaborcito Tropical\u201d, que puso a bailar al p\u00fablico con sus variados ritmos.<\/p>\n\n\n\n<figure class=\"wp-block-image is-style-default\"><a href=\"https:\/\/cgc.qroo.gob.mx\/cjg\/wp-content\/uploads\/2025\/09\/38254db0-10de-4d3e-83a9-f1eaa412451b.jpg\"><img decoding=\"async\" src=\"https:\/\/cgc.qroo.gob.mx\/cjg\/wp-content\/uploads\/2025\/09\/38254db0-10de-4d3e-83a9-f1eaa412451b-585x390.jpg\" alt=\"\" title=\"38254db0-10de-4d3e-83a9-f1eaa412451b\"\/><\/a><\/figure>\n\n\n\n<p>El ambiente festivo tambi\u00e9n atrajo a visitantes, quienes dejaron de lado sus maletas para unirse a la celebraci\u00f3n a la orilla del mar, compartiendo momentos de alegr\u00eda y llev\u00e1ndose una experiencia \u00fanica de la cultura y tradiciones cozumele\u00f1as.<\/p>\n\n\n\n<p>Este encuentro comunitario se enmarca en el&nbsp;Nuevo Acuerdo por el Bienestar y Desarrollo de Quintana Roo, promovido por la gobernadora&nbsp;Mara Lezama Espinosa, que impulsa el fortalecimiento de la identidad cultural y la uni\u00f3n social como ejes del desarrollo tur\u00edstico y humano en la entidad.<\/p>\n","protected":false},"excerpt":{"rendered":"<p>La&nbsp;Fundaci\u00f3n de Parques y Museos de Cozumel (FPMC)&nbsp;llev\u00f3 a cabo una edici\u00f3n especial de su tradicional&nbsp;Noche de Baile<\/p>\n","protected":false},"author":1,"featured_media":21348,"comment_status":"closed","ping_status":"open","sticky":false,"template":"","format":"standard","meta":{"_monsterinsights_skip_tracking":false,"_monsterinsights_sitenote_active":false,"_monsterinsights_sitenote_note":"","_monsterinsights_sitenote_category":0,"footnotes":""},"categories":[11,24],"tags":[],"class_list":["post-21347","post","type-post","status-publish","format-standard","has-post-thumbnail","hentry","category-noticias","category-quintana-roo"],"yoast_head":"<!-- This site is optimized with the Yoast SEO plugin v18.3 - https:\/\/yoast.com\/wordpress\/plugins\/seo\/ -->\n<title>Celebra la Fundaci\u00f3n de Parques y Museos de Cozumel su tradicional Noche de Baile \u201cUna Cana al Aire\u201d en honor a San Miguel Arc\u00e1ngel - El Puuc Noticias<\/title>\n<meta name=\"robots\" content=\"index, follow, max-snippet:-1, max-image-preview:large, max-video-preview:-1\" \/>\n<link rel=\"canonical\" href=\"https:\/\/elpuucnoticias.com\/?p=21347\" \/>\n<meta property=\"og:locale\" content=\"es_ES\" \/>\n<meta property=\"og:type\" content=\"article\" \/>\n<meta property=\"og:title\" content=\"Celebra la Fundaci\u00f3n de Parques y Museos de Cozumel su tradicional Noche de Baile \u201cUna Cana al Aire\u201d en honor a San Miguel Arc\u00e1ngel - El Puuc Noticias\" \/>\n<meta property=\"og:description\" content=\"La&nbsp;Fundaci\u00f3n de Parques y Museos de Cozumel (FPMC)&nbsp;llev\u00f3 a cabo una edici\u00f3n especial de su tradicional&nbsp;Noche de Baile\" \/>\n<meta property=\"og:url\" content=\"https:\/\/elpuucnoticias.com\/?p=21347\" \/>\n<meta property=\"og:site_name\" content=\"El Puuc Noticias\" \/>\n<meta property=\"article:published_time\" content=\"2025-09-30T18:14:25+00:00\" \/>\n<meta property=\"og:image\" content=\"https:\/\/elpuucnoticias.com\/wp-content\/uploads\/2025\/09\/ed519a88-cc9b-4022-811f-d261114f9510.jpg\" \/>\n\t<meta property=\"og:image:width\" content=\"1280\" \/>\n\t<meta property=\"og:image:height\" content=\"853\" \/>\n\t<meta property=\"og:image:type\" content=\"image\/jpeg\" \/>\n<meta name=\"twitter:card\" content=\"summary_large_image\" \/>\n<meta name=\"twitter:label1\" content=\"Escrito por\" \/>\n\t<meta name=\"twitter:data1\" content=\"elpuucnoticias\" \/>\n\t<meta name=\"twitter:label2\" content=\"Tiempo de lectura\" \/>\n\t<meta name=\"twitter:data2\" content=\"1 minuto\" \/>\n<script type=\"application\/ld+json\" class=\"yoast-schema-graph\">{\"@context\":\"https:\/\/schema.org\",\"@graph\":[{\"@type\":\"WebSite\",\"@id\":\"https:\/\/elpuucnoticias.com\/#website\",\"url\":\"https:\/\/elpuucnoticias.com\/\",\"name\":\"El Puuc Noticias\",\"description\":\"Noticias - Entretenimiento - Deportes\",\"potentialAction\":[{\"@type\":\"SearchAction\",\"target\":{\"@type\":\"EntryPoint\",\"urlTemplate\":\"https:\/\/elpuucnoticias.com\/?s={search_term_string}\"},\"query-input\":\"required name=search_term_string\"}],\"inLanguage\":\"es\"},{\"@type\":\"ImageObject\",\"@id\":\"https:\/\/elpuucnoticias.com\/?p=21347#primaryimage\",\"inLanguage\":\"es\",\"url\":\"https:\/\/elpuucnoticias.com\/wp-content\/uploads\/2025\/09\/ed519a88-cc9b-4022-811f-d261114f9510.jpg\",\"contentUrl\":\"https:\/\/elpuucnoticias.com\/wp-content\/uploads\/2025\/09\/ed519a88-cc9b-4022-811f-d261114f9510.jpg\",\"width\":1280,\"height\":853},{\"@type\":\"WebPage\",\"@id\":\"https:\/\/elpuucnoticias.com\/?p=21347#webpage\",\"url\":\"https:\/\/elpuucnoticias.com\/?p=21347\",\"name\":\"Celebra la Fundaci\u00f3n de Parques y Museos de Cozumel su tradicional Noche de Baile \u201cUna Cana al Aire\u201d en honor a San Miguel Arc\u00e1ngel - El Puuc Noticias\",\"isPartOf\":{\"@id\":\"https:\/\/elpuucnoticias.com\/#website\"},\"primaryImageOfPage\":{\"@id\":\"https:\/\/elpuucnoticias.com\/?p=21347#primaryimage\"},\"datePublished\":\"2025-09-30T18:14:25+00:00\",\"dateModified\":\"2025-09-30T18:14:25+00:00\",\"author\":{\"@id\":\"https:\/\/elpuucnoticias.com\/#\/schema\/person\/d2ea09e4c97f0160b11cdfb1d856bd9e\"},\"breadcrumb\":{\"@id\":\"https:\/\/elpuucnoticias.com\/?p=21347#breadcrumb\"},\"inLanguage\":\"es\",\"potentialAction\":[{\"@type\":\"ReadAction\",\"target\":[\"https:\/\/elpuucnoticias.com\/?p=21347\"]}]},{\"@type\":\"BreadcrumbList\",\"@id\":\"https:\/\/elpuucnoticias.com\/?p=21347#breadcrumb\",\"itemListElement\":[{\"@type\":\"ListItem\",\"position\":1,\"name\":\"Portada\",\"item\":\"https:\/\/elpuucnoticias.com\/\"},{\"@type\":\"ListItem\",\"position\":2,\"name\":\"Celebra la Fundaci\u00f3n de Parques y Museos de Cozumel su tradicional Noche de Baile \u201cUna Cana al Aire\u201d en honor a San Miguel Arc\u00e1ngel\"}]},{\"@type\":\"Person\",\"@id\":\"https:\/\/elpuucnoticias.com\/#\/schema\/person\/d2ea09e4c97f0160b11cdfb1d856bd9e\",\"name\":\"elpuucnoticias\",\"image\":{\"@type\":\"ImageObject\",\"@id\":\"https:\/\/elpuucnoticias.com\/#personlogo\",\"inLanguage\":\"es\",\"url\":\"https:\/\/secure.gravatar.com\/avatar\/5290a43657c74ffa15701dbe5b846bd85cc71930d803c84e91046a7333de6ce2?s=96&d=mm&r=g\",\"contentUrl\":\"https:\/\/secure.gravatar.com\/avatar\/5290a43657c74ffa15701dbe5b846bd85cc71930d803c84e91046a7333de6ce2?s=96&d=mm&r=g\",\"caption\":\"elpuucnoticias\"},\"sameAs\":[\"https:\/\/elpuucnoticias.com\"],\"url\":\"https:\/\/elpuucnoticias.com\/?author=1\"}]}<\/script>\n<!-- \/ Yoast SEO plugin. -->","yoast_head_json":{"title":"Celebra la Fundaci\u00f3n de Parques y Museos de Cozumel su tradicional Noche de Baile \u201cUna Cana al Aire\u201d en honor a San Miguel Arc\u00e1ngel - El Puuc Noticias","robots":{"index":"index","follow":"follow","max-snippet":"max-snippet:-1","max-image-preview":"max-image-preview:large","max-video-preview":"max-video-preview:-1"},"canonical":"https:\/\/elpuucnoticias.com\/?p=21347","og_locale":"es_ES","og_type":"article","og_title":"Celebra la Fundaci\u00f3n de Parques y Museos de Cozumel su tradicional Noche de Baile \u201cUna Cana al Aire\u201d en honor a San Miguel Arc\u00e1ngel - El Puuc Noticias","og_description":"La&nbsp;Fundaci\u00f3n de Parques y Museos de Cozumel (FPMC)&nbsp;llev\u00f3 a cabo una edici\u00f3n especial de su tradicional&nbsp;Noche de Baile","og_url":"https:\/\/elpuucnoticias.com\/?p=21347","og_site_name":"El Puuc Noticias","article_published_time":"2025-09-30T18:14:25+00:00","og_image":[{"width":1280,"height":853,"url":"https:\/\/elpuucnoticias.com\/wp-content\/uploads\/2025\/09\/ed519a88-cc9b-4022-811f-d261114f9510.jpg","type":"image\/jpeg"}],"twitter_card":"summary_large_image","twitter_misc":{"Escrito por":"elpuucnoticias","Tiempo de lectura":"1 minuto"},"schema":{"@context":"https:\/\/schema.org","@graph":[{"@type":"WebSite","@id":"https:\/\/elpuucnoticias.com\/#website","url":"https:\/\/elpuucnoticias.com\/","name":"El Puuc Noticias","description":"Noticias - Entretenimiento - Deportes","potentialAction":[{"@type":"SearchAction","target":{"@type":"EntryPoint","urlTemplate":"https:\/\/elpuucnoticias.com\/?s={search_term_string}"},"query-input":"required name=search_term_string"}],"inLanguage":"es"},{"@type":"ImageObject","@id":"https:\/\/elpuucnoticias.com\/?p=21347#primaryimage","inLanguage":"es","url":"https:\/\/elpuucnoticias.com\/wp-content\/uploads\/2025\/09\/ed519a88-cc9b-4022-811f-d261114f9510.jpg","contentUrl":"https:\/\/elpuucnoticias.com\/wp-content\/uploads\/2025\/09\/ed519a88-cc9b-4022-811f-d261114f9510.jpg","width":1280,"height":853},{"@type":"WebPage","@id":"https:\/\/elpuucnoticias.com\/?p=21347#webpage","url":"https:\/\/elpuucnoticias.com\/?p=21347","name":"Celebra la Fundaci\u00f3n de Parques y Museos de Cozumel su tradicional Noche de Baile \u201cUna Cana al Aire\u201d en honor a San Miguel Arc\u00e1ngel - El Puuc Noticias","isPartOf":{"@id":"https:\/\/elpuucnoticias.com\/#website"},"primaryImageOfPage":{"@id":"https:\/\/elpuucnoticias.com\/?p=21347#primaryimage"},"datePublished":"2025-09-30T18:14:25+00:00","dateModified":"2025-09-30T18:14:25+00:00","author":{"@id":"https:\/\/elpuucnoticias.com\/#\/schema\/person\/d2ea09e4c97f0160b11cdfb1d856bd9e"},"breadcrumb":{"@id":"https:\/\/elpuucnoticias.com\/?p=21347#breadcrumb"},"inLanguage":"es","potentialAction":[{"@type":"ReadAction","target":["https:\/\/elpuucnoticias.com\/?p=21347"]}]},{"@type":"BreadcrumbList","@id":"https:\/\/elpuucnoticias.com\/?p=21347#breadcrumb","itemListElement":[{"@type":"ListItem","position":1,"name":"Portada","item":"https:\/\/elpuucnoticias.com\/"},{"@type":"ListItem","position":2,"name":"Celebra la Fundaci\u00f3n de Parques y Museos de Cozumel su tradicional Noche de Baile \u201cUna Cana al Aire\u201d en honor a San Miguel Arc\u00e1ngel"}]},{"@type":"Person","@id":"https:\/\/elpuucnoticias.com\/#\/schema\/person\/d2ea09e4c97f0160b11cdfb1d856bd9e","name":"elpuucnoticias","image":{"@type":"ImageObject","@id":"https:\/\/elpuucnoticias.com\/#personlogo","inLanguage":"es","url":"https:\/\/secure.gravatar.com\/avatar\/5290a43657c74ffa15701dbe5b846bd85cc71930d803c84e91046a7333de6ce2?s=96&d=mm&r=g","contentUrl":"https:\/\/secure.gravatar.com\/avatar\/5290a43657c74ffa15701dbe5b846bd85cc71930d803c84e91046a7333de6ce2?s=96&d=mm&r=g","caption":"elpuucnoticias"},"sameAs":["https:\/\/elpuucnoticias.com"],"url":"https:\/\/elpuucnoticias.com\/?author=1"}]}},"_links":{"self":[{"href":"https:\/\/elpuucnoticias.com\/index.php?rest_route=\/wp\/v2\/posts\/21347","targetHints":{"allow":["GET"]}}],"collection":[{"href":"https:\/\/elpuucnoticias.com\/index.php?rest_route=\/wp\/v2\/posts"}],"about":[{"href":"https:\/\/elpuucnoticias.com\/index.php?rest_route=\/wp\/v2\/types\/post"}],"author":[{"embeddable":true,"href":"https:\/\/elpuucnoticias.com\/index.php?rest_route=\/wp\/v2\/users\/1"}],"replies":[{"embeddable":true,"href":"https:\/\/elpuucnoticias.com\/index.php?rest_route=%2Fwp%2Fv2%2Fcomments&post=21347"}],"version-history":[{"count":1,"href":"https:\/\/elpuucnoticias.com\/index.php?rest_route=\/wp\/v2\/posts\/21347\/revisions"}],"predecessor-version":[{"id":21349,"href":"https:\/\/elpuucnoticias.com\/index.php?rest_route=\/wp\/v2\/posts\/21347\/revisions\/21349"}],"wp:featuredmedia":[{"embeddable":true,"href":"https:\/\/elpuucnoticias.com\/index.php?rest_route=\/wp\/v2\/media\/21348"}],"wp:attachment":[{"href":"https:\/\/elpuucnoticias.com\/index.php?rest_route=%2Fwp%2Fv2%2Fmedia&parent=21347"}],"wp:term":[{"taxonomy":"category","embeddable":true,"href":"https:\/\/elpuucnoticias.com\/index.php?rest_route=%2Fwp%2Fv2%2Fcategories&post=21347"},{"taxonomy":"post_tag","embeddable":true,"href":"https:\/\/elpuucnoticias.com\/index.php?rest_route=%2Fwp%2Fv2%2Ftags&post=21347"}],"curies":[{"name":"wp","href":"https:\/\/api.w.org\/{rel}","templated":true}]}}