{"id":21350,"date":"2025-09-30T12:18:13","date_gmt":"2025-09-30T18:18:13","guid":{"rendered":"https:\/\/elpuucnoticias.com\/?p=21350"},"modified":"2025-09-30T12:18:14","modified_gmt":"2025-09-30T18:18:14","slug":"arranca-hoy-la-nueva-ruta-sian-kaan-de-transporte-publico-en-la-capital-del-estado","status":"publish","type":"post","link":"https:\/\/elpuucnoticias.com\/?p=21350","title":{"rendered":"Arranca hoy la nueva Ruta Sian Ka\u2019an de transporte p\u00fablico en la capital del estado"},"content":{"rendered":"\n<p>Para devolverle el brillo y transformar el transporte p\u00fablico de la capital y en cumplimiento a las indicaciones de la gobernadora Mara Lezama Espinosa, el Instituto de Movilidad del Estado de Quintana Roo (IMOVEQROO) puso en marcha este lunes la Ruta Sian Ka\u2019an como parte del segundo plan piloto del Proyecto Tu Ruta Chetumal, con un servicio digno, seguro, inclusivo y eficiente.<\/p>\n\n\n\n<figure class=\"wp-block-image is-style-default\"><a href=\"https:\/\/cgc.qroo.gob.mx\/cjg\/wp-content\/uploads\/2025\/09\/WhatsApp-Image-2025-09-29-at-09.04.59.jpeg\"><img decoding=\"async\" src=\"https:\/\/cgc.qroo.gob.mx\/cjg\/wp-content\/uploads\/2025\/09\/WhatsApp-Image-2025-09-29-at-09.04.59-585x329.jpeg\" alt=\"\" title=\"WhatsApp Image 2025-09-29 at 09.04.59\"\/><\/a><\/figure>\n\n\n\n<p>El titular del IMOVEQROO Rafael Hern\u00e1ndez Kotasek, explic\u00f3 que con estas acciones, el gobierno humanista con coraz\u00f3n feminista que encabeza la gobernadora Mara Lezama Espinosa, se reafirma el compromiso de transformar la movilidad y lograr que Chetumal brille con un transporte p\u00fablico seguro, inclusivo y eficiente para las y los chetumale\u00f1os como se establece en el Nuevo Acuerdo por el Bienestar y Desarrollo de Quintana Roo.<\/p>\n\n\n\n<figure class=\"wp-block-image is-style-default\"><a href=\"https:\/\/cgc.qroo.gob.mx\/cjg\/wp-content\/uploads\/2025\/09\/WhatsApp-Image-2025-09-29-at-09.04.58-2.jpeg\"><img decoding=\"async\" src=\"https:\/\/cgc.qroo.gob.mx\/cjg\/wp-content\/uploads\/2025\/09\/WhatsApp-Image-2025-09-29-at-09.04.58-2-585x329.jpeg\" alt=\"\" title=\"WhatsApp Image 2025-09-29 at 09.04.58 (2)\"\/><\/a><\/figure>\n\n\n\n<p>Destac\u00f3 que esta ruta recorrer\u00e1 avenidas estrat\u00e9gicas como la Av. Constituyentes del 74, Av. Ju\u00e1rez, Av. Insurgentes entre otras, conectando con universidades, preparatorias, escuelas, centros de trabajo y zonas comerciales, su punto de retorno ser\u00e1 el Parque de Los Caimanes, donde har\u00e1 conexi\u00f3n con la Ruta Caribe.<\/p>\n\n\n\n<p>Asimismo explic\u00f3 que la Ruta Sian Ka\u2019an contar\u00e1 con un horario de 6:00 de la ma\u00f1ana a 10:00 de la noche de lunes a domingo e intervalos de paso de 15 a 20 minutos hasta el 5 de octubre, la ruta contar\u00e1 con servicio gratis.<\/p>\n\n\n\n<figure class=\"wp-block-image is-style-default\"><a href=\"https:\/\/cgc.qroo.gob.mx\/cjg\/wp-content\/uploads\/2025\/09\/WhatsApp-Image-2025-09-29-at-09.04.58.jpeg\"><img decoding=\"async\" src=\"https:\/\/cgc.qroo.gob.mx\/cjg\/wp-content\/uploads\/2025\/09\/WhatsApp-Image-2025-09-29-at-09.04.58-585x329.jpeg\" alt=\"\" title=\"WhatsApp Image 2025-09-29 at 09.04.58\"\/><\/a><\/figure>\n\n\n\n<p>En este contexto, el titular del IMOVEQROO expres\u00f3 que Ruta Caribe ha tenido una respuesta positiva: pues hasta el corte del 29 de septiembre se han transportado a m\u00e1s de 48 mil pasajeros, lo que refleja la confianza de la ciudadan\u00eda en este nuevo modelo de movilidad y se espera que con la llegada de la Ruta Sian Ka\u2019an, se rebasen las cifras.<\/p>\n\n\n\n<p>Para terminar, el titular del IMOVEQROO, Rafael Hern\u00e1ndez record\u00f3 que el plan estrat\u00e9gico de movilidad es un proceso en construcci\u00f3n: En 2026 estar\u00e1n en operaci\u00f3n las nuevas unidades definitivas; La ciudadan\u00eda podr\u00e1 opinar y contribuir para mejorar frecuencias, paraderos y calidad en el servicio.<\/p>\n","protected":false},"excerpt":{"rendered":"<p>Para devolverle el brillo y transformar el transporte p\u00fablico de la capital y en cumplimiento a las indicaciones<\/p>\n","protected":false},"author":1,"featured_media":21351,"comment_status":"closed","ping_status":"open","sticky":false,"template":"","format":"standard","meta":{"_monsterinsights_skip_tracking":false,"_monsterinsights_sitenote_active":false,"_monsterinsights_sitenote_note":"","_monsterinsights_sitenote_category":0,"footnotes":""},"categories":[11,24],"tags":[],"class_list":["post-21350","post","type-post","status-publish","format-standard","has-post-thumbnail","hentry","category-noticias","category-quintana-roo"],"yoast_head":"<!-- This site is optimized with the Yoast SEO plugin v18.3 - https:\/\/yoast.com\/wordpress\/plugins\/seo\/ -->\n<title>Arranca hoy la nueva Ruta Sian Ka\u2019an de transporte p\u00fablico en la capital del estado - El Puuc Noticias<\/title>\n<meta name=\"robots\" content=\"index, follow, max-snippet:-1, max-image-preview:large, max-video-preview:-1\" \/>\n<link rel=\"canonical\" href=\"https:\/\/elpuucnoticias.com\/?p=21350\" \/>\n<meta property=\"og:locale\" content=\"es_ES\" \/>\n<meta property=\"og:type\" content=\"article\" \/>\n<meta property=\"og:title\" content=\"Arranca hoy la nueva Ruta Sian Ka\u2019an de transporte p\u00fablico en la capital del estado - El Puuc Noticias\" \/>\n<meta property=\"og:description\" content=\"Para devolverle el brillo y transformar el transporte p\u00fablico de la capital y en cumplimiento a las indicaciones\" \/>\n<meta property=\"og:url\" content=\"https:\/\/elpuucnoticias.com\/?p=21350\" \/>\n<meta property=\"og:site_name\" content=\"El Puuc Noticias\" \/>\n<meta property=\"article:published_time\" content=\"2025-09-30T18:18:13+00:00\" \/>\n<meta property=\"article:modified_time\" content=\"2025-09-30T18:18:14+00:00\" \/>\n<meta property=\"og:image\" content=\"https:\/\/elpuucnoticias.com\/wp-content\/uploads\/2025\/09\/whatsapp-image-2025-09-29-at-09.04.58-1.jpeg\" \/>\n\t<meta property=\"og:image:width\" content=\"1280\" \/>\n\t<meta property=\"og:image:height\" content=\"740\" \/>\n\t<meta property=\"og:image:type\" content=\"image\/jpeg\" \/>\n<meta name=\"twitter:card\" content=\"summary_large_image\" \/>\n<meta name=\"twitter:label1\" content=\"Escrito por\" \/>\n\t<meta name=\"twitter:data1\" content=\"elpuucnoticias\" \/>\n\t<meta name=\"twitter:label2\" content=\"Tiempo de lectura\" \/>\n\t<meta name=\"twitter:data2\" content=\"2 minutos\" \/>\n<script type=\"application\/ld+json\" class=\"yoast-schema-graph\">{\"@context\":\"https:\/\/schema.org\",\"@graph\":[{\"@type\":\"WebSite\",\"@id\":\"https:\/\/elpuucnoticias.com\/#website\",\"url\":\"https:\/\/elpuucnoticias.com\/\",\"name\":\"El Puuc Noticias\",\"description\":\"Noticias - Entretenimiento - Deportes\",\"potentialAction\":[{\"@type\":\"SearchAction\",\"target\":{\"@type\":\"EntryPoint\",\"urlTemplate\":\"https:\/\/elpuucnoticias.com\/?s={search_term_string}\"},\"query-input\":\"required name=search_term_string\"}],\"inLanguage\":\"es\"},{\"@type\":\"ImageObject\",\"@id\":\"https:\/\/elpuucnoticias.com\/?p=21350#primaryimage\",\"inLanguage\":\"es\",\"url\":\"https:\/\/elpuucnoticias.com\/wp-content\/uploads\/2025\/09\/whatsapp-image-2025-09-29-at-09.04.58-1.jpeg\",\"contentUrl\":\"https:\/\/elpuucnoticias.com\/wp-content\/uploads\/2025\/09\/whatsapp-image-2025-09-29-at-09.04.58-1.jpeg\",\"width\":1280,\"height\":740},{\"@type\":\"WebPage\",\"@id\":\"https:\/\/elpuucnoticias.com\/?p=21350#webpage\",\"url\":\"https:\/\/elpuucnoticias.com\/?p=21350\",\"name\":\"Arranca hoy la nueva Ruta Sian Ka\u2019an de transporte p\u00fablico en la capital del estado - El Puuc Noticias\",\"isPartOf\":{\"@id\":\"https:\/\/elpuucnoticias.com\/#website\"},\"primaryImageOfPage\":{\"@id\":\"https:\/\/elpuucnoticias.com\/?p=21350#primaryimage\"},\"datePublished\":\"2025-09-30T18:18:13+00:00\",\"dateModified\":\"2025-09-30T18:18:14+00:00\",\"author\":{\"@id\":\"https:\/\/elpuucnoticias.com\/#\/schema\/person\/d2ea09e4c97f0160b11cdfb1d856bd9e\"},\"breadcrumb\":{\"@id\":\"https:\/\/elpuucnoticias.com\/?p=21350#breadcrumb\"},\"inLanguage\":\"es\",\"potentialAction\":[{\"@type\":\"ReadAction\",\"target\":[\"https:\/\/elpuucnoticias.com\/?p=21350\"]}]},{\"@type\":\"BreadcrumbList\",\"@id\":\"https:\/\/elpuucnoticias.com\/?p=21350#breadcrumb\",\"itemListElement\":[{\"@type\":\"ListItem\",\"position\":1,\"name\":\"Portada\",\"item\":\"https:\/\/elpuucnoticias.com\/\"},{\"@type\":\"ListItem\",\"position\":2,\"name\":\"Arranca hoy la nueva Ruta Sian Ka\u2019an de transporte p\u00fablico en la capital del estado\"}]},{\"@type\":\"Person\",\"@id\":\"https:\/\/elpuucnoticias.com\/#\/schema\/person\/d2ea09e4c97f0160b11cdfb1d856bd9e\",\"name\":\"elpuucnoticias\",\"image\":{\"@type\":\"ImageObject\",\"@id\":\"https:\/\/elpuucnoticias.com\/#personlogo\",\"inLanguage\":\"es\",\"url\":\"https:\/\/secure.gravatar.com\/avatar\/5290a43657c74ffa15701dbe5b846bd85cc71930d803c84e91046a7333de6ce2?s=96&d=mm&r=g\",\"contentUrl\":\"https:\/\/secure.gravatar.com\/avatar\/5290a43657c74ffa15701dbe5b846bd85cc71930d803c84e91046a7333de6ce2?s=96&d=mm&r=g\",\"caption\":\"elpuucnoticias\"},\"sameAs\":[\"https:\/\/elpuucnoticias.com\"],\"url\":\"https:\/\/elpuucnoticias.com\/?author=1\"}]}<\/script>\n<!-- \/ Yoast SEO plugin. -->","yoast_head_json":{"title":"Arranca hoy la nueva Ruta Sian Ka\u2019an de transporte p\u00fablico en la capital del estado - El Puuc Noticias","robots":{"index":"index","follow":"follow","max-snippet":"max-snippet:-1","max-image-preview":"max-image-preview:large","max-video-preview":"max-video-preview:-1"},"canonical":"https:\/\/elpuucnoticias.com\/?p=21350","og_locale":"es_ES","og_type":"article","og_title":"Arranca hoy la nueva Ruta Sian Ka\u2019an de transporte p\u00fablico en la capital del estado - El Puuc Noticias","og_description":"Para devolverle el brillo y transformar el transporte p\u00fablico de la capital y en cumplimiento a las indicaciones","og_url":"https:\/\/elpuucnoticias.com\/?p=21350","og_site_name":"El Puuc Noticias","article_published_time":"2025-09-30T18:18:13+00:00","article_modified_time":"2025-09-30T18:18:14+00:00","og_image":[{"width":1280,"height":740,"url":"https:\/\/elpuucnoticias.com\/wp-content\/uploads\/2025\/09\/whatsapp-image-2025-09-29-at-09.04.58-1.jpeg","type":"image\/jpeg"}],"twitter_card":"summary_large_image","twitter_misc":{"Escrito por":"elpuucnoticias","Tiempo de lectura":"2 minutos"},"schema":{"@context":"https:\/\/schema.org","@graph":[{"@type":"WebSite","@id":"https:\/\/elpuucnoticias.com\/#website","url":"https:\/\/elpuucnoticias.com\/","name":"El Puuc Noticias","description":"Noticias - Entretenimiento - Deportes","potentialAction":[{"@type":"SearchAction","target":{"@type":"EntryPoint","urlTemplate":"https:\/\/elpuucnoticias.com\/?s={search_term_string}"},"query-input":"required name=search_term_string"}],"inLanguage":"es"},{"@type":"ImageObject","@id":"https:\/\/elpuucnoticias.com\/?p=21350#primaryimage","inLanguage":"es","url":"https:\/\/elpuucnoticias.com\/wp-content\/uploads\/2025\/09\/whatsapp-image-2025-09-29-at-09.04.58-1.jpeg","contentUrl":"https:\/\/elpuucnoticias.com\/wp-content\/uploads\/2025\/09\/whatsapp-image-2025-09-29-at-09.04.58-1.jpeg","width":1280,"height":740},{"@type":"WebPage","@id":"https:\/\/elpuucnoticias.com\/?p=21350#webpage","url":"https:\/\/elpuucnoticias.com\/?p=21350","name":"Arranca hoy la nueva Ruta Sian Ka\u2019an de transporte p\u00fablico en la capital del estado - El Puuc Noticias","isPartOf":{"@id":"https:\/\/elpuucnoticias.com\/#website"},"primaryImageOfPage":{"@id":"https:\/\/elpuucnoticias.com\/?p=21350#primaryimage"},"datePublished":"2025-09-30T18:18:13+00:00","dateModified":"2025-09-30T18:18:14+00:00","author":{"@id":"https:\/\/elpuucnoticias.com\/#\/schema\/person\/d2ea09e4c97f0160b11cdfb1d856bd9e"},"breadcrumb":{"@id":"https:\/\/elpuucnoticias.com\/?p=21350#breadcrumb"},"inLanguage":"es","potentialAction":[{"@type":"ReadAction","target":["https:\/\/elpuucnoticias.com\/?p=21350"]}]},{"@type":"BreadcrumbList","@id":"https:\/\/elpuucnoticias.com\/?p=21350#breadcrumb","itemListElement":[{"@type":"ListItem","position":1,"name":"Portada","item":"https:\/\/elpuucnoticias.com\/"},{"@type":"ListItem","position":2,"name":"Arranca hoy la nueva Ruta Sian Ka\u2019an de transporte p\u00fablico en la capital del estado"}]},{"@type":"Person","@id":"https:\/\/elpuucnoticias.com\/#\/schema\/person\/d2ea09e4c97f0160b11cdfb1d856bd9e","name":"elpuucnoticias","image":{"@type":"ImageObject","@id":"https:\/\/elpuucnoticias.com\/#personlogo","inLanguage":"es","url":"https:\/\/secure.gravatar.com\/avatar\/5290a43657c74ffa15701dbe5b846bd85cc71930d803c84e91046a7333de6ce2?s=96&d=mm&r=g","contentUrl":"https:\/\/secure.gravatar.com\/avatar\/5290a43657c74ffa15701dbe5b846bd85cc71930d803c84e91046a7333de6ce2?s=96&d=mm&r=g","caption":"elpuucnoticias"},"sameAs":["https:\/\/elpuucnoticias.com"],"url":"https:\/\/elpuucnoticias.com\/?author=1"}]}},"_links":{"self":[{"href":"https:\/\/elpuucnoticias.com\/index.php?rest_route=\/wp\/v2\/posts\/21350","targetHints":{"allow":["GET"]}}],"collection":[{"href":"https:\/\/elpuucnoticias.com\/index.php?rest_route=\/wp\/v2\/posts"}],"about":[{"href":"https:\/\/elpuucnoticias.com\/index.php?rest_route=\/wp\/v2\/types\/post"}],"author":[{"embeddable":true,"href":"https:\/\/elpuucnoticias.com\/index.php?rest_route=\/wp\/v2\/users\/1"}],"replies":[{"embeddable":true,"href":"https:\/\/elpuucnoticias.com\/index.php?rest_route=%2Fwp%2Fv2%2Fcomments&post=21350"}],"version-history":[{"count":1,"href":"https:\/\/elpuucnoticias.com\/index.php?rest_route=\/wp\/v2\/posts\/21350\/revisions"}],"predecessor-version":[{"id":21352,"href":"https:\/\/elpuucnoticias.com\/index.php?rest_route=\/wp\/v2\/posts\/21350\/revisions\/21352"}],"wp:featuredmedia":[{"embeddable":true,"href":"https:\/\/elpuucnoticias.com\/index.php?rest_route=\/wp\/v2\/media\/21351"}],"wp:attachment":[{"href":"https:\/\/elpuucnoticias.com\/index.php?rest_route=%2Fwp%2Fv2%2Fmedia&parent=21350"}],"wp:term":[{"taxonomy":"category","embeddable":true,"href":"https:\/\/elpuucnoticias.com\/index.php?rest_route=%2Fwp%2Fv2%2Fcategories&post=21350"},{"taxonomy":"post_tag","embeddable":true,"href":"https:\/\/elpuucnoticias.com\/index.php?rest_route=%2Fwp%2Fv2%2Ftags&post=21350"}],"curies":[{"name":"wp","href":"https:\/\/api.w.org\/{rel}","templated":true}]}}