{"id":21353,"date":"2025-09-30T12:20:42","date_gmt":"2025-09-30T18:20:42","guid":{"rendered":"https:\/\/elpuucnoticias.com\/?p=21353"},"modified":"2025-09-30T12:20:42","modified_gmt":"2025-09-30T18:20:42","slug":"lanza-la-comision-del-deporte-de-quintana-roo-convocatoria-para-el-premio-estatal-del-deporte-2025-y-el-premio-a-la-excelencia-deportiva-2025","status":"publish","type":"post","link":"https:\/\/elpuucnoticias.com\/?p=21353","title":{"rendered":"Lanza la Comisi\u00f3n del Deporte de Quintana Roo convocatoria para el \u2018Premio Estatal del Deporte 2025\u2019 y el \u2018Premio a la Excelencia Deportiva 2025\u2019"},"content":{"rendered":"\n<p>Con el objetivo de reconocer a lo m\u00e1s destacado en el \u00e1mbito deportivo del estado, la Comisi\u00f3n del Deporte de Quintana Roo (CODEQ), a trav\u00e9s de su presidente Jacobo Arzate Hop, present\u00f3 la convocatoria para la elecci\u00f3n del \u201cPremio Estatal del Deporte 2025\u201d y el \u201cPremio a la Excelencia Deportiva 2025\u201d, reconocimientos que ser\u00e1n entregados por la gobernadora Mara Lezama Espinosa, el pr\u00f3ximo 20 de noviembre en el marco del Aniversario de la Revoluci\u00f3n Mexicana.<\/p>\n\n\n\n<figure class=\"wp-block-image is-style-default\"><a href=\"https:\/\/cgc.qroo.gob.mx\/cjg\/wp-content\/uploads\/2025\/09\/WhatsApp-Image-2025-09-29-at-14.39.20.jpeg\"><img decoding=\"async\" src=\"https:\/\/cgc.qroo.gob.mx\/cjg\/wp-content\/uploads\/2025\/09\/WhatsApp-Image-2025-09-29-at-14.39.20-585x391.jpeg\" alt=\"\" title=\"WhatsApp Image 2025-09-29 at 14.39.20\"\/><\/a><\/figure>\n\n\n\n<p>Tal como lo marca el Nuevo Acuerdo por el Bienestar y Desarrollo, las y los atletas de la entidad son prioridad, por eso es importante reconocer sus logros obtenidos durante un a\u00f1o de competencias y en ese sentido se lanz\u00f3 la convocatoria para el Premio Estatal del Deporte y, en esta ocasi\u00f3n, tambi\u00e9n se anunci\u00f3 el Premio a la Excelencia Deportiva 2025.<\/p>\n\n\n\n<figure class=\"wp-block-image is-style-default\"><a href=\"https:\/\/cgc.qroo.gob.mx\/cjg\/wp-content\/uploads\/2025\/09\/WhatsApp-Image-2025-09-29-at-14.39.19-1.jpeg\"><img decoding=\"async\" src=\"https:\/\/cgc.qroo.gob.mx\/cjg\/wp-content\/uploads\/2025\/09\/WhatsApp-Image-2025-09-29-at-14.39.19-1-585x391.jpeg\" alt=\"\" title=\"WhatsApp Image 2025-09-29 at 14.39.19 (1)\"\/><\/a><\/figure>\n\n\n\n<p>\u201cEstamos muy contentos y emocionados, porque como ya es una tradici\u00f3n, entramos en la \u00e9poca donde se va a reconocer a las y los atletas m\u00e1s destacados en un a\u00f1o de competencias y adem\u00e1s, estamos presentando un reconocimiento para las y los deportistas que en ediciones pasadas ya han sido ganadores del Premio Estatal del Deporte y siguen obteniendo logros deportivos, por eso otorgaremos el Premio a la Excelencia Deportiva\u201d, coment\u00f3 Jacobo Arzate.<\/p>\n\n\n\n<p>A\u00f1adi\u00f3: \u201cTenemos una gobernadora que le gusta mucho el deporte y siempre nos ha encomendado priorizar a las y los deportistas, entrenadores y todos aquellos entusiastas que se suman a la promoci\u00f3n deportiva en la entidad.\u201d<\/p>\n\n\n\n<p>Hablando sobre el Premio Estatal del Deporte, se confirm\u00f3 que se podr\u00e1n asignar hasta cinco ganadores tanto para el deporte convencional como para el deporte adaptado, dentro de las categor\u00edas: Deportista, Entrenador o Entrenadora, y Fomento, protecci\u00f3n o impulso a la pr\u00e1ctica de los deportes.<\/p>\n\n\n\n<figure class=\"wp-block-image is-style-default\"><a href=\"https:\/\/cgc.qroo.gob.mx\/cjg\/wp-content\/uploads\/2025\/09\/WhatsApp-Image-2025-09-29-at-14.39.19-2.jpeg\"><img decoding=\"async\" src=\"https:\/\/cgc.qroo.gob.mx\/cjg\/wp-content\/uploads\/2025\/09\/WhatsApp-Image-2025-09-29-at-14.39.19-2-585x391.jpeg\" alt=\"\" title=\"WhatsApp Image 2025-09-29 at 14.39.19 (2)\"\/><\/a><\/figure>\n\n\n\n<p>Se repartir\u00e1 entre los ganadores un monto de 110,000 pesos y ya podr\u00e1n hacer las postulaciones, destacando que la convocatoria cerrar\u00e1 el pr\u00f3ximo 15 de octubre a las 18:00 horas. La documentaci\u00f3n deber\u00e1 entregarse de forma f\u00edsica en las oficinas de la CODEQ con sede en Chetumal y en Canc\u00fan, adem\u00e1s de que podr\u00e1n hacer su registro a trav\u00e9s del Sistema del Registro del Deporte de Quintana Roo (REDQ).<\/p>\n\n\n\n<figure class=\"wp-block-image is-style-default\"><a href=\"https:\/\/cgc.qroo.gob.mx\/cjg\/wp-content\/uploads\/2025\/09\/WhatsApp-Image-2025-09-29-at-14.39.19-3.jpeg\"><img decoding=\"async\" src=\"https:\/\/cgc.qroo.gob.mx\/cjg\/wp-content\/uploads\/2025\/09\/WhatsApp-Image-2025-09-29-at-14.39.19-3-585x391.jpeg\" alt=\"\" title=\"WhatsApp Image 2025-09-29 at 14.39.19 (3)\"\/><\/a><\/figure>\n\n\n\n<p>Tambi\u00e9n se inform\u00f3 que la insaculaci\u00f3n del jurado se realizar\u00e1 el pr\u00f3ximo 22 de octubre ante notario p\u00fablico y posteriormente se llevar\u00e1 a cabo la evaluaci\u00f3n de las candidaturas para dar a conocer a los ganadores de la edici\u00f3n 2025, los cuales ser\u00e1n reconocidos durante una ceremonia el pr\u00f3ximo 20 de noviembre.<\/p>\n\n\n\n<figure class=\"wp-block-image is-style-default\"><a href=\"https:\/\/cgc.qroo.gob.mx\/cjg\/wp-content\/uploads\/2025\/09\/WhatsApp-Image-2025-09-29-at-14.39.19.jpeg\"><img decoding=\"async\" src=\"https:\/\/cgc.qroo.gob.mx\/cjg\/wp-content\/uploads\/2025\/09\/WhatsApp-Image-2025-09-29-at-14.39.19-585x391.jpeg\" alt=\"\" title=\"WhatsApp Image 2025-09-29 at 14.39.19\"\/><\/a><\/figure>\n\n\n\n<p>Por otro lado, el titular de la CODEQ tambi\u00e9n hizo la presentaci\u00f3n de la convocatoria del \u201cPremio a la Excelencia Deportiva\u201d, el cual es un reconocimiento conmemorativo para las y los atletas que ya han sido ganadores de pasadas ediciones del Premio Estatal del Deporte.<\/p>\n\n\n\n<p>Se resalt\u00f3 que se entregar\u00e1n 66,000 pesos en las categor\u00edas: Deportista Convencional, Deportista Adaptado y Entrenador o Entrenadora. \u201cSabemos que muchas y muchos atletas siguen sumando logros en sus carreras deportivas, por eso entregaremos este premio, que es un reconocimiento a su dedicaci\u00f3n y esfuerzo\u201d, concluy\u00f3.<\/p>\n\n\n\n<figure class=\"wp-block-image is-style-default\"><a href=\"https:\/\/cgc.qroo.gob.mx\/cjg\/wp-content\/uploads\/2025\/09\/WhatsApp-Image-2025-09-29-at-14.39.20-1.jpeg\"><img decoding=\"async\" src=\"https:\/\/cgc.qroo.gob.mx\/cjg\/wp-content\/uploads\/2025\/09\/WhatsApp-Image-2025-09-29-at-14.39.20-1-585x391.jpeg\" alt=\"\" title=\"WhatsApp Image 2025-09-29 at 14.39.20 (1)\"\/><\/a><\/figure>\n\n\n\n<p>En la cita con los medios de comunicaci\u00f3n tambi\u00e9n estuvo presente Luis Felipe Mart\u00edn P\u00e9rez, subsecretario de Educaci\u00f3n Media Superior y Superior; as\u00ed como Erik Alejandro Rojas Serrano, director de Alto Rendimiento de la CODEQ; Lizbeth Aguilar Gordillo, directora Jur\u00eddica, Transparencia, Acceso a la Informaci\u00f3n P\u00fablica y Protecci\u00f3n de Datos Personales de la CODEQ; y Jhony Alexander Salas Palma, secretario T\u00e9cnico de la CODEQ.<\/p>\n","protected":false},"excerpt":{"rendered":"<p>Con el objetivo de reconocer a lo m\u00e1s destacado en el \u00e1mbito deportivo del estado, la Comisi\u00f3n del<\/p>\n","protected":false},"author":1,"featured_media":21354,"comment_status":"closed","ping_status":"open","sticky":false,"template":"","format":"standard","meta":{"_monsterinsights_skip_tracking":false,"_monsterinsights_sitenote_active":false,"_monsterinsights_sitenote_note":"","_monsterinsights_sitenote_category":0,"footnotes":""},"categories":[11,24],"tags":[],"class_list":["post-21353","post","type-post","status-publish","format-standard","has-post-thumbnail","hentry","category-noticias","category-quintana-roo"],"yoast_head":"<!-- This site is optimized with the Yoast SEO plugin v18.3 - https:\/\/yoast.com\/wordpress\/plugins\/seo\/ -->\n<title>Lanza la Comisi\u00f3n del Deporte de Quintana Roo convocatoria para el \u2018Premio Estatal del Deporte 2025\u2019 y el \u2018Premio a la Excelencia Deportiva 2025\u2019 - El Puuc Noticias<\/title>\n<meta name=\"robots\" content=\"index, follow, max-snippet:-1, max-image-preview:large, max-video-preview:-1\" \/>\n<link rel=\"canonical\" href=\"https:\/\/elpuucnoticias.com\/?p=21353\" \/>\n<meta property=\"og:locale\" content=\"es_ES\" \/>\n<meta property=\"og:type\" content=\"article\" \/>\n<meta property=\"og:title\" content=\"Lanza la Comisi\u00f3n del Deporte de Quintana Roo convocatoria para el \u2018Premio Estatal del Deporte 2025\u2019 y el \u2018Premio a la Excelencia Deportiva 2025\u2019 - El Puuc Noticias\" \/>\n<meta property=\"og:description\" content=\"Con el objetivo de reconocer a lo m\u00e1s destacado en el \u00e1mbito deportivo del estado, la Comisi\u00f3n del\" \/>\n<meta property=\"og:url\" content=\"https:\/\/elpuucnoticias.com\/?p=21353\" \/>\n<meta property=\"og:site_name\" content=\"El Puuc Noticias\" \/>\n<meta property=\"article:published_time\" content=\"2025-09-30T18:20:42+00:00\" \/>\n<meta property=\"og:image\" content=\"https:\/\/elpuucnoticias.com\/wp-content\/uploads\/2025\/09\/whatsapp-image-2025-09-29-at-14.39.18.jpeg\" \/>\n\t<meta property=\"og:image:width\" content=\"1600\" \/>\n\t<meta property=\"og:image:height\" content=\"1069\" \/>\n\t<meta property=\"og:image:type\" content=\"image\/jpeg\" \/>\n<meta name=\"twitter:card\" content=\"summary_large_image\" \/>\n<meta name=\"twitter:label1\" content=\"Escrito por\" \/>\n\t<meta name=\"twitter:data1\" content=\"elpuucnoticias\" \/>\n\t<meta name=\"twitter:label2\" content=\"Tiempo de lectura\" \/>\n\t<meta name=\"twitter:data2\" content=\"3 minutos\" \/>\n<script type=\"application\/ld+json\" class=\"yoast-schema-graph\">{\"@context\":\"https:\/\/schema.org\",\"@graph\":[{\"@type\":\"WebSite\",\"@id\":\"https:\/\/elpuucnoticias.com\/#website\",\"url\":\"https:\/\/elpuucnoticias.com\/\",\"name\":\"El Puuc Noticias\",\"description\":\"Noticias - Entretenimiento - Deportes\",\"potentialAction\":[{\"@type\":\"SearchAction\",\"target\":{\"@type\":\"EntryPoint\",\"urlTemplate\":\"https:\/\/elpuucnoticias.com\/?s={search_term_string}\"},\"query-input\":\"required name=search_term_string\"}],\"inLanguage\":\"es\"},{\"@type\":\"ImageObject\",\"@id\":\"https:\/\/elpuucnoticias.com\/?p=21353#primaryimage\",\"inLanguage\":\"es\",\"url\":\"https:\/\/elpuucnoticias.com\/wp-content\/uploads\/2025\/09\/whatsapp-image-2025-09-29-at-14.39.18.jpeg\",\"contentUrl\":\"https:\/\/elpuucnoticias.com\/wp-content\/uploads\/2025\/09\/whatsapp-image-2025-09-29-at-14.39.18.jpeg\",\"width\":1600,\"height\":1069},{\"@type\":\"WebPage\",\"@id\":\"https:\/\/elpuucnoticias.com\/?p=21353#webpage\",\"url\":\"https:\/\/elpuucnoticias.com\/?p=21353\",\"name\":\"Lanza la Comisi\u00f3n del Deporte de Quintana Roo convocatoria para el \u2018Premio Estatal del Deporte 2025\u2019 y el \u2018Premio a la Excelencia Deportiva 2025\u2019 - El Puuc Noticias\",\"isPartOf\":{\"@id\":\"https:\/\/elpuucnoticias.com\/#website\"},\"primaryImageOfPage\":{\"@id\":\"https:\/\/elpuucnoticias.com\/?p=21353#primaryimage\"},\"datePublished\":\"2025-09-30T18:20:42+00:00\",\"dateModified\":\"2025-09-30T18:20:42+00:00\",\"author\":{\"@id\":\"https:\/\/elpuucnoticias.com\/#\/schema\/person\/d2ea09e4c97f0160b11cdfb1d856bd9e\"},\"breadcrumb\":{\"@id\":\"https:\/\/elpuucnoticias.com\/?p=21353#breadcrumb\"},\"inLanguage\":\"es\",\"potentialAction\":[{\"@type\":\"ReadAction\",\"target\":[\"https:\/\/elpuucnoticias.com\/?p=21353\"]}]},{\"@type\":\"BreadcrumbList\",\"@id\":\"https:\/\/elpuucnoticias.com\/?p=21353#breadcrumb\",\"itemListElement\":[{\"@type\":\"ListItem\",\"position\":1,\"name\":\"Portada\",\"item\":\"https:\/\/elpuucnoticias.com\/\"},{\"@type\":\"ListItem\",\"position\":2,\"name\":\"Lanza la Comisi\u00f3n del Deporte de Quintana Roo convocatoria para el \u2018Premio Estatal del Deporte 2025\u2019 y el \u2018Premio a la Excelencia Deportiva 2025\u2019\"}]},{\"@type\":\"Person\",\"@id\":\"https:\/\/elpuucnoticias.com\/#\/schema\/person\/d2ea09e4c97f0160b11cdfb1d856bd9e\",\"name\":\"elpuucnoticias\",\"image\":{\"@type\":\"ImageObject\",\"@id\":\"https:\/\/elpuucnoticias.com\/#personlogo\",\"inLanguage\":\"es\",\"url\":\"https:\/\/secure.gravatar.com\/avatar\/5290a43657c74ffa15701dbe5b846bd85cc71930d803c84e91046a7333de6ce2?s=96&d=mm&r=g\",\"contentUrl\":\"https:\/\/secure.gravatar.com\/avatar\/5290a43657c74ffa15701dbe5b846bd85cc71930d803c84e91046a7333de6ce2?s=96&d=mm&r=g\",\"caption\":\"elpuucnoticias\"},\"sameAs\":[\"https:\/\/elpuucnoticias.com\"],\"url\":\"https:\/\/elpuucnoticias.com\/?author=1\"}]}<\/script>\n<!-- \/ Yoast SEO plugin. -->","yoast_head_json":{"title":"Lanza la Comisi\u00f3n del Deporte de Quintana Roo convocatoria para el \u2018Premio Estatal del Deporte 2025\u2019 y el \u2018Premio a la Excelencia Deportiva 2025\u2019 - El Puuc Noticias","robots":{"index":"index","follow":"follow","max-snippet":"max-snippet:-1","max-image-preview":"max-image-preview:large","max-video-preview":"max-video-preview:-1"},"canonical":"https:\/\/elpuucnoticias.com\/?p=21353","og_locale":"es_ES","og_type":"article","og_title":"Lanza la Comisi\u00f3n del Deporte de Quintana Roo convocatoria para el \u2018Premio Estatal del Deporte 2025\u2019 y el \u2018Premio a la Excelencia Deportiva 2025\u2019 - El Puuc Noticias","og_description":"Con el objetivo de reconocer a lo m\u00e1s destacado en el \u00e1mbito deportivo del estado, la Comisi\u00f3n del","og_url":"https:\/\/elpuucnoticias.com\/?p=21353","og_site_name":"El Puuc Noticias","article_published_time":"2025-09-30T18:20:42+00:00","og_image":[{"width":1600,"height":1069,"url":"https:\/\/elpuucnoticias.com\/wp-content\/uploads\/2025\/09\/whatsapp-image-2025-09-29-at-14.39.18.jpeg","type":"image\/jpeg"}],"twitter_card":"summary_large_image","twitter_misc":{"Escrito por":"elpuucnoticias","Tiempo de lectura":"3 minutos"},"schema":{"@context":"https:\/\/schema.org","@graph":[{"@type":"WebSite","@id":"https:\/\/elpuucnoticias.com\/#website","url":"https:\/\/elpuucnoticias.com\/","name":"El Puuc Noticias","description":"Noticias - Entretenimiento - Deportes","potentialAction":[{"@type":"SearchAction","target":{"@type":"EntryPoint","urlTemplate":"https:\/\/elpuucnoticias.com\/?s={search_term_string}"},"query-input":"required name=search_term_string"}],"inLanguage":"es"},{"@type":"ImageObject","@id":"https:\/\/elpuucnoticias.com\/?p=21353#primaryimage","inLanguage":"es","url":"https:\/\/elpuucnoticias.com\/wp-content\/uploads\/2025\/09\/whatsapp-image-2025-09-29-at-14.39.18.jpeg","contentUrl":"https:\/\/elpuucnoticias.com\/wp-content\/uploads\/2025\/09\/whatsapp-image-2025-09-29-at-14.39.18.jpeg","width":1600,"height":1069},{"@type":"WebPage","@id":"https:\/\/elpuucnoticias.com\/?p=21353#webpage","url":"https:\/\/elpuucnoticias.com\/?p=21353","name":"Lanza la Comisi\u00f3n del Deporte de Quintana Roo convocatoria para el \u2018Premio Estatal del Deporte 2025\u2019 y el \u2018Premio a la Excelencia Deportiva 2025\u2019 - El Puuc Noticias","isPartOf":{"@id":"https:\/\/elpuucnoticias.com\/#website"},"primaryImageOfPage":{"@id":"https:\/\/elpuucnoticias.com\/?p=21353#primaryimage"},"datePublished":"2025-09-30T18:20:42+00:00","dateModified":"2025-09-30T18:20:42+00:00","author":{"@id":"https:\/\/elpuucnoticias.com\/#\/schema\/person\/d2ea09e4c97f0160b11cdfb1d856bd9e"},"breadcrumb":{"@id":"https:\/\/elpuucnoticias.com\/?p=21353#breadcrumb"},"inLanguage":"es","potentialAction":[{"@type":"ReadAction","target":["https:\/\/elpuucnoticias.com\/?p=21353"]}]},{"@type":"BreadcrumbList","@id":"https:\/\/elpuucnoticias.com\/?p=21353#breadcrumb","itemListElement":[{"@type":"ListItem","position":1,"name":"Portada","item":"https:\/\/elpuucnoticias.com\/"},{"@type":"ListItem","position":2,"name":"Lanza la Comisi\u00f3n del Deporte de Quintana Roo convocatoria para el \u2018Premio Estatal del Deporte 2025\u2019 y el \u2018Premio a la Excelencia Deportiva 2025\u2019"}]},{"@type":"Person","@id":"https:\/\/elpuucnoticias.com\/#\/schema\/person\/d2ea09e4c97f0160b11cdfb1d856bd9e","name":"elpuucnoticias","image":{"@type":"ImageObject","@id":"https:\/\/elpuucnoticias.com\/#personlogo","inLanguage":"es","url":"https:\/\/secure.gravatar.com\/avatar\/5290a43657c74ffa15701dbe5b846bd85cc71930d803c84e91046a7333de6ce2?s=96&d=mm&r=g","contentUrl":"https:\/\/secure.gravatar.com\/avatar\/5290a43657c74ffa15701dbe5b846bd85cc71930d803c84e91046a7333de6ce2?s=96&d=mm&r=g","caption":"elpuucnoticias"},"sameAs":["https:\/\/elpuucnoticias.com"],"url":"https:\/\/elpuucnoticias.com\/?author=1"}]}},"_links":{"self":[{"href":"https:\/\/elpuucnoticias.com\/index.php?rest_route=\/wp\/v2\/posts\/21353","targetHints":{"allow":["GET"]}}],"collection":[{"href":"https:\/\/elpuucnoticias.com\/index.php?rest_route=\/wp\/v2\/posts"}],"about":[{"href":"https:\/\/elpuucnoticias.com\/index.php?rest_route=\/wp\/v2\/types\/post"}],"author":[{"embeddable":true,"href":"https:\/\/elpuucnoticias.com\/index.php?rest_route=\/wp\/v2\/users\/1"}],"replies":[{"embeddable":true,"href":"https:\/\/elpuucnoticias.com\/index.php?rest_route=%2Fwp%2Fv2%2Fcomments&post=21353"}],"version-history":[{"count":1,"href":"https:\/\/elpuucnoticias.com\/index.php?rest_route=\/wp\/v2\/posts\/21353\/revisions"}],"predecessor-version":[{"id":21355,"href":"https:\/\/elpuucnoticias.com\/index.php?rest_route=\/wp\/v2\/posts\/21353\/revisions\/21355"}],"wp:featuredmedia":[{"embeddable":true,"href":"https:\/\/elpuucnoticias.com\/index.php?rest_route=\/wp\/v2\/media\/21354"}],"wp:attachment":[{"href":"https:\/\/elpuucnoticias.com\/index.php?rest_route=%2Fwp%2Fv2%2Fmedia&parent=21353"}],"wp:term":[{"taxonomy":"category","embeddable":true,"href":"https:\/\/elpuucnoticias.com\/index.php?rest_route=%2Fwp%2Fv2%2Fcategories&post=21353"},{"taxonomy":"post_tag","embeddable":true,"href":"https:\/\/elpuucnoticias.com\/index.php?rest_route=%2Fwp%2Fv2%2Ftags&post=21353"}],"curies":[{"name":"wp","href":"https:\/\/api.w.org\/{rel}","templated":true}]}}