{"id":21359,"date":"2025-09-30T12:27:44","date_gmt":"2025-09-30T18:27:44","guid":{"rendered":"https:\/\/elpuucnoticias.com\/?p=21359"},"modified":"2025-09-30T12:27:44","modified_gmt":"2025-09-30T18:27:44","slug":"presente-quintana-roo-en-foro-nacional-por-el-dia-internacional-del-acceso-universal-a-la-informacion","status":"publish","type":"post","link":"https:\/\/elpuucnoticias.com\/?p=21359","title":{"rendered":"Presente Quintana Roo en foro nacional por el D\u00eda Internacional del Acceso Universal a la Informaci\u00f3n"},"content":{"rendered":"\n<p>En el marco del D\u00eda Internacional de Acceso Universal a la Informaci\u00f3n, la Secretar\u00eda Anticorrupci\u00f3n y Buen Gobierno (SABGOB) asisti\u00f3 al foro conmemorativo organizado por Transparencia para el Pueblo, en la Ciudad de M\u00e9xico.<\/p>\n\n\n\n<p>El subsecretario de Resoluciones y Normatividad, Javier G\u00f3mez Bustillos, en representaci\u00f3n de la titular de la SABGOB, Reyna Arceo Rosado, estuvo presente en este evento cuyo objetivo fue acercar informaci\u00f3n confiable a la sociedad, con el fin de promover su desarrollo pr\u00f3spero.<\/p>\n\n\n\n<figure class=\"wp-block-image is-style-default\"><a href=\"https:\/\/cgc.qroo.gob.mx\/cjg\/wp-content\/uploads\/2025\/09\/d9221e5a-a9f9-4e20-a7d5-786998d14a15.jpg\"><img decoding=\"async\" src=\"https:\/\/cgc.qroo.gob.mx\/cjg\/wp-content\/uploads\/2025\/09\/d9221e5a-a9f9-4e20-a7d5-786998d14a15-585x312.jpg\" alt=\"\" title=\"d9221e5a-a9f9-4e20-a7d5-786998d14a15\"\/><\/a><\/figure>\n\n\n\n<p>Este foro, presidido por Mar\u00eda Tanivet Ramos, titular del organismo, convoc\u00f3 a los sujetos obligados y autoridades garantes del \u00e1mbito federal y local, acad\u00e9micos y especialistas nacionales e internacionales en la materia para compartir reflexiones y experiencias en torno al nuevo modelo de transparencia y acceso a la informaci\u00f3n p\u00fablica en M\u00e9xico.<\/p>\n\n\n\n<p>En el marco del Nuevo Acuerdo por el Bienestar y Desarrollo de Quintana Roo, impulsado por la primera mujer gobernadora, Mara Lezama Espinosa, y frente al nuevo escenario de la transparencia a nivel federal, la Secretar\u00eda Anticorrupci\u00f3n y Buen Gobierno, a trav\u00e9s de estos espacios busca garantizar el derecho a saber de todas y todos los ciudadanos, adem\u00e1s de desarrollar mecanismos m\u00e1s eficientes para acercar a los grupos de atenci\u00f3n prioritaria al pleno ejercicio del derecho de acceso a la informaci\u00f3n p\u00fablica.<\/p>\n\n\n\n<figure class=\"wp-block-image is-style-default\"><a href=\"https:\/\/cgc.qroo.gob.mx\/cjg\/wp-content\/uploads\/2025\/09\/418486d2-d243-43dd-ad46-362bce3a6a93.jpg\"><img decoding=\"async\" src=\"https:\/\/cgc.qroo.gob.mx\/cjg\/wp-content\/uploads\/2025\/09\/418486d2-d243-43dd-ad46-362bce3a6a93-585x620.jpg\" alt=\"\" title=\"418486d2-d243-43dd-ad46-362bce3a6a93\"\/><\/a><\/figure>\n\n\n\n<p>Es importante recordar que, en 2019, la Asamblea General de la Organizaci\u00f3n de las Naciones Unidas adopt\u00f3 oficialmente esta fecha como jornada global para reconocer el acceso a la informaci\u00f3n como un derecho fundamental.<\/p>\n\n\n\n<p>Con estas acciones, el Gobierno del Estado, a trav\u00e9s de la Secretar\u00eda Anticorrupci\u00f3n y Buen Gobierno, consolida la transparencia como un bien p\u00fablico que fortalece la lucha contra la corrupci\u00f3n y contribuye a garantizar la justicia social y la prosperidad compartida en Quintana Roo.<\/p>\n","protected":false},"excerpt":{"rendered":"<p>En el marco del D\u00eda Internacional de Acceso Universal a la Informaci\u00f3n, la Secretar\u00eda Anticorrupci\u00f3n y Buen Gobierno<\/p>\n","protected":false},"author":1,"featured_media":21360,"comment_status":"closed","ping_status":"open","sticky":false,"template":"","format":"standard","meta":{"_monsterinsights_skip_tracking":false,"_monsterinsights_sitenote_active":false,"_monsterinsights_sitenote_note":"","_monsterinsights_sitenote_category":0,"footnotes":""},"categories":[11,24],"tags":[],"class_list":["post-21359","post","type-post","status-publish","format-standard","has-post-thumbnail","hentry","category-noticias","category-quintana-roo"],"yoast_head":"<!-- This site is optimized with the Yoast SEO plugin v18.3 - https:\/\/yoast.com\/wordpress\/plugins\/seo\/ -->\n<title>Presente Quintana Roo en foro nacional por el D\u00eda Internacional del Acceso Universal a la Informaci\u00f3n - El Puuc Noticias<\/title>\n<meta name=\"robots\" content=\"index, follow, max-snippet:-1, max-image-preview:large, max-video-preview:-1\" \/>\n<link rel=\"canonical\" href=\"https:\/\/elpuucnoticias.com\/?p=21359\" \/>\n<meta property=\"og:locale\" content=\"es_ES\" \/>\n<meta property=\"og:type\" content=\"article\" \/>\n<meta property=\"og:title\" content=\"Presente Quintana Roo en foro nacional por el D\u00eda Internacional del Acceso Universal a la Informaci\u00f3n - El Puuc Noticias\" \/>\n<meta property=\"og:description\" content=\"En el marco del D\u00eda Internacional de Acceso Universal a la Informaci\u00f3n, la Secretar\u00eda Anticorrupci\u00f3n y Buen Gobierno\" \/>\n<meta property=\"og:url\" content=\"https:\/\/elpuucnoticias.com\/?p=21359\" \/>\n<meta property=\"og:site_name\" content=\"El Puuc Noticias\" \/>\n<meta property=\"article:published_time\" content=\"2025-09-30T18:27:44+00:00\" \/>\n<meta property=\"og:image\" content=\"https:\/\/elpuucnoticias.com\/wp-content\/uploads\/2025\/09\/110bcd1b-1755-4d67-a8e7-61c703bdf37b.jpg\" \/>\n\t<meta property=\"og:image:width\" content=\"1600\" \/>\n\t<meta property=\"og:image:height\" content=\"736\" \/>\n\t<meta property=\"og:image:type\" content=\"image\/jpeg\" \/>\n<meta name=\"twitter:card\" content=\"summary_large_image\" \/>\n<meta name=\"twitter:label1\" content=\"Escrito por\" \/>\n\t<meta name=\"twitter:data1\" content=\"elpuucnoticias\" \/>\n\t<meta name=\"twitter:label2\" content=\"Tiempo de lectura\" \/>\n\t<meta name=\"twitter:data2\" content=\"2 minutos\" \/>\n<script type=\"application\/ld+json\" class=\"yoast-schema-graph\">{\"@context\":\"https:\/\/schema.org\",\"@graph\":[{\"@type\":\"WebSite\",\"@id\":\"https:\/\/elpuucnoticias.com\/#website\",\"url\":\"https:\/\/elpuucnoticias.com\/\",\"name\":\"El Puuc Noticias\",\"description\":\"Noticias - Entretenimiento - Deportes\",\"potentialAction\":[{\"@type\":\"SearchAction\",\"target\":{\"@type\":\"EntryPoint\",\"urlTemplate\":\"https:\/\/elpuucnoticias.com\/?s={search_term_string}\"},\"query-input\":\"required name=search_term_string\"}],\"inLanguage\":\"es\"},{\"@type\":\"ImageObject\",\"@id\":\"https:\/\/elpuucnoticias.com\/?p=21359#primaryimage\",\"inLanguage\":\"es\",\"url\":\"https:\/\/elpuucnoticias.com\/wp-content\/uploads\/2025\/09\/110bcd1b-1755-4d67-a8e7-61c703bdf37b.jpg\",\"contentUrl\":\"https:\/\/elpuucnoticias.com\/wp-content\/uploads\/2025\/09\/110bcd1b-1755-4d67-a8e7-61c703bdf37b.jpg\",\"width\":1600,\"height\":736},{\"@type\":\"WebPage\",\"@id\":\"https:\/\/elpuucnoticias.com\/?p=21359#webpage\",\"url\":\"https:\/\/elpuucnoticias.com\/?p=21359\",\"name\":\"Presente Quintana Roo en foro nacional por el D\u00eda Internacional del Acceso Universal a la Informaci\u00f3n - El Puuc Noticias\",\"isPartOf\":{\"@id\":\"https:\/\/elpuucnoticias.com\/#website\"},\"primaryImageOfPage\":{\"@id\":\"https:\/\/elpuucnoticias.com\/?p=21359#primaryimage\"},\"datePublished\":\"2025-09-30T18:27:44+00:00\",\"dateModified\":\"2025-09-30T18:27:44+00:00\",\"author\":{\"@id\":\"https:\/\/elpuucnoticias.com\/#\/schema\/person\/d2ea09e4c97f0160b11cdfb1d856bd9e\"},\"breadcrumb\":{\"@id\":\"https:\/\/elpuucnoticias.com\/?p=21359#breadcrumb\"},\"inLanguage\":\"es\",\"potentialAction\":[{\"@type\":\"ReadAction\",\"target\":[\"https:\/\/elpuucnoticias.com\/?p=21359\"]}]},{\"@type\":\"BreadcrumbList\",\"@id\":\"https:\/\/elpuucnoticias.com\/?p=21359#breadcrumb\",\"itemListElement\":[{\"@type\":\"ListItem\",\"position\":1,\"name\":\"Portada\",\"item\":\"https:\/\/elpuucnoticias.com\/\"},{\"@type\":\"ListItem\",\"position\":2,\"name\":\"Presente Quintana Roo en foro nacional por el D\u00eda Internacional del Acceso Universal a la Informaci\u00f3n\"}]},{\"@type\":\"Person\",\"@id\":\"https:\/\/elpuucnoticias.com\/#\/schema\/person\/d2ea09e4c97f0160b11cdfb1d856bd9e\",\"name\":\"elpuucnoticias\",\"image\":{\"@type\":\"ImageObject\",\"@id\":\"https:\/\/elpuucnoticias.com\/#personlogo\",\"inLanguage\":\"es\",\"url\":\"https:\/\/secure.gravatar.com\/avatar\/5290a43657c74ffa15701dbe5b846bd85cc71930d803c84e91046a7333de6ce2?s=96&d=mm&r=g\",\"contentUrl\":\"https:\/\/secure.gravatar.com\/avatar\/5290a43657c74ffa15701dbe5b846bd85cc71930d803c84e91046a7333de6ce2?s=96&d=mm&r=g\",\"caption\":\"elpuucnoticias\"},\"sameAs\":[\"https:\/\/elpuucnoticias.com\"],\"url\":\"https:\/\/elpuucnoticias.com\/?author=1\"}]}<\/script>\n<!-- \/ Yoast SEO plugin. -->","yoast_head_json":{"title":"Presente Quintana Roo en foro nacional por el D\u00eda Internacional del Acceso Universal a la Informaci\u00f3n - El Puuc Noticias","robots":{"index":"index","follow":"follow","max-snippet":"max-snippet:-1","max-image-preview":"max-image-preview:large","max-video-preview":"max-video-preview:-1"},"canonical":"https:\/\/elpuucnoticias.com\/?p=21359","og_locale":"es_ES","og_type":"article","og_title":"Presente Quintana Roo en foro nacional por el D\u00eda Internacional del Acceso Universal a la Informaci\u00f3n - El Puuc Noticias","og_description":"En el marco del D\u00eda Internacional de Acceso Universal a la Informaci\u00f3n, la Secretar\u00eda Anticorrupci\u00f3n y Buen Gobierno","og_url":"https:\/\/elpuucnoticias.com\/?p=21359","og_site_name":"El Puuc Noticias","article_published_time":"2025-09-30T18:27:44+00:00","og_image":[{"width":1600,"height":736,"url":"https:\/\/elpuucnoticias.com\/wp-content\/uploads\/2025\/09\/110bcd1b-1755-4d67-a8e7-61c703bdf37b.jpg","type":"image\/jpeg"}],"twitter_card":"summary_large_image","twitter_misc":{"Escrito por":"elpuucnoticias","Tiempo de lectura":"2 minutos"},"schema":{"@context":"https:\/\/schema.org","@graph":[{"@type":"WebSite","@id":"https:\/\/elpuucnoticias.com\/#website","url":"https:\/\/elpuucnoticias.com\/","name":"El Puuc Noticias","description":"Noticias - Entretenimiento - Deportes","potentialAction":[{"@type":"SearchAction","target":{"@type":"EntryPoint","urlTemplate":"https:\/\/elpuucnoticias.com\/?s={search_term_string}"},"query-input":"required name=search_term_string"}],"inLanguage":"es"},{"@type":"ImageObject","@id":"https:\/\/elpuucnoticias.com\/?p=21359#primaryimage","inLanguage":"es","url":"https:\/\/elpuucnoticias.com\/wp-content\/uploads\/2025\/09\/110bcd1b-1755-4d67-a8e7-61c703bdf37b.jpg","contentUrl":"https:\/\/elpuucnoticias.com\/wp-content\/uploads\/2025\/09\/110bcd1b-1755-4d67-a8e7-61c703bdf37b.jpg","width":1600,"height":736},{"@type":"WebPage","@id":"https:\/\/elpuucnoticias.com\/?p=21359#webpage","url":"https:\/\/elpuucnoticias.com\/?p=21359","name":"Presente Quintana Roo en foro nacional por el D\u00eda Internacional del Acceso Universal a la Informaci\u00f3n - El Puuc Noticias","isPartOf":{"@id":"https:\/\/elpuucnoticias.com\/#website"},"primaryImageOfPage":{"@id":"https:\/\/elpuucnoticias.com\/?p=21359#primaryimage"},"datePublished":"2025-09-30T18:27:44+00:00","dateModified":"2025-09-30T18:27:44+00:00","author":{"@id":"https:\/\/elpuucnoticias.com\/#\/schema\/person\/d2ea09e4c97f0160b11cdfb1d856bd9e"},"breadcrumb":{"@id":"https:\/\/elpuucnoticias.com\/?p=21359#breadcrumb"},"inLanguage":"es","potentialAction":[{"@type":"ReadAction","target":["https:\/\/elpuucnoticias.com\/?p=21359"]}]},{"@type":"BreadcrumbList","@id":"https:\/\/elpuucnoticias.com\/?p=21359#breadcrumb","itemListElement":[{"@type":"ListItem","position":1,"name":"Portada","item":"https:\/\/elpuucnoticias.com\/"},{"@type":"ListItem","position":2,"name":"Presente Quintana Roo en foro nacional por el D\u00eda Internacional del Acceso Universal a la Informaci\u00f3n"}]},{"@type":"Person","@id":"https:\/\/elpuucnoticias.com\/#\/schema\/person\/d2ea09e4c97f0160b11cdfb1d856bd9e","name":"elpuucnoticias","image":{"@type":"ImageObject","@id":"https:\/\/elpuucnoticias.com\/#personlogo","inLanguage":"es","url":"https:\/\/secure.gravatar.com\/avatar\/5290a43657c74ffa15701dbe5b846bd85cc71930d803c84e91046a7333de6ce2?s=96&d=mm&r=g","contentUrl":"https:\/\/secure.gravatar.com\/avatar\/5290a43657c74ffa15701dbe5b846bd85cc71930d803c84e91046a7333de6ce2?s=96&d=mm&r=g","caption":"elpuucnoticias"},"sameAs":["https:\/\/elpuucnoticias.com"],"url":"https:\/\/elpuucnoticias.com\/?author=1"}]}},"_links":{"self":[{"href":"https:\/\/elpuucnoticias.com\/index.php?rest_route=\/wp\/v2\/posts\/21359","targetHints":{"allow":["GET"]}}],"collection":[{"href":"https:\/\/elpuucnoticias.com\/index.php?rest_route=\/wp\/v2\/posts"}],"about":[{"href":"https:\/\/elpuucnoticias.com\/index.php?rest_route=\/wp\/v2\/types\/post"}],"author":[{"embeddable":true,"href":"https:\/\/elpuucnoticias.com\/index.php?rest_route=\/wp\/v2\/users\/1"}],"replies":[{"embeddable":true,"href":"https:\/\/elpuucnoticias.com\/index.php?rest_route=%2Fwp%2Fv2%2Fcomments&post=21359"}],"version-history":[{"count":1,"href":"https:\/\/elpuucnoticias.com\/index.php?rest_route=\/wp\/v2\/posts\/21359\/revisions"}],"predecessor-version":[{"id":21361,"href":"https:\/\/elpuucnoticias.com\/index.php?rest_route=\/wp\/v2\/posts\/21359\/revisions\/21361"}],"wp:featuredmedia":[{"embeddable":true,"href":"https:\/\/elpuucnoticias.com\/index.php?rest_route=\/wp\/v2\/media\/21360"}],"wp:attachment":[{"href":"https:\/\/elpuucnoticias.com\/index.php?rest_route=%2Fwp%2Fv2%2Fmedia&parent=21359"}],"wp:term":[{"taxonomy":"category","embeddable":true,"href":"https:\/\/elpuucnoticias.com\/index.php?rest_route=%2Fwp%2Fv2%2Fcategories&post=21359"},{"taxonomy":"post_tag","embeddable":true,"href":"https:\/\/elpuucnoticias.com\/index.php?rest_route=%2Fwp%2Fv2%2Ftags&post=21359"}],"curies":[{"name":"wp","href":"https:\/\/api.w.org\/{rel}","templated":true}]}}