{"id":21365,"date":"2025-09-30T12:33:32","date_gmt":"2025-09-30T18:33:32","guid":{"rendered":"https:\/\/elpuucnoticias.com\/?p=21365"},"modified":"2025-09-30T12:33:33","modified_gmt":"2025-09-30T18:33:33","slug":"reconoce-mara-lezama-los-25-anos-de-la-universidad-del-caribe-como-institucion-de-excelencia-academica","status":"publish","type":"post","link":"https:\/\/elpuucnoticias.com\/?p=21365","title":{"rendered":"Reconoce Mara Lezama los 25 a\u00f1os de la Universidad del Caribe como instituci\u00f3n de excelencia acad\u00e9mica"},"content":{"rendered":"\n<p>La gobernadora Mara Lezama Espinosa encabez\u00f3 la celebraci\u00f3n del 25 Aniversario de la Universidad del Caribe (UNICARIBE) que este a\u00f1o tiene el tema: \u201cPresente en nuestra historia\u201d, en un evento en el que se reconoci\u00f3 al personal que ha hecho de esta Universidad un pilar de la educaci\u00f3n superior.<\/p>\n\n\n\n<p>\u201cHoy nos da mucho gusto estar aqu\u00ed en el 25 aniversario de esta gran Universidad del Caribe de Canc\u00fan, reconocida por su calidad acad\u00e9mica, por esa vinculaci\u00f3n con impacto social y porque forma profesionales, con sentido \u00e9tico, humanista y gran compromiso social\u201d expres\u00f3 la Gobernadora.<\/p>\n\n\n\n<figure class=\"wp-block-image is-style-default\"><a href=\"https:\/\/cgc.qroo.gob.mx\/cjg\/wp-content\/uploads\/2025\/09\/74de1b2e-ebbd-458f-821d-cd4f3b37ce47-scaled.jpg\"><img decoding=\"async\" src=\"https:\/\/cgc.qroo.gob.mx\/cjg\/wp-content\/uploads\/2025\/09\/74de1b2e-ebbd-458f-821d-cd4f3b37ce47-585x390.jpg\" alt=\"\" title=\"74de1b2e-ebbd-458f-821d-cd4f3b37ce47\"\/><\/a><\/figure>\n\n\n\n<p>Expres\u00f3 su satisfacci\u00f3n de estar trabajando, festejando su onom\u00e1stico 57, por las y los quintanarroenses, pero sobre todo reconocimiento al personal homenajeado. \u201cSin la pasi\u00f3n de aquellos fundadores, profesores y alumnos, esta Universidad no ser\u00eda lo que es hoy\u201d agreg\u00f3 la titular del Ejecutivo.<\/p>\n\n\n\n<p>Ante alumnos, profesores, personal administrativo e invitados, la gobernadora de Quintana Roo reiter\u00f3 que en este gobierno diferente, humanista con coraz\u00f3n feminista, el dinero destinado a esta Universidad no ha sido un gasto, sino una inversi\u00f3n.<\/p>\n\n\n\n<figure class=\"wp-block-image is-style-default\"><a href=\"https:\/\/cgc.qroo.gob.mx\/cjg\/wp-content\/uploads\/2025\/09\/3d0b6023-db54-4384-8463-0f27a69fb8b0-scaled.jpg\"><img decoding=\"async\" src=\"https:\/\/cgc.qroo.gob.mx\/cjg\/wp-content\/uploads\/2025\/09\/3d0b6023-db54-4384-8463-0f27a69fb8b0-585x390.jpg\" alt=\"\" title=\"3d0b6023-db54-4384-8463-0f27a69fb8b0\"\/><\/a><\/figure>\n\n\n\n<p>Mara Lezama destac\u00f3 que la UNICARIBE ha dado m\u00e1s de 8 mil egresados que forman parte de los sectores cultural, gastron\u00f3mico, tur\u00edstico, tecnol\u00f3gico, de la entidad. Cit\u00f3 que las y los profesores son parte importante de la vida de los estudiantes, para tenerlos lejos de las acciones autodestructivas.<\/p>\n\n\n\n<p>A los estudiantes, la Gobernadora les pidi\u00f3 celebrar con mucho orgullo este aniversario, pero tambi\u00e9n les pidi\u00f3 que abracen un futuro colmado de felicidad. Les dijo que tienen derecho a ser felices, lejos de las conductas autodestructivas.<\/p>\n\n\n\n<p>En este evento, la Rectora X\u00f3chitl Carmona Bare\u00f1o agradeci\u00f3 a la gobernadora Mara Lezama por su presencia y por seguir apoyando a la UNICARIBE, una de las casas de estudio m\u00e1s importantes de Quintana Roo, con presencia internacional de 37 pa\u00edses que permiten la movilidad estudiantil con m\u00e1s de 30 universidades.<\/p>\n\n\n\n<p>La Rectora destac\u00f3 el reconocimiento a quienes han formado parte de la historia de la Universidad, que la demostrado que la educaci\u00f3n es una herramienta poderosa para cerrar brechas de desigualdad.<\/p>\n\n\n\n<figure class=\"wp-block-image is-style-default\"><a href=\"https:\/\/cgc.qroo.gob.mx\/cjg\/wp-content\/uploads\/2025\/09\/5b0a6db4-eeae-487c-802a-b059f026b55a-scaled.jpg\"><img decoding=\"async\" src=\"https:\/\/cgc.qroo.gob.mx\/cjg\/wp-content\/uploads\/2025\/09\/5b0a6db4-eeae-487c-802a-b059f026b55a-585x390.jpg\" alt=\"\" title=\"5b0a6db4-eeae-487c-802a-b059f026b55a\"\/><\/a><\/figure>\n\n\n\n<p>La gobernadora Mara Lezama y la Rectora X\u00f3chitl Carmona entregaron reconocimientos a seis profesoras, profesores y personal auxiliar fundadores de la Universidad; a seis con 20 a\u00f1os de servicios; a 11 con 15 a\u00f1os de antig\u00fcedad; a 10 con 10 a\u00f1os, y a 4 con cinco a\u00f1os.<\/p>\n\n\n\n<p>Asimismo, se hizo un reconocimiento p\u00f3stumo a la Dra. Estela Cerezo Acevedo, por 25 a\u00f1os de servicio.<\/p>\n\n\n\n<figure class=\"wp-block-image is-style-default\"><a href=\"https:\/\/cgc.qroo.gob.mx\/cjg\/wp-content\/uploads\/2025\/09\/9c24bf6a-4859-40a3-9128-08210167c20c-scaled.jpg\"><img decoding=\"async\" src=\"https:\/\/cgc.qroo.gob.mx\/cjg\/wp-content\/uploads\/2025\/09\/9c24bf6a-4859-40a3-9128-08210167c20c-585x390.jpg\" alt=\"\" title=\"9c24bf6a-4859-40a3-9128-08210167c20c\"\/><\/a><\/figure>\n\n\n\n<p>La UNICARIBE es una instituci\u00f3n reconocida por su calidad acad\u00e9mica, pertinencia, vinculaci\u00f3n e impacto social, que actualmente cuenta con 11 programas educativos y 9 posgrados, siendo un referente desde la formaci\u00f3n humana y la transversalizaci\u00f3n de la inclusi\u00f3n, no discriminaci\u00f3n, paz, igualdad sustantiva y sostenibilidad.<\/p>\n\n\n\n<p>Su matr\u00edcula actual es de 4 mil 446 estudiantes, de los cuales, 1 mil 102 son de nuevo ingreso en programas de Licenciatura e Ingenier\u00eda y 104 de Posgrado. A la fecha, han egresado un total de 8 mil 247 profesionistas, que inciden en la vida econ\u00f3mica, social, cultural y pol\u00edtica del estado y del pa\u00eds.<\/p>\n\n\n\n<figure class=\"wp-block-image is-style-default\"><a href=\"https:\/\/cgc.qroo.gob.mx\/cjg\/wp-content\/uploads\/2025\/09\/57a0584f-391b-438d-b7dc-172524fe066d-scaled.jpg\"><img decoding=\"async\" src=\"https:\/\/cgc.qroo.gob.mx\/cjg\/wp-content\/uploads\/2025\/09\/57a0584f-391b-438d-b7dc-172524fe066d-585x390.jpg\" alt=\"\" title=\"57a0584f-391b-438d-b7dc-172524fe066d\"\/><\/a><\/figure>\n\n\n\n<p>En el pres\u00eddium acompa\u00f1aron a la gobernadora Mara Lezama, la Rectora X\u00f3chitl Carmona Bare\u00f1o; la presidenta municipal de Benito Ju\u00e1rez, Ana Paty Peralta de la Pe\u00f1a; fundadores de la Universidad, Bertha Chuc Dzul y el maestro Eduardo Su\u00e1rez Barriga; la secretaria de Educaci\u00f3n, Elda Mar\u00eda Xix Eu\u00e1n; y el secretario del Ayuntamiento de Benito Ju\u00e1rez, Pablo Guti\u00e9rrez Fern\u00e1ndez.<\/p>\n","protected":false},"excerpt":{"rendered":"<p>La gobernadora Mara Lezama Espinosa encabez\u00f3 la celebraci\u00f3n del 25 Aniversario de la Universidad del Caribe (UNICARIBE) que<\/p>\n","protected":false},"author":1,"featured_media":21366,"comment_status":"closed","ping_status":"open","sticky":false,"template":"","format":"standard","meta":{"_monsterinsights_skip_tracking":false,"_monsterinsights_sitenote_active":false,"_monsterinsights_sitenote_note":"","_monsterinsights_sitenote_category":0,"footnotes":""},"categories":[11,24],"tags":[],"class_list":["post-21365","post","type-post","status-publish","format-standard","has-post-thumbnail","hentry","category-noticias","category-quintana-roo"],"yoast_head":"<!-- This site is optimized with the Yoast SEO plugin v18.3 - https:\/\/yoast.com\/wordpress\/plugins\/seo\/ -->\n<title>Reconoce Mara Lezama los 25 a\u00f1os de la Universidad del Caribe como instituci\u00f3n de excelencia acad\u00e9mica - El Puuc Noticias<\/title>\n<meta name=\"robots\" content=\"index, follow, max-snippet:-1, max-image-preview:large, max-video-preview:-1\" \/>\n<link rel=\"canonical\" href=\"https:\/\/elpuucnoticias.com\/?p=21365\" \/>\n<meta property=\"og:locale\" content=\"es_ES\" \/>\n<meta property=\"og:type\" content=\"article\" \/>\n<meta property=\"og:title\" content=\"Reconoce Mara Lezama los 25 a\u00f1os de la Universidad del Caribe como instituci\u00f3n de excelencia acad\u00e9mica - El Puuc Noticias\" \/>\n<meta property=\"og:description\" content=\"La gobernadora Mara Lezama Espinosa encabez\u00f3 la celebraci\u00f3n del 25 Aniversario de la Universidad del Caribe (UNICARIBE) que\" \/>\n<meta property=\"og:url\" content=\"https:\/\/elpuucnoticias.com\/?p=21365\" \/>\n<meta property=\"og:site_name\" content=\"El Puuc Noticias\" \/>\n<meta property=\"article:published_time\" content=\"2025-09-30T18:33:32+00:00\" \/>\n<meta property=\"article:modified_time\" content=\"2025-09-30T18:33:33+00:00\" \/>\n<meta property=\"og:image\" content=\"https:\/\/elpuucnoticias.com\/wp-content\/uploads\/2025\/09\/ba50a953-a7cb-4445-99bc-500e0bdbf5aa-scaled-1.jpg\" \/>\n\t<meta property=\"og:image:width\" content=\"2560\" \/>\n\t<meta property=\"og:image:height\" content=\"1707\" \/>\n\t<meta property=\"og:image:type\" content=\"image\/jpeg\" \/>\n<meta name=\"twitter:card\" content=\"summary_large_image\" \/>\n<meta name=\"twitter:label1\" content=\"Escrito por\" \/>\n\t<meta name=\"twitter:data1\" content=\"elpuucnoticias\" \/>\n\t<meta name=\"twitter:label2\" content=\"Tiempo de lectura\" \/>\n\t<meta name=\"twitter:data2\" content=\"3 minutos\" \/>\n<script type=\"application\/ld+json\" class=\"yoast-schema-graph\">{\"@context\":\"https:\/\/schema.org\",\"@graph\":[{\"@type\":\"WebSite\",\"@id\":\"https:\/\/elpuucnoticias.com\/#website\",\"url\":\"https:\/\/elpuucnoticias.com\/\",\"name\":\"El Puuc Noticias\",\"description\":\"Noticias - Entretenimiento - Deportes\",\"potentialAction\":[{\"@type\":\"SearchAction\",\"target\":{\"@type\":\"EntryPoint\",\"urlTemplate\":\"https:\/\/elpuucnoticias.com\/?s={search_term_string}\"},\"query-input\":\"required name=search_term_string\"}],\"inLanguage\":\"es\"},{\"@type\":\"ImageObject\",\"@id\":\"https:\/\/elpuucnoticias.com\/?p=21365#primaryimage\",\"inLanguage\":\"es\",\"url\":\"https:\/\/elpuucnoticias.com\/wp-content\/uploads\/2025\/09\/ba50a953-a7cb-4445-99bc-500e0bdbf5aa-scaled-1.jpg\",\"contentUrl\":\"https:\/\/elpuucnoticias.com\/wp-content\/uploads\/2025\/09\/ba50a953-a7cb-4445-99bc-500e0bdbf5aa-scaled-1.jpg\",\"width\":2560,\"height\":1707},{\"@type\":\"WebPage\",\"@id\":\"https:\/\/elpuucnoticias.com\/?p=21365#webpage\",\"url\":\"https:\/\/elpuucnoticias.com\/?p=21365\",\"name\":\"Reconoce Mara Lezama los 25 a\u00f1os de la Universidad del Caribe como instituci\u00f3n de excelencia acad\u00e9mica - El Puuc Noticias\",\"isPartOf\":{\"@id\":\"https:\/\/elpuucnoticias.com\/#website\"},\"primaryImageOfPage\":{\"@id\":\"https:\/\/elpuucnoticias.com\/?p=21365#primaryimage\"},\"datePublished\":\"2025-09-30T18:33:32+00:00\",\"dateModified\":\"2025-09-30T18:33:33+00:00\",\"author\":{\"@id\":\"https:\/\/elpuucnoticias.com\/#\/schema\/person\/d2ea09e4c97f0160b11cdfb1d856bd9e\"},\"breadcrumb\":{\"@id\":\"https:\/\/elpuucnoticias.com\/?p=21365#breadcrumb\"},\"inLanguage\":\"es\",\"potentialAction\":[{\"@type\":\"ReadAction\",\"target\":[\"https:\/\/elpuucnoticias.com\/?p=21365\"]}]},{\"@type\":\"BreadcrumbList\",\"@id\":\"https:\/\/elpuucnoticias.com\/?p=21365#breadcrumb\",\"itemListElement\":[{\"@type\":\"ListItem\",\"position\":1,\"name\":\"Portada\",\"item\":\"https:\/\/elpuucnoticias.com\/\"},{\"@type\":\"ListItem\",\"position\":2,\"name\":\"Reconoce Mara Lezama los 25 a\u00f1os de la Universidad del Caribe como instituci\u00f3n de excelencia acad\u00e9mica\"}]},{\"@type\":\"Person\",\"@id\":\"https:\/\/elpuucnoticias.com\/#\/schema\/person\/d2ea09e4c97f0160b11cdfb1d856bd9e\",\"name\":\"elpuucnoticias\",\"image\":{\"@type\":\"ImageObject\",\"@id\":\"https:\/\/elpuucnoticias.com\/#personlogo\",\"inLanguage\":\"es\",\"url\":\"https:\/\/secure.gravatar.com\/avatar\/5290a43657c74ffa15701dbe5b846bd85cc71930d803c84e91046a7333de6ce2?s=96&d=mm&r=g\",\"contentUrl\":\"https:\/\/secure.gravatar.com\/avatar\/5290a43657c74ffa15701dbe5b846bd85cc71930d803c84e91046a7333de6ce2?s=96&d=mm&r=g\",\"caption\":\"elpuucnoticias\"},\"sameAs\":[\"https:\/\/elpuucnoticias.com\"],\"url\":\"https:\/\/elpuucnoticias.com\/?author=1\"}]}<\/script>\n<!-- \/ Yoast SEO plugin. -->","yoast_head_json":{"title":"Reconoce Mara Lezama los 25 a\u00f1os de la Universidad del Caribe como instituci\u00f3n de excelencia acad\u00e9mica - El Puuc Noticias","robots":{"index":"index","follow":"follow","max-snippet":"max-snippet:-1","max-image-preview":"max-image-preview:large","max-video-preview":"max-video-preview:-1"},"canonical":"https:\/\/elpuucnoticias.com\/?p=21365","og_locale":"es_ES","og_type":"article","og_title":"Reconoce Mara Lezama los 25 a\u00f1os de la Universidad del Caribe como instituci\u00f3n de excelencia acad\u00e9mica - El Puuc Noticias","og_description":"La gobernadora Mara Lezama Espinosa encabez\u00f3 la celebraci\u00f3n del 25 Aniversario de la Universidad del Caribe (UNICARIBE) que","og_url":"https:\/\/elpuucnoticias.com\/?p=21365","og_site_name":"El Puuc Noticias","article_published_time":"2025-09-30T18:33:32+00:00","article_modified_time":"2025-09-30T18:33:33+00:00","og_image":[{"width":2560,"height":1707,"url":"https:\/\/elpuucnoticias.com\/wp-content\/uploads\/2025\/09\/ba50a953-a7cb-4445-99bc-500e0bdbf5aa-scaled-1.jpg","type":"image\/jpeg"}],"twitter_card":"summary_large_image","twitter_misc":{"Escrito por":"elpuucnoticias","Tiempo de lectura":"3 minutos"},"schema":{"@context":"https:\/\/schema.org","@graph":[{"@type":"WebSite","@id":"https:\/\/elpuucnoticias.com\/#website","url":"https:\/\/elpuucnoticias.com\/","name":"El Puuc Noticias","description":"Noticias - Entretenimiento - Deportes","potentialAction":[{"@type":"SearchAction","target":{"@type":"EntryPoint","urlTemplate":"https:\/\/elpuucnoticias.com\/?s={search_term_string}"},"query-input":"required name=search_term_string"}],"inLanguage":"es"},{"@type":"ImageObject","@id":"https:\/\/elpuucnoticias.com\/?p=21365#primaryimage","inLanguage":"es","url":"https:\/\/elpuucnoticias.com\/wp-content\/uploads\/2025\/09\/ba50a953-a7cb-4445-99bc-500e0bdbf5aa-scaled-1.jpg","contentUrl":"https:\/\/elpuucnoticias.com\/wp-content\/uploads\/2025\/09\/ba50a953-a7cb-4445-99bc-500e0bdbf5aa-scaled-1.jpg","width":2560,"height":1707},{"@type":"WebPage","@id":"https:\/\/elpuucnoticias.com\/?p=21365#webpage","url":"https:\/\/elpuucnoticias.com\/?p=21365","name":"Reconoce Mara Lezama los 25 a\u00f1os de la Universidad del Caribe como instituci\u00f3n de excelencia acad\u00e9mica - El Puuc Noticias","isPartOf":{"@id":"https:\/\/elpuucnoticias.com\/#website"},"primaryImageOfPage":{"@id":"https:\/\/elpuucnoticias.com\/?p=21365#primaryimage"},"datePublished":"2025-09-30T18:33:32+00:00","dateModified":"2025-09-30T18:33:33+00:00","author":{"@id":"https:\/\/elpuucnoticias.com\/#\/schema\/person\/d2ea09e4c97f0160b11cdfb1d856bd9e"},"breadcrumb":{"@id":"https:\/\/elpuucnoticias.com\/?p=21365#breadcrumb"},"inLanguage":"es","potentialAction":[{"@type":"ReadAction","target":["https:\/\/elpuucnoticias.com\/?p=21365"]}]},{"@type":"BreadcrumbList","@id":"https:\/\/elpuucnoticias.com\/?p=21365#breadcrumb","itemListElement":[{"@type":"ListItem","position":1,"name":"Portada","item":"https:\/\/elpuucnoticias.com\/"},{"@type":"ListItem","position":2,"name":"Reconoce Mara Lezama los 25 a\u00f1os de la Universidad del Caribe como instituci\u00f3n de excelencia acad\u00e9mica"}]},{"@type":"Person","@id":"https:\/\/elpuucnoticias.com\/#\/schema\/person\/d2ea09e4c97f0160b11cdfb1d856bd9e","name":"elpuucnoticias","image":{"@type":"ImageObject","@id":"https:\/\/elpuucnoticias.com\/#personlogo","inLanguage":"es","url":"https:\/\/secure.gravatar.com\/avatar\/5290a43657c74ffa15701dbe5b846bd85cc71930d803c84e91046a7333de6ce2?s=96&d=mm&r=g","contentUrl":"https:\/\/secure.gravatar.com\/avatar\/5290a43657c74ffa15701dbe5b846bd85cc71930d803c84e91046a7333de6ce2?s=96&d=mm&r=g","caption":"elpuucnoticias"},"sameAs":["https:\/\/elpuucnoticias.com"],"url":"https:\/\/elpuucnoticias.com\/?author=1"}]}},"_links":{"self":[{"href":"https:\/\/elpuucnoticias.com\/index.php?rest_route=\/wp\/v2\/posts\/21365","targetHints":{"allow":["GET"]}}],"collection":[{"href":"https:\/\/elpuucnoticias.com\/index.php?rest_route=\/wp\/v2\/posts"}],"about":[{"href":"https:\/\/elpuucnoticias.com\/index.php?rest_route=\/wp\/v2\/types\/post"}],"author":[{"embeddable":true,"href":"https:\/\/elpuucnoticias.com\/index.php?rest_route=\/wp\/v2\/users\/1"}],"replies":[{"embeddable":true,"href":"https:\/\/elpuucnoticias.com\/index.php?rest_route=%2Fwp%2Fv2%2Fcomments&post=21365"}],"version-history":[{"count":1,"href":"https:\/\/elpuucnoticias.com\/index.php?rest_route=\/wp\/v2\/posts\/21365\/revisions"}],"predecessor-version":[{"id":21367,"href":"https:\/\/elpuucnoticias.com\/index.php?rest_route=\/wp\/v2\/posts\/21365\/revisions\/21367"}],"wp:featuredmedia":[{"embeddable":true,"href":"https:\/\/elpuucnoticias.com\/index.php?rest_route=\/wp\/v2\/media\/21366"}],"wp:attachment":[{"href":"https:\/\/elpuucnoticias.com\/index.php?rest_route=%2Fwp%2Fv2%2Fmedia&parent=21365"}],"wp:term":[{"taxonomy":"category","embeddable":true,"href":"https:\/\/elpuucnoticias.com\/index.php?rest_route=%2Fwp%2Fv2%2Fcategories&post=21365"},{"taxonomy":"post_tag","embeddable":true,"href":"https:\/\/elpuucnoticias.com\/index.php?rest_route=%2Fwp%2Fv2%2Ftags&post=21365"}],"curies":[{"name":"wp","href":"https:\/\/api.w.org\/{rel}","templated":true}]}}