{"id":21368,"date":"2025-09-30T12:36:41","date_gmt":"2025-09-30T18:36:41","guid":{"rendered":"https:\/\/elpuucnoticias.com\/?p=21368"},"modified":"2025-09-30T12:36:42","modified_gmt":"2025-09-30T18:36:42","slug":"barca-academy-llega-a-cancun-para-impulsar-la-formacion-deportiva-de-ninas-ninos-y-jovenes-anuncia-mara-lezama","status":"publish","type":"post","link":"https:\/\/elpuucnoticias.com\/?p=21368","title":{"rendered":"Bar\u00e7a Academy llega a Canc\u00fan para impulsar la formaci\u00f3n deportiva de ni\u00f1as, ni\u00f1os y j\u00f3venes, anuncia Mara Lezama"},"content":{"rendered":"\n<p>Por primera ocasi\u00f3n, la Bar\u00e7a Academy, programa oficial de formaci\u00f3n del FC Barcelona, se llevar\u00e1 a cabo en Canc\u00fan durante cinco d\u00edas, en las instalaciones de la Universidad An\u00e1huac Canc\u00fan, anunci\u00f3 la gobernadora Mara Lezama Espinosa.<\/p>\n\n\n\n<p>Durante cinco d\u00edas, entrenadores vinculados al club catal\u00e1n \u2014uno de los equipos m\u00e1s reconocidos del f\u00fatbol internacional\u2014 impartir\u00e1n 20 horas de entrenamiento y partidos dirigidos a ni\u00f1as, ni\u00f1os y j\u00f3venes de entre 5 y 18 a\u00f1os, agreg\u00f3 la titular del Ejecutivo.<\/p>\n\n\n\n<figure class=\"wp-block-image is-style-default\"><a href=\"https:\/\/cgc.qroo.gob.mx\/cjg\/wp-content\/uploads\/2025\/09\/b3c1f184-9926-4501-b4bd-8f60e9e7958f-scaled.jpg\"><img decoding=\"async\" src=\"https:\/\/cgc.qroo.gob.mx\/cjg\/wp-content\/uploads\/2025\/09\/b3c1f184-9926-4501-b4bd-8f60e9e7958f-585x390.jpg\" alt=\"\" title=\"b3c1f184-9926-4501-b4bd-8f60e9e7958f\"\/><\/a><\/figure>\n\n\n\n<p>La metodolog\u00eda aplicada es la misma que ha contribuido a la formaci\u00f3n de figuras del f\u00fatbol mundial como Gavi o Dani Olmo, agreg\u00f3, acompa\u00f1ada de la presidenta municipal Ana Paty Peralta de la Pe\u00f1a<\/p>\n\n\n\n<p>\u201cCada ni\u00f1a, cada ni\u00f1o que entre a esta cancha llevar\u00e1 un sue\u00f1o que podr\u00e1 cumplir. Estamos aqu\u00ed para acompa\u00f1arlos en el camino, porque la salud, el bienestar y los sue\u00f1os de nuestras ni\u00f1as, de nuestros ni\u00f1os, de las y los j\u00f3venes, claro que nos importa. Continuamos trabajando a nivel de cancha, unidas y unidos para transformar\u201d cit\u00f3 la Gobernadora.<\/p>\n\n\n\n<p>El programa dar\u00e1 inicio el 9 de diciembre con la entrega de uniformes y una capacitaci\u00f3n a entrenadores locales, quienes posteriormente dar\u00e1n seguimiento a los conocimientos adquiridos en la cl\u00ednica. A partir del 10 de diciembre comenzar\u00e1n los entrenamientos formales.<\/p>\n\n\n\n<p>Al invitar a las y los deportistas quintanarroenses, Mara Lezama afirm\u00f3 que las inscripciones est\u00e1n abiertas a trav\u00e9s de la p\u00e1gina oficial www.soyacademy.com.<\/p>\n\n\n\n<p>La Gobernadora destac\u00f3 que este proyecto busca fomentar la pasi\u00f3n por el f\u00fatbol, impulsar el bienestar de la ni\u00f1ez y juventud quintanarroense, y demostrar el poder del deporte como herramienta de transformaci\u00f3n social.<\/p>\n","protected":false},"excerpt":{"rendered":"<p>Por primera ocasi\u00f3n, la Bar\u00e7a Academy, programa oficial de formaci\u00f3n del FC Barcelona, se llevar\u00e1 a cabo en<\/p>\n","protected":false},"author":1,"featured_media":21369,"comment_status":"closed","ping_status":"open","sticky":false,"template":"","format":"standard","meta":{"_monsterinsights_skip_tracking":false,"_monsterinsights_sitenote_active":false,"_monsterinsights_sitenote_note":"","_monsterinsights_sitenote_category":0,"footnotes":""},"categories":[11,24],"tags":[],"class_list":["post-21368","post","type-post","status-publish","format-standard","has-post-thumbnail","hentry","category-noticias","category-quintana-roo"],"yoast_head":"<!-- This site is optimized with the Yoast SEO plugin v18.3 - https:\/\/yoast.com\/wordpress\/plugins\/seo\/ -->\n<title>Bar\u00e7a Academy llega a Canc\u00fan para impulsar la formaci\u00f3n deportiva de ni\u00f1as, ni\u00f1os y j\u00f3venes, anuncia Mara Lezama - El Puuc Noticias<\/title>\n<meta name=\"robots\" content=\"index, follow, max-snippet:-1, max-image-preview:large, max-video-preview:-1\" \/>\n<link rel=\"canonical\" href=\"https:\/\/elpuucnoticias.com\/?p=21368\" \/>\n<meta property=\"og:locale\" content=\"es_ES\" \/>\n<meta property=\"og:type\" content=\"article\" \/>\n<meta property=\"og:title\" content=\"Bar\u00e7a Academy llega a Canc\u00fan para impulsar la formaci\u00f3n deportiva de ni\u00f1as, ni\u00f1os y j\u00f3venes, anuncia Mara Lezama - El Puuc Noticias\" \/>\n<meta property=\"og:description\" content=\"Por primera ocasi\u00f3n, la Bar\u00e7a Academy, programa oficial de formaci\u00f3n del FC Barcelona, se llevar\u00e1 a cabo en\" \/>\n<meta property=\"og:url\" content=\"https:\/\/elpuucnoticias.com\/?p=21368\" \/>\n<meta property=\"og:site_name\" content=\"El Puuc Noticias\" \/>\n<meta property=\"article:published_time\" content=\"2025-09-30T18:36:41+00:00\" \/>\n<meta property=\"article:modified_time\" content=\"2025-09-30T18:36:42+00:00\" \/>\n<meta property=\"og:image\" content=\"https:\/\/elpuucnoticias.com\/wp-content\/uploads\/2025\/09\/276da8a1-3dd2-4749-8a2f-a353ebaaa0d9-scaled-1.jpg\" \/>\n\t<meta property=\"og:image:width\" content=\"2560\" \/>\n\t<meta property=\"og:image:height\" content=\"1707\" \/>\n\t<meta property=\"og:image:type\" content=\"image\/jpeg\" \/>\n<meta name=\"twitter:card\" content=\"summary_large_image\" \/>\n<meta name=\"twitter:label1\" content=\"Escrito por\" \/>\n\t<meta name=\"twitter:data1\" content=\"elpuucnoticias\" \/>\n\t<meta name=\"twitter:label2\" content=\"Tiempo de lectura\" \/>\n\t<meta name=\"twitter:data2\" content=\"2 minutos\" \/>\n<script type=\"application\/ld+json\" class=\"yoast-schema-graph\">{\"@context\":\"https:\/\/schema.org\",\"@graph\":[{\"@type\":\"WebSite\",\"@id\":\"https:\/\/elpuucnoticias.com\/#website\",\"url\":\"https:\/\/elpuucnoticias.com\/\",\"name\":\"El Puuc Noticias\",\"description\":\"Noticias - Entretenimiento - Deportes\",\"potentialAction\":[{\"@type\":\"SearchAction\",\"target\":{\"@type\":\"EntryPoint\",\"urlTemplate\":\"https:\/\/elpuucnoticias.com\/?s={search_term_string}\"},\"query-input\":\"required name=search_term_string\"}],\"inLanguage\":\"es\"},{\"@type\":\"ImageObject\",\"@id\":\"https:\/\/elpuucnoticias.com\/?p=21368#primaryimage\",\"inLanguage\":\"es\",\"url\":\"https:\/\/elpuucnoticias.com\/wp-content\/uploads\/2025\/09\/276da8a1-3dd2-4749-8a2f-a353ebaaa0d9-scaled-1.jpg\",\"contentUrl\":\"https:\/\/elpuucnoticias.com\/wp-content\/uploads\/2025\/09\/276da8a1-3dd2-4749-8a2f-a353ebaaa0d9-scaled-1.jpg\",\"width\":2560,\"height\":1707},{\"@type\":\"WebPage\",\"@id\":\"https:\/\/elpuucnoticias.com\/?p=21368#webpage\",\"url\":\"https:\/\/elpuucnoticias.com\/?p=21368\",\"name\":\"Bar\u00e7a Academy llega a Canc\u00fan para impulsar la formaci\u00f3n deportiva de ni\u00f1as, ni\u00f1os y j\u00f3venes, anuncia Mara Lezama - El Puuc Noticias\",\"isPartOf\":{\"@id\":\"https:\/\/elpuucnoticias.com\/#website\"},\"primaryImageOfPage\":{\"@id\":\"https:\/\/elpuucnoticias.com\/?p=21368#primaryimage\"},\"datePublished\":\"2025-09-30T18:36:41+00:00\",\"dateModified\":\"2025-09-30T18:36:42+00:00\",\"author\":{\"@id\":\"https:\/\/elpuucnoticias.com\/#\/schema\/person\/d2ea09e4c97f0160b11cdfb1d856bd9e\"},\"breadcrumb\":{\"@id\":\"https:\/\/elpuucnoticias.com\/?p=21368#breadcrumb\"},\"inLanguage\":\"es\",\"potentialAction\":[{\"@type\":\"ReadAction\",\"target\":[\"https:\/\/elpuucnoticias.com\/?p=21368\"]}]},{\"@type\":\"BreadcrumbList\",\"@id\":\"https:\/\/elpuucnoticias.com\/?p=21368#breadcrumb\",\"itemListElement\":[{\"@type\":\"ListItem\",\"position\":1,\"name\":\"Portada\",\"item\":\"https:\/\/elpuucnoticias.com\/\"},{\"@type\":\"ListItem\",\"position\":2,\"name\":\"Bar\u00e7a Academy llega a Canc\u00fan para impulsar la formaci\u00f3n deportiva de ni\u00f1as, ni\u00f1os y j\u00f3venes, anuncia Mara Lezama\"}]},{\"@type\":\"Person\",\"@id\":\"https:\/\/elpuucnoticias.com\/#\/schema\/person\/d2ea09e4c97f0160b11cdfb1d856bd9e\",\"name\":\"elpuucnoticias\",\"image\":{\"@type\":\"ImageObject\",\"@id\":\"https:\/\/elpuucnoticias.com\/#personlogo\",\"inLanguage\":\"es\",\"url\":\"https:\/\/secure.gravatar.com\/avatar\/5290a43657c74ffa15701dbe5b846bd85cc71930d803c84e91046a7333de6ce2?s=96&d=mm&r=g\",\"contentUrl\":\"https:\/\/secure.gravatar.com\/avatar\/5290a43657c74ffa15701dbe5b846bd85cc71930d803c84e91046a7333de6ce2?s=96&d=mm&r=g\",\"caption\":\"elpuucnoticias\"},\"sameAs\":[\"https:\/\/elpuucnoticias.com\"],\"url\":\"https:\/\/elpuucnoticias.com\/?author=1\"}]}<\/script>\n<!-- \/ Yoast SEO plugin. -->","yoast_head_json":{"title":"Bar\u00e7a Academy llega a Canc\u00fan para impulsar la formaci\u00f3n deportiva de ni\u00f1as, ni\u00f1os y j\u00f3venes, anuncia Mara Lezama - El Puuc Noticias","robots":{"index":"index","follow":"follow","max-snippet":"max-snippet:-1","max-image-preview":"max-image-preview:large","max-video-preview":"max-video-preview:-1"},"canonical":"https:\/\/elpuucnoticias.com\/?p=21368","og_locale":"es_ES","og_type":"article","og_title":"Bar\u00e7a Academy llega a Canc\u00fan para impulsar la formaci\u00f3n deportiva de ni\u00f1as, ni\u00f1os y j\u00f3venes, anuncia Mara Lezama - El Puuc Noticias","og_description":"Por primera ocasi\u00f3n, la Bar\u00e7a Academy, programa oficial de formaci\u00f3n del FC Barcelona, se llevar\u00e1 a cabo en","og_url":"https:\/\/elpuucnoticias.com\/?p=21368","og_site_name":"El Puuc Noticias","article_published_time":"2025-09-30T18:36:41+00:00","article_modified_time":"2025-09-30T18:36:42+00:00","og_image":[{"width":2560,"height":1707,"url":"https:\/\/elpuucnoticias.com\/wp-content\/uploads\/2025\/09\/276da8a1-3dd2-4749-8a2f-a353ebaaa0d9-scaled-1.jpg","type":"image\/jpeg"}],"twitter_card":"summary_large_image","twitter_misc":{"Escrito por":"elpuucnoticias","Tiempo de lectura":"2 minutos"},"schema":{"@context":"https:\/\/schema.org","@graph":[{"@type":"WebSite","@id":"https:\/\/elpuucnoticias.com\/#website","url":"https:\/\/elpuucnoticias.com\/","name":"El Puuc Noticias","description":"Noticias - Entretenimiento - Deportes","potentialAction":[{"@type":"SearchAction","target":{"@type":"EntryPoint","urlTemplate":"https:\/\/elpuucnoticias.com\/?s={search_term_string}"},"query-input":"required name=search_term_string"}],"inLanguage":"es"},{"@type":"ImageObject","@id":"https:\/\/elpuucnoticias.com\/?p=21368#primaryimage","inLanguage":"es","url":"https:\/\/elpuucnoticias.com\/wp-content\/uploads\/2025\/09\/276da8a1-3dd2-4749-8a2f-a353ebaaa0d9-scaled-1.jpg","contentUrl":"https:\/\/elpuucnoticias.com\/wp-content\/uploads\/2025\/09\/276da8a1-3dd2-4749-8a2f-a353ebaaa0d9-scaled-1.jpg","width":2560,"height":1707},{"@type":"WebPage","@id":"https:\/\/elpuucnoticias.com\/?p=21368#webpage","url":"https:\/\/elpuucnoticias.com\/?p=21368","name":"Bar\u00e7a Academy llega a Canc\u00fan para impulsar la formaci\u00f3n deportiva de ni\u00f1as, ni\u00f1os y j\u00f3venes, anuncia Mara Lezama - El Puuc Noticias","isPartOf":{"@id":"https:\/\/elpuucnoticias.com\/#website"},"primaryImageOfPage":{"@id":"https:\/\/elpuucnoticias.com\/?p=21368#primaryimage"},"datePublished":"2025-09-30T18:36:41+00:00","dateModified":"2025-09-30T18:36:42+00:00","author":{"@id":"https:\/\/elpuucnoticias.com\/#\/schema\/person\/d2ea09e4c97f0160b11cdfb1d856bd9e"},"breadcrumb":{"@id":"https:\/\/elpuucnoticias.com\/?p=21368#breadcrumb"},"inLanguage":"es","potentialAction":[{"@type":"ReadAction","target":["https:\/\/elpuucnoticias.com\/?p=21368"]}]},{"@type":"BreadcrumbList","@id":"https:\/\/elpuucnoticias.com\/?p=21368#breadcrumb","itemListElement":[{"@type":"ListItem","position":1,"name":"Portada","item":"https:\/\/elpuucnoticias.com\/"},{"@type":"ListItem","position":2,"name":"Bar\u00e7a Academy llega a Canc\u00fan para impulsar la formaci\u00f3n deportiva de ni\u00f1as, ni\u00f1os y j\u00f3venes, anuncia Mara Lezama"}]},{"@type":"Person","@id":"https:\/\/elpuucnoticias.com\/#\/schema\/person\/d2ea09e4c97f0160b11cdfb1d856bd9e","name":"elpuucnoticias","image":{"@type":"ImageObject","@id":"https:\/\/elpuucnoticias.com\/#personlogo","inLanguage":"es","url":"https:\/\/secure.gravatar.com\/avatar\/5290a43657c74ffa15701dbe5b846bd85cc71930d803c84e91046a7333de6ce2?s=96&d=mm&r=g","contentUrl":"https:\/\/secure.gravatar.com\/avatar\/5290a43657c74ffa15701dbe5b846bd85cc71930d803c84e91046a7333de6ce2?s=96&d=mm&r=g","caption":"elpuucnoticias"},"sameAs":["https:\/\/elpuucnoticias.com"],"url":"https:\/\/elpuucnoticias.com\/?author=1"}]}},"_links":{"self":[{"href":"https:\/\/elpuucnoticias.com\/index.php?rest_route=\/wp\/v2\/posts\/21368","targetHints":{"allow":["GET"]}}],"collection":[{"href":"https:\/\/elpuucnoticias.com\/index.php?rest_route=\/wp\/v2\/posts"}],"about":[{"href":"https:\/\/elpuucnoticias.com\/index.php?rest_route=\/wp\/v2\/types\/post"}],"author":[{"embeddable":true,"href":"https:\/\/elpuucnoticias.com\/index.php?rest_route=\/wp\/v2\/users\/1"}],"replies":[{"embeddable":true,"href":"https:\/\/elpuucnoticias.com\/index.php?rest_route=%2Fwp%2Fv2%2Fcomments&post=21368"}],"version-history":[{"count":1,"href":"https:\/\/elpuucnoticias.com\/index.php?rest_route=\/wp\/v2\/posts\/21368\/revisions"}],"predecessor-version":[{"id":21370,"href":"https:\/\/elpuucnoticias.com\/index.php?rest_route=\/wp\/v2\/posts\/21368\/revisions\/21370"}],"wp:featuredmedia":[{"embeddable":true,"href":"https:\/\/elpuucnoticias.com\/index.php?rest_route=\/wp\/v2\/media\/21369"}],"wp:attachment":[{"href":"https:\/\/elpuucnoticias.com\/index.php?rest_route=%2Fwp%2Fv2%2Fmedia&parent=21368"}],"wp:term":[{"taxonomy":"category","embeddable":true,"href":"https:\/\/elpuucnoticias.com\/index.php?rest_route=%2Fwp%2Fv2%2Fcategories&post=21368"},{"taxonomy":"post_tag","embeddable":true,"href":"https:\/\/elpuucnoticias.com\/index.php?rest_route=%2Fwp%2Fv2%2Ftags&post=21368"}],"curies":[{"name":"wp","href":"https:\/\/api.w.org\/{rel}","templated":true}]}}