{"id":2137,"date":"2022-06-09T15:05:05","date_gmt":"2022-06-09T21:05:05","guid":{"rendered":"https:\/\/elpuucnoticias.com\/?p=2137"},"modified":"2022-06-09T15:05:05","modified_gmt":"2022-06-09T21:05:05","slug":"el-sur-ya-podra-emplacar-sus-motocicletas-sin-tener-que-ir-a-merida-alcalde-de-ticul-consigue-modulo-para-poder-realizar-este-tramite","status":"publish","type":"post","link":"https:\/\/elpuucnoticias.com\/?p=2137","title":{"rendered":"El Sur ya podr\u00e1 emplacar sus motocicletas sin tener que ir a M\u00e9rida. Alcalde de Ticul consigue m\u00f3dulo para poder realizar este tr\u00e1mite"},"content":{"rendered":"\n<p>El presidente municipal de Ticul, Rafael Montalvo Mata, refiere que los habitantes del Sur del Estado, una regi\u00f3n con un parque vehicular impresionante, principalmente de motocicletas, ya podr\u00e1 realizar el emplacamiento de sus veh\u00edculos en La Perla del Sur y sin tener que viajar a M\u00e9rida.<\/p>\n\n\n\n<p>Esta situaci\u00f3n representa un importante ahorro para los motociclistas, ya que antes ten\u00edan que llevar sus veh\u00edculos a la capital del Estado y eso les implicaba mucho gasto, por ello muchos de estos conductores no cuentan con sus placas en sus motocicletas.<\/p>\n\n\n\n<figure class=\"wp-block-image size-large is-resized\"><img loading=\"lazy\" decoding=\"async\" src=\"https:\/\/elpuucnoticias.com\/wp-content\/uploads\/2022\/06\/BANNER-PUBLICITARIO-PUUC-22-1-1024x278.jpg\" alt=\"\" class=\"wp-image-2128\" width=\"579\" height=\"157\" srcset=\"https:\/\/elpuucnoticias.com\/wp-content\/uploads\/2022\/06\/BANNER-PUBLICITARIO-PUUC-22-1-1024x278.jpg 1024w, https:\/\/elpuucnoticias.com\/wp-content\/uploads\/2022\/06\/BANNER-PUBLICITARIO-PUUC-22-1-300x82.jpg 300w, https:\/\/elpuucnoticias.com\/wp-content\/uploads\/2022\/06\/BANNER-PUBLICITARIO-PUUC-22-1-768x209.jpg 768w, https:\/\/elpuucnoticias.com\/wp-content\/uploads\/2022\/06\/BANNER-PUBLICITARIO-PUUC-22-1-1536x418.jpg 1536w, https:\/\/elpuucnoticias.com\/wp-content\/uploads\/2022\/06\/BANNER-PUBLICITARIO-PUUC-22-1.jpg 1600w\" sizes=\"auto, (max-width: 579px) 100vw, 579px\" \/><\/figure>\n\n\n\n<p>Hace unas horas, la Secretar\u00eda de Seguridad P\u00fablica del Estado confirm\u00f3 a trav\u00e9s de sus redes sociales que ya se podr\u00e1 hacer en Ticul el procedimiento de emplacamiento de motocicletas del 13 al 30 de este mes en el m\u00f3dulo instalado en La Perla donde tambi\u00e9n se hace cambio de propietario y emplacamiento de autom\u00f3viles.<\/p>\n\n\n\n<p>El m\u00f3dulo est\u00e1 en el Centro de Desarrollo Educativo y funciona de 8 a 3 de la tarde, de lunes a s\u00e1bado.<\/p>\n\n\n\n<p>En entrevista con El Puuc Noticias, Rafael Montalvo se\u00f1ala que esto se logr\u00f3 tras varias gestiones ante la Secretar\u00eda de Seguridad P\u00fablica, el gobierno del Estado y la Secretar\u00eda de Administraci\u00f3n y Finanzas.<\/p>\n\n\n\n<p>\u00abFue una solicitud que hicimos por la gran cantidad de motos que hay en todo el Estado. S\u00f3lo en Ticul tenemos m\u00e1s de 25 mil motos\u00bb.<\/p>\n\n\n\n<p>\u00abEsto le dar\u00e1 una garant\u00eda y seguridad legal al propietario de cada una de las motocicletas, y esto de una manera sirve de control y fortalecimiento al sistema de seguridad\u00bb, puntualiza el primer edil.\u2014 <em>El Puuc Noticias<\/em><\/p>\n","protected":false},"excerpt":{"rendered":"<p>El presidente municipal de Ticul, Rafael Montalvo Mata, refiere que los habitantes del Sur del Estado, una regi\u00f3n<\/p>\n","protected":false},"author":1,"featured_media":2138,"comment_status":"closed","ping_status":"open","sticky":false,"template":"","format":"standard","meta":{"_monsterinsights_skip_tracking":false,"_monsterinsights_sitenote_active":false,"_monsterinsights_sitenote_note":"","_monsterinsights_sitenote_category":0,"footnotes":""},"categories":[11,13],"tags":[],"class_list":["post-2137","post","type-post","status-publish","format-standard","has-post-thumbnail","hentry","category-noticias","category-ticul"],"yoast_head":"<!-- This site is optimized with the Yoast SEO plugin v18.3 - https:\/\/yoast.com\/wordpress\/plugins\/seo\/ -->\n<title>El Sur ya podr\u00e1 emplacar sus motocicletas sin tener que ir a M\u00e9rida. Alcalde de Ticul consigue m\u00f3dulo para poder realizar este tr\u00e1mite - El Puuc Noticias<\/title>\n<meta name=\"robots\" content=\"index, follow, max-snippet:-1, max-image-preview:large, max-video-preview:-1\" \/>\n<link rel=\"canonical\" href=\"https:\/\/elpuucnoticias.com\/?p=2137\" \/>\n<meta property=\"og:locale\" content=\"es_ES\" \/>\n<meta property=\"og:type\" content=\"article\" \/>\n<meta property=\"og:title\" content=\"El Sur ya podr\u00e1 emplacar sus motocicletas sin tener que ir a M\u00e9rida. Alcalde de Ticul consigue m\u00f3dulo para poder realizar este tr\u00e1mite - El Puuc Noticias\" \/>\n<meta property=\"og:description\" content=\"El presidente municipal de Ticul, Rafael Montalvo Mata, refiere que los habitantes del Sur del Estado, una regi\u00f3n\" \/>\n<meta property=\"og:url\" content=\"https:\/\/elpuucnoticias.com\/?p=2137\" \/>\n<meta property=\"og:site_name\" content=\"El Puuc Noticias\" \/>\n<meta property=\"article:published_time\" content=\"2022-06-09T21:05:05+00:00\" \/>\n<meta property=\"og:image\" content=\"https:\/\/elpuucnoticias.com\/wp-content\/uploads\/2022\/06\/BANNER-PUBLICITARIO-PUUC-22-1-1024x278.jpg\" \/>\n<meta name=\"twitter:card\" content=\"summary_large_image\" \/>\n<meta name=\"twitter:label1\" content=\"Escrito por\" \/>\n\t<meta name=\"twitter:data1\" content=\"elpuucnoticias\" \/>\n\t<meta name=\"twitter:label2\" content=\"Tiempo de lectura\" \/>\n\t<meta name=\"twitter:data2\" content=\"1 minuto\" \/>\n<script type=\"application\/ld+json\" class=\"yoast-schema-graph\">{\"@context\":\"https:\/\/schema.org\",\"@graph\":[{\"@type\":\"WebSite\",\"@id\":\"https:\/\/elpuucnoticias.com\/#website\",\"url\":\"https:\/\/elpuucnoticias.com\/\",\"name\":\"El Puuc Noticias\",\"description\":\"Noticias - Entretenimiento - Deportes\",\"potentialAction\":[{\"@type\":\"SearchAction\",\"target\":{\"@type\":\"EntryPoint\",\"urlTemplate\":\"https:\/\/elpuucnoticias.com\/?s={search_term_string}\"},\"query-input\":\"required name=search_term_string\"}],\"inLanguage\":\"es\"},{\"@type\":\"ImageObject\",\"@id\":\"https:\/\/elpuucnoticias.com\/?p=2137#primaryimage\",\"inLanguage\":\"es\",\"url\":\"https:\/\/elpuucnoticias.com\/wp-content\/uploads\/2022\/06\/motos.jpeg\",\"contentUrl\":\"https:\/\/elpuucnoticias.com\/wp-content\/uploads\/2022\/06\/motos.jpeg\",\"width\":1600,\"height\":1040},{\"@type\":\"WebPage\",\"@id\":\"https:\/\/elpuucnoticias.com\/?p=2137#webpage\",\"url\":\"https:\/\/elpuucnoticias.com\/?p=2137\",\"name\":\"El Sur ya podr\u00e1 emplacar sus motocicletas sin tener que ir a M\u00e9rida. Alcalde de Ticul consigue m\u00f3dulo para poder realizar este tr\u00e1mite - El Puuc Noticias\",\"isPartOf\":{\"@id\":\"https:\/\/elpuucnoticias.com\/#website\"},\"primaryImageOfPage\":{\"@id\":\"https:\/\/elpuucnoticias.com\/?p=2137#primaryimage\"},\"datePublished\":\"2022-06-09T21:05:05+00:00\",\"dateModified\":\"2022-06-09T21:05:05+00:00\",\"author\":{\"@id\":\"https:\/\/elpuucnoticias.com\/#\/schema\/person\/d2ea09e4c97f0160b11cdfb1d856bd9e\"},\"breadcrumb\":{\"@id\":\"https:\/\/elpuucnoticias.com\/?p=2137#breadcrumb\"},\"inLanguage\":\"es\",\"potentialAction\":[{\"@type\":\"ReadAction\",\"target\":[\"https:\/\/elpuucnoticias.com\/?p=2137\"]}]},{\"@type\":\"BreadcrumbList\",\"@id\":\"https:\/\/elpuucnoticias.com\/?p=2137#breadcrumb\",\"itemListElement\":[{\"@type\":\"ListItem\",\"position\":1,\"name\":\"Portada\",\"item\":\"https:\/\/elpuucnoticias.com\/\"},{\"@type\":\"ListItem\",\"position\":2,\"name\":\"El Sur ya podr\u00e1 emplacar sus motocicletas sin tener que ir a M\u00e9rida. Alcalde de Ticul consigue m\u00f3dulo para poder realizar este tr\u00e1mite\"}]},{\"@type\":\"Person\",\"@id\":\"https:\/\/elpuucnoticias.com\/#\/schema\/person\/d2ea09e4c97f0160b11cdfb1d856bd9e\",\"name\":\"elpuucnoticias\",\"image\":{\"@type\":\"ImageObject\",\"@id\":\"https:\/\/elpuucnoticias.com\/#personlogo\",\"inLanguage\":\"es\",\"url\":\"https:\/\/secure.gravatar.com\/avatar\/5290a43657c74ffa15701dbe5b846bd85cc71930d803c84e91046a7333de6ce2?s=96&d=mm&r=g\",\"contentUrl\":\"https:\/\/secure.gravatar.com\/avatar\/5290a43657c74ffa15701dbe5b846bd85cc71930d803c84e91046a7333de6ce2?s=96&d=mm&r=g\",\"caption\":\"elpuucnoticias\"},\"sameAs\":[\"https:\/\/elpuucnoticias.com\"],\"url\":\"https:\/\/elpuucnoticias.com\/?author=1\"}]}<\/script>\n<!-- \/ Yoast SEO plugin. -->","yoast_head_json":{"title":"El Sur ya podr\u00e1 emplacar sus motocicletas sin tener que ir a M\u00e9rida. Alcalde de Ticul consigue m\u00f3dulo para poder realizar este tr\u00e1mite - El Puuc Noticias","robots":{"index":"index","follow":"follow","max-snippet":"max-snippet:-1","max-image-preview":"max-image-preview:large","max-video-preview":"max-video-preview:-1"},"canonical":"https:\/\/elpuucnoticias.com\/?p=2137","og_locale":"es_ES","og_type":"article","og_title":"El Sur ya podr\u00e1 emplacar sus motocicletas sin tener que ir a M\u00e9rida. Alcalde de Ticul consigue m\u00f3dulo para poder realizar este tr\u00e1mite - El Puuc Noticias","og_description":"El presidente municipal de Ticul, Rafael Montalvo Mata, refiere que los habitantes del Sur del Estado, una regi\u00f3n","og_url":"https:\/\/elpuucnoticias.com\/?p=2137","og_site_name":"El Puuc Noticias","article_published_time":"2022-06-09T21:05:05+00:00","og_image":[{"url":"https:\/\/elpuucnoticias.com\/wp-content\/uploads\/2022\/06\/BANNER-PUBLICITARIO-PUUC-22-1-1024x278.jpg"}],"twitter_card":"summary_large_image","twitter_misc":{"Escrito por":"elpuucnoticias","Tiempo de lectura":"1 minuto"},"schema":{"@context":"https:\/\/schema.org","@graph":[{"@type":"WebSite","@id":"https:\/\/elpuucnoticias.com\/#website","url":"https:\/\/elpuucnoticias.com\/","name":"El Puuc Noticias","description":"Noticias - Entretenimiento - Deportes","potentialAction":[{"@type":"SearchAction","target":{"@type":"EntryPoint","urlTemplate":"https:\/\/elpuucnoticias.com\/?s={search_term_string}"},"query-input":"required name=search_term_string"}],"inLanguage":"es"},{"@type":"ImageObject","@id":"https:\/\/elpuucnoticias.com\/?p=2137#primaryimage","inLanguage":"es","url":"https:\/\/elpuucnoticias.com\/wp-content\/uploads\/2022\/06\/motos.jpeg","contentUrl":"https:\/\/elpuucnoticias.com\/wp-content\/uploads\/2022\/06\/motos.jpeg","width":1600,"height":1040},{"@type":"WebPage","@id":"https:\/\/elpuucnoticias.com\/?p=2137#webpage","url":"https:\/\/elpuucnoticias.com\/?p=2137","name":"El Sur ya podr\u00e1 emplacar sus motocicletas sin tener que ir a M\u00e9rida. Alcalde de Ticul consigue m\u00f3dulo para poder realizar este tr\u00e1mite - El Puuc Noticias","isPartOf":{"@id":"https:\/\/elpuucnoticias.com\/#website"},"primaryImageOfPage":{"@id":"https:\/\/elpuucnoticias.com\/?p=2137#primaryimage"},"datePublished":"2022-06-09T21:05:05+00:00","dateModified":"2022-06-09T21:05:05+00:00","author":{"@id":"https:\/\/elpuucnoticias.com\/#\/schema\/person\/d2ea09e4c97f0160b11cdfb1d856bd9e"},"breadcrumb":{"@id":"https:\/\/elpuucnoticias.com\/?p=2137#breadcrumb"},"inLanguage":"es","potentialAction":[{"@type":"ReadAction","target":["https:\/\/elpuucnoticias.com\/?p=2137"]}]},{"@type":"BreadcrumbList","@id":"https:\/\/elpuucnoticias.com\/?p=2137#breadcrumb","itemListElement":[{"@type":"ListItem","position":1,"name":"Portada","item":"https:\/\/elpuucnoticias.com\/"},{"@type":"ListItem","position":2,"name":"El Sur ya podr\u00e1 emplacar sus motocicletas sin tener que ir a M\u00e9rida. Alcalde de Ticul consigue m\u00f3dulo para poder realizar este tr\u00e1mite"}]},{"@type":"Person","@id":"https:\/\/elpuucnoticias.com\/#\/schema\/person\/d2ea09e4c97f0160b11cdfb1d856bd9e","name":"elpuucnoticias","image":{"@type":"ImageObject","@id":"https:\/\/elpuucnoticias.com\/#personlogo","inLanguage":"es","url":"https:\/\/secure.gravatar.com\/avatar\/5290a43657c74ffa15701dbe5b846bd85cc71930d803c84e91046a7333de6ce2?s=96&d=mm&r=g","contentUrl":"https:\/\/secure.gravatar.com\/avatar\/5290a43657c74ffa15701dbe5b846bd85cc71930d803c84e91046a7333de6ce2?s=96&d=mm&r=g","caption":"elpuucnoticias"},"sameAs":["https:\/\/elpuucnoticias.com"],"url":"https:\/\/elpuucnoticias.com\/?author=1"}]}},"_links":{"self":[{"href":"https:\/\/elpuucnoticias.com\/index.php?rest_route=\/wp\/v2\/posts\/2137","targetHints":{"allow":["GET"]}}],"collection":[{"href":"https:\/\/elpuucnoticias.com\/index.php?rest_route=\/wp\/v2\/posts"}],"about":[{"href":"https:\/\/elpuucnoticias.com\/index.php?rest_route=\/wp\/v2\/types\/post"}],"author":[{"embeddable":true,"href":"https:\/\/elpuucnoticias.com\/index.php?rest_route=\/wp\/v2\/users\/1"}],"replies":[{"embeddable":true,"href":"https:\/\/elpuucnoticias.com\/index.php?rest_route=%2Fwp%2Fv2%2Fcomments&post=2137"}],"version-history":[{"count":1,"href":"https:\/\/elpuucnoticias.com\/index.php?rest_route=\/wp\/v2\/posts\/2137\/revisions"}],"predecessor-version":[{"id":2139,"href":"https:\/\/elpuucnoticias.com\/index.php?rest_route=\/wp\/v2\/posts\/2137\/revisions\/2139"}],"wp:featuredmedia":[{"embeddable":true,"href":"https:\/\/elpuucnoticias.com\/index.php?rest_route=\/wp\/v2\/media\/2138"}],"wp:attachment":[{"href":"https:\/\/elpuucnoticias.com\/index.php?rest_route=%2Fwp%2Fv2%2Fmedia&parent=2137"}],"wp:term":[{"taxonomy":"category","embeddable":true,"href":"https:\/\/elpuucnoticias.com\/index.php?rest_route=%2Fwp%2Fv2%2Fcategories&post=2137"},{"taxonomy":"post_tag","embeddable":true,"href":"https:\/\/elpuucnoticias.com\/index.php?rest_route=%2Fwp%2Fv2%2Ftags&post=2137"}],"curies":[{"name":"wp","href":"https:\/\/api.w.org\/{rel}","templated":true}]}}