{"id":21397,"date":"2025-10-06T13:06:41","date_gmt":"2025-10-06T19:06:41","guid":{"rendered":"https:\/\/elpuucnoticias.com\/?p=21397"},"modified":"2025-10-06T13:06:41","modified_gmt":"2025-10-06T19:06:41","slug":"invita-la-fundacion-de-parques-y-museos-de-cozumel-a-la-exposicion-iguanas-reyes-de-la-tierra-y-la-consciencia-humana-del-artista-daniel-aguilar-arreguin","status":"publish","type":"post","link":"https:\/\/elpuucnoticias.com\/?p=21397","title":{"rendered":"Invita la Fundaci\u00f3n de Parques y Museos de Cozumel a la exposici\u00f3n \u201cIguanas: Reyes de la Tierra y la Consciencia Humana\u201d, del artista Daniel Aguilar Arregu\u00edn"},"content":{"rendered":"\n<p>La Fundaci\u00f3n de Parques y Museos de Cozumel (FPMC) vuelve a apostar por el arte contempor\u00e1neo y la reflexi\u00f3n ambiental con la inauguraci\u00f3n de la instalaci\u00f3n de arte conceptual \u201cIguanas: Reyes de la Tierra y la Consciencia Humana\u201d, del artista multidisciplinario Daniel Aguilar Arregu\u00edn. La cita es el viernes 10 de octubre, a las 20:00 horas, en el Museo de la Isla, donde el p\u00fablico podr\u00e1 sumergirse en una experiencia que une creatividad, naturaleza y conciencia ecol\u00f3gica.<\/p>\n\n\n\n<figure class=\"wp-block-image is-style-default\"><a href=\"https:\/\/cgc.qroo.gob.mx\/cjg\/wp-content\/uploads\/2025\/10\/WhatsApp-Image-2025-10-03-at-12.59.18.jpeg\"><img decoding=\"async\" src=\"https:\/\/cgc.qroo.gob.mx\/cjg\/wp-content\/uploads\/2025\/10\/WhatsApp-Image-2025-10-03-at-12.59.18-585x381.jpeg\" alt=\"\" title=\"WhatsApp Image 2025-10-03 at 12.59.18\"\/><\/a><\/figure>\n\n\n\n<p>La directora general de la FPMC, Juanita Alonso Marrufo, destac\u00f3 que estas actividades culturales convocan a la participaci\u00f3n de artistas y de la sociedad para fortalecer la cohesi\u00f3n social y los v\u00ednculos comunitarios, como se establece en el Nuevo Acuerdo por el Bienestar y Desarrollo de Quintana Roo, impulsado por la gobernadora Mara Lezama Espinosa.<\/p>\n\n\n\n<p>Por su parte, la directora del Museo de la Isla, Isela Carrillo Cupul, comparti\u00f3 que Daniel Aguilar, originario de la Ciudad de M\u00e9xico, ha desarrollado desde 1996 una prol\u00edfica trayectoria en disciplinas como la instalaci\u00f3n art\u00edstica, el arte objeto, la pintura, la fotograf\u00eda, la poes\u00eda y el arte de acci\u00f3n, adem\u00e1s de impulsar la promoci\u00f3n cultural en diversos espacios nacionales e internacionales.<\/p>\n\n\n\n<figure class=\"wp-block-image is-style-default\"><a href=\"https:\/\/cgc.qroo.gob.mx\/cjg\/wp-content\/uploads\/2025\/10\/WhatsApp-Image-2025-10-03-at-12.59.18-1.jpeg\"><img decoding=\"async\" src=\"https:\/\/cgc.qroo.gob.mx\/cjg\/wp-content\/uploads\/2025\/10\/WhatsApp-Image-2025-10-03-at-12.59.18-1-585x781.jpeg\" alt=\"\" title=\"WhatsApp Image 2025-10-03 at 12.59.18 (1)\"\/><\/a><\/figure>\n\n\n\n<p>Actualmente, el artista explora el arte naturaleza, disciplina que lo inspir\u00f3 a crear la serie \u201cIguanas: Reyes de la Tierra y la Consciencia Humana\u201d, en la que rinde homenaje a este reptil emblem\u00e1tico de la cosmovisi\u00f3n maya. De acuerdo a Aguilar Arregu\u00edn esta especie es un observador paciente del entorno, s\u00edmbolo de resiliencia y sabidur\u00eda ancestral, asociado incluso a Itzamn\u00e1, deidad maya del conocimiento.<\/p>\n\n\n\n<p>La FPMC invita a la comunidad cozumele\u00f1a a ser parte de esta experiencia art\u00edstica que conecta la naturaleza, la espiritualidad y el arte contempor\u00e1neo. La cita es el viernes 10 de octubre, a las 20:00 horas, en el Museo de la Isla.<\/p>\n\n\n\n<figure class=\"wp-block-image is-style-default\"><a href=\"https:\/\/cgc.qroo.gob.mx\/cjg\/wp-content\/uploads\/2025\/10\/WhatsApp-Image-2025-10-03-at-12.59.18-2.jpeg\"><img decoding=\"async\" src=\"https:\/\/cgc.qroo.gob.mx\/cjg\/wp-content\/uploads\/2025\/10\/WhatsApp-Image-2025-10-03-at-12.59.18-2-585x781.jpeg\" alt=\"\" title=\"WhatsApp Image 2025-10-03 at 12.59.18 (2)\"\/><\/a><\/figure>\n","protected":false},"excerpt":{"rendered":"<p>La Fundaci\u00f3n de Parques y Museos de Cozumel (FPMC) vuelve a apostar por el arte contempor\u00e1neo y la<\/p>\n","protected":false},"author":1,"featured_media":21398,"comment_status":"closed","ping_status":"open","sticky":false,"template":"","format":"standard","meta":{"_monsterinsights_skip_tracking":false,"_monsterinsights_sitenote_active":false,"_monsterinsights_sitenote_note":"","_monsterinsights_sitenote_category":0,"footnotes":""},"categories":[11,24],"tags":[],"class_list":["post-21397","post","type-post","status-publish","format-standard","has-post-thumbnail","hentry","category-noticias","category-quintana-roo"],"yoast_head":"<!-- This site is optimized with the Yoast SEO plugin v18.3 - https:\/\/yoast.com\/wordpress\/plugins\/seo\/ -->\n<title>Invita la Fundaci\u00f3n de Parques y Museos de Cozumel a la exposici\u00f3n \u201cIguanas: Reyes de la Tierra y la Consciencia Humana\u201d, del artista Daniel Aguilar Arregu\u00edn - El Puuc Noticias<\/title>\n<meta name=\"robots\" content=\"index, follow, max-snippet:-1, max-image-preview:large, max-video-preview:-1\" \/>\n<link rel=\"canonical\" href=\"https:\/\/elpuucnoticias.com\/?p=21397\" \/>\n<meta property=\"og:locale\" content=\"es_ES\" \/>\n<meta property=\"og:type\" content=\"article\" \/>\n<meta property=\"og:title\" content=\"Invita la Fundaci\u00f3n de Parques y Museos de Cozumel a la exposici\u00f3n \u201cIguanas: Reyes de la Tierra y la Consciencia Humana\u201d, del artista Daniel Aguilar Arregu\u00edn - El Puuc Noticias\" \/>\n<meta property=\"og:description\" content=\"La Fundaci\u00f3n de Parques y Museos de Cozumel (FPMC) vuelve a apostar por el arte contempor\u00e1neo y la\" \/>\n<meta property=\"og:url\" content=\"https:\/\/elpuucnoticias.com\/?p=21397\" \/>\n<meta property=\"og:site_name\" content=\"El Puuc Noticias\" \/>\n<meta property=\"article:published_time\" content=\"2025-10-06T19:06:41+00:00\" \/>\n<meta property=\"og:image\" content=\"https:\/\/elpuucnoticias.com\/wp-content\/uploads\/2025\/10\/whatsapp-image-2025-10-03-at-12.59.17.jpeg\" \/>\n\t<meta property=\"og:image:width\" content=\"1600\" \/>\n\t<meta property=\"og:image:height\" content=\"1600\" \/>\n\t<meta property=\"og:image:type\" content=\"image\/jpeg\" \/>\n<meta name=\"twitter:card\" content=\"summary_large_image\" \/>\n<meta name=\"twitter:label1\" content=\"Escrito por\" \/>\n\t<meta name=\"twitter:data1\" content=\"elpuucnoticias\" \/>\n\t<meta name=\"twitter:label2\" content=\"Tiempo de lectura\" \/>\n\t<meta name=\"twitter:data2\" content=\"2 minutos\" \/>\n<script type=\"application\/ld+json\" class=\"yoast-schema-graph\">{\"@context\":\"https:\/\/schema.org\",\"@graph\":[{\"@type\":\"WebSite\",\"@id\":\"https:\/\/elpuucnoticias.com\/#website\",\"url\":\"https:\/\/elpuucnoticias.com\/\",\"name\":\"El Puuc Noticias\",\"description\":\"Noticias - Entretenimiento - Deportes\",\"potentialAction\":[{\"@type\":\"SearchAction\",\"target\":{\"@type\":\"EntryPoint\",\"urlTemplate\":\"https:\/\/elpuucnoticias.com\/?s={search_term_string}\"},\"query-input\":\"required name=search_term_string\"}],\"inLanguage\":\"es\"},{\"@type\":\"ImageObject\",\"@id\":\"https:\/\/elpuucnoticias.com\/?p=21397#primaryimage\",\"inLanguage\":\"es\",\"url\":\"https:\/\/elpuucnoticias.com\/wp-content\/uploads\/2025\/10\/whatsapp-image-2025-10-03-at-12.59.17.jpeg\",\"contentUrl\":\"https:\/\/elpuucnoticias.com\/wp-content\/uploads\/2025\/10\/whatsapp-image-2025-10-03-at-12.59.17.jpeg\",\"width\":1600,\"height\":1600},{\"@type\":\"WebPage\",\"@id\":\"https:\/\/elpuucnoticias.com\/?p=21397#webpage\",\"url\":\"https:\/\/elpuucnoticias.com\/?p=21397\",\"name\":\"Invita la Fundaci\u00f3n de Parques y Museos de Cozumel a la exposici\u00f3n \u201cIguanas: Reyes de la Tierra y la Consciencia Humana\u201d, del artista Daniel Aguilar Arregu\u00edn - El Puuc Noticias\",\"isPartOf\":{\"@id\":\"https:\/\/elpuucnoticias.com\/#website\"},\"primaryImageOfPage\":{\"@id\":\"https:\/\/elpuucnoticias.com\/?p=21397#primaryimage\"},\"datePublished\":\"2025-10-06T19:06:41+00:00\",\"dateModified\":\"2025-10-06T19:06:41+00:00\",\"author\":{\"@id\":\"https:\/\/elpuucnoticias.com\/#\/schema\/person\/d2ea09e4c97f0160b11cdfb1d856bd9e\"},\"breadcrumb\":{\"@id\":\"https:\/\/elpuucnoticias.com\/?p=21397#breadcrumb\"},\"inLanguage\":\"es\",\"potentialAction\":[{\"@type\":\"ReadAction\",\"target\":[\"https:\/\/elpuucnoticias.com\/?p=21397\"]}]},{\"@type\":\"BreadcrumbList\",\"@id\":\"https:\/\/elpuucnoticias.com\/?p=21397#breadcrumb\",\"itemListElement\":[{\"@type\":\"ListItem\",\"position\":1,\"name\":\"Portada\",\"item\":\"https:\/\/elpuucnoticias.com\/\"},{\"@type\":\"ListItem\",\"position\":2,\"name\":\"Invita la Fundaci\u00f3n de Parques y Museos de Cozumel a la exposici\u00f3n \u201cIguanas: Reyes de la Tierra y la Consciencia Humana\u201d, del artista Daniel Aguilar Arregu\u00edn\"}]},{\"@type\":\"Person\",\"@id\":\"https:\/\/elpuucnoticias.com\/#\/schema\/person\/d2ea09e4c97f0160b11cdfb1d856bd9e\",\"name\":\"elpuucnoticias\",\"image\":{\"@type\":\"ImageObject\",\"@id\":\"https:\/\/elpuucnoticias.com\/#personlogo\",\"inLanguage\":\"es\",\"url\":\"https:\/\/secure.gravatar.com\/avatar\/5290a43657c74ffa15701dbe5b846bd85cc71930d803c84e91046a7333de6ce2?s=96&d=mm&r=g\",\"contentUrl\":\"https:\/\/secure.gravatar.com\/avatar\/5290a43657c74ffa15701dbe5b846bd85cc71930d803c84e91046a7333de6ce2?s=96&d=mm&r=g\",\"caption\":\"elpuucnoticias\"},\"sameAs\":[\"https:\/\/elpuucnoticias.com\"],\"url\":\"https:\/\/elpuucnoticias.com\/?author=1\"}]}<\/script>\n<!-- \/ Yoast SEO plugin. -->","yoast_head_json":{"title":"Invita la Fundaci\u00f3n de Parques y Museos de Cozumel a la exposici\u00f3n \u201cIguanas: Reyes de la Tierra y la Consciencia Humana\u201d, del artista Daniel Aguilar Arregu\u00edn - El Puuc Noticias","robots":{"index":"index","follow":"follow","max-snippet":"max-snippet:-1","max-image-preview":"max-image-preview:large","max-video-preview":"max-video-preview:-1"},"canonical":"https:\/\/elpuucnoticias.com\/?p=21397","og_locale":"es_ES","og_type":"article","og_title":"Invita la Fundaci\u00f3n de Parques y Museos de Cozumel a la exposici\u00f3n \u201cIguanas: Reyes de la Tierra y la Consciencia Humana\u201d, del artista Daniel Aguilar Arregu\u00edn - El Puuc Noticias","og_description":"La Fundaci\u00f3n de Parques y Museos de Cozumel (FPMC) vuelve a apostar por el arte contempor\u00e1neo y la","og_url":"https:\/\/elpuucnoticias.com\/?p=21397","og_site_name":"El Puuc Noticias","article_published_time":"2025-10-06T19:06:41+00:00","og_image":[{"width":1600,"height":1600,"url":"https:\/\/elpuucnoticias.com\/wp-content\/uploads\/2025\/10\/whatsapp-image-2025-10-03-at-12.59.17.jpeg","type":"image\/jpeg"}],"twitter_card":"summary_large_image","twitter_misc":{"Escrito por":"elpuucnoticias","Tiempo de lectura":"2 minutos"},"schema":{"@context":"https:\/\/schema.org","@graph":[{"@type":"WebSite","@id":"https:\/\/elpuucnoticias.com\/#website","url":"https:\/\/elpuucnoticias.com\/","name":"El Puuc Noticias","description":"Noticias - Entretenimiento - Deportes","potentialAction":[{"@type":"SearchAction","target":{"@type":"EntryPoint","urlTemplate":"https:\/\/elpuucnoticias.com\/?s={search_term_string}"},"query-input":"required name=search_term_string"}],"inLanguage":"es"},{"@type":"ImageObject","@id":"https:\/\/elpuucnoticias.com\/?p=21397#primaryimage","inLanguage":"es","url":"https:\/\/elpuucnoticias.com\/wp-content\/uploads\/2025\/10\/whatsapp-image-2025-10-03-at-12.59.17.jpeg","contentUrl":"https:\/\/elpuucnoticias.com\/wp-content\/uploads\/2025\/10\/whatsapp-image-2025-10-03-at-12.59.17.jpeg","width":1600,"height":1600},{"@type":"WebPage","@id":"https:\/\/elpuucnoticias.com\/?p=21397#webpage","url":"https:\/\/elpuucnoticias.com\/?p=21397","name":"Invita la Fundaci\u00f3n de Parques y Museos de Cozumel a la exposici\u00f3n \u201cIguanas: Reyes de la Tierra y la Consciencia Humana\u201d, del artista Daniel Aguilar Arregu\u00edn - El Puuc Noticias","isPartOf":{"@id":"https:\/\/elpuucnoticias.com\/#website"},"primaryImageOfPage":{"@id":"https:\/\/elpuucnoticias.com\/?p=21397#primaryimage"},"datePublished":"2025-10-06T19:06:41+00:00","dateModified":"2025-10-06T19:06:41+00:00","author":{"@id":"https:\/\/elpuucnoticias.com\/#\/schema\/person\/d2ea09e4c97f0160b11cdfb1d856bd9e"},"breadcrumb":{"@id":"https:\/\/elpuucnoticias.com\/?p=21397#breadcrumb"},"inLanguage":"es","potentialAction":[{"@type":"ReadAction","target":["https:\/\/elpuucnoticias.com\/?p=21397"]}]},{"@type":"BreadcrumbList","@id":"https:\/\/elpuucnoticias.com\/?p=21397#breadcrumb","itemListElement":[{"@type":"ListItem","position":1,"name":"Portada","item":"https:\/\/elpuucnoticias.com\/"},{"@type":"ListItem","position":2,"name":"Invita la Fundaci\u00f3n de Parques y Museos de Cozumel a la exposici\u00f3n \u201cIguanas: Reyes de la Tierra y la Consciencia Humana\u201d, del artista Daniel Aguilar Arregu\u00edn"}]},{"@type":"Person","@id":"https:\/\/elpuucnoticias.com\/#\/schema\/person\/d2ea09e4c97f0160b11cdfb1d856bd9e","name":"elpuucnoticias","image":{"@type":"ImageObject","@id":"https:\/\/elpuucnoticias.com\/#personlogo","inLanguage":"es","url":"https:\/\/secure.gravatar.com\/avatar\/5290a43657c74ffa15701dbe5b846bd85cc71930d803c84e91046a7333de6ce2?s=96&d=mm&r=g","contentUrl":"https:\/\/secure.gravatar.com\/avatar\/5290a43657c74ffa15701dbe5b846bd85cc71930d803c84e91046a7333de6ce2?s=96&d=mm&r=g","caption":"elpuucnoticias"},"sameAs":["https:\/\/elpuucnoticias.com"],"url":"https:\/\/elpuucnoticias.com\/?author=1"}]}},"_links":{"self":[{"href":"https:\/\/elpuucnoticias.com\/index.php?rest_route=\/wp\/v2\/posts\/21397","targetHints":{"allow":["GET"]}}],"collection":[{"href":"https:\/\/elpuucnoticias.com\/index.php?rest_route=\/wp\/v2\/posts"}],"about":[{"href":"https:\/\/elpuucnoticias.com\/index.php?rest_route=\/wp\/v2\/types\/post"}],"author":[{"embeddable":true,"href":"https:\/\/elpuucnoticias.com\/index.php?rest_route=\/wp\/v2\/users\/1"}],"replies":[{"embeddable":true,"href":"https:\/\/elpuucnoticias.com\/index.php?rest_route=%2Fwp%2Fv2%2Fcomments&post=21397"}],"version-history":[{"count":1,"href":"https:\/\/elpuucnoticias.com\/index.php?rest_route=\/wp\/v2\/posts\/21397\/revisions"}],"predecessor-version":[{"id":21399,"href":"https:\/\/elpuucnoticias.com\/index.php?rest_route=\/wp\/v2\/posts\/21397\/revisions\/21399"}],"wp:featuredmedia":[{"embeddable":true,"href":"https:\/\/elpuucnoticias.com\/index.php?rest_route=\/wp\/v2\/media\/21398"}],"wp:attachment":[{"href":"https:\/\/elpuucnoticias.com\/index.php?rest_route=%2Fwp%2Fv2%2Fmedia&parent=21397"}],"wp:term":[{"taxonomy":"category","embeddable":true,"href":"https:\/\/elpuucnoticias.com\/index.php?rest_route=%2Fwp%2Fv2%2Fcategories&post=21397"},{"taxonomy":"post_tag","embeddable":true,"href":"https:\/\/elpuucnoticias.com\/index.php?rest_route=%2Fwp%2Fv2%2Ftags&post=21397"}],"curies":[{"name":"wp","href":"https:\/\/api.w.org\/{rel}","templated":true}]}}